{"id":22540,"date":"2026-01-26T08:33:21","date_gmt":"2026-01-26T14:33:21","guid":{"rendered":"https:\/\/soy.usac.edu.gt\/?p=22540"},"modified":"2026-01-26T08:35:03","modified_gmt":"2026-01-26T14:35:03","slug":"usac-reitera-prohibicion-de-bautizos-para-estudiantes-de-primer-ingreso-en-2026","status":"publish","type":"post","link":"https:\/\/soy.usac.edu.gt\/?p=22540","title":{"rendered":"USAC reitera prohibici\u00f3n de bautizos para estudiantes de primer ingreso en 2026"},"content":{"rendered":"\n<p>La Universidad recuerda que la medida se mantiene vigente en todas sus instalaciones para garantizar la seguridad e integridad de la comunidad universitaria<\/p>\n\n\n\n<h2 class=\"wp-block-heading\">La medida aplica en <strong>todas las instalaciones universitarias<\/strong>, propias o en uso, y busca garantizar la seguridad, integridad y dignidad de la comunidad universitaria.<\/h2>\n\n\n\n<p>Seg\u00fan lo establecido por el <strong>Consejo Superior Universitario<\/strong>, la prohibici\u00f3n aplica a cualquier actividad que implique violencia f\u00edsica, psicol\u00f3gica o sexual, actos de intimidaci\u00f3n, consumo de alcohol o drogas, vandalismo, cobros ilegales o el uso indebido de instalaciones universitarias.<\/p>\n\n\n\n<p>La disposici\u00f3n es de <strong>cumplimiento obligatorio en todas las sedes de la USAC a nivel nacional<\/strong>, tanto en instalaciones propias como en aquellas utilizadas bajo convenio, pr\u00e9stamo o arrendamiento<\/p>\n\n\n\n<p>La medida se enmarca en disposiciones previamente vigentes y en recomendaciones de la <strong>Procuradur\u00eda de los Derechos Humanos<\/strong>, orientadas a prevenir riesgos y garantizar un entorno seguro para los estudiantes, especialmente para quienes inician su formaci\u00f3n universitaria.<\/p>\n\n\n\n<p>Las autoridades universitarias reiteraron que cualquier incumplimiento ser\u00e1 sancionado conforme a la normativa vigente.<\/p>\n\n\n\n<p>\ud83d\udc49 <strong>Consulta la circular completa aqu\u00ed<\/strong><\/p>\n\n\n\n<div data-wp-interactive=\"core\/file\" class=\"wp-block-file\"><object data-wp-bind--hidden=\"!state.hasPdfPreview\" hidden class=\"wp-block-file__embed\" data=\"https:\/\/soy.usac.edu.gt\/wp-content\/uploads\/2026\/01\/Circular-DIGA-8-2026-Ing.-155-2026.pdf\" type=\"application\/pdf\" style=\"width:100%;height:600px\" aria-label=\"Incrustado de Circular DIGA 8-2026 Ing. 155-2026.\"><\/object><a id=\"wp-block-file--media-dfdf067b-7acf-47a6-b769-62aff8381974\" href=\"https:\/\/soy.usac.edu.gt\/wp-content\/uploads\/2026\/01\/Circular-DIGA-8-2026-Ing.-155-2026.pdf\">Circular DIGA 8-2026 Ing. 155-2026<\/a><a href=\"https:\/\/soy.usac.edu.gt\/wp-content\/uploads\/2026\/01\/Circular-DIGA-8-2026-Ing.-155-2026.pdf\" class=\"wp-block-file__button wp-element-button\" download aria-describedby=\"wp-block-file--media-dfdf067b-7acf-47a6-b769-62aff8381974\">Descarga<\/a><\/div>\n\n\n\n<p><\/p>\n","protected":false},"excerpt":{"rendered":"<p>La Universidad recuerda que la medida se mantiene vigente en todas sus instalaciones para garantizar la seguridad e integridad de la comunidad universitaria La medida aplica en todas las instalaciones universitarias, propias o en uso, y busca garantizar la seguridad, integridad y dignidad de la comunidad universitaria. Seg\u00fan lo establecido por el Consejo Superior Universitario, [&hellip;]<\/p>\n","protected":false},"author":20,"featured_media":22542,"comment_status":"closed","ping_status":"closed","sticky":false,"template":"","format":"standard","meta":{"_exactmetrics_skip_tracking":false,"_exactmetrics_sitenote_active":false,"_exactmetrics_sitenote_note":"","_exactmetrics_sitenote_category":0,"_jetpack_memberships_contains_paid_content":false,"footnotes":""},"categories":[96],"tags":[130],"class_list":["post-22540","post","type-post","status-publish","format-standard","has-post-thumbnail","hentry","category-mas-noticias","tag-estudiantes"],"aioseo_notices":[],"jetpack_featured_media_url":"https:\/\/soy.usac.edu.gt\/wp-content\/uploads\/2026\/01\/DPI07074-scaled.jpg","views":"","jetpack-related-posts":[{"id":3907,"url":"https:\/\/soy.usac.edu.gt\/?p=3907","url_meta":{"origin":22540,"position":0},"title":"CSU accionar\u00e1 contra quienes violenten a\u00a0 estudiantes","author":"Divisi\u00f3n de Publicidad","date":"8 febrero, 2019","format":false,"excerpt":"Personas que no acaten las prohibiciones de realizar bautizos ser\u00e1n expulsadas y denunciadas ante el Ministerio P\u00fablico. Debido a indicios de agresiones f\u00edsicas, psicol\u00f3gicas y morales contra estudiantes de primer ingreso durante las actividades de bautizo, organizadas por estudiantes de reingreso y personas que se cubren los rostros con capuchas,\u2026","rel":"","context":"En \u00abM\u00e1s Noticias\u00bb","block_context":{"text":"M\u00e1s Noticias","link":"https:\/\/soy.usac.edu.gt\/?cat=96"},"img":{"alt_text":"","src":"https:\/\/i0.wp.com\/soy.usac.edu.gt\/wp-content\/uploads\/2019\/02\/DSC_0617.jpg?resize=350%2C200&ssl=1","width":350,"height":200,"srcset":"https:\/\/i0.wp.com\/soy.usac.edu.gt\/wp-content\/uploads\/2019\/02\/DSC_0617.jpg?resize=350%2C200&ssl=1 1x, https:\/\/i0.wp.com\/soy.usac.edu.gt\/wp-content\/uploads\/2019\/02\/DSC_0617.jpg?resize=525%2C300&ssl=1 1.5x, https:\/\/i0.wp.com\/soy.usac.edu.gt\/wp-content\/uploads\/2019\/02\/DSC_0617.jpg?resize=700%2C400&ssl=1 2x, https:\/\/i0.wp.com\/soy.usac.edu.gt\/wp-content\/uploads\/2019\/02\/DSC_0617.jpg?resize=1050%2C600&ssl=1 3x, https:\/\/i0.wp.com\/soy.usac.edu.gt\/wp-content\/uploads\/2019\/02\/DSC_0617.jpg?resize=1400%2C800&ssl=1 4x"},"classes":[]},{"id":19934,"url":"https:\/\/soy.usac.edu.gt\/?p=19934","url_meta":{"origin":22540,"position":1},"title":"USAC implementar\u00e1 acciones para resguardar la integridad de los sancarlistas","author":"Divisi\u00f3n de Publicidad","date":"16 febrero, 2024","format":false,"excerpt":"Se instruye a unidades acad\u00e9micas, administrativas y centros universitarios para que implementen controles y mecanismos que garanticen la seguridad en sus \u00e1reas de influencia dentro de las instalaciones universitarias, con el fin de resguardar la integridad de los estudiantes, docentes y trabajadores. El Consejo Superior Universitario (CSU) aprob\u00f3 reformar el\u2026","rel":"","context":"En \u00abNoticias\u00bb","block_context":{"text":"Noticias","link":"https:\/\/soy.usac.edu.gt\/?cat=29"},"img":{"alt_text":"","src":"https:\/\/i0.wp.com\/soy.usac.edu.gt\/wp-content\/uploads\/2024\/02\/420924669_712316901042183_6956354843069816791_n.jpg?resize=350%2C200&ssl=1","width":350,"height":200,"srcset":"https:\/\/i0.wp.com\/soy.usac.edu.gt\/wp-content\/uploads\/2024\/02\/420924669_712316901042183_6956354843069816791_n.jpg?resize=350%2C200&ssl=1 1x, https:\/\/i0.wp.com\/soy.usac.edu.gt\/wp-content\/uploads\/2024\/02\/420924669_712316901042183_6956354843069816791_n.jpg?resize=525%2C300&ssl=1 1.5x, https:\/\/i0.wp.com\/soy.usac.edu.gt\/wp-content\/uploads\/2024\/02\/420924669_712316901042183_6956354843069816791_n.jpg?resize=700%2C400&ssl=1 2x, https:\/\/i0.wp.com\/soy.usac.edu.gt\/wp-content\/uploads\/2024\/02\/420924669_712316901042183_6956354843069816791_n.jpg?resize=1050%2C600&ssl=1 3x, https:\/\/i0.wp.com\/soy.usac.edu.gt\/wp-content\/uploads\/2024\/02\/420924669_712316901042183_6956354843069816791_n.jpg?resize=1400%2C800&ssl=1 4x"},"classes":[]},{"id":3919,"url":"https:\/\/soy.usac.edu.gt\/?p=3919","url_meta":{"origin":22540,"position":2},"title":"Personal de la USAC acciona contra encapuchados que pretend\u00edan realizar bautizo","author":"Divisi\u00f3n de Publicidad","date":"8 febrero, 2019","format":false,"excerpt":"Personal de seguridad\u00a0de la USAC intercept\u00f3 a los encapuchados en la entrada del Perif\u00e9rico al campus central. Cualquier anomal\u00eda se puede\u00a0informar a\u00a0denuncialo.usacenlinea.net. Esta ma\u00f1ana el Perif\u00e9rico fue bloqueado, luego de que la seguridad interna de la USAC intercept\u00f3 un bus urbano que intentaba ingresar a supuestos estudiantes encapuchados. Aproximadamente unos\u2026","rel":"","context":"En \u00abM\u00e1s Noticias\u00bb","block_context":{"text":"M\u00e1s Noticias","link":"https:\/\/soy.usac.edu.gt\/?cat=96"},"img":{"alt_text":"","src":"https:\/\/i0.wp.com\/soy.usac.edu.gt\/wp-content\/uploads\/2019\/02\/policias-en-el-ingreso.jpg?resize=350%2C200&ssl=1","width":350,"height":200,"srcset":"https:\/\/i0.wp.com\/soy.usac.edu.gt\/wp-content\/uploads\/2019\/02\/policias-en-el-ingreso.jpg?resize=350%2C200&ssl=1 1x, https:\/\/i0.wp.com\/soy.usac.edu.gt\/wp-content\/uploads\/2019\/02\/policias-en-el-ingreso.jpg?resize=525%2C300&ssl=1 1.5x, https:\/\/i0.wp.com\/soy.usac.edu.gt\/wp-content\/uploads\/2019\/02\/policias-en-el-ingreso.jpg?resize=700%2C400&ssl=1 2x, https:\/\/i0.wp.com\/soy.usac.edu.gt\/wp-content\/uploads\/2019\/02\/policias-en-el-ingreso.jpg?resize=1050%2C600&ssl=1 3x, https:\/\/i0.wp.com\/soy.usac.edu.gt\/wp-content\/uploads\/2019\/02\/policias-en-el-ingreso.jpg?resize=1400%2C800&ssl=1 4x"},"classes":[]},{"id":10458,"url":"https:\/\/soy.usac.edu.gt\/?p=10458","url_meta":{"origin":22540,"position":3},"title":"CSU repudia\u00a0hechos que pusieron en riesgo la salud e integridad de estudiantes sancarlistas","author":"Divisi\u00f3n de Publicidad","date":"26 enero, 2020","format":false,"excerpt":"Llaman a la comunidad universitaria, a no prestarse ni participar en actividades violatorias de las normas disciplinarias y de convivencia universitaria.","rel":"","context":"En \u00abEstudiantes\u00bb","block_context":{"text":"Estudiantes","link":"https:\/\/soy.usac.edu.gt\/?cat=585"},"img":{"alt_text":"","src":"https:\/\/i0.wp.com\/soy.usac.edu.gt\/wp-content\/uploads\/2020\/01\/comunicado-csu-estudiantes-150x150.jpg?resize=350%2C200&ssl=1","width":350,"height":200,"srcset":"https:\/\/i0.wp.com\/soy.usac.edu.gt\/wp-content\/uploads\/2020\/01\/comunicado-csu-estudiantes-150x150.jpg?resize=350%2C200&ssl=1 1x, https:\/\/i0.wp.com\/soy.usac.edu.gt\/wp-content\/uploads\/2020\/01\/comunicado-csu-estudiantes-150x150.jpg?resize=525%2C300&ssl=1 1.5x, https:\/\/i0.wp.com\/soy.usac.edu.gt\/wp-content\/uploads\/2020\/01\/comunicado-csu-estudiantes-150x150.jpg?resize=700%2C400&ssl=1 2x"},"classes":[]},{"id":8010,"url":"https:\/\/soy.usac.edu.gt\/?p=8010","url_meta":{"origin":22540,"position":4},"title":"Rector solicita entrega de instalaciones para poder iniciar actividades este viernes","author":"Divisi\u00f3n de Publicidad","date":"28 agosto, 2019","format":false,"excerpt":"En conferencia de prensa, Jord\u00e1n Rodas, procurador de Derechos Humanos; el Ing. Murphy Paiz, Rector de la USAC; e integrantes de la resistencia pac\u00edfica establecieron el proceso para la entrega de las instalaciones universitarias.","rel":"","context":"En \u00abNoticias\u00bb","block_context":{"text":"Noticias","link":"https:\/\/soy.usac.edu.gt\/?cat=29"},"img":{"alt_text":"","src":"https:\/\/i0.wp.com\/soy.usac.edu.gt\/wp-content\/uploads\/2019\/08\/CONFLICTO-USAC-CEU.jpeg?resize=350%2C200&ssl=1","width":350,"height":200,"srcset":"https:\/\/i0.wp.com\/soy.usac.edu.gt\/wp-content\/uploads\/2019\/08\/CONFLICTO-USAC-CEU.jpeg?resize=350%2C200&ssl=1 1x, https:\/\/i0.wp.com\/soy.usac.edu.gt\/wp-content\/uploads\/2019\/08\/CONFLICTO-USAC-CEU.jpeg?resize=525%2C300&ssl=1 1.5x, https:\/\/i0.wp.com\/soy.usac.edu.gt\/wp-content\/uploads\/2019\/08\/CONFLICTO-USAC-CEU.jpeg?resize=700%2C400&ssl=1 2x, https:\/\/i0.wp.com\/soy.usac.edu.gt\/wp-content\/uploads\/2019\/08\/CONFLICTO-USAC-CEU.jpeg?resize=1050%2C600&ssl=1 3x"},"classes":[]},{"id":7646,"url":"https:\/\/soy.usac.edu.gt\/?p=7646","url_meta":{"origin":22540,"position":5},"title":"USAC realizar\u00e1 simulacros de evacuaci\u00f3n","author":"Divisi\u00f3n de Publicidad","date":"22 julio, 2019","format":false,"excerpt":"Las actividades se desarrollar\u00e1n en todas las dependencias universitarias.","rel":"","context":"En \u00abNoticias\u00bb","block_context":{"text":"Noticias","link":"https:\/\/soy.usac.edu.gt\/?cat=29"},"img":{"alt_text":"","src":"https:\/\/i0.wp.com\/soy.usac.edu.gt\/wp-content\/uploads\/2019\/07\/DESTACADA-SIMULACRO.jpg?resize=350%2C200&ssl=1","width":350,"height":200,"srcset":"https:\/\/i0.wp.com\/soy.usac.edu.gt\/wp-content\/uploads\/2019\/07\/DESTACADA-SIMULACRO.jpg?resize=350%2C200&ssl=1 1x, https:\/\/i0.wp.com\/soy.usac.edu.gt\/wp-content\/uploads\/2019\/07\/DESTACADA-SIMULACRO.jpg?resize=525%2C300&ssl=1 1.5x, https:\/\/i0.wp.com\/soy.usac.edu.gt\/wp-content\/uploads\/2019\/07\/DESTACADA-SIMULACRO.jpg?resize=700%2C400&ssl=1 2x, https:\/\/i0.wp.com\/soy.usac.edu.gt\/wp-content\/uploads\/2019\/07\/DESTACADA-SIMULACRO.jpg?resize=1050%2C600&ssl=1 3x, https:\/\/i0.wp.com\/soy.usac.edu.gt\/wp-content\/uploads\/2019\/07\/DESTACADA-SIMULACRO.jpg?resize=1400%2C800&ssl=1 4x"},"classes":[]}],"jetpack_sharing_enabled":true,"_links":{"self":[{"href":"https:\/\/soy.usac.edu.gt\/index.php?rest_route=\/wp\/v2\/posts\/22540","targetHints":{"allow":["GET"]}}],"collection":[{"href":"https:\/\/soy.usac.edu.gt\/index.php?rest_route=\/wp\/v2\/posts"}],"about":[{"href":"https:\/\/soy.usac.edu.gt\/index.php?rest_route=\/wp\/v2\/types\/post"}],"author":[{"embeddable":true,"href":"https:\/\/soy.usac.edu.gt\/index.php?rest_route=\/wp\/v2\/users\/20"}],"replies":[{"embeddable":true,"href":"https:\/\/soy.usac.edu.gt\/index.php?rest_route=%2Fwp%2Fv2%2Fcomments&post=22540"}],"version-history":[{"count":2,"href":"https:\/\/soy.usac.edu.gt\/index.php?rest_route=\/wp\/v2\/posts\/22540\/revisions"}],"predecessor-version":[{"id":22544,"href":"https:\/\/soy.usac.edu.gt\/index.php?rest_route=\/wp\/v2\/posts\/22540\/revisions\/22544"}],"wp:featuredmedia":[{"embeddable":true,"href":"https:\/\/soy.usac.edu.gt\/index.php?rest_route=\/wp\/v2\/media\/22542"}],"wp:attachment":[{"href":"https:\/\/soy.usac.edu.gt\/index.php?rest_route=%2Fwp%2Fv2%2Fmedia&parent=22540"}],"wp:term":[{"taxonomy":"category","embeddable":true,"href":"https:\/\/soy.usac.edu.gt\/index.php?rest_route=%2Fwp%2Fv2%2Fcategories&post=22540"},{"taxonomy":"post_tag","embeddable":true,"href":"https:\/\/soy.usac.edu.gt\/index.php?rest_route=%2Fwp%2Fv2%2Ftags&post=22540"}],"curies":[{"name":"wp","href":"https:\/\/api.w.org\/{rel}","templated":true}]}}