{"id":2266,"date":"2018-08-20T09:25:01","date_gmt":"2018-08-20T15:25:01","guid":{"rendered":"http:\/\/c2.usac.edu.gt\/periodico_propuesta\/?p=2266"},"modified":"2018-10-24T17:24:53","modified_gmt":"2018-10-24T23:24:53","slug":"ordenamiento-territorial-su-impacto-en-el-desarrollo-rural","status":"publish","type":"post","link":"https:\/\/soy.usac.edu.gt\/?p=2266","title":{"rendered":"\u201cOrdenamiento territorial: su impacto en el desarrollo rural\u201d"},"content":{"rendered":"<p style=\"text-align: justify;\"><em><strong>El impacto en el desarrollo rural es propiciar el di\u00e1logo, an\u00e1lisis, discusi\u00f3n, capacitaci\u00f3n y sensibilizaci\u00f3n de la academia, sociedad civil y sector privado sobre el uso de nuevas tecnolog\u00edas y las tendencias de ordenamiento territorial.<\/strong><\/em><\/p>\n<p style=\"text-align: justify;\">La Facultad de Agronom\u00eda realiz\u00f3 el seminario \u201cOrdenamiento territorial: su impacto en el desarrollo rural\u201d.<\/p>\n<p style=\"text-align: justify;\">El decano, Ing. Agr. Mario Antonio God\u00ednez L\u00f3pez; Lic. Lucy Castellanos; e Ing. Agr. Ra\u00fal Eduardo Ovando Jurado estuvieron presentes en la actividad desarrollada durante tres d\u00edas en el auditorio H\u00e9roes y M\u00e1rtires.<\/p>\n<p style=\"text-align: justify;\">El Ing. Jonathan Ixcot, coordinador de la Escuela de Capacitaci\u00f3n y Formaci\u00f3n para el Desarrollo Territorial y Catastral, coment\u00f3: \u201cFuimos invitados como Registro de Informaci\u00f3n Catastral (RIC) por la Facultad de Agronom\u00eda para poder darles a conocer a los estudiantes los equipos para realizar el levantamiento catastral y, obviamente, equipos no tripulados, para mostrarles c\u00f3mo funciona la tecnolog\u00eda actual\u201d.<\/p>\n<blockquote><p>Ordenamiento territorial: su impacto en el desarrollo rural.<\/p><\/blockquote>\n<p style=\"text-align: justify;\">Caja2El RIC siempre invita a las comunidades y ahora a los estudiantes de Agronom\u00eda que tengan inter\u00e9s en el ordenamiento territorial. La USAC tiene incidencia a nivel nacional y acceder a la informaci\u00f3n brindada por el RIC es fundamental para el desempe\u00f1o profesional de los futuros agr\u00f3nomos.<\/p>\n<p style=\"text-align: justify;\">Actualmente se encuentran declarados 68 municipios, de los cuales 38 se encuentran medidos; esto equivale al 52.1 % del territorio nacional. Los estudiantes deben tener formaci\u00f3n temprana en estos temas de agrimensura.<\/p>\n<p style=\"text-align: justify;\">La agrimensura es la t\u00e9cnica de medir tierras; en Guatemala se ha aplicado durante muchos a\u00f1os. Se cuenta con la Ley de Agrimensura y la Ley de Informaci\u00f3n Catastral, estas proporcionan par\u00e1metros en los cuales es necesario actualizarse, como lo hizo en su momento el Ing. Ra\u00fal Aguilar Batres al generar un modelo de ordenamiento territorial que redujera riesgos, para lo cual dividi\u00f3 la ciudad en 25 zonas, ubicadas en espiral, alrededor de la zona central, para facilitar el crecimiento de la capital.<\/p>\n","protected":false},"excerpt":{"rendered":"<p>El impacto en el desarrollo rural es propiciar el di\u00e1logo, an\u00e1lisis, discusi\u00f3n, capacitaci\u00f3n y sensibilizaci\u00f3n de la academia, sociedad civil y sector privado sobre el uso de nuevas tecnolog\u00edas y las tendencias de ordenamiento territorial. La Facultad de Agronom\u00eda realiz\u00f3 el seminario \u201cOrdenamiento territorial: su impacto en el desarrollo rural\u201d. El decano, Ing. Agr. Mario [&hellip;]<\/p>\n","protected":false},"author":1,"featured_media":2267,"comment_status":"closed","ping_status":"open","sticky":false,"template":"","format":"standard","meta":{"_exactmetrics_skip_tracking":false,"_exactmetrics_sitenote_active":false,"_exactmetrics_sitenote_note":"","_exactmetrics_sitenote_category":0,"_jetpack_memberships_contains_paid_content":false,"footnotes":""},"categories":[122],"tags":[134],"class_list":["post-2266","post","type-post","status-publish","format-standard","has-post-thumbnail","hentry","category-ciencia-y-tecnologia","tag-ciencia-y-tecnologia"],"aioseo_notices":[],"jetpack_featured_media_url":"https:\/\/soy.usac.edu.gt\/wp-content\/uploads\/2018\/08\/2-2-768x512.jpg","views":"","jetpack-related-posts":[{"id":10162,"url":"https:\/\/soy.usac.edu.gt\/?p=10162","url_meta":{"origin":2266,"position":0},"title":"USAC firma acuerdo para promover investigaci\u00f3n y ense\u00f1anza de recursos renovables","author":"Divisi\u00f3n de Publicidad","date":"12 diciembre, 2019","format":false,"excerpt":"La Universidad de San Carlos de Guatemala y la Escuela Nacional Central de Agricultura (ENCA), trabajar\u00e1n en conjunto para promover la educaci\u00f3n e investigaci\u00f3n en agricultura y manejo de recursos renovables.\u00a0","rel":"","context":"En \u00abNoticias\u00bb","block_context":{"text":"Noticias","link":"https:\/\/soy.usac.edu.gt\/?cat=29"},"img":{"alt_text":"","src":"https:\/\/i0.wp.com\/soy.usac.edu.gt\/wp-content\/uploads\/2019\/12\/convenio-enca.jpeg?resize=350%2C200&ssl=1","width":350,"height":200,"srcset":"https:\/\/i0.wp.com\/soy.usac.edu.gt\/wp-content\/uploads\/2019\/12\/convenio-enca.jpeg?resize=350%2C200&ssl=1 1x, https:\/\/i0.wp.com\/soy.usac.edu.gt\/wp-content\/uploads\/2019\/12\/convenio-enca.jpeg?resize=525%2C300&ssl=1 1.5x, https:\/\/i0.wp.com\/soy.usac.edu.gt\/wp-content\/uploads\/2019\/12\/convenio-enca.jpeg?resize=700%2C400&ssl=1 2x, https:\/\/i0.wp.com\/soy.usac.edu.gt\/wp-content\/uploads\/2019\/12\/convenio-enca.jpeg?resize=1050%2C600&ssl=1 3x"},"classes":[]},{"id":6968,"url":"https:\/\/soy.usac.edu.gt\/?p=6968","url_meta":{"origin":2266,"position":1},"title":"Reconocen labor de  catedr\u00e1ticos sancarlistas","author":"Divisi\u00f3n de Publicidad","date":"25 junio, 2019","format":false,"excerpt":"Catedr\u00e1ticos universitarios fueron reconocidos por su excelencia y trayectoria.\u00a0","rel":"","context":"En \u00abNoticias\u00bb","block_context":{"text":"Noticias","link":"https:\/\/soy.usac.edu.gt\/?cat=29"},"img":{"alt_text":"","src":"https:\/\/i0.wp.com\/soy.usac.edu.gt\/wp-content\/uploads\/2019\/06\/DESTACADA.jpeg?resize=350%2C200&ssl=1","width":350,"height":200,"srcset":"https:\/\/i0.wp.com\/soy.usac.edu.gt\/wp-content\/uploads\/2019\/06\/DESTACADA.jpeg?resize=350%2C200&ssl=1 1x, https:\/\/i0.wp.com\/soy.usac.edu.gt\/wp-content\/uploads\/2019\/06\/DESTACADA.jpeg?resize=525%2C300&ssl=1 1.5x, https:\/\/i0.wp.com\/soy.usac.edu.gt\/wp-content\/uploads\/2019\/06\/DESTACADA.jpeg?resize=700%2C400&ssl=1 2x, https:\/\/i0.wp.com\/soy.usac.edu.gt\/wp-content\/uploads\/2019\/06\/DESTACADA.jpeg?resize=1050%2C600&ssl=1 3x"},"classes":[]},{"id":2804,"url":"https:\/\/soy.usac.edu.gt\/?p=2804","url_meta":{"origin":2266,"position":2},"title":"Presentan m\u00e1s de 150 proyectos de emprendimiento","author":"Divisi\u00f3n de Publicidad","date":"30 octubre, 2018","format":false,"excerpt":"En la plaza dedicada a los h\u00e9roes y m\u00e1rtires de la tricentenaria Universidad de San Carlos de Guatemala (USAC), se realiz\u00f3 el evento \u201cEmprendedores 2018\u201d. En el acto inaugural estuvieron presentes las autoridades universitarias: rector, Ing. Murphy Paiz; decano de la Facultad de Agronom\u00eda, Ing. Agr. Mario God\u00ednez; Ing. Agr.\u2026","rel":"","context":"En \u00abNoticias\u00bb","block_context":{"text":"Noticias","link":"https:\/\/soy.usac.edu.gt\/?cat=29"},"img":{"alt_text":"","src":"https:\/\/i0.wp.com\/soy.usac.edu.gt\/wp-content\/uploads\/2018\/10\/EMPRENDIMIENTO-3.jpg?resize=350%2C200&ssl=1","width":350,"height":200,"srcset":"https:\/\/i0.wp.com\/soy.usac.edu.gt\/wp-content\/uploads\/2018\/10\/EMPRENDIMIENTO-3.jpg?resize=350%2C200&ssl=1 1x, https:\/\/i0.wp.com\/soy.usac.edu.gt\/wp-content\/uploads\/2018\/10\/EMPRENDIMIENTO-3.jpg?resize=525%2C300&ssl=1 1.5x, https:\/\/i0.wp.com\/soy.usac.edu.gt\/wp-content\/uploads\/2018\/10\/EMPRENDIMIENTO-3.jpg?resize=700%2C400&ssl=1 2x"},"classes":[]},{"id":8853,"url":"https:\/\/soy.usac.edu.gt\/?p=8853","url_meta":{"origin":2266,"position":3},"title":"Ing. Waldemar Nufio Reyes, electo como decano de la Facultad de Agronom\u00eda","author":"Erick Iv\u00e1n de Le\u00f3n","date":"11 octubre, 2019","format":false,"excerpt":"El Consejo Superior Universitario jurament\u00f3 al Ing. Waldemar Nufio Reyes para ejercer el cargo de decano de la Facultad de Agronom\u00eda, per\u00edodo 2019-2023","rel":"","context":"En \u00abNoticias\u00bb","block_context":{"text":"Noticias","link":"https:\/\/soy.usac.edu.gt\/?cat=29"},"img":{"alt_text":"","src":"https:\/\/i0.wp.com\/soy.usac.edu.gt\/wp-content\/uploads\/2019\/10\/20191011_183759.jpg?resize=350%2C200&ssl=1","width":350,"height":200,"srcset":"https:\/\/i0.wp.com\/soy.usac.edu.gt\/wp-content\/uploads\/2019\/10\/20191011_183759.jpg?resize=350%2C200&ssl=1 1x, https:\/\/i0.wp.com\/soy.usac.edu.gt\/wp-content\/uploads\/2019\/10\/20191011_183759.jpg?resize=525%2C300&ssl=1 1.5x, https:\/\/i0.wp.com\/soy.usac.edu.gt\/wp-content\/uploads\/2019\/10\/20191011_183759.jpg?resize=700%2C400&ssl=1 2x, https:\/\/i0.wp.com\/soy.usac.edu.gt\/wp-content\/uploads\/2019\/10\/20191011_183759.jpg?resize=1050%2C600&ssl=1 3x, https:\/\/i0.wp.com\/soy.usac.edu.gt\/wp-content\/uploads\/2019\/10\/20191011_183759.jpg?resize=1400%2C800&ssl=1 4x"},"classes":[]},{"id":2829,"url":"https:\/\/soy.usac.edu.gt\/?p=2829","url_meta":{"origin":2266,"position":4},"title":"Sancarlistas compiten en la b\u00fasqueda de financiamiento","author":"Divisi\u00f3n de Publicidad","date":"5 noviembre, 2018","format":false,"excerpt":"Durante el primer Agro Tank estudiantes de la facultad de agronom\u00eda presentaron sus proyectos de emprendimientos a posibles inversores para tratar de convencerlos para financiar sus propuestas. Al estilo de la serie Negociando con Tiburones, en el Aula Magna Igl\u00fa de la USAC, se efectu\u00f3 la presentaci\u00f3n de 10 \u00a0proyectos\u2026","rel":"","context":"En \u00abNoticias\u00bb","block_context":{"text":"Noticias","link":"https:\/\/soy.usac.edu.gt\/?cat=29"},"img":{"alt_text":"","src":"https:\/\/i0.wp.com\/soy.usac.edu.gt\/wp-content\/uploads\/2018\/10\/AGROTANK-6.jpg?resize=350%2C200&ssl=1","width":350,"height":200,"srcset":"https:\/\/i0.wp.com\/soy.usac.edu.gt\/wp-content\/uploads\/2018\/10\/AGROTANK-6.jpg?resize=350%2C200&ssl=1 1x, https:\/\/i0.wp.com\/soy.usac.edu.gt\/wp-content\/uploads\/2018\/10\/AGROTANK-6.jpg?resize=525%2C300&ssl=1 1.5x, https:\/\/i0.wp.com\/soy.usac.edu.gt\/wp-content\/uploads\/2018\/10\/AGROTANK-6.jpg?resize=700%2C400&ssl=1 2x, https:\/\/i0.wp.com\/soy.usac.edu.gt\/wp-content\/uploads\/2018\/10\/AGROTANK-6.jpg?resize=1050%2C600&ssl=1 3x, https:\/\/i0.wp.com\/soy.usac.edu.gt\/wp-content\/uploads\/2018\/10\/AGROTANK-6.jpg?resize=1400%2C800&ssl=1 4x"},"classes":[]},{"id":8227,"url":"https:\/\/soy.usac.edu.gt\/?p=8227","url_meta":{"origin":2266,"position":5},"title":"USAC realiza Taller sobre Gesti\u00f3n Integral de Riesgo de Desastres","author":"Erick Iv\u00e1n de Le\u00f3n","date":"20 septiembre, 2019","format":false,"excerpt":"La Universidad de San Carlos (USAC) y la Bluefields Indian & Caribbean University (BICU) realizaron el taller \u201cTeor\u00eda curricular para la incorporaci\u00f3n de la gesti\u00f3n integral de riesgo de desastre (GIRD), y adaptaci\u00f3n al cambio clim\u00e1tico (ACC)\u201d","rel":"","context":"En \u00abNoticias\u00bb","block_context":{"text":"Noticias","link":"https:\/\/soy.usac.edu.gt\/?cat=29"},"img":{"alt_text":"","src":"https:\/\/i0.wp.com\/soy.usac.edu.gt\/wp-content\/uploads\/2019\/09\/1-30-1-696x464.jpg?resize=350%2C200&ssl=1","width":350,"height":200,"srcset":"https:\/\/i0.wp.com\/soy.usac.edu.gt\/wp-content\/uploads\/2019\/09\/1-30-1-696x464.jpg?resize=350%2C200&ssl=1 1x, https:\/\/i0.wp.com\/soy.usac.edu.gt\/wp-content\/uploads\/2019\/09\/1-30-1-696x464.jpg?resize=525%2C300&ssl=1 1.5x"},"classes":[]}],"jetpack_sharing_enabled":true,"_links":{"self":[{"href":"https:\/\/soy.usac.edu.gt\/index.php?rest_route=\/wp\/v2\/posts\/2266","targetHints":{"allow":["GET"]}}],"collection":[{"href":"https:\/\/soy.usac.edu.gt\/index.php?rest_route=\/wp\/v2\/posts"}],"about":[{"href":"https:\/\/soy.usac.edu.gt\/index.php?rest_route=\/wp\/v2\/types\/post"}],"author":[{"embeddable":true,"href":"https:\/\/soy.usac.edu.gt\/index.php?rest_route=\/wp\/v2\/users\/1"}],"replies":[{"embeddable":true,"href":"https:\/\/soy.usac.edu.gt\/index.php?rest_route=%2Fwp%2Fv2%2Fcomments&post=2266"}],"version-history":[{"count":0,"href":"https:\/\/soy.usac.edu.gt\/index.php?rest_route=\/wp\/v2\/posts\/2266\/revisions"}],"wp:featuredmedia":[{"embeddable":true,"href":"https:\/\/soy.usac.edu.gt\/index.php?rest_route=\/wp\/v2\/media\/2267"}],"wp:attachment":[{"href":"https:\/\/soy.usac.edu.gt\/index.php?rest_route=%2Fwp%2Fv2%2Fmedia&parent=2266"}],"wp:term":[{"taxonomy":"category","embeddable":true,"href":"https:\/\/soy.usac.edu.gt\/index.php?rest_route=%2Fwp%2Fv2%2Fcategories&post=2266"},{"taxonomy":"post_tag","embeddable":true,"href":"https:\/\/soy.usac.edu.gt\/index.php?rest_route=%2Fwp%2Fv2%2Ftags&post=2266"}],"curies":[{"name":"wp","href":"https:\/\/api.w.org\/{rel}","templated":true}]}}