{"id":22697,"date":"2026-02-19T08:40:33","date_gmt":"2026-02-19T14:40:33","guid":{"rendered":"https:\/\/soy.usac.edu.gt\/?p=22697"},"modified":"2026-03-06T09:42:19","modified_gmt":"2026-03-06T15:42:19","slug":"academia-y-comunidad-se-unen-por-entornos-mas-saludables","status":"publish","type":"post","link":"https:\/\/soy.usac.edu.gt\/?p=22697","title":{"rendered":"Academia y comunidad se unen por entornos m\u00e1s saludables"},"content":{"rendered":"\n<p>Con el firme compromiso de vincular el conocimiento acad\u00e9mico con las necesidades reales de la poblaci\u00f3n, en la Facultad de Humanidades se desarroll\u00f3 el lanzamiento de la Estrategia de Vivienda Saludable, una iniciativa orientada a fortalecer la calidad de vida desde un enfoque integral y comunitario.<\/p>\n\n\n\n<p>En el acto estuvieron presentes la Ing. Wendy L\u00f3pez Dub\u00f3n, Directora de Extensi\u00f3n Universitaria; la M.A. Flor de Abril Estrada, jefa del EPSUM; y la Dra. Ingrid Garc\u00eda, asesora en la oficina de la OPS, quienes respaldaron esta articulaci\u00f3n interinstitucional.<\/p>\n\n\n\n<blockquote class=\"wp-block-quote has-text-color has-link-color has-large-font-size wp-elements-0b41cde89d461f7f08cd581cc4e9d8f9 is-layout-flow wp-block-quote-is-layout-flow\" style=\"color:#000080\">\n<p>La M.A. Flor de Abril Estrada present\u00f3 los \u201cObjetivos del Lanzamiento de la Estrategia de Vivienda Saludable\u201d, destacando que \u201cuna vivienda saludable no solo protege del entorno, tambi\u00e9n promueve bienestar f\u00edsico, mental y social; es una herramienta de prevenci\u00f3n y desarrollo\u201d. Adem\u00e1s, enfatiz\u00f3 la importancia de que la universidad contribuya con propuestas basadas en evidencia y sensibilidad social.<\/p>\n<\/blockquote>\n\n\n\n<p>Durante la jornada, el Ing. Guillermo Orozco, consultor de la OPS en Guatemala, expuso la \u201cInvestigaci\u00f3n Cualitativa de Vivienda Saludable\u201d, resaltando que escuchar a las comunidades permite dise\u00f1ar estrategias m\u00e1s humanas, sostenibles y efectivas.<\/p>\n\n\n\n<p>Las palabras de inauguraci\u00f3n estuvieron a cargo de la Ing. Wendy L\u00f3pez Dub\u00f3n, quien expres\u00f3 que este proyecto cobra sentido cuando transforma realidades y construye soluciones junto a la sociedad, declarando oficialmente inaugurado el lanzamiento de la estrategia.<\/p>\n\n\n\n<p><strong><em>Redacci\u00f3n: Luis Pedro Barrios<br>Fotograf\u00eda: Elio Morales<\/em><\/strong><\/p>\n\n\n\n<div class=\"wp-block-jetpack-slideshow aligncenter\" data-effect=\"slide\" style=\"--aspect-ratio:calc(1024 \/ 682)\"><div class=\"wp-block-jetpack-slideshow_container swiper\"><ul class=\"wp-block-jetpack-slideshow_swiper-wrapper swiper-wrapper\"><li class=\"wp-block-jetpack-slideshow_slide swiper-slide\"><figure><img loading=\"lazy\" decoding=\"async\" width=\"1024\" height=\"682\" alt=\"\" class=\"wp-block-jetpack-slideshow_image wp-image-22700\" data-id=\"22700\" data-aspect-ratio=\"1024 \/ 682\" src=\"https:\/\/soy.usac.edu.gt\/wp-content\/uploads\/2026\/03\/WhatsApp-Image-2026-03-03-at-12.30.51-PM-1-1024x682.jpeg\" srcset=\"https:\/\/soy.usac.edu.gt\/wp-content\/uploads\/2026\/03\/WhatsApp-Image-2026-03-03-at-12.30.51-PM-1-1024x682.jpeg 1024w, https:\/\/soy.usac.edu.gt\/wp-content\/uploads\/2026\/03\/WhatsApp-Image-2026-03-03-at-12.30.51-PM-1-300x200.jpeg 300w, https:\/\/soy.usac.edu.gt\/wp-content\/uploads\/2026\/03\/WhatsApp-Image-2026-03-03-at-12.30.51-PM-1-768x512.jpeg 768w, https:\/\/soy.usac.edu.gt\/wp-content\/uploads\/2026\/03\/WhatsApp-Image-2026-03-03-at-12.30.51-PM-1-1536x1023.jpeg 1536w, https:\/\/soy.usac.edu.gt\/wp-content\/uploads\/2026\/03\/WhatsApp-Image-2026-03-03-at-12.30.51-PM-1.jpeg 1600w\" sizes=\"(max-width: 1024px) 100vw, 1024px\" \/><\/figure><\/li><li class=\"wp-block-jetpack-slideshow_slide swiper-slide\"><figure><img loading=\"lazy\" decoding=\"async\" width=\"1024\" height=\"682\" alt=\"\" class=\"wp-block-jetpack-slideshow_image wp-image-22698\" data-id=\"22698\" data-aspect-ratio=\"1024 \/ 682\" src=\"https:\/\/soy.usac.edu.gt\/wp-content\/uploads\/2026\/03\/WhatsApp-Image-2026-03-03-at-12.30.51-PM-1024x682.jpeg\" srcset=\"https:\/\/soy.usac.edu.gt\/wp-content\/uploads\/2026\/03\/WhatsApp-Image-2026-03-03-at-12.30.51-PM-1024x682.jpeg 1024w, https:\/\/soy.usac.edu.gt\/wp-content\/uploads\/2026\/03\/WhatsApp-Image-2026-03-03-at-12.30.51-PM-300x200.jpeg 300w, https:\/\/soy.usac.edu.gt\/wp-content\/uploads\/2026\/03\/WhatsApp-Image-2026-03-03-at-12.30.51-PM-768x512.jpeg 768w, https:\/\/soy.usac.edu.gt\/wp-content\/uploads\/2026\/03\/WhatsApp-Image-2026-03-03-at-12.30.51-PM-1536x1023.jpeg 1536w, https:\/\/soy.usac.edu.gt\/wp-content\/uploads\/2026\/03\/WhatsApp-Image-2026-03-03-at-12.30.51-PM.jpeg 1600w\" sizes=\"(max-width: 1024px) 100vw, 1024px\" \/><\/figure><\/li><li class=\"wp-block-jetpack-slideshow_slide swiper-slide\"><figure><img loading=\"lazy\" decoding=\"async\" width=\"1024\" height=\"682\" alt=\"\" class=\"wp-block-jetpack-slideshow_image wp-image-22699\" data-id=\"22699\" data-aspect-ratio=\"1024 \/ 682\" src=\"https:\/\/soy.usac.edu.gt\/wp-content\/uploads\/2026\/03\/WhatsApp-Image-2026-03-03-at-12.30.50-PM-3-1024x682.jpeg\" srcset=\"https:\/\/soy.usac.edu.gt\/wp-content\/uploads\/2026\/03\/WhatsApp-Image-2026-03-03-at-12.30.50-PM-3-1024x682.jpeg 1024w, https:\/\/soy.usac.edu.gt\/wp-content\/uploads\/2026\/03\/WhatsApp-Image-2026-03-03-at-12.30.50-PM-3-300x200.jpeg 300w, https:\/\/soy.usac.edu.gt\/wp-content\/uploads\/2026\/03\/WhatsApp-Image-2026-03-03-at-12.30.50-PM-3-768x512.jpeg 768w, https:\/\/soy.usac.edu.gt\/wp-content\/uploads\/2026\/03\/WhatsApp-Image-2026-03-03-at-12.30.50-PM-3-1536x1023.jpeg 1536w, https:\/\/soy.usac.edu.gt\/wp-content\/uploads\/2026\/03\/WhatsApp-Image-2026-03-03-at-12.30.50-PM-3.jpeg 1600w\" sizes=\"(max-width: 1024px) 100vw, 1024px\" \/><\/figure><\/li><li class=\"wp-block-jetpack-slideshow_slide swiper-slide\"><figure><img loading=\"lazy\" decoding=\"async\" width=\"1024\" height=\"682\" alt=\"\" class=\"wp-block-jetpack-slideshow_image wp-image-22702\" data-id=\"22702\" data-aspect-ratio=\"1024 \/ 682\" src=\"https:\/\/soy.usac.edu.gt\/wp-content\/uploads\/2026\/03\/WhatsApp-Image-2026-03-03-at-12.30.50-PM-2-1024x682.jpeg\" srcset=\"https:\/\/soy.usac.edu.gt\/wp-content\/uploads\/2026\/03\/WhatsApp-Image-2026-03-03-at-12.30.50-PM-2-1024x682.jpeg 1024w, https:\/\/soy.usac.edu.gt\/wp-content\/uploads\/2026\/03\/WhatsApp-Image-2026-03-03-at-12.30.50-PM-2-300x200.jpeg 300w, https:\/\/soy.usac.edu.gt\/wp-content\/uploads\/2026\/03\/WhatsApp-Image-2026-03-03-at-12.30.50-PM-2-768x512.jpeg 768w, https:\/\/soy.usac.edu.gt\/wp-content\/uploads\/2026\/03\/WhatsApp-Image-2026-03-03-at-12.30.50-PM-2-1536x1023.jpeg 1536w, https:\/\/soy.usac.edu.gt\/wp-content\/uploads\/2026\/03\/WhatsApp-Image-2026-03-03-at-12.30.50-PM-2.jpeg 1600w\" sizes=\"(max-width: 1024px) 100vw, 1024px\" \/><\/figure><\/li><li class=\"wp-block-jetpack-slideshow_slide swiper-slide\"><figure><img loading=\"lazy\" decoding=\"async\" width=\"1024\" height=\"682\" alt=\"\" class=\"wp-block-jetpack-slideshow_image wp-image-22701\" data-id=\"22701\" data-aspect-ratio=\"1024 \/ 682\" src=\"https:\/\/soy.usac.edu.gt\/wp-content\/uploads\/2026\/03\/WhatsApp-Image-2026-03-03-at-12.30.50-PM-1-1024x682.jpeg\" srcset=\"https:\/\/soy.usac.edu.gt\/wp-content\/uploads\/2026\/03\/WhatsApp-Image-2026-03-03-at-12.30.50-PM-1-1024x682.jpeg 1024w, https:\/\/soy.usac.edu.gt\/wp-content\/uploads\/2026\/03\/WhatsApp-Image-2026-03-03-at-12.30.50-PM-1-300x200.jpeg 300w, https:\/\/soy.usac.edu.gt\/wp-content\/uploads\/2026\/03\/WhatsApp-Image-2026-03-03-at-12.30.50-PM-1-768x512.jpeg 768w, https:\/\/soy.usac.edu.gt\/wp-content\/uploads\/2026\/03\/WhatsApp-Image-2026-03-03-at-12.30.50-PM-1-1536x1023.jpeg 1536w, https:\/\/soy.usac.edu.gt\/wp-content\/uploads\/2026\/03\/WhatsApp-Image-2026-03-03-at-12.30.50-PM-1.jpeg 1600w\" sizes=\"(max-width: 1024px) 100vw, 1024px\" \/><\/figure><\/li><li class=\"wp-block-jetpack-slideshow_slide swiper-slide\"><figure><img loading=\"lazy\" decoding=\"async\" width=\"1024\" height=\"682\" alt=\"\" class=\"wp-block-jetpack-slideshow_image wp-image-22705\" data-id=\"22705\" data-aspect-ratio=\"1024 \/ 682\" src=\"https:\/\/soy.usac.edu.gt\/wp-content\/uploads\/2026\/03\/WhatsApp-Image-2026-03-03-at-12.30.50-PM-1024x682.jpeg\" srcset=\"https:\/\/soy.usac.edu.gt\/wp-content\/uploads\/2026\/03\/WhatsApp-Image-2026-03-03-at-12.30.50-PM-1024x682.jpeg 1024w, https:\/\/soy.usac.edu.gt\/wp-content\/uploads\/2026\/03\/WhatsApp-Image-2026-03-03-at-12.30.50-PM-300x200.jpeg 300w, https:\/\/soy.usac.edu.gt\/wp-content\/uploads\/2026\/03\/WhatsApp-Image-2026-03-03-at-12.30.50-PM-768x512.jpeg 768w, https:\/\/soy.usac.edu.gt\/wp-content\/uploads\/2026\/03\/WhatsApp-Image-2026-03-03-at-12.30.50-PM-1536x1023.jpeg 1536w, https:\/\/soy.usac.edu.gt\/wp-content\/uploads\/2026\/03\/WhatsApp-Image-2026-03-03-at-12.30.50-PM.jpeg 1600w\" sizes=\"(max-width: 1024px) 100vw, 1024px\" \/><\/figure><\/li><li class=\"wp-block-jetpack-slideshow_slide swiper-slide\"><figure><img loading=\"lazy\" decoding=\"async\" width=\"1024\" height=\"682\" alt=\"\" class=\"wp-block-jetpack-slideshow_image wp-image-22706\" data-id=\"22706\" data-aspect-ratio=\"1024 \/ 682\" src=\"https:\/\/soy.usac.edu.gt\/wp-content\/uploads\/2026\/03\/WhatsApp-Image-2026-03-03-at-12.30.49-PM-1024x682.jpeg\" srcset=\"https:\/\/soy.usac.edu.gt\/wp-content\/uploads\/2026\/03\/WhatsApp-Image-2026-03-03-at-12.30.49-PM-1024x682.jpeg 1024w, https:\/\/soy.usac.edu.gt\/wp-content\/uploads\/2026\/03\/WhatsApp-Image-2026-03-03-at-12.30.49-PM-300x200.jpeg 300w, https:\/\/soy.usac.edu.gt\/wp-content\/uploads\/2026\/03\/WhatsApp-Image-2026-03-03-at-12.30.49-PM-768x512.jpeg 768w, https:\/\/soy.usac.edu.gt\/wp-content\/uploads\/2026\/03\/WhatsApp-Image-2026-03-03-at-12.30.49-PM-1536x1023.jpeg 1536w, https:\/\/soy.usac.edu.gt\/wp-content\/uploads\/2026\/03\/WhatsApp-Image-2026-03-03-at-12.30.49-PM.jpeg 1600w\" sizes=\"(max-width: 1024px) 100vw, 1024px\" \/><\/figure><\/li><li class=\"wp-block-jetpack-slideshow_slide swiper-slide\"><figure><img loading=\"lazy\" decoding=\"async\" width=\"1024\" height=\"682\" alt=\"\" class=\"wp-block-jetpack-slideshow_image wp-image-22704\" data-id=\"22704\" data-aspect-ratio=\"1024 \/ 682\" src=\"https:\/\/soy.usac.edu.gt\/wp-content\/uploads\/2026\/03\/WhatsApp-Image-2026-03-03-at-12.30.48-PM-1-1024x682.jpeg\" srcset=\"https:\/\/soy.usac.edu.gt\/wp-content\/uploads\/2026\/03\/WhatsApp-Image-2026-03-03-at-12.30.48-PM-1-1024x682.jpeg 1024w, https:\/\/soy.usac.edu.gt\/wp-content\/uploads\/2026\/03\/WhatsApp-Image-2026-03-03-at-12.30.48-PM-1-300x200.jpeg 300w, https:\/\/soy.usac.edu.gt\/wp-content\/uploads\/2026\/03\/WhatsApp-Image-2026-03-03-at-12.30.48-PM-1-768x512.jpeg 768w, https:\/\/soy.usac.edu.gt\/wp-content\/uploads\/2026\/03\/WhatsApp-Image-2026-03-03-at-12.30.48-PM-1-1536x1023.jpeg 1536w, https:\/\/soy.usac.edu.gt\/wp-content\/uploads\/2026\/03\/WhatsApp-Image-2026-03-03-at-12.30.48-PM-1.jpeg 1600w\" sizes=\"(max-width: 1024px) 100vw, 1024px\" \/><\/figure><\/li><li class=\"wp-block-jetpack-slideshow_slide swiper-slide\"><figure><img loading=\"lazy\" decoding=\"async\" width=\"1024\" height=\"682\" alt=\"\" class=\"wp-block-jetpack-slideshow_image wp-image-22710\" data-id=\"22710\" data-aspect-ratio=\"1024 \/ 682\" src=\"https:\/\/soy.usac.edu.gt\/wp-content\/uploads\/2026\/03\/WhatsApp-Image-2026-03-03-at-12.30.48-PM-1024x682.jpeg\" srcset=\"https:\/\/soy.usac.edu.gt\/wp-content\/uploads\/2026\/03\/WhatsApp-Image-2026-03-03-at-12.30.48-PM-1024x682.jpeg 1024w, https:\/\/soy.usac.edu.gt\/wp-content\/uploads\/2026\/03\/WhatsApp-Image-2026-03-03-at-12.30.48-PM-300x200.jpeg 300w, https:\/\/soy.usac.edu.gt\/wp-content\/uploads\/2026\/03\/WhatsApp-Image-2026-03-03-at-12.30.48-PM-768x512.jpeg 768w, https:\/\/soy.usac.edu.gt\/wp-content\/uploads\/2026\/03\/WhatsApp-Image-2026-03-03-at-12.30.48-PM-1536x1023.jpeg 1536w, https:\/\/soy.usac.edu.gt\/wp-content\/uploads\/2026\/03\/WhatsApp-Image-2026-03-03-at-12.30.48-PM.jpeg 1600w\" sizes=\"(max-width: 1024px) 100vw, 1024px\" \/><\/figure><\/li><li class=\"wp-block-jetpack-slideshow_slide swiper-slide\"><figure><img loading=\"lazy\" decoding=\"async\" width=\"1024\" height=\"682\" alt=\"\" class=\"wp-block-jetpack-slideshow_image wp-image-22703\" data-id=\"22703\" data-aspect-ratio=\"1024 \/ 682\" src=\"https:\/\/soy.usac.edu.gt\/wp-content\/uploads\/2026\/03\/WhatsApp-Image-2026-03-03-at-12.30.47-PM-1-1024x682.jpeg\" srcset=\"https:\/\/soy.usac.edu.gt\/wp-content\/uploads\/2026\/03\/WhatsApp-Image-2026-03-03-at-12.30.47-PM-1-1024x682.jpeg 1024w, https:\/\/soy.usac.edu.gt\/wp-content\/uploads\/2026\/03\/WhatsApp-Image-2026-03-03-at-12.30.47-PM-1-300x200.jpeg 300w, https:\/\/soy.usac.edu.gt\/wp-content\/uploads\/2026\/03\/WhatsApp-Image-2026-03-03-at-12.30.47-PM-1-768x512.jpeg 768w, https:\/\/soy.usac.edu.gt\/wp-content\/uploads\/2026\/03\/WhatsApp-Image-2026-03-03-at-12.30.47-PM-1-1536x1023.jpeg 1536w, https:\/\/soy.usac.edu.gt\/wp-content\/uploads\/2026\/03\/WhatsApp-Image-2026-03-03-at-12.30.47-PM-1.jpeg 1600w\" sizes=\"(max-width: 1024px) 100vw, 1024px\" \/><\/figure><\/li><li class=\"wp-block-jetpack-slideshow_slide swiper-slide\"><figure><img loading=\"lazy\" decoding=\"async\" width=\"1024\" height=\"682\" alt=\"\" class=\"wp-block-jetpack-slideshow_image wp-image-22708\" data-id=\"22708\" data-aspect-ratio=\"1024 \/ 682\" src=\"https:\/\/soy.usac.edu.gt\/wp-content\/uploads\/2026\/03\/WhatsApp-Image-2026-03-03-at-12.30.47-PM-1024x682.jpeg\" srcset=\"https:\/\/soy.usac.edu.gt\/wp-content\/uploads\/2026\/03\/WhatsApp-Image-2026-03-03-at-12.30.47-PM-1024x682.jpeg 1024w, https:\/\/soy.usac.edu.gt\/wp-content\/uploads\/2026\/03\/WhatsApp-Image-2026-03-03-at-12.30.47-PM-300x200.jpeg 300w, https:\/\/soy.usac.edu.gt\/wp-content\/uploads\/2026\/03\/WhatsApp-Image-2026-03-03-at-12.30.47-PM-768x512.jpeg 768w, https:\/\/soy.usac.edu.gt\/wp-content\/uploads\/2026\/03\/WhatsApp-Image-2026-03-03-at-12.30.47-PM-1536x1023.jpeg 1536w, https:\/\/soy.usac.edu.gt\/wp-content\/uploads\/2026\/03\/WhatsApp-Image-2026-03-03-at-12.30.47-PM.jpeg 1600w\" sizes=\"(max-width: 1024px) 100vw, 1024px\" \/><\/figure><\/li><li class=\"wp-block-jetpack-slideshow_slide swiper-slide\"><figure><img loading=\"lazy\" decoding=\"async\" width=\"1024\" height=\"682\" alt=\"\" class=\"wp-block-jetpack-slideshow_image wp-image-22707\" data-id=\"22707\" data-aspect-ratio=\"1024 \/ 682\" src=\"https:\/\/soy.usac.edu.gt\/wp-content\/uploads\/2026\/03\/WhatsApp-Image-2026-03-03-at-12.30.46-PM-1024x682.jpeg\" srcset=\"https:\/\/soy.usac.edu.gt\/wp-content\/uploads\/2026\/03\/WhatsApp-Image-2026-03-03-at-12.30.46-PM-1024x682.jpeg 1024w, https:\/\/soy.usac.edu.gt\/wp-content\/uploads\/2026\/03\/WhatsApp-Image-2026-03-03-at-12.30.46-PM-300x200.jpeg 300w, https:\/\/soy.usac.edu.gt\/wp-content\/uploads\/2026\/03\/WhatsApp-Image-2026-03-03-at-12.30.46-PM-768x512.jpeg 768w, https:\/\/soy.usac.edu.gt\/wp-content\/uploads\/2026\/03\/WhatsApp-Image-2026-03-03-at-12.30.46-PM-1536x1023.jpeg 1536w, https:\/\/soy.usac.edu.gt\/wp-content\/uploads\/2026\/03\/WhatsApp-Image-2026-03-03-at-12.30.46-PM.jpeg 1600w\" sizes=\"(max-width: 1024px) 100vw, 1024px\" \/><\/figure><\/li><li class=\"wp-block-jetpack-slideshow_slide swiper-slide\"><figure><img loading=\"lazy\" decoding=\"async\" width=\"1024\" height=\"682\" alt=\"\" class=\"wp-block-jetpack-slideshow_image wp-image-22709\" data-id=\"22709\" data-aspect-ratio=\"1024 \/ 682\" src=\"https:\/\/soy.usac.edu.gt\/wp-content\/uploads\/2026\/03\/WhatsApp-Image-2026-03-03-at-12.30.45-PM-1024x682.jpeg\" srcset=\"https:\/\/soy.usac.edu.gt\/wp-content\/uploads\/2026\/03\/WhatsApp-Image-2026-03-03-at-12.30.45-PM-1024x682.jpeg 1024w, https:\/\/soy.usac.edu.gt\/wp-content\/uploads\/2026\/03\/WhatsApp-Image-2026-03-03-at-12.30.45-PM-300x200.jpeg 300w, https:\/\/soy.usac.edu.gt\/wp-content\/uploads\/2026\/03\/WhatsApp-Image-2026-03-03-at-12.30.45-PM-768x512.jpeg 768w, https:\/\/soy.usac.edu.gt\/wp-content\/uploads\/2026\/03\/WhatsApp-Image-2026-03-03-at-12.30.45-PM-1536x1023.jpeg 1536w, https:\/\/soy.usac.edu.gt\/wp-content\/uploads\/2026\/03\/WhatsApp-Image-2026-03-03-at-12.30.45-PM.jpeg 1600w\" sizes=\"(max-width: 1024px) 100vw, 1024px\" \/><\/figure><\/li><\/ul><a class=\"wp-block-jetpack-slideshow_button-prev swiper-button-prev swiper-button-white\" role=\"button\"><\/a><a class=\"wp-block-jetpack-slideshow_button-next swiper-button-next swiper-button-white\" role=\"button\"><\/a><a aria-label=\"Pause Slideshow\" class=\"wp-block-jetpack-slideshow_button-pause\" role=\"button\"><\/a><div class=\"wp-block-jetpack-slideshow_pagination swiper-pagination swiper-pagination-white\"><\/div><\/div><\/div>\n","protected":false},"excerpt":{"rendered":"<p>Con el firme compromiso de vincular el conocimiento acad\u00e9mico con las necesidades reales de la poblaci\u00f3n, en la Facultad de Humanidades se desarroll\u00f3 el lanzamiento de la Estrategia de Vivienda Saludable, una iniciativa orientada a fortalecer la calidad de vida desde un enfoque integral y comunitario. En el acto estuvieron presentes la Ing. Wendy L\u00f3pez [&hellip;]<\/p>\n","protected":false},"author":20,"featured_media":22709,"comment_status":"closed","ping_status":"closed","sticky":false,"template":"","format":"standard","meta":{"_exactmetrics_skip_tracking":false,"_exactmetrics_sitenote_active":false,"_exactmetrics_sitenote_note":"","_exactmetrics_sitenote_category":0,"_jetpack_memberships_contains_paid_content":false,"footnotes":""},"categories":[126,260,152,585],"tags":[],"class_list":["post-22697","post","type-post","status-publish","format-standard","has-post-thumbnail","hentry","category-actividades","category-campanas","category-entrevistas","category-estudiantes"],"aioseo_notices":[],"jetpack_featured_media_url":"https:\/\/soy.usac.edu.gt\/wp-content\/uploads\/2026\/03\/WhatsApp-Image-2026-03-03-at-12.30.45-PM.jpeg","views":"","jetpack-related-posts":[{"id":22056,"url":"https:\/\/soy.usac.edu.gt\/?p=22056","url_meta":{"origin":22697,"position":0},"title":"Firma de Convenio de Entendimiento","author":"Divisi\u00f3n de Publicidad","date":"30 septiembre, 2025","format":false,"excerpt":"Entre la Universidad de San Carlos de Guatemala y The Institute for Women\u2019s Health La Universidad de San Carlos de Guatemala firm\u00f3 un Convenio de Entendimiento con The Institute for Women\u2019s Health, con el objetivo de fortalecer los sectores social y sanitario a trav\u00e9s de la educaci\u00f3n superior, promoviendo la\u2026","rel":"","context":"En \u00abActividades\u00bb","block_context":{"text":"Actividades","link":"https:\/\/soy.usac.edu.gt\/?cat=126"},"img":{"alt_text":"","src":"https:\/\/i0.wp.com\/soy.usac.edu.gt\/wp-content\/uploads\/2025\/10\/IMG-20250925-WA0123-scaled.jpg?resize=350%2C200&ssl=1","width":350,"height":200,"srcset":"https:\/\/i0.wp.com\/soy.usac.edu.gt\/wp-content\/uploads\/2025\/10\/IMG-20250925-WA0123-scaled.jpg?resize=350%2C200&ssl=1 1x, https:\/\/i0.wp.com\/soy.usac.edu.gt\/wp-content\/uploads\/2025\/10\/IMG-20250925-WA0123-scaled.jpg?resize=525%2C300&ssl=1 1.5x, https:\/\/i0.wp.com\/soy.usac.edu.gt\/wp-content\/uploads\/2025\/10\/IMG-20250925-WA0123-scaled.jpg?resize=700%2C400&ssl=1 2x, https:\/\/i0.wp.com\/soy.usac.edu.gt\/wp-content\/uploads\/2025\/10\/IMG-20250925-WA0123-scaled.jpg?resize=1050%2C600&ssl=1 3x, https:\/\/i0.wp.com\/soy.usac.edu.gt\/wp-content\/uploads\/2025\/10\/IMG-20250925-WA0123-scaled.jpg?resize=1400%2C800&ssl=1 4x"},"classes":[]},{"id":20758,"url":"https:\/\/soy.usac.edu.gt\/?p=20758","url_meta":{"origin":22697,"position":1},"title":"Facultad de Humanidades celebra su 79 aniversario reconociendo a grandes profesionales","author":"Divisi\u00f3n de Publicidad","date":"18 septiembre, 2024","format":false,"excerpt":"En la conmemoraci\u00f3n del 79 aniversario de la Facultad de Humanidades de la Universidad de San Carlos, las autoridades universitarias se hicieron presentes para rendir homenaje a quienes han dejado una huella en la educaci\u00f3n. El evento fue presidido por el rector M. A. Walter Mazariegos, quien destac\u00f3 el impacto\u2026","rel":"","context":"En \u00abPremios y Galardones\u00bb","block_context":{"text":"Premios y Galardones","link":"https:\/\/soy.usac.edu.gt\/?cat=635"},"img":{"alt_text":"","src":"https:\/\/i0.wp.com\/soy.usac.edu.gt\/wp-content\/uploads\/2024\/09\/WhatsApp-Image-2024-09-18-at-11.27.52-AM-1.jpeg?resize=350%2C200&ssl=1","width":350,"height":200,"srcset":"https:\/\/i0.wp.com\/soy.usac.edu.gt\/wp-content\/uploads\/2024\/09\/WhatsApp-Image-2024-09-18-at-11.27.52-AM-1.jpeg?resize=350%2C200&ssl=1 1x, https:\/\/i0.wp.com\/soy.usac.edu.gt\/wp-content\/uploads\/2024\/09\/WhatsApp-Image-2024-09-18-at-11.27.52-AM-1.jpeg?resize=525%2C300&ssl=1 1.5x, https:\/\/i0.wp.com\/soy.usac.edu.gt\/wp-content\/uploads\/2024\/09\/WhatsApp-Image-2024-09-18-at-11.27.52-AM-1.jpeg?resize=700%2C400&ssl=1 2x, https:\/\/i0.wp.com\/soy.usac.edu.gt\/wp-content\/uploads\/2024\/09\/WhatsApp-Image-2024-09-18-at-11.27.52-AM-1.jpeg?resize=1050%2C600&ssl=1 3x"},"classes":[]},{"id":9466,"url":"https:\/\/soy.usac.edu.gt\/?p=9466","url_meta":{"origin":22697,"position":2},"title":"IPNUSAC realiza foro sobre el Sistema Nacional de Inversi\u00f3n P\u00fablica","author":"Erick Iv\u00e1n de Le\u00f3n","date":"30 octubre, 2019","format":false,"excerpt":"El Instituto de Problemas Nacionales de la Universidad de San Carlos de Guatemala (IPNUSAC) realiz\u00f3 el foro \u201cPresupuesto 2020, una mirada al Sistema Nacional de Inversi\u00f3n P\u00fablica\u201d, con la participaci\u00f3n del Dr. Edgar Balsells, Dr. Trevor Estrada, Ing. Aldo Garc\u00eda, Ing. Joram Gil y Dr. Stewart Oakley.","rel":"","context":"En \u00abNoticias\u00bb","block_context":{"text":"Noticias","link":"https:\/\/soy.usac.edu.gt\/?cat=29"},"img":{"alt_text":"","src":"https:\/\/i0.wp.com\/soy.usac.edu.gt\/wp-content\/uploads\/2019\/10\/IMG_3717.jpg?resize=350%2C200&ssl=1","width":350,"height":200,"srcset":"https:\/\/i0.wp.com\/soy.usac.edu.gt\/wp-content\/uploads\/2019\/10\/IMG_3717.jpg?resize=350%2C200&ssl=1 1x, https:\/\/i0.wp.com\/soy.usac.edu.gt\/wp-content\/uploads\/2019\/10\/IMG_3717.jpg?resize=525%2C300&ssl=1 1.5x, https:\/\/i0.wp.com\/soy.usac.edu.gt\/wp-content\/uploads\/2019\/10\/IMG_3717.jpg?resize=700%2C400&ssl=1 2x, https:\/\/i0.wp.com\/soy.usac.edu.gt\/wp-content\/uploads\/2019\/10\/IMG_3717.jpg?resize=1050%2C600&ssl=1 3x, https:\/\/i0.wp.com\/soy.usac.edu.gt\/wp-content\/uploads\/2019\/10\/IMG_3717.jpg?resize=1400%2C800&ssl=1 4x"},"classes":[]},{"id":21497,"url":"https:\/\/soy.usac.edu.gt\/?p=21497","url_meta":{"origin":22697,"position":3},"title":"Construyendo sue\u00f1os, aula por aula.","author":"Divisi\u00f3n de Publicidad","date":"22 mayo, 2025","format":false,"excerpt":"Facultad de Ciencias Jur\u00eddicas y Sociales: Un paso firme hacia la excelencia acad\u00e9mica En un ambiente de entusiasmo y compromiso, la Facultad de Ciencias Jur\u00eddicas y Sociales celebr\u00f3 un momento clave para su comunidad: la entrega de nuevo mobiliario y equipo que transformar\u00e1 la experiencia educativa de cientos de estudiantes\u2026","rel":"","context":"En \u00abActividades\u00bb","block_context":{"text":"Actividades","link":"https:\/\/soy.usac.edu.gt\/?cat=126"},"img":{"alt_text":"","src":"https:\/\/i0.wp.com\/soy.usac.edu.gt\/wp-content\/uploads\/2025\/05\/WhatsApp-Image-2025-05-26-at-3.11.39-PM.jpeg?resize=350%2C200&ssl=1","width":350,"height":200,"srcset":"https:\/\/i0.wp.com\/soy.usac.edu.gt\/wp-content\/uploads\/2025\/05\/WhatsApp-Image-2025-05-26-at-3.11.39-PM.jpeg?resize=350%2C200&ssl=1 1x, https:\/\/i0.wp.com\/soy.usac.edu.gt\/wp-content\/uploads\/2025\/05\/WhatsApp-Image-2025-05-26-at-3.11.39-PM.jpeg?resize=525%2C300&ssl=1 1.5x, https:\/\/i0.wp.com\/soy.usac.edu.gt\/wp-content\/uploads\/2025\/05\/WhatsApp-Image-2025-05-26-at-3.11.39-PM.jpeg?resize=700%2C400&ssl=1 2x, https:\/\/i0.wp.com\/soy.usac.edu.gt\/wp-content\/uploads\/2025\/05\/WhatsApp-Image-2025-05-26-at-3.11.39-PM.jpeg?resize=1050%2C600&ssl=1 3x"},"classes":[]},{"id":14009,"url":"https:\/\/soy.usac.edu.gt\/?p=14009","url_meta":{"origin":22697,"position":4},"title":"Decano de Ciencias Qu\u00edmicas y Farmacia es juramentado como Rector en funciones","author":"Divisi\u00f3n de Publicidad","date":"30 abril, 2021","format":false,"excerpt":"La Universidad de San Carlos de Guatemala (USAC) hace del conocimiento p\u00fablico que, por motivos de salud, el doctor Jorge Fernando Orellana, Decano de la Facultad de Ciencias M\u00e9dicas, deja el cargo de Rector en funciones que asumi\u00f3 el pasado 15 de abril.","rel":"","context":"En \u00abNoticias\u00bb","block_context":{"text":"Noticias","link":"https:\/\/soy.usac.edu.gt\/?cat=29"},"img":{"alt_text":"","src":"https:\/\/i0.wp.com\/soy.usac.edu.gt\/wp-content\/uploads\/2021\/04\/Rector-en-funciones-scaled.jpg?resize=350%2C200&ssl=1","width":350,"height":200,"srcset":"https:\/\/i0.wp.com\/soy.usac.edu.gt\/wp-content\/uploads\/2021\/04\/Rector-en-funciones-scaled.jpg?resize=350%2C200&ssl=1 1x, https:\/\/i0.wp.com\/soy.usac.edu.gt\/wp-content\/uploads\/2021\/04\/Rector-en-funciones-scaled.jpg?resize=525%2C300&ssl=1 1.5x, https:\/\/i0.wp.com\/soy.usac.edu.gt\/wp-content\/uploads\/2021\/04\/Rector-en-funciones-scaled.jpg?resize=700%2C400&ssl=1 2x, https:\/\/i0.wp.com\/soy.usac.edu.gt\/wp-content\/uploads\/2021\/04\/Rector-en-funciones-scaled.jpg?resize=1050%2C600&ssl=1 3x, https:\/\/i0.wp.com\/soy.usac.edu.gt\/wp-content\/uploads\/2021\/04\/Rector-en-funciones-scaled.jpg?resize=1400%2C800&ssl=1 4x"},"classes":[]},{"id":18522,"url":"https:\/\/soy.usac.edu.gt\/?p=18522","url_meta":{"origin":22697,"position":5},"title":"Usac acerca la entrega de t\u00edtulos a Sancarlistas graduados","author":"Edwin Medina","date":"24 septiembre, 2022","format":false,"excerpt":"Con la finalidad de apoyar a los nuevos profesionales egresados de USAC, esta casa de estudios superiores ha implementado un plan de entrega de t\u00edtulos en diferentes lugares del pa\u00eds.","rel":"","context":"En \u00abNoticias\u00bb","block_context":{"text":"Noticias","link":"https:\/\/soy.usac.edu.gt\/?cat=29"},"img":{"alt_text":"","src":"https:\/\/i0.wp.com\/soy.usac.edu.gt\/wp-content\/uploads\/2022\/09\/WhatsApp-Image-2022-09-23-at-7.50.28-PM-1-1.jpeg?resize=350%2C200&ssl=1","width":350,"height":200,"srcset":"https:\/\/i0.wp.com\/soy.usac.edu.gt\/wp-content\/uploads\/2022\/09\/WhatsApp-Image-2022-09-23-at-7.50.28-PM-1-1.jpeg?resize=350%2C200&ssl=1 1x, https:\/\/i0.wp.com\/soy.usac.edu.gt\/wp-content\/uploads\/2022\/09\/WhatsApp-Image-2022-09-23-at-7.50.28-PM-1-1.jpeg?resize=525%2C300&ssl=1 1.5x, https:\/\/i0.wp.com\/soy.usac.edu.gt\/wp-content\/uploads\/2022\/09\/WhatsApp-Image-2022-09-23-at-7.50.28-PM-1-1.jpeg?resize=700%2C400&ssl=1 2x, https:\/\/i0.wp.com\/soy.usac.edu.gt\/wp-content\/uploads\/2022\/09\/WhatsApp-Image-2022-09-23-at-7.50.28-PM-1-1.jpeg?resize=1050%2C600&ssl=1 3x, https:\/\/i0.wp.com\/soy.usac.edu.gt\/wp-content\/uploads\/2022\/09\/WhatsApp-Image-2022-09-23-at-7.50.28-PM-1-1.jpeg?resize=1400%2C800&ssl=1 4x"},"classes":[]}],"jetpack_sharing_enabled":true,"_links":{"self":[{"href":"https:\/\/soy.usac.edu.gt\/index.php?rest_route=\/wp\/v2\/posts\/22697","targetHints":{"allow":["GET"]}}],"collection":[{"href":"https:\/\/soy.usac.edu.gt\/index.php?rest_route=\/wp\/v2\/posts"}],"about":[{"href":"https:\/\/soy.usac.edu.gt\/index.php?rest_route=\/wp\/v2\/types\/post"}],"author":[{"embeddable":true,"href":"https:\/\/soy.usac.edu.gt\/index.php?rest_route=\/wp\/v2\/users\/20"}],"replies":[{"embeddable":true,"href":"https:\/\/soy.usac.edu.gt\/index.php?rest_route=%2Fwp%2Fv2%2Fcomments&post=22697"}],"version-history":[{"count":1,"href":"https:\/\/soy.usac.edu.gt\/index.php?rest_route=\/wp\/v2\/posts\/22697\/revisions"}],"predecessor-version":[{"id":22711,"href":"https:\/\/soy.usac.edu.gt\/index.php?rest_route=\/wp\/v2\/posts\/22697\/revisions\/22711"}],"wp:featuredmedia":[{"embeddable":true,"href":"https:\/\/soy.usac.edu.gt\/index.php?rest_route=\/wp\/v2\/media\/22709"}],"wp:attachment":[{"href":"https:\/\/soy.usac.edu.gt\/index.php?rest_route=%2Fwp%2Fv2%2Fmedia&parent=22697"}],"wp:term":[{"taxonomy":"category","embeddable":true,"href":"https:\/\/soy.usac.edu.gt\/index.php?rest_route=%2Fwp%2Fv2%2Fcategories&post=22697"},{"taxonomy":"post_tag","embeddable":true,"href":"https:\/\/soy.usac.edu.gt\/index.php?rest_route=%2Fwp%2Fv2%2Ftags&post=22697"}],"curies":[{"name":"wp","href":"https:\/\/api.w.org\/{rel}","templated":true}]}}