{"id":23111,"date":"2026-04-23T13:56:10","date_gmt":"2026-04-23T19:56:10","guid":{"rendered":"https:\/\/soy.usac.edu.gt\/?p=23111"},"modified":"2026-04-28T14:11:33","modified_gmt":"2026-04-28T20:11:33","slug":"lanzamiento-oficial-revista-conexion-academicaedicion-n1","status":"publish","type":"post","link":"https:\/\/soy.usac.edu.gt\/?p=23111","title":{"rendered":"Lanzamiento oficial: Revista \u00abConexi\u00f3n Acad\u00e9mica\u00bb Edici\u00f3n N\u00b01"},"content":{"rendered":"\n<p>La Universidad de San Carlos de Guatemala, como parte del Consejo Superior Universitario Centroamericano <strong>(CSUCA)<\/strong>, se enorgullece en presentar la primera edici\u00f3n de la revista <em><strong>Conexi\u00f3n Acad\u00e9mica<\/strong><\/em> a cargo del Sistema Regional de Informaci\u00f3n y Comunicaci\u00f3n Universitaria <strong>(SIREICU).<\/strong><\/p>\n\n\n\n<p>Este espacio nace con el firme prop\u00f3sito de integrar y difundir la riqueza del pensamiento acad\u00e9mico, cient\u00edfico e institucional de las universidades p\u00fablicas de Centroam\u00e9rica y el Caribe. Esta edici\u00f3n destaca hitos regionales como el cultivo de m\u00e1s de 2,500 fragmentos de coral en Isla Tortuga, demostrando el impacto real de nuestra labor investigativa.<\/p>\n\n\n\n<p>Los invitamos a explorar esta obra colaborativa que reafirma nuestro compromiso con el desarrollo regional.<\/p>\n\n\n\n<p><strong><em>Dise\u00f1o: Wilian Salinas<\/em><\/strong><br><\/p>\n\n\n\n<div class=\"_df_book df-lite\" id=\"df_23107\"  _slug=\"revista-conexion-academica-edicion-n1\" data-title=\"revista-conexion-academica-edicion-n1\" wpoptions=\"true\" thumb=\"https:\/\/soy.usac.edu.gt\/wp-content\/uploads\/2026\/04\/portada-revista-copia.png\" thumbtype=\"\" ><\/div><script class=\"df-shortcode-script\" nowprocket type=\"application\/javascript\">window.option_df_23107 = {\"outline\":[],\"autoEnableOutline\":\"false\",\"autoEnableThumbnail\":\"false\",\"overwritePDFOutline\":\"false\",\"direction\":\"1\",\"pageSize\":\"0\",\"source\":\"https:\\\/\\\/soy.usac.edu.gt\\\/wp-content\\\/uploads\\\/2026\\\/04\\\/revista-CSUCA-FINAL-web.pdf\",\"wpOptions\":\"true\"}; if(window.DFLIP && window.DFLIP.parseBooks){window.DFLIP.parseBooks();}<\/script>\n","protected":false},"excerpt":{"rendered":"<p>La Universidad de San Carlos de Guatemala, como parte del Consejo Superior Universitario Centroamericano (CSUCA), se enorgullece en presentar la primera edici\u00f3n de la revista Conexi\u00f3n Acad\u00e9mica a cargo del Sistema Regional de Informaci\u00f3n y Comunicaci\u00f3n Universitaria (SIREICU). Este espacio nace con el firme prop\u00f3sito de integrar y difundir la riqueza del pensamiento acad\u00e9mico, cient\u00edfico [&hellip;]<\/p>\n","protected":false},"author":20,"featured_media":23116,"comment_status":"closed","ping_status":"closed","sticky":false,"template":"","format":"standard","meta":{"_exactmetrics_skip_tracking":false,"_exactmetrics_sitenote_active":false,"_exactmetrics_sitenote_note":"","_exactmetrics_sitenote_category":0,"_jetpack_memberships_contains_paid_content":false,"footnotes":""},"categories":[122,123,124,585,125,635],"tags":[],"class_list":["post-23111","post","type-post","status-publish","format-standard","has-post-thumbnail","hentry","category-ciencia-y-tecnologia","category-cultura-mas","category-deportes","category-estudiantes","category-opiniones","category-premios-y-galardones"],"aioseo_notices":[],"jetpack_featured_media_url":"https:\/\/soy.usac.edu.gt\/wp-content\/uploads\/2026\/04\/portada-revista-copia-1-2.png","views":"","jetpack-related-posts":[{"id":21102,"url":"https:\/\/soy.usac.edu.gt\/?p=21102","url_meta":{"origin":23111,"position":0},"title":"USAC Participa en la 123\u00aa Asamblea del CSUCA en Antigua Guatemala","author":"Mario Aguilar","date":"18 noviembre, 2024","format":false,"excerpt":"La Universidad de San Carlos de Guatemala (USAC) contin\u00faa participando activamente en la 123\u00aa Asamblea del Consejo Superior Universitario Centroamericano (CSUCA), que se lleva a cabo en la hist\u00f3rica ciudad de Antigua Guatemala. Este evento re\u00fane a rectores, autoridades acad\u00e9micas, representantes estudiantiles y expertos de universidades de Centroam\u00e9rica, Rep\u00fablica Dominicana\u2026","rel":"","context":"En \u00abSin categor\u00eda\u00bb","block_context":{"text":"Sin categor\u00eda","link":"https:\/\/soy.usac.edu.gt\/?cat=1"},"img":{"alt_text":"","src":"https:\/\/i0.wp.com\/soy.usac.edu.gt\/wp-content\/uploads\/2024\/11\/DSC_3042-1.jpg?resize=350%2C200&ssl=1","width":350,"height":200,"srcset":"https:\/\/i0.wp.com\/soy.usac.edu.gt\/wp-content\/uploads\/2024\/11\/DSC_3042-1.jpg?resize=350%2C200&ssl=1 1x, https:\/\/i0.wp.com\/soy.usac.edu.gt\/wp-content\/uploads\/2024\/11\/DSC_3042-1.jpg?resize=525%2C300&ssl=1 1.5x, https:\/\/i0.wp.com\/soy.usac.edu.gt\/wp-content\/uploads\/2024\/11\/DSC_3042-1.jpg?resize=700%2C400&ssl=1 2x, https:\/\/i0.wp.com\/soy.usac.edu.gt\/wp-content\/uploads\/2024\/11\/DSC_3042-1.jpg?resize=1050%2C600&ssl=1 3x, https:\/\/i0.wp.com\/soy.usac.edu.gt\/wp-content\/uploads\/2024\/11\/DSC_3042-1.jpg?resize=1400%2C800&ssl=1 4x"},"classes":[]},{"id":21030,"url":"https:\/\/soy.usac.edu.gt\/?p=21030","url_meta":{"origin":23111,"position":1},"title":"IUMUSAC presenta la Revista Mujeres y Universidad","author":"Divisi\u00f3n de Publicidad","date":"7 noviembre, 2024","format":false,"excerpt":"El Instituto Universitario de la Mujer (IUMUSAC) reconoce el trabajo que las mujeres realizan dentro de la universidad para el an\u00e1lisis sobre la realidad de g\u00e9nero en los distintos \u00e1mbitos acad\u00e9micos, sociales, econ\u00f3micos, cient\u00edficos y culturales.\u00a0 Como resultado, cre\u00f3 un espacio donde se hacen visibles las voces femeninas: la Revista\u2026","rel":"","context":"En \u00abCultura\u00bb","block_context":{"text":"Cultura","link":"https:\/\/soy.usac.edu.gt\/?cat=97"},"img":{"alt_text":"","src":"https:\/\/i0.wp.com\/soy.usac.edu.gt\/wp-content\/uploads\/2024\/11\/WhatsApp-Image-2024-11-06-at-11.19.27-AM.jpeg?resize=350%2C200&ssl=1","width":350,"height":200,"srcset":"https:\/\/i0.wp.com\/soy.usac.edu.gt\/wp-content\/uploads\/2024\/11\/WhatsApp-Image-2024-11-06-at-11.19.27-AM.jpeg?resize=350%2C200&ssl=1 1x, https:\/\/i0.wp.com\/soy.usac.edu.gt\/wp-content\/uploads\/2024\/11\/WhatsApp-Image-2024-11-06-at-11.19.27-AM.jpeg?resize=525%2C300&ssl=1 1.5x, https:\/\/i0.wp.com\/soy.usac.edu.gt\/wp-content\/uploads\/2024\/11\/WhatsApp-Image-2024-11-06-at-11.19.27-AM.jpeg?resize=700%2C400&ssl=1 2x, https:\/\/i0.wp.com\/soy.usac.edu.gt\/wp-content\/uploads\/2024\/11\/WhatsApp-Image-2024-11-06-at-11.19.27-AM.jpeg?resize=1050%2C600&ssl=1 3x, https:\/\/i0.wp.com\/soy.usac.edu.gt\/wp-content\/uploads\/2024\/11\/WhatsApp-Image-2024-11-06-at-11.19.27-AM.jpeg?resize=1400%2C800&ssl=1 4x"},"classes":[]},{"id":2831,"url":"https:\/\/soy.usac.edu.gt\/?p=2831","url_meta":{"origin":23111,"position":2},"title":"Presentan la novena Edici\u00f3n de la Revista Mujeres y Universidad","author":"Divisi\u00f3n de Publicidad","date":"30 octubre, 2018","format":false,"excerpt":"En el Sal\u00f3n 1 de la Biblioteca Central de la USAC del edificio de Recursos Educativos se llev\u00f3 a cabo la presentaci\u00f3n de la Revista Mujeres & Universidad Volumen 9, a\u00f1o 2018. La Revista Mujeres y Universidad es un proyecto editorial que tiene mucha importancia del trabajo que se realiza\u2026","rel":"","context":"En \u00abNoticias\u00bb","block_context":{"text":"Noticias","link":"https:\/\/soy.usac.edu.gt\/?cat=29"},"img":{"alt_text":"","src":"https:\/\/i0.wp.com\/soy.usac.edu.gt\/wp-content\/uploads\/2018\/10\/REVISTA-MUJERES-1.jpg?resize=350%2C200&ssl=1","width":350,"height":200,"srcset":"https:\/\/i0.wp.com\/soy.usac.edu.gt\/wp-content\/uploads\/2018\/10\/REVISTA-MUJERES-1.jpg?resize=350%2C200&ssl=1 1x, https:\/\/i0.wp.com\/soy.usac.edu.gt\/wp-content\/uploads\/2018\/10\/REVISTA-MUJERES-1.jpg?resize=525%2C300&ssl=1 1.5x, https:\/\/i0.wp.com\/soy.usac.edu.gt\/wp-content\/uploads\/2018\/10\/REVISTA-MUJERES-1.jpg?resize=700%2C400&ssl=1 2x, https:\/\/i0.wp.com\/soy.usac.edu.gt\/wp-content\/uploads\/2018\/10\/REVISTA-MUJERES-1.jpg?resize=1050%2C600&ssl=1 3x, https:\/\/i0.wp.com\/soy.usac.edu.gt\/wp-content\/uploads\/2018\/10\/REVISTA-MUJERES-1.jpg?resize=1400%2C800&ssl=1 4x"},"classes":[]},{"id":17256,"url":"https:\/\/soy.usac.edu.gt\/?p=17256","url_meta":{"origin":23111,"position":3},"title":"Conoce la oferta acad\u00e9mica de la USAC para el a\u00f1o 2023","author":"Divisi\u00f3n de Publicidad","date":"3 mayo, 2022","format":false,"excerpt":"Est\u00e1 edici\u00f3n especial del Peri\u00f3dico de la USAC, cuenta con toda la oferta educativa de la Universidad de San Carlos de Guatemala, es un PDF interactivo en el que los aspirantes podr\u00e1n acceder a los contactos de las unidades acad\u00e9micas, e informaci\u00f3n vital para conocer el Campus Central,\u00a0 el proceso\u2026","rel":"","context":"En \u00abINFOUSAC\u00bb","block_context":{"text":"INFOUSAC","link":"https:\/\/soy.usac.edu.gt\/?cat=764"},"img":{"alt_text":"","src":"https:\/\/i0.wp.com\/soy.usac.edu.gt\/wp-content\/uploads\/2022\/05\/portada-INFOUSACWEB.jpeg?resize=350%2C200&ssl=1","width":350,"height":200,"srcset":"https:\/\/i0.wp.com\/soy.usac.edu.gt\/wp-content\/uploads\/2022\/05\/portada-INFOUSACWEB.jpeg?resize=350%2C200&ssl=1 1x, https:\/\/i0.wp.com\/soy.usac.edu.gt\/wp-content\/uploads\/2022\/05\/portada-INFOUSACWEB.jpeg?resize=525%2C300&ssl=1 1.5x, https:\/\/i0.wp.com\/soy.usac.edu.gt\/wp-content\/uploads\/2022\/05\/portada-INFOUSACWEB.jpeg?resize=700%2C400&ssl=1 2x, https:\/\/i0.wp.com\/soy.usac.edu.gt\/wp-content\/uploads\/2022\/05\/portada-INFOUSACWEB.jpeg?resize=1050%2C600&ssl=1 3x"},"classes":[]},{"id":6072,"url":"https:\/\/soy.usac.edu.gt\/?p=6072","url_meta":{"origin":23111,"position":4},"title":"Conoce ac\u00e1 toda la oferta acad\u00e9mica de la universidad","author":"Divisi\u00f3n de Publicidad","date":"15 mayo, 2019","format":false,"excerpt":"La\u00a0 oferta acad\u00e9mica de la USAC es vasta, contamos con 11 escuelas, 10 facultades, 22 centros universitarios, y un aproximado de 204 carreras, y 246 posgrados.\u00a0","rel":"","context":"En \u00abNoticias\u00bb","block_context":{"text":"Noticias","link":"https:\/\/soy.usac.edu.gt\/?cat=29"},"img":{"alt_text":"","src":"https:\/\/i0.wp.com\/soy.usac.edu.gt\/wp-content\/uploads\/2019\/05\/DSC_0006-1.jpg?resize=350%2C200&ssl=1","width":350,"height":200,"srcset":"https:\/\/i0.wp.com\/soy.usac.edu.gt\/wp-content\/uploads\/2019\/05\/DSC_0006-1.jpg?resize=350%2C200&ssl=1 1x, https:\/\/i0.wp.com\/soy.usac.edu.gt\/wp-content\/uploads\/2019\/05\/DSC_0006-1.jpg?resize=525%2C300&ssl=1 1.5x, https:\/\/i0.wp.com\/soy.usac.edu.gt\/wp-content\/uploads\/2019\/05\/DSC_0006-1.jpg?resize=700%2C400&ssl=1 2x, https:\/\/i0.wp.com\/soy.usac.edu.gt\/wp-content\/uploads\/2019\/05\/DSC_0006-1.jpg?resize=1050%2C600&ssl=1 3x, https:\/\/i0.wp.com\/soy.usac.edu.gt\/wp-content\/uploads\/2019\/05\/DSC_0006-1.jpg?resize=1400%2C800&ssl=1 4x"},"classes":[]},{"id":6217,"url":"https:\/\/soy.usac.edu.gt\/?p=6217","url_meta":{"origin":23111,"position":5},"title":"Universitarios galardonados por su excelencia y liderazgo","author":"Divisi\u00f3n de Publicidad","date":"22 mayo, 2019","format":false,"excerpt":"En el marco de la conmemoraci\u00f3n del D\u00eda Internacional del Estudiante Universitario, la USAC premi\u00f3 la disciplina, entrega, dedicaci\u00f3n y esfuerzo de los alumnos que han obtenido los mejores promedios, de todas las unidades acad\u00e9micas.","rel":"","context":"En \u00abNoticias\u00bb","block_context":{"text":"Noticias","link":"https:\/\/soy.usac.edu.gt\/?cat=29"},"img":{"alt_text":"","src":"https:\/\/i0.wp.com\/soy.usac.edu.gt\/wp-content\/uploads\/2019\/05\/EXCELENCIA-ACAD%C3%89MICA-3.jpg?resize=350%2C200&ssl=1","width":350,"height":200,"srcset":"https:\/\/i0.wp.com\/soy.usac.edu.gt\/wp-content\/uploads\/2019\/05\/EXCELENCIA-ACAD%C3%89MICA-3.jpg?resize=350%2C200&ssl=1 1x, https:\/\/i0.wp.com\/soy.usac.edu.gt\/wp-content\/uploads\/2019\/05\/EXCELENCIA-ACAD%C3%89MICA-3.jpg?resize=525%2C300&ssl=1 1.5x, https:\/\/i0.wp.com\/soy.usac.edu.gt\/wp-content\/uploads\/2019\/05\/EXCELENCIA-ACAD%C3%89MICA-3.jpg?resize=700%2C400&ssl=1 2x, https:\/\/i0.wp.com\/soy.usac.edu.gt\/wp-content\/uploads\/2019\/05\/EXCELENCIA-ACAD%C3%89MICA-3.jpg?resize=1050%2C600&ssl=1 3x, https:\/\/i0.wp.com\/soy.usac.edu.gt\/wp-content\/uploads\/2019\/05\/EXCELENCIA-ACAD%C3%89MICA-3.jpg?resize=1400%2C800&ssl=1 4x"},"classes":[]}],"jetpack_sharing_enabled":true,"_links":{"self":[{"href":"https:\/\/soy.usac.edu.gt\/index.php?rest_route=\/wp\/v2\/posts\/23111","targetHints":{"allow":["GET"]}}],"collection":[{"href":"https:\/\/soy.usac.edu.gt\/index.php?rest_route=\/wp\/v2\/posts"}],"about":[{"href":"https:\/\/soy.usac.edu.gt\/index.php?rest_route=\/wp\/v2\/types\/post"}],"author":[{"embeddable":true,"href":"https:\/\/soy.usac.edu.gt\/index.php?rest_route=\/wp\/v2\/users\/20"}],"replies":[{"embeddable":true,"href":"https:\/\/soy.usac.edu.gt\/index.php?rest_route=%2Fwp%2Fv2%2Fcomments&post=23111"}],"version-history":[{"count":2,"href":"https:\/\/soy.usac.edu.gt\/index.php?rest_route=\/wp\/v2\/posts\/23111\/revisions"}],"predecessor-version":[{"id":23114,"href":"https:\/\/soy.usac.edu.gt\/index.php?rest_route=\/wp\/v2\/posts\/23111\/revisions\/23114"}],"wp:featuredmedia":[{"embeddable":true,"href":"https:\/\/soy.usac.edu.gt\/index.php?rest_route=\/wp\/v2\/media\/23116"}],"wp:attachment":[{"href":"https:\/\/soy.usac.edu.gt\/index.php?rest_route=%2Fwp%2Fv2%2Fmedia&parent=23111"}],"wp:term":[{"taxonomy":"category","embeddable":true,"href":"https:\/\/soy.usac.edu.gt\/index.php?rest_route=%2Fwp%2Fv2%2Fcategories&post=23111"},{"taxonomy":"post_tag","embeddable":true,"href":"https:\/\/soy.usac.edu.gt\/index.php?rest_route=%2Fwp%2Fv2%2Ftags&post=23111"}],"curies":[{"name":"wp","href":"https:\/\/api.w.org\/{rel}","templated":true}]}}