{"id":2616,"date":"2018-10-24T18:16:18","date_gmt":"2018-10-25T00:16:18","guid":{"rendered":"http:\/\/c2.usac.edu.gt\/periodico_propuesta\/?p=2616"},"modified":"2018-10-30T16:52:23","modified_gmt":"2018-10-30T22:52:23","slug":"bienvenidos-al-segundo-semestre-2018","status":"publish","type":"post","link":"https:\/\/soy.usac.edu.gt\/?p=2616","title":{"rendered":"Bienvenidos al segundo semestre 2018"},"content":{"rendered":"","protected":false},"excerpt":{"rendered":"","protected":false},"author":14,"featured_media":2620,"comment_status":"closed","ping_status":"open","sticky":false,"template":"","format":"video","meta":{"_exactmetrics_skip_tracking":false,"_exactmetrics_sitenote_active":false,"_exactmetrics_sitenote_note":"","_exactmetrics_sitenote_category":0,"_jetpack_memberships_contains_paid_content":false,"footnotes":""},"categories":[31],"tags":[130],"class_list":["post-2616","post","type-post","status-publish","format-video","has-post-thumbnail","hentry","category-videos","tag-estudiantes","post_format-post-format-video"],"aioseo_notices":[],"jetpack_featured_media_url":"https:\/\/soy.usac.edu.gt\/wp-content\/uploads\/2018\/10\/maxresdefault-9.jpg","views":"","jetpack-related-posts":[{"id":3421,"url":"https:\/\/soy.usac.edu.gt\/?p=3421","url_meta":{"origin":2616,"position":0},"title":"Bienvenidos sancarlistas al primer semestre del 2019","author":"Edwin Medina","date":"11 enero, 2019","format":"video","excerpt":"","rel":"","context":"En \u00abNoticias\u00bb","block_context":{"text":"Noticias","link":"https:\/\/soy.usac.edu.gt\/?cat=29"},"img":{"alt_text":"","src":"https:\/\/i0.wp.com\/soy.usac.edu.gt\/wp-content\/uploads\/2019\/01\/hqdefault.jpg?resize=350%2C200&ssl=1","width":350,"height":200},"classes":[]},{"id":7302,"url":"https:\/\/soy.usac.edu.gt\/?p=7302","url_meta":{"origin":2616,"position":1},"title":"Ya puedes inscribirte al segundo semestre 2019","author":"Divisi\u00f3n de Publicidad","date":"5 julio, 2019","format":false,"excerpt":"En julio no te quedes sin estudiar, la USAC habilit\u00f3 un portal web para que puedas inscribirte en l\u00ednea las 24 horas","rel":"","context":"En \u00abM\u00e1s Noticias\u00bb","block_context":{"text":"M\u00e1s Noticias","link":"https:\/\/soy.usac.edu.gt\/?cat=96"},"img":{"alt_text":"","src":"https:\/\/i0.wp.com\/soy.usac.edu.gt\/wp-content\/uploads\/2019\/04\/IMG_5680.jpg?resize=350%2C200&ssl=1","width":350,"height":200,"srcset":"https:\/\/i0.wp.com\/soy.usac.edu.gt\/wp-content\/uploads\/2019\/04\/IMG_5680.jpg?resize=350%2C200&ssl=1 1x, https:\/\/i0.wp.com\/soy.usac.edu.gt\/wp-content\/uploads\/2019\/04\/IMG_5680.jpg?resize=525%2C300&ssl=1 1.5x, https:\/\/i0.wp.com\/soy.usac.edu.gt\/wp-content\/uploads\/2019\/04\/IMG_5680.jpg?resize=700%2C400&ssl=1 2x, https:\/\/i0.wp.com\/soy.usac.edu.gt\/wp-content\/uploads\/2019\/04\/IMG_5680.jpg?resize=1050%2C600&ssl=1 3x, https:\/\/i0.wp.com\/soy.usac.edu.gt\/wp-content\/uploads\/2019\/04\/IMG_5680.jpg?resize=1400%2C800&ssl=1 4x"},"classes":[]},{"id":21795,"url":"https:\/\/soy.usac.edu.gt\/?p=21795","url_meta":{"origin":2616,"position":2},"title":"DALE PLAY al Segundo Semestre 2025","author":"Divisi\u00f3n de Publicidad","date":"8 agosto, 2025","format":false,"excerpt":"La Universidad de San Carlos de Guatemala dio la bienvenida al segundo semestre 2025 con una jornada llena de energ\u00eda, m\u00fasica y actividades para toda la comunidad universitaria. El evento \u201cDALE PLAY al Segundo Semestre\u201d, realizado el jueves 7 de agosto en la Plaza de los M\u00e1rtires, reuni\u00f3 a estudiantes,\u2026","rel":"","context":"En \u00abActividades\u00bb","block_context":{"text":"Actividades","link":"https:\/\/soy.usac.edu.gt\/?cat=126"},"img":{"alt_text":"","src":"https:\/\/i0.wp.com\/soy.usac.edu.gt\/wp-content\/uploads\/2025\/08\/DPI01738-scaled.jpg?resize=350%2C200&ssl=1","width":350,"height":200,"srcset":"https:\/\/i0.wp.com\/soy.usac.edu.gt\/wp-content\/uploads\/2025\/08\/DPI01738-scaled.jpg?resize=350%2C200&ssl=1 1x, https:\/\/i0.wp.com\/soy.usac.edu.gt\/wp-content\/uploads\/2025\/08\/DPI01738-scaled.jpg?resize=525%2C300&ssl=1 1.5x, https:\/\/i0.wp.com\/soy.usac.edu.gt\/wp-content\/uploads\/2025\/08\/DPI01738-scaled.jpg?resize=700%2C400&ssl=1 2x, https:\/\/i0.wp.com\/soy.usac.edu.gt\/wp-content\/uploads\/2025\/08\/DPI01738-scaled.jpg?resize=1050%2C600&ssl=1 3x, https:\/\/i0.wp.com\/soy.usac.edu.gt\/wp-content\/uploads\/2025\/08\/DPI01738-scaled.jpg?resize=1400%2C800&ssl=1 4x"},"classes":[]},{"id":2963,"url":"https:\/\/soy.usac.edu.gt\/?p=2963","url_meta":{"origin":2616,"position":3},"title":"Oportunidad de beca completa para estudiar en Suecia","author":"Divisi\u00f3n de Publicidad","date":"4 noviembre, 2018","format":false,"excerpt":"\u00bfTienes ambici\u00f3n, experiencia de liderazgo y una s\u00f3lida formaci\u00f3n profesional? El Instituto Sueco de Becas de Estudios (SISS) esta brindando la oportunidad para que profesionales sancarlistas puedan\u00a0aplicar para obtener una maestr\u00eda en Suecia totalmente financiada. La informaci\u00f3n sobre la convocatoria estar\u00e1 disponible el 1 de diciembre de 2018 para los\u2026","rel":"","context":"En \u00abBecas y Convocatorias\u00bb","block_context":{"text":"Becas y Convocatorias","link":"https:\/\/soy.usac.edu.gt\/?cat=127"},"img":{"alt_text":"","src":"https:\/\/i0.wp.com\/soy.usac.edu.gt\/wp-content\/uploads\/2018\/11\/sweden.jpg?resize=350%2C200&ssl=1","width":350,"height":200,"srcset":"https:\/\/i0.wp.com\/soy.usac.edu.gt\/wp-content\/uploads\/2018\/11\/sweden.jpg?resize=350%2C200&ssl=1 1x, https:\/\/i0.wp.com\/soy.usac.edu.gt\/wp-content\/uploads\/2018\/11\/sweden.jpg?resize=525%2C300&ssl=1 1.5x, https:\/\/i0.wp.com\/soy.usac.edu.gt\/wp-content\/uploads\/2018\/11\/sweden.jpg?resize=700%2C400&ssl=1 2x"},"classes":[]},{"id":2766,"url":"https:\/\/soy.usac.edu.gt\/?p=2766","url_meta":{"origin":2616,"position":4},"title":"Mercaideando 2018","author":"Edwin Medina","date":"29 octubre, 2018","format":"video","excerpt":"MercaIdeando Emprendedores 2018.","rel":"","context":"En \u00abVideos\u00bb","block_context":{"text":"Videos","link":"https:\/\/soy.usac.edu.gt\/?cat=31"},"img":{"alt_text":"","src":"https:\/\/i0.wp.com\/soy.usac.edu.gt\/wp-content\/uploads\/2018\/10\/maxresdefault-15.jpg?resize=350%2C200&ssl=1","width":350,"height":200,"srcset":"https:\/\/i0.wp.com\/soy.usac.edu.gt\/wp-content\/uploads\/2018\/10\/maxresdefault-15.jpg?resize=350%2C200&ssl=1 1x, https:\/\/i0.wp.com\/soy.usac.edu.gt\/wp-content\/uploads\/2018\/10\/maxresdefault-15.jpg?resize=525%2C300&ssl=1 1.5x, https:\/\/i0.wp.com\/soy.usac.edu.gt\/wp-content\/uploads\/2018\/10\/maxresdefault-15.jpg?resize=700%2C400&ssl=1 2x, https:\/\/i0.wp.com\/soy.usac.edu.gt\/wp-content\/uploads\/2018\/10\/maxresdefault-15.jpg?resize=1050%2C600&ssl=1 3x"},"classes":[]},{"id":2763,"url":"https:\/\/soy.usac.edu.gt\/?p=2763","url_meta":{"origin":2616,"position":5},"title":"EMPRENDE 2018","author":"Edwin Medina","date":"29 octubre, 2018","format":"video","excerpt":"150 proyectos innovadores elaborados por estudiantes de la USAC.","rel":"","context":"En \u00abVideos\u00bb","block_context":{"text":"Videos","link":"https:\/\/soy.usac.edu.gt\/?cat=31"},"img":{"alt_text":"","src":"https:\/\/i0.wp.com\/soy.usac.edu.gt\/wp-content\/uploads\/2018\/10\/hqdefault-1.jpg?resize=350%2C200&ssl=1","width":350,"height":200},"classes":[]}],"jetpack_sharing_enabled":true,"_links":{"self":[{"href":"https:\/\/soy.usac.edu.gt\/index.php?rest_route=\/wp\/v2\/posts\/2616","targetHints":{"allow":["GET"]}}],"collection":[{"href":"https:\/\/soy.usac.edu.gt\/index.php?rest_route=\/wp\/v2\/posts"}],"about":[{"href":"https:\/\/soy.usac.edu.gt\/index.php?rest_route=\/wp\/v2\/types\/post"}],"author":[{"embeddable":true,"href":"https:\/\/soy.usac.edu.gt\/index.php?rest_route=\/wp\/v2\/users\/14"}],"replies":[{"embeddable":true,"href":"https:\/\/soy.usac.edu.gt\/index.php?rest_route=%2Fwp%2Fv2%2Fcomments&post=2616"}],"version-history":[{"count":0,"href":"https:\/\/soy.usac.edu.gt\/index.php?rest_route=\/wp\/v2\/posts\/2616\/revisions"}],"wp:featuredmedia":[{"embeddable":true,"href":"https:\/\/soy.usac.edu.gt\/index.php?rest_route=\/wp\/v2\/media\/2620"}],"wp:attachment":[{"href":"https:\/\/soy.usac.edu.gt\/index.php?rest_route=%2Fwp%2Fv2%2Fmedia&parent=2616"}],"wp:term":[{"taxonomy":"category","embeddable":true,"href":"https:\/\/soy.usac.edu.gt\/index.php?rest_route=%2Fwp%2Fv2%2Fcategories&post=2616"},{"taxonomy":"post_tag","embeddable":true,"href":"https:\/\/soy.usac.edu.gt\/index.php?rest_route=%2Fwp%2Fv2%2Ftags&post=2616"}],"curies":[{"name":"wp","href":"https:\/\/api.w.org\/{rel}","templated":true}]}}