{"id":2632,"date":"2018-10-24T18:37:12","date_gmt":"2018-10-25T00:37:12","guid":{"rendered":"http:\/\/c2.usac.edu.gt\/periodico_propuesta\/?p=2632"},"modified":"2018-10-30T16:52:03","modified_gmt":"2018-10-30T22:52:03","slug":"caminata-pacifica-universidad-de-san-carlos-de-guatemala","status":"publish","type":"post","link":"https:\/\/soy.usac.edu.gt\/?p=2632","title":{"rendered":"Caminata pacifica Universidad de San Carlos de Guatemala."},"content":{"rendered":"","protected":false},"excerpt":{"rendered":"","protected":false},"author":14,"featured_media":2822,"comment_status":"closed","ping_status":"open","sticky":false,"template":"","format":"video","meta":{"_exactmetrics_skip_tracking":false,"_exactmetrics_sitenote_active":false,"_exactmetrics_sitenote_note":"","_exactmetrics_sitenote_category":0,"_jetpack_memberships_contains_paid_content":false,"footnotes":""},"categories":[31],"tags":[210,213,130],"class_list":["post-2632","post","type-post","status-publish","format-video","has-post-thumbnail","hentry","category-videos","tag-catedraticos","tag-comunidad-universitaria","tag-estudiantes","post_format-post-format-video"],"aioseo_notices":[],"jetpack_featured_media_url":"https:\/\/soy.usac.edu.gt\/wp-content\/uploads\/2018\/10\/maxresdefault-22.jpg","views":"","jetpack-related-posts":[{"id":17248,"url":"https:\/\/soy.usac.edu.gt\/?p=17248","url_meta":{"origin":2632,"position":0},"title":"CSU dar\u00e1 seguimiento a las resoluciones de amparo interpuestas para  continuar la elecci\u00f3n de rector","author":"Divisi\u00f3n de Publicidad","date":"1 mayo, 2022","format":false,"excerpt":"CSU dar\u00e1 seguimiento al proceso de elecciones de rector, atendiendo a las diferentes resoluciones de las acciones constitucionales de amparo, as\u00ed como a la normativa universitaria respectiva.","rel":"","context":"En \u00abOpini\u00f3n\u00bb","block_context":{"text":"Opini\u00f3n","link":"https:\/\/soy.usac.edu.gt\/?cat=125"},"img":{"alt_text":"","src":"https:\/\/i0.wp.com\/soy.usac.edu.gt\/wp-content\/uploads\/2021\/02\/COMUNICADO-IMAGEN-WEB.jpeg?resize=350%2C200&ssl=1","width":350,"height":200,"srcset":"https:\/\/i0.wp.com\/soy.usac.edu.gt\/wp-content\/uploads\/2021\/02\/COMUNICADO-IMAGEN-WEB.jpeg?resize=350%2C200&ssl=1 1x, https:\/\/i0.wp.com\/soy.usac.edu.gt\/wp-content\/uploads\/2021\/02\/COMUNICADO-IMAGEN-WEB.jpeg?resize=525%2C300&ssl=1 1.5x, https:\/\/i0.wp.com\/soy.usac.edu.gt\/wp-content\/uploads\/2021\/02\/COMUNICADO-IMAGEN-WEB.jpeg?resize=700%2C400&ssl=1 2x"},"classes":[]},{"id":16361,"url":"https:\/\/soy.usac.edu.gt\/?p=16361","url_meta":{"origin":2632,"position":1},"title":"Reconocen a exmiembros del CSU","author":"Divisi\u00f3n de Publicidad","date":"3 febrero, 2022","format":false,"excerpt":"Los profesionales se distinguieron por su trabajo realizado en favor de la universidad.","rel":"","context":"En \u00abNoticias\u00bb","block_context":{"text":"Noticias","link":"https:\/\/soy.usac.edu.gt\/?cat=29"},"img":{"alt_text":"","src":"https:\/\/i0.wp.com\/soy.usac.edu.gt\/wp-content\/uploads\/2019\/10\/cropped-rector%C3%ADa-reforma.jpg?resize=350%2C200&ssl=1","width":350,"height":200,"srcset":"https:\/\/i0.wp.com\/soy.usac.edu.gt\/wp-content\/uploads\/2019\/10\/cropped-rector%C3%ADa-reforma.jpg?resize=350%2C200&ssl=1 1x, https:\/\/i0.wp.com\/soy.usac.edu.gt\/wp-content\/uploads\/2019\/10\/cropped-rector%C3%ADa-reforma.jpg?resize=525%2C300&ssl=1 1.5x, https:\/\/i0.wp.com\/soy.usac.edu.gt\/wp-content\/uploads\/2019\/10\/cropped-rector%C3%ADa-reforma.jpg?resize=700%2C400&ssl=1 2x, https:\/\/i0.wp.com\/soy.usac.edu.gt\/wp-content\/uploads\/2019\/10\/cropped-rector%C3%ADa-reforma.jpg?resize=1050%2C600&ssl=1 3x, https:\/\/i0.wp.com\/soy.usac.edu.gt\/wp-content\/uploads\/2019\/10\/cropped-rector%C3%ADa-reforma.jpg?resize=1400%2C800&ssl=1 4x"},"classes":[]},{"id":12852,"url":"https:\/\/soy.usac.edu.gt\/?p=12852","url_meta":{"origin":2632,"position":2},"title":"CSU solicita audiencia presidencial para abordar asignaci\u00f3n presupuestaria de la universidad","author":"Divisi\u00f3n de Publicidad","date":"7 noviembre, 2020","format":false,"excerpt":"La Universidad est\u00e1 en riesgo inminente de no lograr cumplir con sus compromisos ineludibles; limitando el desempe\u00f1o de las funciones.","rel":"","context":"En \u00abNoticias\u00bb","block_context":{"text":"Noticias","link":"https:\/\/soy.usac.edu.gt\/?cat=29"},"img":{"alt_text":"","src":"","width":0,"height":0},"classes":[]},{"id":12723,"url":"https:\/\/soy.usac.edu.gt\/?p=12723","url_meta":{"origin":2632,"position":3},"title":"USAC conmemora a las v\u00edctimas del Conflicto Armado Interno","author":"Divisi\u00f3n de Publicidad","date":"3 noviembre, 2020","format":false,"excerpt":"El 30 de octubre la USAC inaugur\u00f3 un monumento para dignificar a 736 estudiantes, catedr\u00e1ticos y trabajadores administrativos que fueron desaparecidos y asesinados durante el Conflicto Armado Interno.","rel":"","context":"En \u00abNoticias\u00bb","block_context":{"text":"Noticias","link":"https:\/\/soy.usac.edu.gt\/?cat=29"},"img":{"alt_text":"","src":"https:\/\/i0.wp.com\/soy.usac.edu.gt\/wp-content\/uploads\/2020\/11\/nota-ma%CC%81rtires.jpg?resize=350%2C200&ssl=1","width":350,"height":200,"srcset":"https:\/\/i0.wp.com\/soy.usac.edu.gt\/wp-content\/uploads\/2020\/11\/nota-ma%CC%81rtires.jpg?resize=350%2C200&ssl=1 1x, https:\/\/i0.wp.com\/soy.usac.edu.gt\/wp-content\/uploads\/2020\/11\/nota-ma%CC%81rtires.jpg?resize=525%2C300&ssl=1 1.5x, https:\/\/i0.wp.com\/soy.usac.edu.gt\/wp-content\/uploads\/2020\/11\/nota-ma%CC%81rtires.jpg?resize=700%2C400&ssl=1 2x"},"classes":[]},{"id":11716,"url":"https:\/\/soy.usac.edu.gt\/?p=11716","url_meta":{"origin":2632,"position":4},"title":"USAC ofrece instalaciones ante emergencia del Covid-19","author":"Divisi\u00f3n de Publicidad","date":"25 mayo, 2020","format":false,"excerpt":"USAC se compromete a ceder inicialmente durante la crisis las instalaciones de la Residencia Universitaria.","rel":"","context":"En \u00abNoticias\u00bb","block_context":{"text":"Noticias","link":"https:\/\/soy.usac.edu.gt\/?cat=29"},"img":{"alt_text":"","src":"https:\/\/i0.wp.com\/soy.usac.edu.gt\/wp-content\/uploads\/2020\/02\/IMG_1408.jpg?resize=350%2C200&ssl=1","width":350,"height":200,"srcset":"https:\/\/i0.wp.com\/soy.usac.edu.gt\/wp-content\/uploads\/2020\/02\/IMG_1408.jpg?resize=350%2C200&ssl=1 1x, https:\/\/i0.wp.com\/soy.usac.edu.gt\/wp-content\/uploads\/2020\/02\/IMG_1408.jpg?resize=525%2C300&ssl=1 1.5x, https:\/\/i0.wp.com\/soy.usac.edu.gt\/wp-content\/uploads\/2020\/02\/IMG_1408.jpg?resize=700%2C400&ssl=1 2x, https:\/\/i0.wp.com\/soy.usac.edu.gt\/wp-content\/uploads\/2020\/02\/IMG_1408.jpg?resize=1050%2C600&ssl=1 3x, https:\/\/i0.wp.com\/soy.usac.edu.gt\/wp-content\/uploads\/2020\/02\/IMG_1408.jpg?resize=1400%2C800&ssl=1 4x"},"classes":[]},{"id":10458,"url":"https:\/\/soy.usac.edu.gt\/?p=10458","url_meta":{"origin":2632,"position":5},"title":"CSU repudia\u00a0hechos que pusieron en riesgo la salud e integridad de estudiantes sancarlistas","author":"Divisi\u00f3n de Publicidad","date":"26 enero, 2020","format":false,"excerpt":"Llaman a la comunidad universitaria, a no prestarse ni participar en actividades violatorias de las normas disciplinarias y de convivencia universitaria.","rel":"","context":"En \u00abEstudiantes\u00bb","block_context":{"text":"Estudiantes","link":"https:\/\/soy.usac.edu.gt\/?cat=585"},"img":{"alt_text":"","src":"https:\/\/i0.wp.com\/soy.usac.edu.gt\/wp-content\/uploads\/2020\/01\/comunicado-csu-estudiantes-150x150.jpg?resize=350%2C200&ssl=1","width":350,"height":200,"srcset":"https:\/\/i0.wp.com\/soy.usac.edu.gt\/wp-content\/uploads\/2020\/01\/comunicado-csu-estudiantes-150x150.jpg?resize=350%2C200&ssl=1 1x, https:\/\/i0.wp.com\/soy.usac.edu.gt\/wp-content\/uploads\/2020\/01\/comunicado-csu-estudiantes-150x150.jpg?resize=525%2C300&ssl=1 1.5x, https:\/\/i0.wp.com\/soy.usac.edu.gt\/wp-content\/uploads\/2020\/01\/comunicado-csu-estudiantes-150x150.jpg?resize=700%2C400&ssl=1 2x"},"classes":[]}],"jetpack_sharing_enabled":true,"_links":{"self":[{"href":"https:\/\/soy.usac.edu.gt\/index.php?rest_route=\/wp\/v2\/posts\/2632","targetHints":{"allow":["GET"]}}],"collection":[{"href":"https:\/\/soy.usac.edu.gt\/index.php?rest_route=\/wp\/v2\/posts"}],"about":[{"href":"https:\/\/soy.usac.edu.gt\/index.php?rest_route=\/wp\/v2\/types\/post"}],"author":[{"embeddable":true,"href":"https:\/\/soy.usac.edu.gt\/index.php?rest_route=\/wp\/v2\/users\/14"}],"replies":[{"embeddable":true,"href":"https:\/\/soy.usac.edu.gt\/index.php?rest_route=%2Fwp%2Fv2%2Fcomments&post=2632"}],"version-history":[{"count":0,"href":"https:\/\/soy.usac.edu.gt\/index.php?rest_route=\/wp\/v2\/posts\/2632\/revisions"}],"wp:featuredmedia":[{"embeddable":true,"href":"https:\/\/soy.usac.edu.gt\/index.php?rest_route=\/wp\/v2\/media\/2822"}],"wp:attachment":[{"href":"https:\/\/soy.usac.edu.gt\/index.php?rest_route=%2Fwp%2Fv2%2Fmedia&parent=2632"}],"wp:term":[{"taxonomy":"category","embeddable":true,"href":"https:\/\/soy.usac.edu.gt\/index.php?rest_route=%2Fwp%2Fv2%2Fcategories&post=2632"},{"taxonomy":"post_tag","embeddable":true,"href":"https:\/\/soy.usac.edu.gt\/index.php?rest_route=%2Fwp%2Fv2%2Ftags&post=2632"}],"curies":[{"name":"wp","href":"https:\/\/api.w.org\/{rel}","templated":true}]}}