{"id":2642,"date":"2018-10-24T19:19:06","date_gmt":"2018-10-25T01:19:06","guid":{"rendered":"http:\/\/c2.usac.edu.gt\/periodico_propuesta\/?p=2642"},"modified":"2018-10-30T16:51:54","modified_gmt":"2018-10-30T22:51:54","slug":"homenaje-a-oliverio-castaneda-de-leon","status":"publish","type":"post","link":"https:\/\/soy.usac.edu.gt\/?p=2642","title":{"rendered":"Homenaje a Oliverio Casta\u00f1eda de Le\u00f3n"},"content":{"rendered":"<p>\u00a1Oliverio No est\u00e1 Aqu\u00ed!<br \/>\n\u00a1Oliverio donde esta!<br \/>\n\u00a1Oliverio Esta en las Calles Exigiendo Libertad!<\/p>\n<p>En la Plaza Oliverio Casta\u00f1eda de Le\u00f3n, del Campus Central de la Tricentenaria Universidad de San Carlos de Guatemala, (USAC), se realiz\u00f3 un homenaje a \u201cA 40 a\u00f1os del Asesinato de nuestro H\u00e9roe y M\u00e1rtir.<\/p>\n<p>Las autoridades presentes en el homenaje el Rector Ing. Murphy Paiz, el Arq. Carlos Valladares, Secretario General, y miembros del honorable Consejo Superior Universitario, (CSU).<\/p>\n<p>Datos<br \/>\n1920 estudiantes fueron desaparecidos, asesinados y torturados en la dictadura militar.<br \/>\nL\u00edder estudiantil, acad\u00e9mico de alto nivel, considerado un h\u00e9roe y m\u00e1rtir de Guatemala que lucho por la Justicia y Libertad del Pueblo. Oliverio Casta\u00f1eda de Le\u00f3n. Naci\u00f3 un 12 de octubre de 1955<\/p>\n","protected":false},"excerpt":{"rendered":"<p>\u00a1Oliverio No est\u00e1 Aqu\u00ed! \u00a1Oliverio donde esta! \u00a1Oliverio Esta en las Calles Exigiendo Libertad! En la Plaza Oliverio Casta\u00f1eda de Le\u00f3n, del Campus Central de la Tricentenaria Universidad de San Carlos de Guatemala, (USAC), se realiz\u00f3 un homenaje a \u201cA 40 a\u00f1os del Asesinato de nuestro H\u00e9roe y M\u00e1rtir. Las autoridades presentes en el homenaje [&hellip;]<\/p>\n","protected":false},"author":14,"featured_media":2821,"comment_status":"closed","ping_status":"open","sticky":false,"template":"","format":"video","meta":{"_exactmetrics_skip_tracking":false,"_exactmetrics_sitenote_active":false,"_exactmetrics_sitenote_note":"","_exactmetrics_sitenote_category":0,"_jetpack_memberships_contains_paid_content":false,"footnotes":""},"categories":[31],"tags":[212,130],"class_list":["post-2642","post","type-post","status-publish","format-video","has-post-thumbnail","hentry","category-videos","tag-aeu","tag-estudiantes","post_format-post-format-video"],"aioseo_notices":[],"jetpack_featured_media_url":"https:\/\/soy.usac.edu.gt\/wp-content\/uploads\/2018\/10\/maxresdefault-21.jpg","views":"","jetpack-related-posts":[{"id":12627,"url":"https:\/\/soy.usac.edu.gt\/?p=12627","url_meta":{"origin":2642,"position":0},"title":"Honran la memoria de Oliverio","author":"Divisi\u00f3n de Publicidad","date":"20 octubre, 2020","format":false,"excerpt":"A cuarenta y dos a\u00f1os de su vil asesinato por las fuerzas represivas del Estado de Guatemala, la universidad devel\u00f3 un busto para mantener viva la memoria del l\u00edder y m\u00e1rtir estudiantil.\u00a0","rel":"","context":"En \u00abEstudiantes\u00bb","block_context":{"text":"Estudiantes","link":"https:\/\/soy.usac.edu.gt\/?cat=585"},"img":{"alt_text":"","src":"https:\/\/i0.wp.com\/soy.usac.edu.gt\/wp-content\/uploads\/2020\/10\/WhatsApp-Image-2020-10-20-at-11.42.08-AM.jpeg?resize=350%2C200&ssl=1","width":350,"height":200,"srcset":"https:\/\/i0.wp.com\/soy.usac.edu.gt\/wp-content\/uploads\/2020\/10\/WhatsApp-Image-2020-10-20-at-11.42.08-AM.jpeg?resize=350%2C200&ssl=1 1x, https:\/\/i0.wp.com\/soy.usac.edu.gt\/wp-content\/uploads\/2020\/10\/WhatsApp-Image-2020-10-20-at-11.42.08-AM.jpeg?resize=525%2C300&ssl=1 1.5x, https:\/\/i0.wp.com\/soy.usac.edu.gt\/wp-content\/uploads\/2020\/10\/WhatsApp-Image-2020-10-20-at-11.42.08-AM.jpeg?resize=700%2C400&ssl=1 2x, https:\/\/i0.wp.com\/soy.usac.edu.gt\/wp-content\/uploads\/2020\/10\/WhatsApp-Image-2020-10-20-at-11.42.08-AM.jpeg?resize=1050%2C600&ssl=1 3x"},"classes":[]},{"id":11536,"url":"https:\/\/soy.usac.edu.gt\/?p=11536","url_meta":{"origin":2642,"position":1},"title":"Un homenaje a la AEU, en su centenario","author":"Divisi\u00f3n de Publicidad","date":"22 mayo, 2020","format":false,"excerpt":"AEU, Asosiaci\u00f3n de Estudiantes Universitarios. USAC","rel":"","context":"En \u00abNoticias\u00bb","block_context":{"text":"Noticias","link":"https:\/\/soy.usac.edu.gt\/?cat=29"},"img":{"alt_text":"","src":"","width":0,"height":0},"classes":[]},{"id":3123,"url":"https:\/\/soy.usac.edu.gt\/?p=3123","url_meta":{"origin":2642,"position":2},"title":"AEU acciona contra el Legislativo","author":"Erick Iv\u00e1n de Le\u00f3n","date":"14 noviembre, 2018","format":false,"excerpt":"La Asociaci\u00f3n de Estudiantes Universitarios \u201cOliverio Casta\u00f1eda De Le\u00f3n\u201d (AEU) present\u00f3 la tarde del martes 13 de noviembre una acci\u00f3n constitucional de amparo contra el Congreso de la Rep\u00fablica ante la Corte de Constitucionalidad, \u201cpor atentar en contra del derecho a la educaci\u00f3n y el desarrollo de la poblaci\u00f3n\u201d, seg\u00fan\u2026","rel":"","context":"En \u00abNoticias\u00bb","block_context":{"text":"Noticias","link":"https:\/\/soy.usac.edu.gt\/?cat=29"},"img":{"alt_text":"","src":"https:\/\/i0.wp.com\/soy.usac.edu.gt\/wp-content\/uploads\/2018\/11\/lenina-garcia.jpg?resize=350%2C200&ssl=1","width":350,"height":200,"srcset":"https:\/\/i0.wp.com\/soy.usac.edu.gt\/wp-content\/uploads\/2018\/11\/lenina-garcia.jpg?resize=350%2C200&ssl=1 1x, https:\/\/i0.wp.com\/soy.usac.edu.gt\/wp-content\/uploads\/2018\/11\/lenina-garcia.jpg?resize=525%2C300&ssl=1 1.5x, https:\/\/i0.wp.com\/soy.usac.edu.gt\/wp-content\/uploads\/2018\/11\/lenina-garcia.jpg?resize=700%2C400&ssl=1 2x, https:\/\/i0.wp.com\/soy.usac.edu.gt\/wp-content\/uploads\/2018\/11\/lenina-garcia.jpg?resize=1050%2C600&ssl=1 3x"},"classes":[]},{"id":11539,"url":"https:\/\/soy.usac.edu.gt\/?p=11539","url_meta":{"origin":2642,"position":3},"title":"USAC reconoce el rendimiento y liderazgo de sus estudiantes destacados","author":"Divisi\u00f3n de Publicidad","date":"24 mayo, 2020","format":false,"excerpt":"El 22 de mayo se celebra en Guatemala el D\u00eda del Estudiante Universitario, fecha que\u00a0\u00a0 conmemora la fundaci\u00f3n de la Asociaci\u00f3n de Estudiantes Universitarios \u201cOliverio Casta\u00f1eda de Le\u00f3n\u201d (AEU).","rel":"","context":"En \u00abEstudiantes\u00bb","block_context":{"text":"Estudiantes","link":"https:\/\/soy.usac.edu.gt\/?cat=585"},"img":{"alt_text":"","src":"https:\/\/i0.wp.com\/soy.usac.edu.gt\/wp-content\/uploads\/2020\/05\/15-scaled.jpg?resize=350%2C200&ssl=1","width":350,"height":200,"srcset":"https:\/\/i0.wp.com\/soy.usac.edu.gt\/wp-content\/uploads\/2020\/05\/15-scaled.jpg?resize=350%2C200&ssl=1 1x, https:\/\/i0.wp.com\/soy.usac.edu.gt\/wp-content\/uploads\/2020\/05\/15-scaled.jpg?resize=525%2C300&ssl=1 1.5x, https:\/\/i0.wp.com\/soy.usac.edu.gt\/wp-content\/uploads\/2020\/05\/15-scaled.jpg?resize=700%2C400&ssl=1 2x, https:\/\/i0.wp.com\/soy.usac.edu.gt\/wp-content\/uploads\/2020\/05\/15-scaled.jpg?resize=1050%2C600&ssl=1 3x, https:\/\/i0.wp.com\/soy.usac.edu.gt\/wp-content\/uploads\/2020\/05\/15-scaled.jpg?resize=1400%2C800&ssl=1 4x"},"classes":[]},{"id":12712,"url":"https:\/\/soy.usac.edu.gt\/?p=12712","url_meta":{"origin":2642,"position":4},"title":"Edici\u00f3n N. 297 del peri\u00f3dico de la USAC","author":"Divisi\u00f3n de Publicidad","date":"3 noviembre, 2020","format":false,"excerpt":"En est\u00e1 edici\u00f3n podr\u00e1s leer lo m\u00e1s importante del acontecer universitario","rel":"","context":"En \u00abNoticias\u00bb","block_context":{"text":"Noticias","link":"https:\/\/soy.usac.edu.gt\/?cat=29"},"img":{"alt_text":"","src":"https:\/\/i0.wp.com\/soy.usac.edu.gt\/wp-content\/uploads\/2020\/11\/portada-perio%CC%81dico.jpg?resize=350%2C200&ssl=1","width":350,"height":200,"srcset":"https:\/\/i0.wp.com\/soy.usac.edu.gt\/wp-content\/uploads\/2020\/11\/portada-perio%CC%81dico.jpg?resize=350%2C200&ssl=1 1x, https:\/\/i0.wp.com\/soy.usac.edu.gt\/wp-content\/uploads\/2020\/11\/portada-perio%CC%81dico.jpg?resize=525%2C300&ssl=1 1.5x, https:\/\/i0.wp.com\/soy.usac.edu.gt\/wp-content\/uploads\/2020\/11\/portada-perio%CC%81dico.jpg?resize=700%2C400&ssl=1 2x, https:\/\/i0.wp.com\/soy.usac.edu.gt\/wp-content\/uploads\/2020\/11\/portada-perio%CC%81dico.jpg?resize=1050%2C600&ssl=1 3x"},"classes":[]},{"id":10768,"url":"https:\/\/soy.usac.edu.gt\/?p=10768","url_meta":{"origin":2642,"position":5},"title":"AEU solicita resolver recurso para ejecutar sentencia del 5 %","author":"Divisi\u00f3n de Publicidad","date":"18 febrero, 2020","format":false,"excerpt":"La Asociaci\u00f3n de Estudiantes Universitarios (AEU) entreg\u00f3 en la Corte de Constitucionalidad un memorial donde solicita que se ejecute la sentencia en favor del 5 % para que la USAC reciba el presupuesto adecuado este a\u00f1o.","rel":"","context":"En \u00abNoticias\u00bb","block_context":{"text":"Noticias","link":"https:\/\/soy.usac.edu.gt\/?cat=29"},"img":{"alt_text":"","src":"https:\/\/i0.wp.com\/soy.usac.edu.gt\/wp-content\/uploads\/2020\/02\/Captura-de-Pantalla-2020-02-18-a-las-09.14.54.png?resize=350%2C200&ssl=1","width":350,"height":200,"srcset":"https:\/\/i0.wp.com\/soy.usac.edu.gt\/wp-content\/uploads\/2020\/02\/Captura-de-Pantalla-2020-02-18-a-las-09.14.54.png?resize=350%2C200&ssl=1 1x, https:\/\/i0.wp.com\/soy.usac.edu.gt\/wp-content\/uploads\/2020\/02\/Captura-de-Pantalla-2020-02-18-a-las-09.14.54.png?resize=525%2C300&ssl=1 1.5x, https:\/\/i0.wp.com\/soy.usac.edu.gt\/wp-content\/uploads\/2020\/02\/Captura-de-Pantalla-2020-02-18-a-las-09.14.54.png?resize=700%2C400&ssl=1 2x, https:\/\/i0.wp.com\/soy.usac.edu.gt\/wp-content\/uploads\/2020\/02\/Captura-de-Pantalla-2020-02-18-a-las-09.14.54.png?resize=1050%2C600&ssl=1 3x, https:\/\/i0.wp.com\/soy.usac.edu.gt\/wp-content\/uploads\/2020\/02\/Captura-de-Pantalla-2020-02-18-a-las-09.14.54.png?resize=1400%2C800&ssl=1 4x"},"classes":[]}],"jetpack_sharing_enabled":true,"_links":{"self":[{"href":"https:\/\/soy.usac.edu.gt\/index.php?rest_route=\/wp\/v2\/posts\/2642","targetHints":{"allow":["GET"]}}],"collection":[{"href":"https:\/\/soy.usac.edu.gt\/index.php?rest_route=\/wp\/v2\/posts"}],"about":[{"href":"https:\/\/soy.usac.edu.gt\/index.php?rest_route=\/wp\/v2\/types\/post"}],"author":[{"embeddable":true,"href":"https:\/\/soy.usac.edu.gt\/index.php?rest_route=\/wp\/v2\/users\/14"}],"replies":[{"embeddable":true,"href":"https:\/\/soy.usac.edu.gt\/index.php?rest_route=%2Fwp%2Fv2%2Fcomments&post=2642"}],"version-history":[{"count":0,"href":"https:\/\/soy.usac.edu.gt\/index.php?rest_route=\/wp\/v2\/posts\/2642\/revisions"}],"wp:featuredmedia":[{"embeddable":true,"href":"https:\/\/soy.usac.edu.gt\/index.php?rest_route=\/wp\/v2\/media\/2821"}],"wp:attachment":[{"href":"https:\/\/soy.usac.edu.gt\/index.php?rest_route=%2Fwp%2Fv2%2Fmedia&parent=2642"}],"wp:term":[{"taxonomy":"category","embeddable":true,"href":"https:\/\/soy.usac.edu.gt\/index.php?rest_route=%2Fwp%2Fv2%2Fcategories&post=2642"},{"taxonomy":"post_tag","embeddable":true,"href":"https:\/\/soy.usac.edu.gt\/index.php?rest_route=%2Fwp%2Fv2%2Ftags&post=2642"}],"curies":[{"name":"wp","href":"https:\/\/api.w.org\/{rel}","templated":true}]}}