{"id":2670,"date":"2018-10-29T08:50:57","date_gmt":"2018-10-29T14:50:57","guid":{"rendered":"http:\/\/c2.usac.edu.gt\/periodico_propuesta\/?p=2670"},"modified":"2018-10-30T16:54:52","modified_gmt":"2018-10-30T22:54:52","slug":"en-el-corazon-de-la-extension-universitaria","status":"publish","type":"post","link":"https:\/\/soy.usac.edu.gt\/?p=2670","title":{"rendered":"En el coraz\u00f3n de la extensi\u00f3n universitaria"},"content":{"rendered":"<h2 style=\"font-weight: 400;\"><strong><em>El peri\u00f3dico de la Universidad realiz\u00f3 una visita de campo al municipio de Chisec para documentar la labor que realizan en el interior del pa\u00eds los estudiantes que integran el EPSUM.<\/em><\/strong><\/h2>\n<p style=\"font-weight: 400; text-align: justify;\">Estudiantes de la Universidad de San Carlos realizan proyectos de desarrollo comunitario en todo el pa\u00eds a trav\u00e9s del programa Ejercicio Profesional Supervisado Multiprofesional EPSUM, actualmente 350 epesistas de la USAC est\u00e1n en el interior desarrollando trabajo comunitario enfocado en educaci\u00f3n, econom\u00eda, salud y medio ambiente en 53 municipios con extrema pobreza.<\/p>\n<p style=\"font-weight: 400; text-align: justify;\">Visitamos uno de los municipios priorizados para ver de cerca el trabajo de los sancarlistas en favor de la poblaci\u00f3n m\u00e1s vulnerable del pa\u00eds; Chisec es una calurosa zona del noroccidente del pa\u00eds, ubicada a 286 km de la ciudad capital, espec\u00edficamente en el departamento de Alta Verapaz.<\/p>\n<p style=\"font-weight: 400; text-align: justify;\">El municipio cuenta con varios sitios tur\u00edsticos importantes como Las Lagunas Sepalau, Las Cuevas Bombil Pek y Jul Ik y El Balneario Maxim\u00f3n que lo hace un punto ecotur\u00edstico importante. Adem\u00e1s el monocultivo de la palma africana se ha expandido a gran escala y existen pozos petroleros de la empresa francesa PERENCO, sin embargo seg\u00fan un estudio del Banco Mundial publicado en el a\u00f1o 2013 La poblaci\u00f3n rural que vive en Alta Verapaz es la que se encuentra en las peores condiciones de pobreza, el 89.6 por ciento de la poblaci\u00f3n rural vive en condiciones de pobreza en la zona.<\/p>\n<p style=\"font-weight: 400; text-align: justify;\">Ah\u00ed en las comunidades del municipio trabaja un grupo de estudiantes sancarlistas en diversos proyectos\u00a0 de desarrollo comunitario. Este proyecto es posible al Convenio Interinstitucional entre la Usac y el Gobierno para la atenci\u00f3n de poblaci\u00f3n vulnerable que permite que estos estudiantes tengan un estipendio para la realizaci\u00f3n de su EPS. Ingrid Polanco Monz\u00f3n supervisora del equipo multidisciplinario de la regi\u00f3n de Las Verapaces comenta que la din\u00e1mica de trabajo del \u00e1rea se enfoca en saneamiento ambiental, fortalecimiento a la seguridad alimentaria y salud preventiva.<\/p>\n<p style=\"font-weight: 400; text-align: justify;\">La regi\u00f3n urbana de Chisec es muy peque\u00f1a, las zonas en donde viven sus habitantes son de monta\u00f1as boscosas y caminos de terracer\u00eda, cuando llueve se forma un lodo chicloso en los senderos que dificulta la movilizaci\u00f3n, las casas en su mayor\u00eda son de madera, l\u00e1minas y bajareque, no tienen agua potable, ni drenajes. Un grupo de estudiantes nos llev\u00f3 a una de las comunidades en d\u00f3nde realizan su EPS.<\/p>\n<p style=\"font-weight: 400; text-align: justify;\">El grupo de epesistas comenta que en las comunidades se ha priorizado el trabajo en base a las necesidades de la regi\u00f3n, me dicen que a trav\u00e9s de diferentes actividades ellos est\u00e1n tratando de dar soluci\u00f3n a los problemas locales.\u00a0 Jos\u00e9 Carlos Sierra Riveiro de 22 a\u00f1os estudiante de la Carrera de Ingenier\u00eda en Gesti\u00f3n Ambiental me cuenta un poco sobre los diversos proyectos que han llevado a cabo, uno de ellos es la elaboraci\u00f3n de eco barreras realizadas con material reciclado, estas sirven para retener la basura que la gente deposita en los r\u00edos. Hay que recordar que la limpieza de los r\u00edos es importante para ellos por ser zona ecotur\u00edstica y porque las comunidades no cuenta con agua potable por lo que dependen de los r\u00edos para abastecerse.<\/p>\n<p style=\"font-weight: 400; text-align: justify;\">A parte de la limpieza de los r\u00edos a trav\u00e9s de las Eco Bardas, los epesistas apoyan a la comunidad con elaboraci\u00f3n de abonos org\u00e1nicos, implementaci\u00f3n de huertos familiares, reforestaci\u00f3n, asesor\u00eda jur\u00eddica, asistencia m\u00e9dica y charlas informativas sobre manejo de desechos s\u00f3lidos, buenas pr\u00e1cticas de higiene, salud, ecolog\u00eda, y sexualidad en escuelas, institutos, y la comunidad en general.<\/p>\n<p style=\"font-weight: 400; text-align: justify;\">Uno de los proyectos m\u00e1s relevantes es la elaboraci\u00f3n de harina de yuca, a trav\u00e9s de esto se combate la desnutrici\u00f3n y se generan fuentes de ingreso, adem\u00e1s de aprovechar al m\u00e1ximo los recursos. \u201cNosotros sembramos mucha yuca y antes no se lograba consumir o vender y se perd\u00eda, pero ahora ellos nos ense\u00f1aron a convertirla en harina, \u00a0ahora nos sirve para hacer atol, tortillas y otras cosas, incluso queremos sembrar m\u00e1s\u201d. Comenta Ruben Caal l\u00edder comunitario.<\/p>\n<p style=\"font-weight: 400; text-align: justify;\">Otro proyecto de impacto es la creaci\u00f3n de parte de los epesistas de un vivero municipal de una hect\u00e1rea en donde se siembran \u00e1rboles frutales y de maderas preciosas, \u00a0un proyecto que es implementado con el apoyo de la municipalidad.<\/p>\n<p style=\"font-weight: 400; text-align: justify;\">Selvin Otoniel Reyes Rivera Alcalde de Chisec comenta que el trabajo coordinado con el programa EPSUM y la municipalidad ha sido favorable, explica que ellos no cuentan con los recursos suficientes para contratar a personal t\u00e9cnico, dice que la intenci\u00f3n del vivero es reforestar, recuperar las zonas verdes y tener un proyecto productivo a gran escala. Actualmente el vivero tiene m\u00e1s de 60 mil plantas de cacao, 30 mil de pimienta, 30 mil de hule, 30 mil de achiote que deben ser trasplantadas.<\/p>\n<p style=\"font-weight: 400; text-align: justify;\">\u201cEl conocimiento t\u00e9cnico que ellos traen ha sido fundamental para la realizaci\u00f3n de un estudio del suelo, el desarrollo de la organizaci\u00f3n comunitaria, el ordenamiento territorial, la atenci\u00f3n primaria en salud, el saneamiento ambiental, cosas que la municipalidad sola no hubiera podido hacer\u201d Asegura el alcalde.<\/p>\n<p style=\"font-weight: 400; text-align: justify;\">Son bastantes y diversas las actividades que este grupo de siete sancarlistas realizan en Chisec, con la atenci\u00f3n en salud por ejemplo el epesista Juan Luis Men\u00e9ndez de 26 a\u00f1os, estudiante de medicina ha logrado atender casos m\u00e9dicos a pesar de la barrera ling\u00fc\u00edstica en una comunidad donde no hay doctores, adem\u00e1s de educar a la poblaci\u00f3n en la prevenci\u00f3n de enfermedades, la epesista Silvia Monz\u00f3n Lam de la Escuela de Arte realiza un manual de manejo de desechos s\u00f3lidos ilustrado con acuarelas utilizando de modelos a comunitarios que fotograf\u00edo para concientizar a Chisec sobre el manejo de la basura, mientras que la epesista de Derecho Magdalena Castro ayuda en la oficina de la mujer a la resoluci\u00f3n de conflictos generados por violencia intrafamiliar y falta de paternidad responsable. Este trabajo es una luz de esperanza para las comunidades priorizadas, y esta es solo una peque\u00f1a muestra de todo el valioso trabajo de extensi\u00f3n universitaria que el programa EPSUM realiza en todo el pa\u00eds.<\/p>\n","protected":false},"excerpt":{"rendered":"<p>El peri\u00f3dico de la Universidad realiz\u00f3 una visita de campo al municipio de Chisec para documentar la labor que realizan en el interior del pa\u00eds los estudiantes que integran el EPSUM. Estudiantes de la Universidad de San Carlos realizan proyectos de desarrollo comunitario en todo el pa\u00eds a trav\u00e9s del programa Ejercicio Profesional Supervisado Multiprofesional [&hellip;]<\/p>\n","protected":false},"author":1,"featured_media":2707,"comment_status":"closed","ping_status":"open","sticky":false,"template":"","format":"standard","meta":{"_exactmetrics_skip_tracking":false,"_exactmetrics_sitenote_active":false,"_exactmetrics_sitenote_note":"","_exactmetrics_sitenote_category":0,"_jetpack_memberships_contains_paid_content":false,"footnotes":""},"categories":[150],"tags":[133],"class_list":["post-2670","post","type-post","status-publish","format-standard","has-post-thumbnail","hentry","category-reportajes","tag-reportajes"],"aioseo_notices":[],"jetpack_featured_media_url":"https:\/\/soy.usac.edu.gt\/wp-content\/uploads\/2018\/10\/header-epsum.jpg","views":"","jetpack-related-posts":[{"id":15310,"url":"https:\/\/soy.usac.edu.gt\/?p=15310","url_meta":{"origin":2670,"position":0},"title":"Aportes de EPSUM al sector salud","author":"Divisi\u00f3n de Publicidad","date":"4 octubre, 2021","format":false,"excerpt":"El Ejercicio Profesional Supervisado Multidisciplinario (EPSUM) de la USAC ha contribuido a fortalecer entidades estatales y diversos servicios que se brindan a la poblaci\u00f3n con la incorporaci\u00f3n de estudiantes de Ciencias M\u00e9dicas, Enfermer\u00eda, Ciencias Psicol\u00f3gicas, Nutrici\u00f3n, Trabajo Social, Qu\u00edmica Biol\u00f3gica y Biolog\u00eda.","rel":"","context":"En \u00abNoticias\u00bb","block_context":{"text":"Noticias","link":"https:\/\/soy.usac.edu.gt\/?cat=29"},"img":{"alt_text":"","src":"https:\/\/i0.wp.com\/soy.usac.edu.gt\/wp-content\/uploads\/2021\/10\/epsum-otra.jpg?resize=350%2C200&ssl=1","width":350,"height":200,"srcset":"https:\/\/i0.wp.com\/soy.usac.edu.gt\/wp-content\/uploads\/2021\/10\/epsum-otra.jpg?resize=350%2C200&ssl=1 1x, https:\/\/i0.wp.com\/soy.usac.edu.gt\/wp-content\/uploads\/2021\/10\/epsum-otra.jpg?resize=525%2C300&ssl=1 1.5x, https:\/\/i0.wp.com\/soy.usac.edu.gt\/wp-content\/uploads\/2021\/10\/epsum-otra.jpg?resize=700%2C400&ssl=1 2x, https:\/\/i0.wp.com\/soy.usac.edu.gt\/wp-content\/uploads\/2021\/10\/epsum-otra.jpg?resize=1050%2C600&ssl=1 3x"},"classes":[]},{"id":9199,"url":"https:\/\/soy.usac.edu.gt\/?p=9199","url_meta":{"origin":2670,"position":1},"title":"EPSUM\u00a0\u00a0recibe premio internacional","author":"Divisi\u00f3n de Publicidad","date":"24 octubre, 2019","format":false,"excerpt":"Vivimos el lema \u201cId y ense\u00f1ad a todos\u201d","rel":"","context":"En \u00abNoticias\u00bb","block_context":{"text":"Noticias","link":"https:\/\/soy.usac.edu.gt\/?cat=29"},"img":{"alt_text":"","src":"https:\/\/i0.wp.com\/soy.usac.edu.gt\/wp-content\/uploads\/2019\/10\/destacada-premio.png?resize=350%2C200&ssl=1","width":350,"height":200,"srcset":"https:\/\/i0.wp.com\/soy.usac.edu.gt\/wp-content\/uploads\/2019\/10\/destacada-premio.png?resize=350%2C200&ssl=1 1x, https:\/\/i0.wp.com\/soy.usac.edu.gt\/wp-content\/uploads\/2019\/10\/destacada-premio.png?resize=525%2C300&ssl=1 1.5x, https:\/\/i0.wp.com\/soy.usac.edu.gt\/wp-content\/uploads\/2019\/10\/destacada-premio.png?resize=700%2C400&ssl=1 2x, https:\/\/i0.wp.com\/soy.usac.edu.gt\/wp-content\/uploads\/2019\/10\/destacada-premio.png?resize=1050%2C600&ssl=1 3x"},"classes":[]},{"id":19324,"url":"https:\/\/soy.usac.edu.gt\/?p=19324","url_meta":{"origin":2670,"position":2},"title":"EPSUM recibe donaci\u00f3n","author":"Divisi\u00f3n de Publicidad","date":"29 mayo, 2023","format":false,"excerpt":"La organizaci\u00f3n Colgate, S. A. aport\u00f3 25,000 kits de cepillo y pasta dental para la implementaci\u00f3n de jornadas de educaci\u00f3n bucal, en las que participan estudiantes.","rel":"","context":"En \u00abSin categor\u00eda\u00bb","block_context":{"text":"Sin categor\u00eda","link":"https:\/\/soy.usac.edu.gt\/?cat=1"},"img":{"alt_text":"","src":"https:\/\/i0.wp.com\/soy.usac.edu.gt\/wp-content\/uploads\/2023\/05\/WhatsApp-Image-2023-05-26-at-09.05.30-1.jpeg?resize=350%2C200&ssl=1","width":350,"height":200,"srcset":"https:\/\/i0.wp.com\/soy.usac.edu.gt\/wp-content\/uploads\/2023\/05\/WhatsApp-Image-2023-05-26-at-09.05.30-1.jpeg?resize=350%2C200&ssl=1 1x, https:\/\/i0.wp.com\/soy.usac.edu.gt\/wp-content\/uploads\/2023\/05\/WhatsApp-Image-2023-05-26-at-09.05.30-1.jpeg?resize=525%2C300&ssl=1 1.5x, https:\/\/i0.wp.com\/soy.usac.edu.gt\/wp-content\/uploads\/2023\/05\/WhatsApp-Image-2023-05-26-at-09.05.30-1.jpeg?resize=700%2C400&ssl=1 2x"},"classes":[]},{"id":19099,"url":"https:\/\/soy.usac.edu.gt\/?p=19099","url_meta":{"origin":2670,"position":3},"title":"Un grupo de 312 sancarlistas desarrollar\u00e1 proyectos sociales en toda la Rep\u00fablica\u00a0","author":"Divisi\u00f3n de Publicidad","date":"9 febrero, 2023","format":false,"excerpt":"Hoy se llev\u00f3 a cabo la presentaci\u00f3n oficial de la primera cohorte del Ejercicio Profesional Supervisado (EPS) y Pr\u00e1ctica Profesional Supervisada (PPS) 2023 del Ejercicio Profesional Supervisado Multidisciplinario (EPSUM).\u00a0 EPSUM est\u00e1 integrado por equipos multidisciplinarios de estudiantes, a los que se les brinda una ayuda becaria para que lleven a\u2026","rel":"","context":"En \u00abSin categor\u00eda\u00bb","block_context":{"text":"Sin categor\u00eda","link":"https:\/\/soy.usac.edu.gt\/?cat=1"},"img":{"alt_text":"","src":"https:\/\/i0.wp.com\/soy.usac.edu.gt\/wp-content\/uploads\/2021\/10\/epsum-2.jpg?resize=350%2C200&ssl=1","width":350,"height":200,"srcset":"https:\/\/i0.wp.com\/soy.usac.edu.gt\/wp-content\/uploads\/2021\/10\/epsum-2.jpg?resize=350%2C200&ssl=1 1x, https:\/\/i0.wp.com\/soy.usac.edu.gt\/wp-content\/uploads\/2021\/10\/epsum-2.jpg?resize=525%2C300&ssl=1 1.5x, https:\/\/i0.wp.com\/soy.usac.edu.gt\/wp-content\/uploads\/2021\/10\/epsum-2.jpg?resize=700%2C400&ssl=1 2x, https:\/\/i0.wp.com\/soy.usac.edu.gt\/wp-content\/uploads\/2021\/10\/epsum-2.jpg?resize=1050%2C600&ssl=1 3x"},"classes":[]},{"id":19520,"url":"https:\/\/soy.usac.edu.gt\/?p=19520","url_meta":{"origin":2670,"position":4},"title":"Jornada m\u00e9dica organizada por EPSUM atiende a cientos de pobladores","author":"Divisi\u00f3n de Publicidad","date":"19 junio, 2023","format":false,"excerpt":"El 13 de junio se llev\u00f3 a cabo la 3.\u00aa Jornada M\u00e9dica Integral en el Centro de Recuperaci\u00f3n Nacional (CRN), San Andr\u00e9s Semetabaj, municipio de Solol\u00e1.","rel":"","context":"En \u00abNoticias\u00bb","block_context":{"text":"Noticias","link":"https:\/\/soy.usac.edu.gt\/?cat=29"},"img":{"alt_text":"","src":"https:\/\/i0.wp.com\/soy.usac.edu.gt\/wp-content\/uploads\/2023\/06\/WhatsApp-Image-2023-06-19-at-10.05.37-2.jpeg?resize=350%2C200&ssl=1","width":350,"height":200,"srcset":"https:\/\/i0.wp.com\/soy.usac.edu.gt\/wp-content\/uploads\/2023\/06\/WhatsApp-Image-2023-06-19-at-10.05.37-2.jpeg?resize=350%2C200&ssl=1 1x, https:\/\/i0.wp.com\/soy.usac.edu.gt\/wp-content\/uploads\/2023\/06\/WhatsApp-Image-2023-06-19-at-10.05.37-2.jpeg?resize=525%2C300&ssl=1 1.5x, https:\/\/i0.wp.com\/soy.usac.edu.gt\/wp-content\/uploads\/2023\/06\/WhatsApp-Image-2023-06-19-at-10.05.37-2.jpeg?resize=700%2C400&ssl=1 2x, https:\/\/i0.wp.com\/soy.usac.edu.gt\/wp-content\/uploads\/2023\/06\/WhatsApp-Image-2023-06-19-at-10.05.37-2.jpeg?resize=1050%2C600&ssl=1 3x, https:\/\/i0.wp.com\/soy.usac.edu.gt\/wp-content\/uploads\/2023\/06\/WhatsApp-Image-2023-06-19-at-10.05.37-2.jpeg?resize=1400%2C800&ssl=1 4x"},"classes":[]},{"id":18349,"url":"https:\/\/soy.usac.edu.gt\/?p=18349","url_meta":{"origin":2670,"position":5},"title":"Inauguran Diplomado en Seguridad Alimentaria","author":"Divisi\u00f3n de Publicidad","date":"1 septiembre, 2022","format":false,"excerpt":"Hoy se realiz\u00f3 el acto que da inicio a este diplomado enfocado en desarrollo sostenible.","rel":"","context":"En \u00abCiencia y Tecnolog\u00eda\u00bb","block_context":{"text":"Ciencia y Tecnolog\u00eda","link":"https:\/\/soy.usac.edu.gt\/?cat=122"},"img":{"alt_text":"","src":"https:\/\/i0.wp.com\/soy.usac.edu.gt\/wp-content\/uploads\/2022\/09\/WhatsApp-Image-2022-09-01-at-12.25.12-PM.jpeg?resize=350%2C200&ssl=1","width":350,"height":200,"srcset":"https:\/\/i0.wp.com\/soy.usac.edu.gt\/wp-content\/uploads\/2022\/09\/WhatsApp-Image-2022-09-01-at-12.25.12-PM.jpeg?resize=350%2C200&ssl=1 1x, https:\/\/i0.wp.com\/soy.usac.edu.gt\/wp-content\/uploads\/2022\/09\/WhatsApp-Image-2022-09-01-at-12.25.12-PM.jpeg?resize=525%2C300&ssl=1 1.5x, https:\/\/i0.wp.com\/soy.usac.edu.gt\/wp-content\/uploads\/2022\/09\/WhatsApp-Image-2022-09-01-at-12.25.12-PM.jpeg?resize=700%2C400&ssl=1 2x, https:\/\/i0.wp.com\/soy.usac.edu.gt\/wp-content\/uploads\/2022\/09\/WhatsApp-Image-2022-09-01-at-12.25.12-PM.jpeg?resize=1050%2C600&ssl=1 3x, https:\/\/i0.wp.com\/soy.usac.edu.gt\/wp-content\/uploads\/2022\/09\/WhatsApp-Image-2022-09-01-at-12.25.12-PM.jpeg?resize=1400%2C800&ssl=1 4x"},"classes":[]}],"jetpack_sharing_enabled":true,"_links":{"self":[{"href":"https:\/\/soy.usac.edu.gt\/index.php?rest_route=\/wp\/v2\/posts\/2670","targetHints":{"allow":["GET"]}}],"collection":[{"href":"https:\/\/soy.usac.edu.gt\/index.php?rest_route=\/wp\/v2\/posts"}],"about":[{"href":"https:\/\/soy.usac.edu.gt\/index.php?rest_route=\/wp\/v2\/types\/post"}],"author":[{"embeddable":true,"href":"https:\/\/soy.usac.edu.gt\/index.php?rest_route=\/wp\/v2\/users\/1"}],"replies":[{"embeddable":true,"href":"https:\/\/soy.usac.edu.gt\/index.php?rest_route=%2Fwp%2Fv2%2Fcomments&post=2670"}],"version-history":[{"count":0,"href":"https:\/\/soy.usac.edu.gt\/index.php?rest_route=\/wp\/v2\/posts\/2670\/revisions"}],"wp:featuredmedia":[{"embeddable":true,"href":"https:\/\/soy.usac.edu.gt\/index.php?rest_route=\/wp\/v2\/media\/2707"}],"wp:attachment":[{"href":"https:\/\/soy.usac.edu.gt\/index.php?rest_route=%2Fwp%2Fv2%2Fmedia&parent=2670"}],"wp:term":[{"taxonomy":"category","embeddable":true,"href":"https:\/\/soy.usac.edu.gt\/index.php?rest_route=%2Fwp%2Fv2%2Fcategories&post=2670"},{"taxonomy":"post_tag","embeddable":true,"href":"https:\/\/soy.usac.edu.gt\/index.php?rest_route=%2Fwp%2Fv2%2Ftags&post=2670"}],"curies":[{"name":"wp","href":"https:\/\/api.w.org\/{rel}","templated":true}]}}