{"id":2772,"date":"2018-10-29T08:50:49","date_gmt":"2018-10-29T14:50:49","guid":{"rendered":"http:\/\/c2.usac.edu.gt\/periodico_propuesta\/?p=2772"},"modified":"2018-10-30T16:51:06","modified_gmt":"2018-10-30T22:51:06","slug":"volusac-realiza-limpieza-en-el-petencito","status":"publish","type":"post","link":"https:\/\/soy.usac.edu.gt\/?p=2772","title":{"rendered":"VOLUSAC realiza limpieza en el petencito"},"content":{"rendered":"","protected":false},"excerpt":{"rendered":"","protected":false},"author":14,"featured_media":2820,"comment_status":"closed","ping_status":"open","sticky":false,"template":"","format":"video","meta":{"_exactmetrics_skip_tracking":false,"_exactmetrics_sitenote_active":false,"_exactmetrics_sitenote_note":"","_exactmetrics_sitenote_category":0,"_jetpack_memberships_contains_paid_content":false,"footnotes":""},"categories":[31],"tags":[130,209],"class_list":["post-2772","post","type-post","status-publish","format-video","has-post-thumbnail","hentry","category-videos","tag-estudiantes","tag-volusac","post_format-post-format-video"],"aioseo_notices":[],"jetpack_featured_media_url":"https:\/\/soy.usac.edu.gt\/wp-content\/uploads\/2018\/10\/maxresdefault-20.jpg","views":"","jetpack-related-posts":[{"id":5392,"url":"https:\/\/soy.usac.edu.gt\/?p=5392","url_meta":{"origin":2772,"position":0},"title":"\u00bfTe gustar\u00eda ser voluntario de la USAC?","author":"Edwin Medina","date":"23 abril, 2019","format":false,"excerpt":"Fotograf\u00eda de Edwin Medina.","rel":"","context":"En \u00abNoticias\u00bb","block_context":{"text":"Noticias","link":"https:\/\/soy.usac.edu.gt\/?cat=29"},"img":{"alt_text":"","src":"https:\/\/i0.wp.com\/soy.usac.edu.gt\/wp-content\/uploads\/2019\/04\/IMG_5666-1.jpg?resize=350%2C200&ssl=1","width":350,"height":200,"srcset":"https:\/\/i0.wp.com\/soy.usac.edu.gt\/wp-content\/uploads\/2019\/04\/IMG_5666-1.jpg?resize=350%2C200&ssl=1 1x, https:\/\/i0.wp.com\/soy.usac.edu.gt\/wp-content\/uploads\/2019\/04\/IMG_5666-1.jpg?resize=525%2C300&ssl=1 1.5x, https:\/\/i0.wp.com\/soy.usac.edu.gt\/wp-content\/uploads\/2019\/04\/IMG_5666-1.jpg?resize=700%2C400&ssl=1 2x, https:\/\/i0.wp.com\/soy.usac.edu.gt\/wp-content\/uploads\/2019\/04\/IMG_5666-1.jpg?resize=1050%2C600&ssl=1 3x, https:\/\/i0.wp.com\/soy.usac.edu.gt\/wp-content\/uploads\/2019\/04\/IMG_5666-1.jpg?resize=1400%2C800&ssl=1 4x"},"classes":[]},{"id":5017,"url":"https:\/\/soy.usac.edu.gt\/?p=5017","url_meta":{"origin":2772,"position":1},"title":"Sancarlista \u00a1Guatemala te necesita!","author":"Edwin Medina","date":"18 marzo, 2019","format":"video","excerpt":"Participa como observador electoral.","rel":"","context":"En \u00abNoticias\u00bb","block_context":{"text":"Noticias","link":"https:\/\/soy.usac.edu.gt\/?cat=29"},"img":{"alt_text":"","src":"https:\/\/i0.wp.com\/soy.usac.edu.gt\/wp-content\/uploads\/2019\/03\/maxresdefault-23.jpg?resize=350%2C200&ssl=1","width":350,"height":200,"srcset":"https:\/\/i0.wp.com\/soy.usac.edu.gt\/wp-content\/uploads\/2019\/03\/maxresdefault-23.jpg?resize=350%2C200&ssl=1 1x, https:\/\/i0.wp.com\/soy.usac.edu.gt\/wp-content\/uploads\/2019\/03\/maxresdefault-23.jpg?resize=525%2C300&ssl=1 1.5x, https:\/\/i0.wp.com\/soy.usac.edu.gt\/wp-content\/uploads\/2019\/03\/maxresdefault-23.jpg?resize=700%2C400&ssl=1 2x, https:\/\/i0.wp.com\/soy.usac.edu.gt\/wp-content\/uploads\/2019\/03\/maxresdefault-23.jpg?resize=1050%2C600&ssl=1 3x"},"classes":[]},{"id":2626,"url":"https:\/\/soy.usac.edu.gt\/?p=2626","url_meta":{"origin":2772,"position":2},"title":"Voluntariado de la USAC","author":"Edwin Medina","date":"24 octubre, 2018","format":"video","excerpt":"El s\u00e1bado 20 de octubre como voluntariado de la Universidad de San Carlos de Guatemala, planteamos hacer otro modelo de revoluci\u00f3n, donde participamos activamente en la mejora continua de nuestros espacios, donde con nuestra voluntad generamos proyectos para beneficio de la poblaci\u00f3n. M\u00e1s de 100 voluntarios se suman al proyecto\u2026","rel":"","context":"En \u00abVideos\u00bb","block_context":{"text":"Videos","link":"https:\/\/soy.usac.edu.gt\/?cat=31"},"img":{"alt_text":"","src":"https:\/\/i0.wp.com\/soy.usac.edu.gt\/wp-content\/uploads\/2018\/10\/hqdefault.jpg?resize=350%2C200&ssl=1","width":350,"height":200},"classes":[]},{"id":5356,"url":"https:\/\/soy.usac.edu.gt\/?p=5356","url_meta":{"origin":2772,"position":3},"title":"Participa como voluntario en la Telet\u00f3n 2019","author":"Divisi\u00f3n de Publicidad","date":"27 marzo, 2019","format":false,"excerpt":"La convocatoria est\u00e1 abierta a todos los sancarlistas y p\u00fablico en general que tengan intenci\u00f3n de unirse a esta causa.","rel":"","context":"En \u00abFotonotas\u00bb","block_context":{"text":"Fotonotas","link":"https:\/\/soy.usac.edu.gt\/?cat=348"},"img":{"alt_text":"","src":"https:\/\/i0.wp.com\/soy.usac.edu.gt\/wp-content\/uploads\/2019\/03\/2-6.jpg?resize=350%2C200&ssl=1","width":350,"height":200,"srcset":"https:\/\/i0.wp.com\/soy.usac.edu.gt\/wp-content\/uploads\/2019\/03\/2-6.jpg?resize=350%2C200&ssl=1 1x, https:\/\/i0.wp.com\/soy.usac.edu.gt\/wp-content\/uploads\/2019\/03\/2-6.jpg?resize=525%2C300&ssl=1 1.5x, https:\/\/i0.wp.com\/soy.usac.edu.gt\/wp-content\/uploads\/2019\/03\/2-6.jpg?resize=700%2C400&ssl=1 2x, https:\/\/i0.wp.com\/soy.usac.edu.gt\/wp-content\/uploads\/2019\/03\/2-6.jpg?resize=1050%2C600&ssl=1 3x, https:\/\/i0.wp.com\/soy.usac.edu.gt\/wp-content\/uploads\/2019\/03\/2-6.jpg?resize=1400%2C800&ssl=1 4x"},"classes":[]},{"id":2779,"url":"https:\/\/soy.usac.edu.gt\/?p=2779","url_meta":{"origin":2772,"position":4},"title":"Estudiantes de la Usac ayudar\u00e1n al TSE con empadronamientos","author":"Divisi\u00f3n de Publicidad","date":"30 octubre, 2018","format":false,"excerpt":"La Universidad de San Carlos realiz\u00f3 una alianza con el Tribunal Supremo Electoral (TSE) para que los estudiantes sancarlistas realicen un voluntariado c\u00edvico, con el fin de realizar en los proximos meses el trabajo de empadronamiento a nivel nacional. Con el fin de motivar a la participaci\u00f3n ciudadana en las\u2026","rel":"","context":"En \u00abNoticias\u00bb","block_context":{"text":"Noticias","link":"https:\/\/soy.usac.edu.gt\/?cat=29"},"img":{"alt_text":"","src":"https:\/\/i0.wp.com\/soy.usac.edu.gt\/wp-content\/uploads\/2018\/10\/elecciones-generales.jpg?resize=350%2C200&ssl=1","width":350,"height":200,"srcset":"https:\/\/i0.wp.com\/soy.usac.edu.gt\/wp-content\/uploads\/2018\/10\/elecciones-generales.jpg?resize=350%2C200&ssl=1 1x, https:\/\/i0.wp.com\/soy.usac.edu.gt\/wp-content\/uploads\/2018\/10\/elecciones-generales.jpg?resize=525%2C300&ssl=1 1.5x, https:\/\/i0.wp.com\/soy.usac.edu.gt\/wp-content\/uploads\/2018\/10\/elecciones-generales.jpg?resize=700%2C400&ssl=1 2x"},"classes":[]},{"id":22550,"url":"https:\/\/soy.usac.edu.gt\/?p=22550","url_meta":{"origin":2772,"position":5},"title":"Excelencia con Pertinencia Social, USAC premia la labor Extensionista e Integral en su 350 Aniversario.","author":"Divisi\u00f3n de Publicidad","date":"27 enero, 2026","format":false,"excerpt":"En el marco de los 350 a\u00f1os de fundaci\u00f3n de la Universidad de San Carlos de Guatemala, nuestra casa de estudios reafirma su compromiso con el pueblo guatemalteco al reconocer el impacto transformador de su comunidad acad\u00e9mica. El Premio al Proyecto Extensionista destaca aquellas iniciativas que han logrado romper las\u2026","rel":"","context":"En \u00abActividades\u00bb","block_context":{"text":"Actividades","link":"https:\/\/soy.usac.edu.gt\/?cat=126"},"img":{"alt_text":"","src":"https:\/\/i0.wp.com\/soy.usac.edu.gt\/wp-content\/uploads\/2026\/01\/WhatsApp-Image-2026-01-27-at-4.16.18-PM-9.jpeg?resize=350%2C200&ssl=1","width":350,"height":200,"srcset":"https:\/\/i0.wp.com\/soy.usac.edu.gt\/wp-content\/uploads\/2026\/01\/WhatsApp-Image-2026-01-27-at-4.16.18-PM-9.jpeg?resize=350%2C200&ssl=1 1x, https:\/\/i0.wp.com\/soy.usac.edu.gt\/wp-content\/uploads\/2026\/01\/WhatsApp-Image-2026-01-27-at-4.16.18-PM-9.jpeg?resize=525%2C300&ssl=1 1.5x, https:\/\/i0.wp.com\/soy.usac.edu.gt\/wp-content\/uploads\/2026\/01\/WhatsApp-Image-2026-01-27-at-4.16.18-PM-9.jpeg?resize=700%2C400&ssl=1 2x, https:\/\/i0.wp.com\/soy.usac.edu.gt\/wp-content\/uploads\/2026\/01\/WhatsApp-Image-2026-01-27-at-4.16.18-PM-9.jpeg?resize=1050%2C600&ssl=1 3x, https:\/\/i0.wp.com\/soy.usac.edu.gt\/wp-content\/uploads\/2026\/01\/WhatsApp-Image-2026-01-27-at-4.16.18-PM-9.jpeg?resize=1400%2C800&ssl=1 4x"},"classes":[]}],"jetpack_sharing_enabled":true,"_links":{"self":[{"href":"https:\/\/soy.usac.edu.gt\/index.php?rest_route=\/wp\/v2\/posts\/2772","targetHints":{"allow":["GET"]}}],"collection":[{"href":"https:\/\/soy.usac.edu.gt\/index.php?rest_route=\/wp\/v2\/posts"}],"about":[{"href":"https:\/\/soy.usac.edu.gt\/index.php?rest_route=\/wp\/v2\/types\/post"}],"author":[{"embeddable":true,"href":"https:\/\/soy.usac.edu.gt\/index.php?rest_route=\/wp\/v2\/users\/14"}],"replies":[{"embeddable":true,"href":"https:\/\/soy.usac.edu.gt\/index.php?rest_route=%2Fwp%2Fv2%2Fcomments&post=2772"}],"version-history":[{"count":0,"href":"https:\/\/soy.usac.edu.gt\/index.php?rest_route=\/wp\/v2\/posts\/2772\/revisions"}],"wp:featuredmedia":[{"embeddable":true,"href":"https:\/\/soy.usac.edu.gt\/index.php?rest_route=\/wp\/v2\/media\/2820"}],"wp:attachment":[{"href":"https:\/\/soy.usac.edu.gt\/index.php?rest_route=%2Fwp%2Fv2%2Fmedia&parent=2772"}],"wp:term":[{"taxonomy":"category","embeddable":true,"href":"https:\/\/soy.usac.edu.gt\/index.php?rest_route=%2Fwp%2Fv2%2Fcategories&post=2772"},{"taxonomy":"post_tag","embeddable":true,"href":"https:\/\/soy.usac.edu.gt\/index.php?rest_route=%2Fwp%2Fv2%2Ftags&post=2772"}],"curies":[{"name":"wp","href":"https:\/\/api.w.org\/{rel}","templated":true}]}}