{"id":2829,"date":"2018-11-05T18:06:48","date_gmt":"2018-11-06T00:06:48","guid":{"rendered":"http:\/\/c2.usac.edu.gt\/periodico_propuesta\/?p=2829"},"modified":"2018-11-06T14:43:50","modified_gmt":"2018-11-06T20:43:50","slug":"sancarlistas-compiten-en-la-busqueda-de-financiamiento","status":"publish","type":"post","link":"https:\/\/soy.usac.edu.gt\/?p=2829","title":{"rendered":"Sancarlistas compiten en la b\u00fasqueda de financiamiento"},"content":{"rendered":"<p><strong><em>Durante el primer Agro Tank estudiantes de la facultad de agronom\u00eda presentaron sus proyectos de emprendimientos a posibles inversores para tratar de convencerlos para financiar sus propuestas. <\/em><\/strong><\/p>\n<p style=\"text-align: justify;\">Al estilo de la serie <strong><em>Negociando con Tiburones<\/em><\/strong>, en el Aula Magna Igl\u00fa de la USAC, se efectu\u00f3 la presentaci\u00f3n de 10 \u00a0proyectos <strong><em>Agro Tank<\/em><\/strong>, en la actividad estuvieron presentes el Rector Msc. Ing. Murphy Paiz, Arq. Carlos Valladares, Secretario General y el Ing. Byron Z\u00fa\u00f1iga Coordinador de la Incubadora de Negocios de la Facultad De Agronom\u00eda, Dr. Hugo Cardona Castillo Coordinador de la Sub \u00c1rea de Administraci\u00f3n y Comercializaci\u00f3n FAUSAC, Sr. Valent\u00edn D\u00edaz, Director Ejecutivo de Expo Agro Visi\u00f3n.<\/p>\n<p style=\"text-align: justify;\">\u201cestas acciones ser\u00e1n respaldas institucionalmente, aplaudo los emprendimientos\u00a0 que han realizado las y los estudiantes, y me coloco de pie ante una facultad que ha sido l\u00edder y protagonista en esta tem\u00e1tica, la Facultad de\u00a0 Agronom\u00eda ha dejado una buena imagen de la Universidad de San Carlos,\u00a0 y Agro Tank en su versi\u00f3n inicial es un modelo que tiene que ser institucionalizado y hay que seguirlo perfeccionando\u201d. Declar\u00f3 el Rector de la Universidad el Ing. Murphy Paiz Recinos.<\/p>\n<figure id=\"attachment_2852\" aria-describedby=\"caption-attachment-2852\" style=\"width: 4928px\" class=\"wp-caption aligncenter\"><img loading=\"lazy\" decoding=\"async\" class=\"size-full wp-image-2852\" src=\"http:\/\/c2.usac.edu.gt\/periodico_propuesta\/wp-content\/uploads\/2018\/10\/AGROTANK-8.jpg\" alt=\"Los estudiantes exponen sus proyectos a posibles inversionistas. Fotograf\u00eda de Elio Morales. \" width=\"4928\" height=\"3264\" srcset=\"https:\/\/soy.usac.edu.gt\/wp-content\/uploads\/2018\/10\/AGROTANK-8.jpg 4928w, https:\/\/soy.usac.edu.gt\/wp-content\/uploads\/2018\/10\/AGROTANK-8-300x199.jpg 300w, https:\/\/soy.usac.edu.gt\/wp-content\/uploads\/2018\/10\/AGROTANK-8-768x509.jpg 768w, https:\/\/soy.usac.edu.gt\/wp-content\/uploads\/2018\/10\/AGROTANK-8-1024x678.jpg 1024w, https:\/\/soy.usac.edu.gt\/wp-content\/uploads\/2018\/10\/AGROTANK-8-634x420.jpg 634w, https:\/\/soy.usac.edu.gt\/wp-content\/uploads\/2018\/10\/AGROTANK-8-640x424.jpg 640w, https:\/\/soy.usac.edu.gt\/wp-content\/uploads\/2018\/10\/AGROTANK-8-681x451.jpg 681w\" sizes=\"auto, (max-width: 4928px) 100vw, 4928px\" \/><figcaption id=\"caption-attachment-2852\" class=\"wp-caption-text\">Los estudiantes exponen sus proyectos a posibles inversionistas. Fotograf\u00eda de Elio Morales.<\/figcaption><\/figure>\n<p style=\"text-align: justify;\">La estudiante de la Facultad de Agronom\u00eda <strong><em>Astrid Fuentes<\/em><\/strong>, nos explic\u00f3 sobre su propuesta de emprendimiento; cuadros vivos y su empresa Home Garden, \u201ces una experiencia inolvidable, que no pens\u00e1bamos vivir con nuestras compa\u00f1eras, en esta actividad logramos contactar a un inversionista que se interes\u00f3 y esperamos poder concretar la idea\u201d. Home Garden est\u00e1 integrada por Ana Chacl\u00e1n, Nury Mart\u00ednez.<\/p>\n<p style=\"text-align: justify;\">El\u00a0 Ing. Byron Z\u00fa\u00f1iga Coordinador de la Incubadora de Negocios de la Facultad de Agronom\u00eda,\u00a0\u00a0 \u00a0entreg\u00f3 a las autoridades un diploma de reconocimiento, \u201cEl Flechador del Sol \u201c,\u00a0 El Ing. Murphy Paiz y Dr. Hugo Cardona, por el liderazgo que transmiten y por su actitud y perseverancia.<\/p>\n<p style=\"text-align: justify;\">A los estudiantes\u00a0 de la Facultad de Agronom\u00eda; Jorge Kevin Gerardo Garc\u00eda Recinos, Randolffo Arenales, Erick Estuardo Delgado Sazo, se les entreg\u00f3 un diploma de reconocimiento por la \u00a0creaci\u00f3n de\u00a0 su empresa, en el Curso de Gerencia Ventas de la carrera de Agronom\u00eda.<\/p>\n<div id='gallery-1' class='gallery galleryid-2829 gallery-columns-3 gallery-size-thumbnail'><figure class='gallery-item'>\n\t\t\t<div class='gallery-icon landscape'>\n\t\t\t\t<a href='https:\/\/soy.usac.edu.gt\/?attachment_id=2857'><img loading=\"lazy\" decoding=\"async\" width=\"150\" height=\"150\" src=\"https:\/\/soy.usac.edu.gt\/wp-content\/uploads\/2018\/10\/AGROTANK-13-150x150.jpg\" class=\"attachment-thumbnail size-thumbnail\" alt=\"\" \/><\/a>\n\t\t\t<\/div><\/figure><figure class='gallery-item'>\n\t\t\t<div class='gallery-icon landscape'>\n\t\t\t\t<a href='https:\/\/soy.usac.edu.gt\/?attachment_id=2856'><img loading=\"lazy\" decoding=\"async\" width=\"150\" height=\"150\" src=\"https:\/\/soy.usac.edu.gt\/wp-content\/uploads\/2018\/10\/AGROTANK-12-150x150.jpg\" class=\"attachment-thumbnail size-thumbnail\" alt=\"\" \/><\/a>\n\t\t\t<\/div><\/figure><figure class='gallery-item'>\n\t\t\t<div class='gallery-icon landscape'>\n\t\t\t\t<a href='https:\/\/soy.usac.edu.gt\/?attachment_id=2855'><img loading=\"lazy\" decoding=\"async\" width=\"150\" height=\"150\" src=\"https:\/\/soy.usac.edu.gt\/wp-content\/uploads\/2018\/10\/AGROTANK-11-150x150.jpg\" class=\"attachment-thumbnail size-thumbnail\" alt=\"\" \/><\/a>\n\t\t\t<\/div><\/figure><figure class='gallery-item'>\n\t\t\t<div class='gallery-icon landscape'>\n\t\t\t\t<a href='https:\/\/soy.usac.edu.gt\/?attachment_id=2854'><img loading=\"lazy\" decoding=\"async\" width=\"150\" height=\"150\" src=\"https:\/\/soy.usac.edu.gt\/wp-content\/uploads\/2018\/10\/AGROTANK-10-150x150.jpg\" class=\"attachment-thumbnail size-thumbnail\" alt=\"\" \/><\/a>\n\t\t\t<\/div><\/figure><figure class='gallery-item'>\n\t\t\t<div class='gallery-icon landscape'>\n\t\t\t\t<a href='https:\/\/soy.usac.edu.gt\/?attachment_id=2853'><img loading=\"lazy\" decoding=\"async\" width=\"150\" height=\"150\" src=\"https:\/\/soy.usac.edu.gt\/wp-content\/uploads\/2018\/10\/AGROTANK-9-150x150.jpg\" class=\"attachment-thumbnail size-thumbnail\" alt=\"\" \/><\/a>\n\t\t\t<\/div><\/figure><figure class='gallery-item'>\n\t\t\t<div class='gallery-icon landscape'>\n\t\t\t\t<a href='https:\/\/soy.usac.edu.gt\/?attachment_id=2851'><img loading=\"lazy\" decoding=\"async\" width=\"150\" height=\"150\" src=\"https:\/\/soy.usac.edu.gt\/wp-content\/uploads\/2018\/10\/AGROTANK-7-150x150.jpg\" class=\"attachment-thumbnail size-thumbnail\" alt=\"\" \/><\/a>\n\t\t\t<\/div><\/figure><figure class='gallery-item'>\n\t\t\t<div class='gallery-icon landscape'>\n\t\t\t\t<a href='https:\/\/soy.usac.edu.gt\/?attachment_id=2849'><img loading=\"lazy\" decoding=\"async\" width=\"150\" height=\"150\" src=\"https:\/\/soy.usac.edu.gt\/wp-content\/uploads\/2018\/10\/AGROTANK-5-150x150.jpg\" class=\"attachment-thumbnail size-thumbnail\" alt=\"\" \/><\/a>\n\t\t\t<\/div><\/figure><figure class='gallery-item'>\n\t\t\t<div class='gallery-icon landscape'>\n\t\t\t\t<a href='https:\/\/soy.usac.edu.gt\/?attachment_id=2848'><img loading=\"lazy\" decoding=\"async\" width=\"150\" height=\"150\" src=\"https:\/\/soy.usac.edu.gt\/wp-content\/uploads\/2018\/10\/AGROTANK-4-150x150.jpg\" class=\"attachment-thumbnail size-thumbnail\" alt=\"\" \/><\/a>\n\t\t\t<\/div><\/figure><figure class='gallery-item'>\n\t\t\t<div class='gallery-icon landscape'>\n\t\t\t\t<a href='https:\/\/soy.usac.edu.gt\/?attachment_id=2847'><img loading=\"lazy\" decoding=\"async\" width=\"150\" height=\"150\" src=\"https:\/\/soy.usac.edu.gt\/wp-content\/uploads\/2018\/10\/AGROTANK-3-150x150.jpg\" class=\"attachment-thumbnail size-thumbnail\" alt=\"\" \/><\/a>\n\t\t\t<\/div><\/figure><figure class='gallery-item'>\n\t\t\t<div class='gallery-icon landscape'>\n\t\t\t\t<a href='https:\/\/soy.usac.edu.gt\/?attachment_id=2846'><img loading=\"lazy\" decoding=\"async\" width=\"150\" height=\"150\" src=\"https:\/\/soy.usac.edu.gt\/wp-content\/uploads\/2018\/10\/AGROTANK-2-150x150.jpg\" class=\"attachment-thumbnail size-thumbnail\" alt=\"\" \/><\/a>\n\t\t\t<\/div><\/figure><figure class='gallery-item'>\n\t\t\t<div class='gallery-icon landscape'>\n\t\t\t\t<a href='https:\/\/soy.usac.edu.gt\/?attachment_id=2845'><img loading=\"lazy\" decoding=\"async\" width=\"150\" height=\"150\" src=\"https:\/\/soy.usac.edu.gt\/wp-content\/uploads\/2018\/10\/AGROTANK-1-150x150.jpg\" class=\"attachment-thumbnail size-thumbnail\" alt=\"\" \/><\/a>\n\t\t\t<\/div><\/figure>\n\t\t<\/div>\n\n<p><strong>Los diez proyectos presentados durante el Agro Tank <\/strong><\/p>\n<ul>\n<li>Aceite anti dolor, salsa picante de chiltepe, Adagio, Home Garden, Natural Fresh, (pasta de dientes natural de Coco), Renovar (Cremas para el cuidado de la piel, a base de coco), Vasos de vidrio reciclado, Ovi Capri Export, (Distribuidora y comercializadora de productos Ovinos y Caprinos), Vino de Miel artesanal, Bebida Tab\u00fa realizada a base de pepino, agua carbonatada, diur\u00e9tico natural.<\/li>\n<\/ul>\n<p>&nbsp;<\/p>\n","protected":false},"excerpt":{"rendered":"<p>Durante el primer Agro Tank estudiantes de la facultad de agronom\u00eda presentaron sus proyectos de emprendimientos a posibles inversores para tratar de convencerlos para financiar sus propuestas. Al estilo de la serie Negociando con Tiburones, en el Aula Magna Igl\u00fa de la USAC, se efectu\u00f3 la presentaci\u00f3n de 10 \u00a0proyectos Agro Tank, en la actividad [&hellip;]<\/p>\n","protected":false},"author":1,"featured_media":2850,"comment_status":"closed","ping_status":"open","sticky":false,"template":"","format":"standard","meta":{"_exactmetrics_skip_tracking":false,"_exactmetrics_sitenote_active":false,"_exactmetrics_sitenote_note":"","_exactmetrics_sitenote_category":0,"_jetpack_memberships_contains_paid_content":false,"footnotes":""},"categories":[29],"tags":[205,130,155],"class_list":["post-2829","post","type-post","status-publish","format-standard","has-post-thumbnail","hentry","category-noticias","tag-emprendimiento","tag-estudiantes","tag-facultad-de-agronomia"],"aioseo_notices":[],"jetpack_featured_media_url":"https:\/\/soy.usac.edu.gt\/wp-content\/uploads\/2018\/10\/AGROTANK-6.jpg","views":"","jetpack-related-posts":[{"id":8520,"url":"https:\/\/soy.usac.edu.gt\/?p=8520","url_meta":{"origin":2829,"position":0},"title":"Ma\u00f1ana inicia Emprende USAC 2019","author":"Divisi\u00f3n de Publicidad","date":"3 octubre, 2019","format":false,"excerpt":"Un total de 250 proyectos de emprendimientos estudiantiles de 12 unidades acad\u00e9micas ser\u00e1n presentados ma\u00f1ana durante la \u00a0Feria de Emprendimiento. \u00a0","rel":"","context":"En \u00abNoticias\u00bb","block_context":{"text":"Noticias","link":"https:\/\/soy.usac.edu.gt\/?cat=29"},"img":{"alt_text":"","src":"https:\/\/i0.wp.com\/soy.usac.edu.gt\/wp-content\/uploads\/2019\/10\/7.jpg?resize=350%2C200&ssl=1","width":350,"height":200,"srcset":"https:\/\/i0.wp.com\/soy.usac.edu.gt\/wp-content\/uploads\/2019\/10\/7.jpg?resize=350%2C200&ssl=1 1x, https:\/\/i0.wp.com\/soy.usac.edu.gt\/wp-content\/uploads\/2019\/10\/7.jpg?resize=525%2C300&ssl=1 1.5x, https:\/\/i0.wp.com\/soy.usac.edu.gt\/wp-content\/uploads\/2019\/10\/7.jpg?resize=700%2C400&ssl=1 2x, https:\/\/i0.wp.com\/soy.usac.edu.gt\/wp-content\/uploads\/2019\/10\/7.jpg?resize=1050%2C600&ssl=1 3x, https:\/\/i0.wp.com\/soy.usac.edu.gt\/wp-content\/uploads\/2019\/10\/7.jpg?resize=1400%2C800&ssl=1 4x"},"classes":[]},{"id":2763,"url":"https:\/\/soy.usac.edu.gt\/?p=2763","url_meta":{"origin":2829,"position":1},"title":"EMPRENDE 2018","author":"Edwin Medina","date":"29 octubre, 2018","format":"video","excerpt":"150 proyectos innovadores elaborados por estudiantes de la USAC.","rel":"","context":"En \u00abVideos\u00bb","block_context":{"text":"Videos","link":"https:\/\/soy.usac.edu.gt\/?cat=31"},"img":{"alt_text":"","src":"https:\/\/i0.wp.com\/soy.usac.edu.gt\/wp-content\/uploads\/2018\/10\/hqdefault-1.jpg?resize=350%2C200&ssl=1","width":350,"height":200},"classes":[]},{"id":15297,"url":"https:\/\/soy.usac.edu.gt\/?p=15297","url_meta":{"origin":2829,"position":2},"title":"Feria Virtual Emprende USAC","author":"Divisi\u00f3n de Publicidad","date":"1 octubre, 2021","format":false,"excerpt":"Esta actividad se llevar\u00e1 a cabo el 7, 8 y 9 de octubre, ser\u00e1 transmitir\u00e1 en diferentes plataformas virtuales.","rel":"","context":"En \u00abEstudiantes\u00bb","block_context":{"text":"Estudiantes","link":"https:\/\/soy.usac.edu.gt\/?cat=585"},"img":{"alt_text":"","src":"https:\/\/i0.wp.com\/soy.usac.edu.gt\/wp-content\/uploads\/2021\/04\/EMPRENDE-USAC11-scaled.jpg?resize=350%2C200&ssl=1","width":350,"height":200,"srcset":"https:\/\/i0.wp.com\/soy.usac.edu.gt\/wp-content\/uploads\/2021\/04\/EMPRENDE-USAC11-scaled.jpg?resize=350%2C200&ssl=1 1x, https:\/\/i0.wp.com\/soy.usac.edu.gt\/wp-content\/uploads\/2021\/04\/EMPRENDE-USAC11-scaled.jpg?resize=525%2C300&ssl=1 1.5x, https:\/\/i0.wp.com\/soy.usac.edu.gt\/wp-content\/uploads\/2021\/04\/EMPRENDE-USAC11-scaled.jpg?resize=700%2C400&ssl=1 2x, https:\/\/i0.wp.com\/soy.usac.edu.gt\/wp-content\/uploads\/2021\/04\/EMPRENDE-USAC11-scaled.jpg?resize=1050%2C600&ssl=1 3x, https:\/\/i0.wp.com\/soy.usac.edu.gt\/wp-content\/uploads\/2021\/04\/EMPRENDE-USAC11-scaled.jpg?resize=1400%2C800&ssl=1 4x"},"classes":[]},{"id":2804,"url":"https:\/\/soy.usac.edu.gt\/?p=2804","url_meta":{"origin":2829,"position":3},"title":"Presentan m\u00e1s de 150 proyectos de emprendimiento","author":"Divisi\u00f3n de Publicidad","date":"30 octubre, 2018","format":false,"excerpt":"En la plaza dedicada a los h\u00e9roes y m\u00e1rtires de la tricentenaria Universidad de San Carlos de Guatemala (USAC), se realiz\u00f3 el evento \u201cEmprendedores 2018\u201d. En el acto inaugural estuvieron presentes las autoridades universitarias: rector, Ing. Murphy Paiz; decano de la Facultad de Agronom\u00eda, Ing. Agr. Mario God\u00ednez; Ing. Agr.\u2026","rel":"","context":"En \u00abNoticias\u00bb","block_context":{"text":"Noticias","link":"https:\/\/soy.usac.edu.gt\/?cat=29"},"img":{"alt_text":"","src":"https:\/\/i0.wp.com\/soy.usac.edu.gt\/wp-content\/uploads\/2018\/10\/EMPRENDIMIENTO-3.jpg?resize=350%2C200&ssl=1","width":350,"height":200,"srcset":"https:\/\/i0.wp.com\/soy.usac.edu.gt\/wp-content\/uploads\/2018\/10\/EMPRENDIMIENTO-3.jpg?resize=350%2C200&ssl=1 1x, https:\/\/i0.wp.com\/soy.usac.edu.gt\/wp-content\/uploads\/2018\/10\/EMPRENDIMIENTO-3.jpg?resize=525%2C300&ssl=1 1.5x, https:\/\/i0.wp.com\/soy.usac.edu.gt\/wp-content\/uploads\/2018\/10\/EMPRENDIMIENTO-3.jpg?resize=700%2C400&ssl=1 2x"},"classes":[]},{"id":20356,"url":"https:\/\/soy.usac.edu.gt\/?p=20356","url_meta":{"origin":2829,"position":4},"title":"Misi\u00f3n coreana visita la USAC","author":"Divisi\u00f3n de Publicidad","date":"9 mayo, 2024","format":false,"excerpt":"La Misi\u00f3n de An\u00e1lisis de la Agencia de Cooperaci\u00f3n Internacional de Corea (KOICA), encargada de implementar y gestionar la cooperaci\u00f3n financiera no reembolsable con pa\u00edses amigos cooperantes, sostuvo una reuni\u00f3n con la comisi\u00f3n de emprendimiento de la USAC en la Facultad de Ingenier\u00eda con el objetivo de explorar c\u00f3mo la\u2026","rel":"","context":"En \u00abEstudiantes\u00bb","block_context":{"text":"Estudiantes","link":"https:\/\/soy.usac.edu.gt\/?cat=585"},"img":{"alt_text":"","src":"https:\/\/i0.wp.com\/soy.usac.edu.gt\/wp-content\/uploads\/2024\/05\/WhatsApp-Image-2024-05-09-at-3.19.46-PM-6-1.jpeg?resize=350%2C200&ssl=1","width":350,"height":200,"srcset":"https:\/\/i0.wp.com\/soy.usac.edu.gt\/wp-content\/uploads\/2024\/05\/WhatsApp-Image-2024-05-09-at-3.19.46-PM-6-1.jpeg?resize=350%2C200&ssl=1 1x, https:\/\/i0.wp.com\/soy.usac.edu.gt\/wp-content\/uploads\/2024\/05\/WhatsApp-Image-2024-05-09-at-3.19.46-PM-6-1.jpeg?resize=525%2C300&ssl=1 1.5x, https:\/\/i0.wp.com\/soy.usac.edu.gt\/wp-content\/uploads\/2024\/05\/WhatsApp-Image-2024-05-09-at-3.19.46-PM-6-1.jpeg?resize=700%2C400&ssl=1 2x, https:\/\/i0.wp.com\/soy.usac.edu.gt\/wp-content\/uploads\/2024\/05\/WhatsApp-Image-2024-05-09-at-3.19.46-PM-6-1.jpeg?resize=1050%2C600&ssl=1 3x, https:\/\/i0.wp.com\/soy.usac.edu.gt\/wp-content\/uploads\/2024\/05\/WhatsApp-Image-2024-05-09-at-3.19.46-PM-6-1.jpeg?resize=1400%2C800&ssl=1 4x"},"classes":[]},{"id":8853,"url":"https:\/\/soy.usac.edu.gt\/?p=8853","url_meta":{"origin":2829,"position":5},"title":"Ing. Waldemar Nufio Reyes, electo como decano de la Facultad de Agronom\u00eda","author":"Erick Iv\u00e1n de Le\u00f3n","date":"11 octubre, 2019","format":false,"excerpt":"El Consejo Superior Universitario jurament\u00f3 al Ing. Waldemar Nufio Reyes para ejercer el cargo de decano de la Facultad de Agronom\u00eda, per\u00edodo 2019-2023","rel":"","context":"En \u00abNoticias\u00bb","block_context":{"text":"Noticias","link":"https:\/\/soy.usac.edu.gt\/?cat=29"},"img":{"alt_text":"","src":"https:\/\/i0.wp.com\/soy.usac.edu.gt\/wp-content\/uploads\/2019\/10\/20191011_183759.jpg?resize=350%2C200&ssl=1","width":350,"height":200,"srcset":"https:\/\/i0.wp.com\/soy.usac.edu.gt\/wp-content\/uploads\/2019\/10\/20191011_183759.jpg?resize=350%2C200&ssl=1 1x, https:\/\/i0.wp.com\/soy.usac.edu.gt\/wp-content\/uploads\/2019\/10\/20191011_183759.jpg?resize=525%2C300&ssl=1 1.5x, https:\/\/i0.wp.com\/soy.usac.edu.gt\/wp-content\/uploads\/2019\/10\/20191011_183759.jpg?resize=700%2C400&ssl=1 2x, https:\/\/i0.wp.com\/soy.usac.edu.gt\/wp-content\/uploads\/2019\/10\/20191011_183759.jpg?resize=1050%2C600&ssl=1 3x, https:\/\/i0.wp.com\/soy.usac.edu.gt\/wp-content\/uploads\/2019\/10\/20191011_183759.jpg?resize=1400%2C800&ssl=1 4x"},"classes":[]}],"jetpack_sharing_enabled":true,"_links":{"self":[{"href":"https:\/\/soy.usac.edu.gt\/index.php?rest_route=\/wp\/v2\/posts\/2829","targetHints":{"allow":["GET"]}}],"collection":[{"href":"https:\/\/soy.usac.edu.gt\/index.php?rest_route=\/wp\/v2\/posts"}],"about":[{"href":"https:\/\/soy.usac.edu.gt\/index.php?rest_route=\/wp\/v2\/types\/post"}],"author":[{"embeddable":true,"href":"https:\/\/soy.usac.edu.gt\/index.php?rest_route=\/wp\/v2\/users\/1"}],"replies":[{"embeddable":true,"href":"https:\/\/soy.usac.edu.gt\/index.php?rest_route=%2Fwp%2Fv2%2Fcomments&post=2829"}],"version-history":[{"count":0,"href":"https:\/\/soy.usac.edu.gt\/index.php?rest_route=\/wp\/v2\/posts\/2829\/revisions"}],"wp:featuredmedia":[{"embeddable":true,"href":"https:\/\/soy.usac.edu.gt\/index.php?rest_route=\/wp\/v2\/media\/2850"}],"wp:attachment":[{"href":"https:\/\/soy.usac.edu.gt\/index.php?rest_route=%2Fwp%2Fv2%2Fmedia&parent=2829"}],"wp:term":[{"taxonomy":"category","embeddable":true,"href":"https:\/\/soy.usac.edu.gt\/index.php?rest_route=%2Fwp%2Fv2%2Fcategories&post=2829"},{"taxonomy":"post_tag","embeddable":true,"href":"https:\/\/soy.usac.edu.gt\/index.php?rest_route=%2Fwp%2Fv2%2Ftags&post=2829"}],"curies":[{"name":"wp","href":"https:\/\/api.w.org\/{rel}","templated":true}]}}