{"id":2831,"date":"2018-10-30T18:36:06","date_gmt":"2018-10-31T00:36:06","guid":{"rendered":"http:\/\/c2.usac.edu.gt\/periodico_propuesta\/?p=2831"},"modified":"2018-10-30T20:45:16","modified_gmt":"2018-10-31T02:45:16","slug":"presentan-la-novena-edicion-de-la-revista-mujeres-universidad","status":"publish","type":"post","link":"https:\/\/soy.usac.edu.gt\/?p=2831","title":{"rendered":"Presentan la novena Edici\u00f3n de la Revista Mujeres y Universidad"},"content":{"rendered":"<p><strong><em>En el Sal\u00f3n 1 de la Biblioteca Central de la USAC del edificio de Recursos Educativos se llev\u00f3 a cabo la presentaci\u00f3n de la Revista Mujeres &amp; Universidad Volumen 9, a\u00f1o 2018.<\/em><\/strong><\/p>\n<p style=\"text-align: justify;\">La Revista Mujeres y Universidad es un proyecto editorial que tiene mucha importancia del trabajo que se realiza el IUMUSAC, desde el 2005, han participado en ella connotadas acad\u00e9micas en el tema de g\u00e9nero y feminismo, seg\u00fan declar\u00f3 \u00a0la Licda. Ana Patricia Borrayo directora de IUMUSAC.<\/p>\n<p style=\"text-align: justify;\">\u201cComo Peque\u00f1os golpes en la pared, los feminismos van dejando huellas para que las nuevas generaciones de este milenio tomen la distancia del patriarcado. Debemos sustentar la vida social en la equidad como paradigma social. La equidad es un principio fundamental de los feminismos. Veinte a\u00f1os, marcan a una generaci\u00f3n, con un pesimismo consciente y tengo la certeza que debemos soportar varias generaciones m\u00e1s hasta que en una fecha en el futuro, nuestra sociedad tendr\u00e1 una nueva estructura mental. La misma se sustentar\u00e1 en la dignidad para todas y cada uno: feminismo\u201d. Puntualiz\u00f3 Borrayo.<\/p>\n<blockquote class=\"td_pull_quote td_pull_center\">\n<h5 style=\"text-align: justify;\">53 % de la comunidad universitaria est\u00e1 integrada por mujeres<\/h5>\n<\/blockquote>\n<p style=\"text-align: justify;\">La pr\u00f3xima actividad de IUMUSAC ser\u00e1 un curso de especializaci\u00f3n llamado <em>G\u00e9nero, Historia y Educaci\u00f3n Superior<\/em> que tendr\u00e1 una duraci\u00f3n de 8 meses, el evento se llevar\u00e1 a cabo en la direcci\u00f3n de Desarrollo Acad\u00e9mico.<\/p>\n<figure id=\"attachment_2841\" aria-describedby=\"caption-attachment-2841\" style=\"width: 4752px\" class=\"wp-caption aligncenter\"><img loading=\"lazy\" decoding=\"async\" class=\"wp-image-2841 size-full\" src=\"http:\/\/c2.usac.edu.gt\/periodico_propuesta\/wp-content\/uploads\/2018\/10\/REVISTA-MUJERES-2.jpg\" alt=\"REVISTA MUJERES (2)\" width=\"4752\" height=\"3168\" srcset=\"https:\/\/soy.usac.edu.gt\/wp-content\/uploads\/2018\/10\/REVISTA-MUJERES-2.jpg 4752w, https:\/\/soy.usac.edu.gt\/wp-content\/uploads\/2018\/10\/REVISTA-MUJERES-2-300x200.jpg 300w, https:\/\/soy.usac.edu.gt\/wp-content\/uploads\/2018\/10\/REVISTA-MUJERES-2-768x512.jpg 768w, https:\/\/soy.usac.edu.gt\/wp-content\/uploads\/2018\/10\/REVISTA-MUJERES-2-1024x683.jpg 1024w, https:\/\/soy.usac.edu.gt\/wp-content\/uploads\/2018\/10\/REVISTA-MUJERES-2-630x420.jpg 630w, https:\/\/soy.usac.edu.gt\/wp-content\/uploads\/2018\/10\/REVISTA-MUJERES-2-640x427.jpg 640w, https:\/\/soy.usac.edu.gt\/wp-content\/uploads\/2018\/10\/REVISTA-MUJERES-2-681x454.jpg 681w\" sizes=\"auto, (max-width: 4752px) 100vw, 4752px\" \/><figcaption id=\"caption-attachment-2841\" class=\"wp-caption-text\">Fotograf\u00eda de Elio Morales<\/figcaption><\/figure>\n<blockquote class=\"td_box_right\">\n<h3><strong>Mujeres y Universidad cuenta con su propio programa radial los d\u00edas martes de 10 am a 11 am. En radio Universidad\u00a0 92.1 FM<\/strong><\/h3>\n<\/blockquote>\n<p>&nbsp;<\/p>\n<p><strong>En esta edici\u00f3n de la revista Mujeres &amp;Universidad participan:<\/strong><\/p>\n<ul>\n<li><em>Brisna Karina Caxaj \u00c1lvarez<\/em>: Avances en la justicia para v\u00edctimas de violencia sexual durante el conflicto armado interno en Guatemala.<\/li>\n<li><em>Glenda Joanna Wetherborn:<\/em> Aproximaciones a las percepciones y aspiraciones de paz por parte de las mujeres afrodescendientes.<\/li>\n<li><em>Gu\u00edsela L\u00f3pez:<\/em> Mujeres acad\u00e9micas: aportes discursivos en el contexto de paz.<\/li>\n<li><em>Glenda Garc\u00eda Garc\u00eda \/ Walda Barrios Klee:<\/em> Mujeres hilando futuro.<\/li>\n<li><em>Alfonso Arrivillaga C\u00f2rtez:<\/em> Las canciones de la faz de la tierra y Linda O`Brien-Rothe.<\/li>\n<li><em>Mynor Carrera Mej\u00eda:<\/em> Ya no podr\u00e1n parar a las mujeres. Las mujeres guatemaltecas en la \u00e9poca de Manuel Estrada Cabrera, 1989-1920.<\/li>\n<\/ul>\n<p>&nbsp;<\/p>\n<h3><strong>\u00a0<\/strong><\/h3>\n<p>&nbsp;<\/p>\n","protected":false},"excerpt":{"rendered":"<p>En el Sal\u00f3n 1 de la Biblioteca Central de la USAC del edificio de Recursos Educativos se llev\u00f3 a cabo la presentaci\u00f3n de la Revista Mujeres &amp; Universidad Volumen 9, a\u00f1o 2018. La Revista Mujeres y Universidad es un proyecto editorial que tiene mucha importancia del trabajo que se realiza el IUMUSAC, desde el 2005, [&hellip;]<\/p>\n","protected":false},"author":1,"featured_media":2840,"comment_status":"closed","ping_status":"open","sticky":false,"template":"","format":"standard","meta":{"_exactmetrics_skip_tracking":false,"_exactmetrics_sitenote_active":false,"_exactmetrics_sitenote_note":"","_exactmetrics_sitenote_category":0,"_jetpack_memberships_contains_paid_content":false,"footnotes":""},"categories":[29],"tags":[198,218,199],"class_list":["post-2831","post","type-post","status-publish","format-standard","has-post-thumbnail","hentry","category-noticias","tag-feminismo","tag-iumusac","tag-mujeres"],"aioseo_notices":[],"jetpack_featured_media_url":"https:\/\/soy.usac.edu.gt\/wp-content\/uploads\/2018\/10\/REVISTA-MUJERES-1.jpg","views":"","jetpack-related-posts":[{"id":15456,"url":"https:\/\/soy.usac.edu.gt\/?p=15456","url_meta":{"origin":2831,"position":0},"title":"USAC reconoce el trabajo de diez mujeres sancarlistas","author":"Divisi\u00f3n de Publicidad","date":"15 octubre, 2021","format":false,"excerpt":"En la Biblioteca Central se inaugur\u00f3 una exposici\u00f3n sobre el trabajo art\u00edstico y acad\u00e9mico de diez mujeres sancarlistas.","rel":"","context":"En \u00abNoticias\u00bb","block_context":{"text":"Noticias","link":"https:\/\/soy.usac.edu.gt\/?cat=29"},"img":{"alt_text":"","src":"https:\/\/i0.wp.com\/soy.usac.edu.gt\/wp-content\/uploads\/2021\/10\/20-scaled.jpg?resize=350%2C200&ssl=1","width":350,"height":200,"srcset":"https:\/\/i0.wp.com\/soy.usac.edu.gt\/wp-content\/uploads\/2021\/10\/20-scaled.jpg?resize=350%2C200&ssl=1 1x, https:\/\/i0.wp.com\/soy.usac.edu.gt\/wp-content\/uploads\/2021\/10\/20-scaled.jpg?resize=525%2C300&ssl=1 1.5x, https:\/\/i0.wp.com\/soy.usac.edu.gt\/wp-content\/uploads\/2021\/10\/20-scaled.jpg?resize=700%2C400&ssl=1 2x, https:\/\/i0.wp.com\/soy.usac.edu.gt\/wp-content\/uploads\/2021\/10\/20-scaled.jpg?resize=1050%2C600&ssl=1 3x, https:\/\/i0.wp.com\/soy.usac.edu.gt\/wp-content\/uploads\/2021\/10\/20-scaled.jpg?resize=1400%2C800&ssl=1 4x"},"classes":[]},{"id":21030,"url":"https:\/\/soy.usac.edu.gt\/?p=21030","url_meta":{"origin":2831,"position":1},"title":"IUMUSAC presenta la Revista Mujeres y Universidad","author":"Divisi\u00f3n de Publicidad","date":"7 noviembre, 2024","format":false,"excerpt":"El Instituto Universitario de la Mujer (IUMUSAC) reconoce el trabajo que las mujeres realizan dentro de la universidad para el an\u00e1lisis sobre la realidad de g\u00e9nero en los distintos \u00e1mbitos acad\u00e9micos, sociales, econ\u00f3micos, cient\u00edficos y culturales.\u00a0 Como resultado, cre\u00f3 un espacio donde se hacen visibles las voces femeninas: la Revista\u2026","rel":"","context":"En \u00abCultura\u00bb","block_context":{"text":"Cultura","link":"https:\/\/soy.usac.edu.gt\/?cat=97"},"img":{"alt_text":"","src":"https:\/\/i0.wp.com\/soy.usac.edu.gt\/wp-content\/uploads\/2024\/11\/WhatsApp-Image-2024-11-06-at-11.19.27-AM.jpeg?resize=350%2C200&ssl=1","width":350,"height":200,"srcset":"https:\/\/i0.wp.com\/soy.usac.edu.gt\/wp-content\/uploads\/2024\/11\/WhatsApp-Image-2024-11-06-at-11.19.27-AM.jpeg?resize=350%2C200&ssl=1 1x, https:\/\/i0.wp.com\/soy.usac.edu.gt\/wp-content\/uploads\/2024\/11\/WhatsApp-Image-2024-11-06-at-11.19.27-AM.jpeg?resize=525%2C300&ssl=1 1.5x, https:\/\/i0.wp.com\/soy.usac.edu.gt\/wp-content\/uploads\/2024\/11\/WhatsApp-Image-2024-11-06-at-11.19.27-AM.jpeg?resize=700%2C400&ssl=1 2x, https:\/\/i0.wp.com\/soy.usac.edu.gt\/wp-content\/uploads\/2024\/11\/WhatsApp-Image-2024-11-06-at-11.19.27-AM.jpeg?resize=1050%2C600&ssl=1 3x, https:\/\/i0.wp.com\/soy.usac.edu.gt\/wp-content\/uploads\/2024\/11\/WhatsApp-Image-2024-11-06-at-11.19.27-AM.jpeg?resize=1400%2C800&ssl=1 4x"},"classes":[]},{"id":18962,"url":"https:\/\/soy.usac.edu.gt\/?p=18962","url_meta":{"origin":2831,"position":2},"title":"Inauguran congreso internacional de mujeres universitarias","author":"Divisi\u00f3n de Publicidad","date":"8 noviembre, 2022","format":false,"excerpt":"El evento busca promover un espacio de encuentro y constituye un mecanismo de articulaci\u00f3n del pensamiento y accionar de las acad\u00e9micas.","rel":"","context":"En \u00abNoticias\u00bb","block_context":{"text":"Noticias","link":"https:\/\/soy.usac.edu.gt\/?cat=29"},"img":{"alt_text":"","src":"https:\/\/i0.wp.com\/soy.usac.edu.gt\/wp-content\/uploads\/2020\/03\/destacada-mujeres.jpg?resize=350%2C200&ssl=1","width":350,"height":200,"srcset":"https:\/\/i0.wp.com\/soy.usac.edu.gt\/wp-content\/uploads\/2020\/03\/destacada-mujeres.jpg?resize=350%2C200&ssl=1 1x, https:\/\/i0.wp.com\/soy.usac.edu.gt\/wp-content\/uploads\/2020\/03\/destacada-mujeres.jpg?resize=525%2C300&ssl=1 1.5x, https:\/\/i0.wp.com\/soy.usac.edu.gt\/wp-content\/uploads\/2020\/03\/destacada-mujeres.jpg?resize=700%2C400&ssl=1 2x, https:\/\/i0.wp.com\/soy.usac.edu.gt\/wp-content\/uploads\/2020\/03\/destacada-mujeres.jpg?resize=1050%2C600&ssl=1 3x, https:\/\/i0.wp.com\/soy.usac.edu.gt\/wp-content\/uploads\/2020\/03\/destacada-mujeres.jpg?resize=1400%2C800&ssl=1 4x"},"classes":[]},{"id":18583,"url":"https:\/\/soy.usac.edu.gt\/?p=18583","url_meta":{"origin":2831,"position":3},"title":"USAC reivindica los aportes de las mujeres en la historia","author":"Divisi\u00f3n de Publicidad","date":"6 octubre, 2022","format":false,"excerpt":"La C\u00e1tedra Historia, G\u00e9nero y Educaci\u00f3n Superior concientiz\u00f3 sobre la importancia de fortalecer la memoria hist\u00f3rica y reconocer el papel de la mujer en distintos contextos.","rel":"","context":"En \u00abNoticias\u00bb","block_context":{"text":"Noticias","link":"https:\/\/soy.usac.edu.gt\/?cat=29"},"img":{"alt_text":"","src":"https:\/\/i0.wp.com\/soy.usac.edu.gt\/wp-content\/uploads\/2022\/10\/4-1.jpg?resize=350%2C200&ssl=1","width":350,"height":200,"srcset":"https:\/\/i0.wp.com\/soy.usac.edu.gt\/wp-content\/uploads\/2022\/10\/4-1.jpg?resize=350%2C200&ssl=1 1x, https:\/\/i0.wp.com\/soy.usac.edu.gt\/wp-content\/uploads\/2022\/10\/4-1.jpg?resize=525%2C300&ssl=1 1.5x, https:\/\/i0.wp.com\/soy.usac.edu.gt\/wp-content\/uploads\/2022\/10\/4-1.jpg?resize=700%2C400&ssl=1 2x"},"classes":[]},{"id":21333,"url":"https:\/\/soy.usac.edu.gt\/?p=21333","url_meta":{"origin":2831,"position":4},"title":"USAC reafirma su compromiso con la equidad de g\u00e9nero","author":"Divisi\u00f3n de Publicidad","date":"7 marzo, 2025","format":false,"excerpt":"Esta casa de estudios organiz\u00f3 la charla \u201cLos derechos de las mujeres: un legado de luchas y conquistas en el camino hacia la igualdad\u201d, donde se reconoci\u00f3 la valent\u00eda y trayectoria de mujeres que hist\u00f3ricamente han conquistado derechos civiles, humanos y sociales. Asimismo, fue un espacio para analizar el contexto\u2026","rel":"","context":"En \u00abActividades\u00bb","block_context":{"text":"Actividades","link":"https:\/\/soy.usac.edu.gt\/?cat=126"},"img":{"alt_text":"","src":"https:\/\/i0.wp.com\/soy.usac.edu.gt\/wp-content\/uploads\/2025\/03\/WhatsApp-Image-2025-03-07-at-2.54.58-PM.jpeg?resize=350%2C200&ssl=1","width":350,"height":200,"srcset":"https:\/\/i0.wp.com\/soy.usac.edu.gt\/wp-content\/uploads\/2025\/03\/WhatsApp-Image-2025-03-07-at-2.54.58-PM.jpeg?resize=350%2C200&ssl=1 1x, https:\/\/i0.wp.com\/soy.usac.edu.gt\/wp-content\/uploads\/2025\/03\/WhatsApp-Image-2025-03-07-at-2.54.58-PM.jpeg?resize=525%2C300&ssl=1 1.5x, https:\/\/i0.wp.com\/soy.usac.edu.gt\/wp-content\/uploads\/2025\/03\/WhatsApp-Image-2025-03-07-at-2.54.58-PM.jpeg?resize=700%2C400&ssl=1 2x, https:\/\/i0.wp.com\/soy.usac.edu.gt\/wp-content\/uploads\/2025\/03\/WhatsApp-Image-2025-03-07-at-2.54.58-PM.jpeg?resize=1050%2C600&ssl=1 3x, https:\/\/i0.wp.com\/soy.usac.edu.gt\/wp-content\/uploads\/2025\/03\/WhatsApp-Image-2025-03-07-at-2.54.58-PM.jpeg?resize=1400%2C800&ssl=1 4x"},"classes":[]},{"id":14631,"url":"https:\/\/soy.usac.edu.gt\/?p=14631","url_meta":{"origin":2831,"position":5},"title":"Escuela de Ciencia Pol\u00edtica y el IUMUSAC fomentar\u00e1n la equidad de g\u00e9nero","author":"Divisi\u00f3n de Publicidad","date":"18 junio, 2021","format":false,"excerpt":"Ambas dependencias de la USAC trabajar\u00e1n en conjunto actividades enfocadas en los derechos humanos de las mujeres.\u00a0","rel":"","context":"En \u00abNoticias\u00bb","block_context":{"text":"Noticias","link":"https:\/\/soy.usac.edu.gt\/?cat=29"},"img":{"alt_text":"","src":"https:\/\/i0.wp.com\/soy.usac.edu.gt\/wp-content\/uploads\/2021\/06\/mujeres-universitarias.jpeg?resize=350%2C200&ssl=1","width":350,"height":200,"srcset":"https:\/\/i0.wp.com\/soy.usac.edu.gt\/wp-content\/uploads\/2021\/06\/mujeres-universitarias.jpeg?resize=350%2C200&ssl=1 1x, https:\/\/i0.wp.com\/soy.usac.edu.gt\/wp-content\/uploads\/2021\/06\/mujeres-universitarias.jpeg?resize=525%2C300&ssl=1 1.5x, https:\/\/i0.wp.com\/soy.usac.edu.gt\/wp-content\/uploads\/2021\/06\/mujeres-universitarias.jpeg?resize=700%2C400&ssl=1 2x, https:\/\/i0.wp.com\/soy.usac.edu.gt\/wp-content\/uploads\/2021\/06\/mujeres-universitarias.jpeg?resize=1050%2C600&ssl=1 3x"},"classes":[]}],"jetpack_sharing_enabled":true,"_links":{"self":[{"href":"https:\/\/soy.usac.edu.gt\/index.php?rest_route=\/wp\/v2\/posts\/2831","targetHints":{"allow":["GET"]}}],"collection":[{"href":"https:\/\/soy.usac.edu.gt\/index.php?rest_route=\/wp\/v2\/posts"}],"about":[{"href":"https:\/\/soy.usac.edu.gt\/index.php?rest_route=\/wp\/v2\/types\/post"}],"author":[{"embeddable":true,"href":"https:\/\/soy.usac.edu.gt\/index.php?rest_route=\/wp\/v2\/users\/1"}],"replies":[{"embeddable":true,"href":"https:\/\/soy.usac.edu.gt\/index.php?rest_route=%2Fwp%2Fv2%2Fcomments&post=2831"}],"version-history":[{"count":0,"href":"https:\/\/soy.usac.edu.gt\/index.php?rest_route=\/wp\/v2\/posts\/2831\/revisions"}],"wp:featuredmedia":[{"embeddable":true,"href":"https:\/\/soy.usac.edu.gt\/index.php?rest_route=\/wp\/v2\/media\/2840"}],"wp:attachment":[{"href":"https:\/\/soy.usac.edu.gt\/index.php?rest_route=%2Fwp%2Fv2%2Fmedia&parent=2831"}],"wp:term":[{"taxonomy":"category","embeddable":true,"href":"https:\/\/soy.usac.edu.gt\/index.php?rest_route=%2Fwp%2Fv2%2Fcategories&post=2831"},{"taxonomy":"post_tag","embeddable":true,"href":"https:\/\/soy.usac.edu.gt\/index.php?rest_route=%2Fwp%2Fv2%2Ftags&post=2831"}],"curies":[{"name":"wp","href":"https:\/\/api.w.org\/{rel}","templated":true}]}}