{"id":2928,"date":"2018-11-05T08:28:25","date_gmt":"2018-11-05T14:28:25","guid":{"rendered":"http:\/\/c2.usac.edu.gt\/periodico_propuesta\/?p=2928"},"modified":"2018-11-08T11:07:51","modified_gmt":"2018-11-08T17:07:51","slug":"consternacion-ante-el-recorte-de-249-millones-al-presupuesto-de-la-usac","status":"publish","type":"post","link":"https:\/\/soy.usac.edu.gt\/?p=2928","title":{"rendered":"Consternaci\u00f3n ante el recorte de 249 millones al presupuesto de la USAC"},"content":{"rendered":"","protected":false},"excerpt":{"rendered":"","protected":false},"author":14,"featured_media":3041,"comment_status":"closed","ping_status":"open","sticky":false,"template":"","format":"video","meta":{"_exactmetrics_skip_tracking":false,"_exactmetrics_sitenote_active":false,"_exactmetrics_sitenote_note":"","_exactmetrics_sitenote_category":0,"_jetpack_memberships_contains_paid_content":false,"footnotes":""},"categories":[92,31],"tags":[227,113,226],"class_list":["post-2928","post","type-post","status-publish","format-video","has-post-thumbnail","hentry","category-rectoria","category-videos","tag-presupuesto-de-la-usac","tag-rector","tag-universidad-de-san-carlos","post_format-post-format-video"],"aioseo_notices":[],"jetpack_featured_media_url":"https:\/\/soy.usac.edu.gt\/wp-content\/uploads\/2018\/11\/maxresdefault-8.jpg","views":"","jetpack-related-posts":[{"id":3037,"url":"https:\/\/soy.usac.edu.gt\/?p=3037","url_meta":{"origin":2928,"position":0},"title":"Ing. Murphy Paiz defiente el presupuesto de la USAC","author":"Divisi\u00f3n de Publicidad","date":"8 noviembre, 2018","format":"video","excerpt":"#PorSiNoLoViste esta fue la petici\u00f3n del Rector de la Usac Ing. Murphy Paiz ante los jefes de bloque y Junta Directiva del Congreso, para abordar el dictamen emitido por la Comisi\u00f3n de Finanzas del Congreso que pretende reducir el presupuesto de la USAC para el 2019 en 259 millones de\u2026","rel":"","context":"En \u00abNoticias\u00bb","block_context":{"text":"Noticias","link":"https:\/\/soy.usac.edu.gt\/?cat=29"},"img":{"alt_text":"","src":"https:\/\/i0.wp.com\/soy.usac.edu.gt\/wp-content\/uploads\/2018\/11\/Rector-Murphy-Paiz.jpg?resize=350%2C200&ssl=1","width":350,"height":200,"srcset":"https:\/\/i0.wp.com\/soy.usac.edu.gt\/wp-content\/uploads\/2018\/11\/Rector-Murphy-Paiz.jpg?resize=350%2C200&ssl=1 1x, https:\/\/i0.wp.com\/soy.usac.edu.gt\/wp-content\/uploads\/2018\/11\/Rector-Murphy-Paiz.jpg?resize=525%2C300&ssl=1 1.5x, https:\/\/i0.wp.com\/soy.usac.edu.gt\/wp-content\/uploads\/2018\/11\/Rector-Murphy-Paiz.jpg?resize=700%2C400&ssl=1 2x, https:\/\/i0.wp.com\/soy.usac.edu.gt\/wp-content\/uploads\/2018\/11\/Rector-Murphy-Paiz.jpg?resize=1050%2C600&ssl=1 3x, https:\/\/i0.wp.com\/soy.usac.edu.gt\/wp-content\/uploads\/2018\/11\/Rector-Murphy-Paiz.jpg?resize=1400%2C800&ssl=1 4x"},"classes":[]},{"id":3119,"url":"https:\/\/soy.usac.edu.gt\/?p=3119","url_meta":{"origin":2928,"position":1},"title":"Estudiantes realizan Huelga de Dolores Extraordinaria","author":"Divisi\u00f3n de Publicidad","date":"13 noviembre, 2018","format":false,"excerpt":"Los comit\u00e9s de las distintas Unidades Acad\u00e9micas organizaron una Huelga de Dolores Extraordinaria para exigir al Congreso un presupuesto digno para la USAC. Encapuchados de la Universidad se reunieron en la rector\u00eda para emprender una caminata pac\u00edfica hacia el Congreso con el fin de exigir a los diputados la aprobaci\u00f3n\u2026","rel":"","context":"En \u00abNoticias\u00bb","block_context":{"text":"Noticias","link":"https:\/\/soy.usac.edu.gt\/?cat=29"},"img":{"alt_text":"","src":"https:\/\/i0.wp.com\/soy.usac.edu.gt\/wp-content\/uploads\/2018\/11\/MANIFESTACI%C3%93N-ENCAPUCHADOS-1.jpeg?resize=350%2C200&ssl=1","width":350,"height":200,"srcset":"https:\/\/i0.wp.com\/soy.usac.edu.gt\/wp-content\/uploads\/2018\/11\/MANIFESTACI%C3%93N-ENCAPUCHADOS-1.jpeg?resize=350%2C200&ssl=1 1x, https:\/\/i0.wp.com\/soy.usac.edu.gt\/wp-content\/uploads\/2018\/11\/MANIFESTACI%C3%93N-ENCAPUCHADOS-1.jpeg?resize=525%2C300&ssl=1 1.5x, https:\/\/i0.wp.com\/soy.usac.edu.gt\/wp-content\/uploads\/2018\/11\/MANIFESTACI%C3%93N-ENCAPUCHADOS-1.jpeg?resize=700%2C400&ssl=1 2x, https:\/\/i0.wp.com\/soy.usac.edu.gt\/wp-content\/uploads\/2018\/11\/MANIFESTACI%C3%93N-ENCAPUCHADOS-1.jpeg?resize=1050%2C600&ssl=1 3x"},"classes":[]},{"id":3062,"url":"https:\/\/soy.usac.edu.gt\/?p=3062","url_meta":{"origin":2928,"position":2},"title":"USAC batalla por un presupuesto digno","author":"Divisi\u00f3n de Publicidad","date":"8 noviembre, 2018","format":false,"excerpt":"Ante la crisis financiera de la USAC por los recortes presupuestarios que plante\u00f3 la Comisi\u00f3n de Finanzas, el Rector, Ing. Murphy Paiz trabaja en favor de la educaci\u00f3n superior. \u00a0Luego de que el rector, Ing. Murphy Paiz, solicit\u00f3 una audiencia a los jefes de bloque del Congreso,\u00a0 el pasado 7\u2026","rel":"","context":"En \u00abNoticias\u00bb","block_context":{"text":"Noticias","link":"https:\/\/soy.usac.edu.gt\/?cat=29"},"img":{"alt_text":"","src":"https:\/\/i0.wp.com\/soy.usac.edu.gt\/wp-content\/uploads\/2018\/11\/1.1.jpg?resize=350%2C200&ssl=1","width":350,"height":200,"srcset":"https:\/\/i0.wp.com\/soy.usac.edu.gt\/wp-content\/uploads\/2018\/11\/1.1.jpg?resize=350%2C200&ssl=1 1x, https:\/\/i0.wp.com\/soy.usac.edu.gt\/wp-content\/uploads\/2018\/11\/1.1.jpg?resize=525%2C300&ssl=1 1.5x, https:\/\/i0.wp.com\/soy.usac.edu.gt\/wp-content\/uploads\/2018\/11\/1.1.jpg?resize=700%2C400&ssl=1 2x, https:\/\/i0.wp.com\/soy.usac.edu.gt\/wp-content\/uploads\/2018\/11\/1.1.jpg?resize=1050%2C600&ssl=1 3x, https:\/\/i0.wp.com\/soy.usac.edu.gt\/wp-content\/uploads\/2018\/11\/1.1.jpg?resize=1400%2C800&ssl=1 4x"},"classes":[]},{"id":2922,"url":"https:\/\/soy.usac.edu.gt\/?p=2922","url_meta":{"origin":2928,"position":3},"title":"Solicitan firmas para un presupuesto digno","author":"Edwin Medina","date":"5 noviembre, 2018","format":false,"excerpt":"Una iniciativa, a trav\u00e9s de internet, demanda al Congreso de la Rep\u00fablica\u00a0 un presupuesto digno para la educaci\u00f3n superior p\u00fablica del pa\u00eds. Indignaci\u00f3n y rechazo en diversos sectores ha generado la noticia del pasado martes 30 de octubre, cuando la Comisi\u00f3n de Finanzas y Moneda (CFPM) del Legislativo present\u00f3 un\u2026","rel":"","context":"En \u00abNoticias\u00bb","block_context":{"text":"Noticias","link":"https:\/\/soy.usac.edu.gt\/?cat=29"},"img":{"alt_text":"","src":"https:\/\/i0.wp.com\/soy.usac.edu.gt\/wp-content\/uploads\/2018\/11\/PROTESTA-USAC1.jpg?resize=350%2C200&ssl=1","width":350,"height":200,"srcset":"https:\/\/i0.wp.com\/soy.usac.edu.gt\/wp-content\/uploads\/2018\/11\/PROTESTA-USAC1.jpg?resize=350%2C200&ssl=1 1x, https:\/\/i0.wp.com\/soy.usac.edu.gt\/wp-content\/uploads\/2018\/11\/PROTESTA-USAC1.jpg?resize=525%2C300&ssl=1 1.5x, https:\/\/i0.wp.com\/soy.usac.edu.gt\/wp-content\/uploads\/2018\/11\/PROTESTA-USAC1.jpg?resize=700%2C400&ssl=1 2x, https:\/\/i0.wp.com\/soy.usac.edu.gt\/wp-content\/uploads\/2018\/11\/PROTESTA-USAC1.jpg?resize=1050%2C600&ssl=1 3x, https:\/\/i0.wp.com\/soy.usac.edu.gt\/wp-content\/uploads\/2018\/11\/PROTESTA-USAC1.jpg?resize=1400%2C800&ssl=1 4x"},"classes":[]},{"id":3117,"url":"https:\/\/soy.usac.edu.gt\/?p=3117","url_meta":{"origin":2928,"position":4},"title":"CSU analiza tomar acciones legales por presupuesto","author":"Divisi\u00f3n de Publicidad","date":"13 noviembre, 2018","format":false,"excerpt":"Aunque la USAC privilegia el di\u00e1logo; ante la falta de consensos en la mesa t\u00e9cnica, el Consejo Superior Universitario analiza realizar acciones legales para lograr un presupuesto digno. Luego de varias jornadas de trabajo de la mesa t\u00e9cnica, a\u00fan no se han logrado consensos para resolver la crisis financiera que\u2026","rel":"","context":"En \u00abNoticias\u00bb","block_context":{"text":"Noticias","link":"https:\/\/soy.usac.edu.gt\/?cat=29"},"img":{"alt_text":"","src":"https:\/\/i0.wp.com\/soy.usac.edu.gt\/wp-content\/uploads\/2018\/11\/1.1.jpg?resize=350%2C200&ssl=1","width":350,"height":200,"srcset":"https:\/\/i0.wp.com\/soy.usac.edu.gt\/wp-content\/uploads\/2018\/11\/1.1.jpg?resize=350%2C200&ssl=1 1x, https:\/\/i0.wp.com\/soy.usac.edu.gt\/wp-content\/uploads\/2018\/11\/1.1.jpg?resize=525%2C300&ssl=1 1.5x, https:\/\/i0.wp.com\/soy.usac.edu.gt\/wp-content\/uploads\/2018\/11\/1.1.jpg?resize=700%2C400&ssl=1 2x, https:\/\/i0.wp.com\/soy.usac.edu.gt\/wp-content\/uploads\/2018\/11\/1.1.jpg?resize=1050%2C600&ssl=1 3x, https:\/\/i0.wp.com\/soy.usac.edu.gt\/wp-content\/uploads\/2018\/11\/1.1.jpg?resize=1400%2C800&ssl=1 4x"},"classes":[]},{"id":8648,"url":"https:\/\/soy.usac.edu.gt\/?p=8648","url_meta":{"origin":2928,"position":5},"title":"Giammattei busca alianza con la USAC","author":"Divisi\u00f3n de Publicidad","date":"9 octubre, 2019","format":false,"excerpt":"El presidente electo, Alejandro Giammattei, visit\u00f3 el campus central de la USAC para buscar el apoyo de la Academia en la soluci\u00f3n de los problemas del pa\u00eds y llevar a cabo un trabajo en conjunto durante su gobierno.","rel":"","context":"En \u00abNoticias\u00bb","block_context":{"text":"Noticias","link":"https:\/\/soy.usac.edu.gt\/?cat=29"},"img":{"alt_text":"","src":"https:\/\/i0.wp.com\/soy.usac.edu.gt\/wp-content\/uploads\/2019\/10\/IMG_0107.jpg?resize=350%2C200&ssl=1","width":350,"height":200,"srcset":"https:\/\/i0.wp.com\/soy.usac.edu.gt\/wp-content\/uploads\/2019\/10\/IMG_0107.jpg?resize=350%2C200&ssl=1 1x, https:\/\/i0.wp.com\/soy.usac.edu.gt\/wp-content\/uploads\/2019\/10\/IMG_0107.jpg?resize=525%2C300&ssl=1 1.5x, https:\/\/i0.wp.com\/soy.usac.edu.gt\/wp-content\/uploads\/2019\/10\/IMG_0107.jpg?resize=700%2C400&ssl=1 2x, https:\/\/i0.wp.com\/soy.usac.edu.gt\/wp-content\/uploads\/2019\/10\/IMG_0107.jpg?resize=1050%2C600&ssl=1 3x, https:\/\/i0.wp.com\/soy.usac.edu.gt\/wp-content\/uploads\/2019\/10\/IMG_0107.jpg?resize=1400%2C800&ssl=1 4x"},"classes":[]}],"jetpack_sharing_enabled":true,"_links":{"self":[{"href":"https:\/\/soy.usac.edu.gt\/index.php?rest_route=\/wp\/v2\/posts\/2928","targetHints":{"allow":["GET"]}}],"collection":[{"href":"https:\/\/soy.usac.edu.gt\/index.php?rest_route=\/wp\/v2\/posts"}],"about":[{"href":"https:\/\/soy.usac.edu.gt\/index.php?rest_route=\/wp\/v2\/types\/post"}],"author":[{"embeddable":true,"href":"https:\/\/soy.usac.edu.gt\/index.php?rest_route=\/wp\/v2\/users\/14"}],"replies":[{"embeddable":true,"href":"https:\/\/soy.usac.edu.gt\/index.php?rest_route=%2Fwp%2Fv2%2Fcomments&post=2928"}],"version-history":[{"count":0,"href":"https:\/\/soy.usac.edu.gt\/index.php?rest_route=\/wp\/v2\/posts\/2928\/revisions"}],"wp:featuredmedia":[{"embeddable":true,"href":"https:\/\/soy.usac.edu.gt\/index.php?rest_route=\/wp\/v2\/media\/3041"}],"wp:attachment":[{"href":"https:\/\/soy.usac.edu.gt\/index.php?rest_route=%2Fwp%2Fv2%2Fmedia&parent=2928"}],"wp:term":[{"taxonomy":"category","embeddable":true,"href":"https:\/\/soy.usac.edu.gt\/index.php?rest_route=%2Fwp%2Fv2%2Fcategories&post=2928"},{"taxonomy":"post_tag","embeddable":true,"href":"https:\/\/soy.usac.edu.gt\/index.php?rest_route=%2Fwp%2Fv2%2Ftags&post=2928"}],"curies":[{"name":"wp","href":"https:\/\/api.w.org\/{rel}","templated":true}]}}