{"id":3073,"date":"2018-11-09T15:42:36","date_gmt":"2018-11-09T21:42:36","guid":{"rendered":"http:\/\/c2.usac.edu.gt\/periodico_propuesta\/?p=3073"},"modified":"2018-11-09T16:50:23","modified_gmt":"2018-11-09T22:50:23","slug":"construyen-nueva-sede-de-la-usac-en-mixco","status":"publish","type":"post","link":"https:\/\/soy.usac.edu.gt\/?p=3073","title":{"rendered":"Abrir\u00e1n nueva sede de la USAC en Mixco"},"content":{"rendered":"<p style=\"text-align: left;\"><em><strong>La Universidad de San Carlos de Guatemala firm\u00f3 un convenio de cooperaci\u00f3n interinstitucional con la Municipalidad de Mixco para constituir un centro universitario en ese municipio.<\/strong><\/em><\/p>\n<p>Con la presencia del rector de la USAC, Ing. Murphy Paiz; secretario general, Arq. Carlos Valladares; coordinador de Cooperaci\u00f3n y Relaciones Internacionales, Dr. Carlos Orozco; y el alcalde de Mixco, Sr. Neto Bran, se estableci\u00f3 una alianza que generar\u00e1 desarrollo y facilitar\u00e1 el acceso de la poblaci\u00f3n mixque\u00f1a a la educaci\u00f3n superior.<\/p>\n<p style=\"text-align: justify;\">La finalidad del convenio es determinar las bases de colaboraci\u00f3n y apoyo entre ambas instituciones para proporcionar una oferta acad\u00e9mica que responda a las necesidades del municipio; disminuir costos de transporte y tiempo, intercambiar personal calificado, tecnolog\u00eda apropiada, investigaciones espec\u00edficas y pr\u00e1cticas docentes. Estas medidas buscan coadyuvar a los planes de desarrollo previstos por la administraci\u00f3n municipal.<\/p>\n<figure id=\"attachment_3079\" aria-describedby=\"caption-attachment-3079\" style=\"width: 4752px\" class=\"wp-caption aligncenter\"><img loading=\"lazy\" decoding=\"async\" class=\"size-full wp-image-3079\" src=\"http:\/\/c2.usac.edu.gt\/periodico_propuesta\/wp-content\/uploads\/2018\/11\/2-1.jpg\" alt=\"El rector Ing. Murphy Paiz firm\u00f3 un convenio con el alcalde de Mixco Neto Bran para abrir un Centro Universitario en ese Municipio. Fotograf\u00eda de Elio Morales. \" width=\"4752\" height=\"3168\" srcset=\"https:\/\/soy.usac.edu.gt\/wp-content\/uploads\/2018\/11\/2-1.jpg 4752w, https:\/\/soy.usac.edu.gt\/wp-content\/uploads\/2018\/11\/2-1-300x200.jpg 300w, https:\/\/soy.usac.edu.gt\/wp-content\/uploads\/2018\/11\/2-1-768x512.jpg 768w, https:\/\/soy.usac.edu.gt\/wp-content\/uploads\/2018\/11\/2-1-1024x683.jpg 1024w, https:\/\/soy.usac.edu.gt\/wp-content\/uploads\/2018\/11\/2-1-630x420.jpg 630w, https:\/\/soy.usac.edu.gt\/wp-content\/uploads\/2018\/11\/2-1-640x427.jpg 640w, https:\/\/soy.usac.edu.gt\/wp-content\/uploads\/2018\/11\/2-1-681x454.jpg 681w\" sizes=\"auto, (max-width: 4752px) 100vw, 4752px\" \/><figcaption id=\"caption-attachment-3079\" class=\"wp-caption-text\">El rector Ing. Murphy Paiz firm\u00f3 un convenio con el alcalde de Mixco Neto Bran para abrir un Centro Universitario en ese Municipio. Fotograf\u00eda de Elio Morales.<\/figcaption><\/figure>\n<p style=\"text-align: justify;\">El alcalde expres\u00f3 su satisfacci\u00f3n por la firma del convenio, porque representa una oportunidad de que la poblaci\u00f3n mixque\u00f1a cuente con educaci\u00f3n superior. La proyecci\u00f3n para el 2019 es de aproximadamente 600 estudiantes inscritos en las facultades de Humanidades y Ciencias Jur\u00eddicas y Sociales.<\/p>\n<blockquote class=\"td_quote_box td_box_left\">\n<h4 style=\"text-align: left;\">Mediante la implementaci\u00f3n de nuevas sedes, la USAC da cumplimiento a sus objetivos de descentralizar la educaci\u00f3n superior y proveer nuevas opciones de formaci\u00f3n acad\u00e9mica a la poblaci\u00f3n.<\/h4>\n<\/blockquote>\n<p style=\"text-align: justify;\">Agreg\u00f3 que se ver\u00e1 favorecido el 60 % de los estudiantes de Mixco que actualmente viajan al campus central, ya que podr\u00e1n asistir al Centro Educativo Municipal (CEM), donde se impartir\u00e1n carreras universitarias y la Escuela de las Artes, avalada por la Escuela Superior de Arte de la USAC, mientras se construye el Centro Universitario Metropolitano de Mixco.<\/p>\n<p style=\"text-align: justify;\">El proyecto se fundamenta en la Pol\u00edtica de Ampliaci\u00f3n de Cobertura de la Educaci\u00f3n Superior de esta casa de estudios, que plantea extender y diversificar las oportunidades de formaci\u00f3n de acuerdo con las necesidades de cada regi\u00f3n.<\/p>\n<p style=\"text-align: justify;\">Adem\u00e1s el Plan Estrat\u00e9gico USAC-2022 contempla la necesidad de descentralizar y desconcentrar las funciones acad\u00e9micas, administrativas y financieras de la USAC para que cumpla eficientemente su misi\u00f3n y visi\u00f3n.<\/p>\n<p style=\"text-align: justify;\">El Ing. Murphy Paiz coment\u00f3: \u201cDescentralizar y desconcentrar la educaci\u00f3n superior pasa del discurso a un hecho concreto. En El Paseo de Campeones, que anteriormente era un canal donde se conduc\u00edan aguas negras, se ubica el CEM, donde se est\u00e1n construyendo m\u00f3dulos de capacitaci\u00f3n y formaci\u00f3n; aqu\u00ed iniciar\u00e1n a funcionar carreras de la Facultad de\u00a0 Humanidades y Ciencias Jur\u00eddicas y Sociales. Se tiene previsto que la construcci\u00f3n del Centro Universitario Metropolitano-Mixco sea concluida en dos a\u00f1os, las instalaciones ocupar\u00e1n dos manzanas de extensi\u00f3n y se atender\u00e1 a la poblaci\u00f3n de lunes a domingo\u201d.<\/p>\n<figure id=\"attachment_3081\" aria-describedby=\"caption-attachment-3081\" style=\"width: 1024px\" class=\"wp-caption aligncenter\"><img loading=\"lazy\" decoding=\"async\" class=\"size-full wp-image-3081\" src=\"http:\/\/c2.usac.edu.gt\/periodico_propuesta\/wp-content\/uploads\/2018\/11\/WhatsApp-Image-2018-11-09-at-9.31.31-AM.jpeg\" alt=\"Proceso de construcci\u00f3n del Centro Educativo Municipal (CEM) que albergar\u00e1 el pr\u00f3ximo a\u00f1o las instalaciones de la USAC. Fotograf\u00eda cortes\u00eda de Elio Morales.\" width=\"1024\" height=\"768\" srcset=\"https:\/\/soy.usac.edu.gt\/wp-content\/uploads\/2018\/11\/WhatsApp-Image-2018-11-09-at-9.31.31-AM.jpeg 1024w, https:\/\/soy.usac.edu.gt\/wp-content\/uploads\/2018\/11\/WhatsApp-Image-2018-11-09-at-9.31.31-AM-300x225.jpeg 300w, https:\/\/soy.usac.edu.gt\/wp-content\/uploads\/2018\/11\/WhatsApp-Image-2018-11-09-at-9.31.31-AM-768x576.jpeg 768w, https:\/\/soy.usac.edu.gt\/wp-content\/uploads\/2018\/11\/WhatsApp-Image-2018-11-09-at-9.31.31-AM-560x420.jpeg 560w, https:\/\/soy.usac.edu.gt\/wp-content\/uploads\/2018\/11\/WhatsApp-Image-2018-11-09-at-9.31.31-AM-80x60.jpeg 80w, https:\/\/soy.usac.edu.gt\/wp-content\/uploads\/2018\/11\/WhatsApp-Image-2018-11-09-at-9.31.31-AM-100x75.jpeg 100w, https:\/\/soy.usac.edu.gt\/wp-content\/uploads\/2018\/11\/WhatsApp-Image-2018-11-09-at-9.31.31-AM-180x135.jpeg 180w, https:\/\/soy.usac.edu.gt\/wp-content\/uploads\/2018\/11\/WhatsApp-Image-2018-11-09-at-9.31.31-AM-238x178.jpeg 238w, https:\/\/soy.usac.edu.gt\/wp-content\/uploads\/2018\/11\/WhatsApp-Image-2018-11-09-at-9.31.31-AM-640x480.jpeg 640w, https:\/\/soy.usac.edu.gt\/wp-content\/uploads\/2018\/11\/WhatsApp-Image-2018-11-09-at-9.31.31-AM-681x511.jpeg 681w\" sizes=\"auto, (max-width: 1024px) 100vw, 1024px\" \/><figcaption id=\"caption-attachment-3081\" class=\"wp-caption-text\">Proceso de construcci\u00f3n del Centro Educativo Municipal (CEM) que albergar\u00e1 el pr\u00f3ximo a\u00f1o las instalaciones de la USAC. Fotograf\u00eda cortes\u00eda de Elio Morales.<\/figcaption><\/figure>\n<p style=\"text-align: justify;\">En el convenio la USAC asumi\u00f3 el compromiso de realizar las gestiones pertinentes ante la Municipalidad de Mixco para la donaci\u00f3n de un bien inmueble que servir\u00e1 para construir el Centro Universitario Metropolitano de Mixco (CUM-Mixco) y gestionar\u00e1 los recursos necesarios para su ejecuci\u00f3n. Con base en estudios que determinan los intereses de la poblaci\u00f3n del municipio y sitios aleda\u00f1os, se implementar\u00e1 una oferta acad\u00e9mica adecuada.<\/p>\n<p style=\"text-align: justify;\">Por su parte, la Municipalidad de Mixco aportar\u00e1 un bien inmueble en calidad de donaci\u00f3n a la universidad, para la ejecuci\u00f3n del proyecto, al cual dar\u00e1 acompa\u00f1amiento t\u00e9cnico para que se aplique la normativa territorial.<\/p>\n<p style=\"text-align: justify;\">El alcalde inst\u00f3 a los diputados del Congreso de la Rep\u00fablica a que eval\u00faen las necesidades presupuestarias de la universidad en este momento coyuntural, puesto que tambi\u00e9n se pone en riesgo concluir el proyecto.<\/p>\n","protected":false},"excerpt":{"rendered":"<p>La Universidad de San Carlos de Guatemala firm\u00f3 un convenio de cooperaci\u00f3n interinstitucional con la Municipalidad de Mixco para constituir un centro universitario en ese municipio. Con la presencia del rector de la USAC, Ing. Murphy Paiz; secretario general, Arq. Carlos Valladares; coordinador de Cooperaci\u00f3n y Relaciones Internacionales, Dr. Carlos Orozco; y el alcalde de [&hellip;]<\/p>\n","protected":false},"author":1,"featured_media":3080,"comment_status":"closed","ping_status":"open","sticky":false,"template":"","format":"standard","meta":{"_exactmetrics_skip_tracking":false,"_exactmetrics_sitenote_active":false,"_exactmetrics_sitenote_note":"","_exactmetrics_sitenote_category":0,"_jetpack_memberships_contains_paid_content":false,"footnotes":""},"categories":[29],"tags":[114,241,113,226],"class_list":["post-3073","post","type-post","status-publish","format-standard","has-post-thumbnail","hentry","category-noticias","tag-centros-universitarios","tag-mixco","tag-rector","tag-universidad-de-san-carlos"],"aioseo_notices":[],"jetpack_featured_media_url":"https:\/\/soy.usac.edu.gt\/wp-content\/uploads\/2018\/11\/WhatsApp-Image-2018-11-09-at-9.31.30-AM-1.jpeg","views":"","jetpack-related-posts":[{"id":2131,"url":"https:\/\/soy.usac.edu.gt\/?p=2131","url_meta":{"origin":3073,"position":0},"title":"Usac construir\u00e1 Centro Universitario en Mixco","author":"Divisi\u00f3n de Publicidad","date":"25 agosto, 2018","format":false,"excerpt":"La nueva sede de la USAC estar\u00e1 en la Colonia Monserrat Proyecto USAC-Mixco El rector de la Universidad de San Carlos de Guatemala, ingeniero Murphy Paiz, junto con el alcalde de Mixco, Neto Bran, trabajar\u00e1n en la planificaci\u00f3n del campus USAC- Mixco, que estar\u00e1 ubicado en la\u00a0colonia Nueva Montserrat de\u2026","rel":"","context":"En \u00abDepartamentales\u00bb","block_context":{"text":"Departamentales","link":"https:\/\/soy.usac.edu.gt\/?cat=66"},"img":{"alt_text":"","src":"https:\/\/i0.wp.com\/soy.usac.edu.gt\/wp-content\/uploads\/2018\/07\/NUEVA-SEDE-MIXCO.jpg?resize=350%2C200&ssl=1","width":350,"height":200,"srcset":"https:\/\/i0.wp.com\/soy.usac.edu.gt\/wp-content\/uploads\/2018\/07\/NUEVA-SEDE-MIXCO.jpg?resize=350%2C200&ssl=1 1x, https:\/\/i0.wp.com\/soy.usac.edu.gt\/wp-content\/uploads\/2018\/07\/NUEVA-SEDE-MIXCO.jpg?resize=525%2C300&ssl=1 1.5x, https:\/\/i0.wp.com\/soy.usac.edu.gt\/wp-content\/uploads\/2018\/07\/NUEVA-SEDE-MIXCO.jpg?resize=700%2C400&ssl=1 2x"},"classes":[]},{"id":4990,"url":"https:\/\/soy.usac.edu.gt\/?p=4990","url_meta":{"origin":3073,"position":1},"title":"CUNMIXCO ya es una realidad","author":"Edwin Medina","date":"16 marzo, 2019","format":false,"excerpt":"Autoridades de la Universidad de San Carlos oficializaron e inauguraron la sede de la Facultad de Humanidades en el municipio de Mixco.","rel":"","context":"En \u00abNoticias\u00bb","block_context":{"text":"Noticias","link":"https:\/\/soy.usac.edu.gt\/?cat=29"},"img":{"alt_text":"","src":"https:\/\/i0.wp.com\/soy.usac.edu.gt\/wp-content\/uploads\/2019\/03\/DESTACADA-NUEVA.jpeg?resize=350%2C200&ssl=1","width":350,"height":200,"srcset":"https:\/\/i0.wp.com\/soy.usac.edu.gt\/wp-content\/uploads\/2019\/03\/DESTACADA-NUEVA.jpeg?resize=350%2C200&ssl=1 1x, https:\/\/i0.wp.com\/soy.usac.edu.gt\/wp-content\/uploads\/2019\/03\/DESTACADA-NUEVA.jpeg?resize=525%2C300&ssl=1 1.5x, https:\/\/i0.wp.com\/soy.usac.edu.gt\/wp-content\/uploads\/2019\/03\/DESTACADA-NUEVA.jpeg?resize=700%2C400&ssl=1 2x, https:\/\/i0.wp.com\/soy.usac.edu.gt\/wp-content\/uploads\/2019\/03\/DESTACADA-NUEVA.jpeg?resize=1050%2C600&ssl=1 3x"},"classes":[]},{"id":3141,"url":"https:\/\/soy.usac.edu.gt\/?p=3141","url_meta":{"origin":3073,"position":2},"title":"Usac firma convenio con Mixco","author":"Edwin Medina","date":"14 noviembre, 2018","format":"video","excerpt":"","rel":"","context":"En \u00abVideos\u00bb","block_context":{"text":"Videos","link":"https:\/\/soy.usac.edu.gt\/?cat=31"},"img":{"alt_text":"","src":"https:\/\/i0.wp.com\/soy.usac.edu.gt\/wp-content\/uploads\/2018\/11\/maxresdefault-11.jpg?resize=350%2C200&ssl=1","width":350,"height":200,"srcset":"https:\/\/i0.wp.com\/soy.usac.edu.gt\/wp-content\/uploads\/2018\/11\/maxresdefault-11.jpg?resize=350%2C200&ssl=1 1x, https:\/\/i0.wp.com\/soy.usac.edu.gt\/wp-content\/uploads\/2018\/11\/maxresdefault-11.jpg?resize=525%2C300&ssl=1 1.5x, https:\/\/i0.wp.com\/soy.usac.edu.gt\/wp-content\/uploads\/2018\/11\/maxresdefault-11.jpg?resize=700%2C400&ssl=1 2x, https:\/\/i0.wp.com\/soy.usac.edu.gt\/wp-content\/uploads\/2018\/11\/maxresdefault-11.jpg?resize=1050%2C600&ssl=1 3x"},"classes":[]},{"id":12513,"url":"https:\/\/soy.usac.edu.gt\/?p=12513","url_meta":{"origin":3073,"position":3},"title":"Revista de la Universidad de San Carlos No. 46","author":"Divisi\u00f3n de Publicidad","date":"10 octubre, 2020","format":false,"excerpt":"Le\u00e9 ac\u00e1 la m\u00e1s reciente Revista de la Universidad de San Carlos","rel":"","context":"En \u00abCultura\u00bb","block_context":{"text":"Cultura","link":"https:\/\/soy.usac.edu.gt\/?cat=97"},"img":{"alt_text":"","src":"https:\/\/i0.wp.com\/soy.usac.edu.gt\/wp-content\/uploads\/2020\/10\/Captura-de-Pantalla-2020-10-10-a-las-11.50.28.png?resize=350%2C200&ssl=1","width":350,"height":200,"srcset":"https:\/\/i0.wp.com\/soy.usac.edu.gt\/wp-content\/uploads\/2020\/10\/Captura-de-Pantalla-2020-10-10-a-las-11.50.28.png?resize=350%2C200&ssl=1 1x, https:\/\/i0.wp.com\/soy.usac.edu.gt\/wp-content\/uploads\/2020\/10\/Captura-de-Pantalla-2020-10-10-a-las-11.50.28.png?resize=525%2C300&ssl=1 1.5x, https:\/\/i0.wp.com\/soy.usac.edu.gt\/wp-content\/uploads\/2020\/10\/Captura-de-Pantalla-2020-10-10-a-las-11.50.28.png?resize=700%2C400&ssl=1 2x, https:\/\/i0.wp.com\/soy.usac.edu.gt\/wp-content\/uploads\/2020\/10\/Captura-de-Pantalla-2020-10-10-a-las-11.50.28.png?resize=1050%2C600&ssl=1 3x, https:\/\/i0.wp.com\/soy.usac.edu.gt\/wp-content\/uploads\/2020\/10\/Captura-de-Pantalla-2020-10-10-a-las-11.50.28.png?resize=1400%2C800&ssl=1 4x"},"classes":[]},{"id":12241,"url":"https:\/\/soy.usac.edu.gt\/?p=12241","url_meta":{"origin":3073,"position":4},"title":"Revista de la Universidad de San Carlos No. 45","author":"Divisi\u00f3n de Publicidad","date":"22 agosto, 2020","format":false,"excerpt":"En est\u00e1 edici\u00f3n podr\u00e1s leer; Ensayos, Control y vigilancia en tiempos del coronavirus\/ Linda Romero Ordun\u0303a","rel":"","context":"En \u00abCultura\u00bb","block_context":{"text":"Cultura","link":"https:\/\/soy.usac.edu.gt\/?cat=97"},"img":{"alt_text":"","src":"https:\/\/i0.wp.com\/soy.usac.edu.gt\/wp-content\/uploads\/2020\/08\/revista-destacada.jpg?resize=350%2C200&ssl=1","width":350,"height":200,"srcset":"https:\/\/i0.wp.com\/soy.usac.edu.gt\/wp-content\/uploads\/2020\/08\/revista-destacada.jpg?resize=350%2C200&ssl=1 1x, https:\/\/i0.wp.com\/soy.usac.edu.gt\/wp-content\/uploads\/2020\/08\/revista-destacada.jpg?resize=525%2C300&ssl=1 1.5x, https:\/\/i0.wp.com\/soy.usac.edu.gt\/wp-content\/uploads\/2020\/08\/revista-destacada.jpg?resize=700%2C400&ssl=1 2x, https:\/\/i0.wp.com\/soy.usac.edu.gt\/wp-content\/uploads\/2020\/08\/revista-destacada.jpg?resize=1050%2C600&ssl=1 3x"},"classes":[]},{"id":18522,"url":"https:\/\/soy.usac.edu.gt\/?p=18522","url_meta":{"origin":3073,"position":5},"title":"Usac acerca la entrega de t\u00edtulos a Sancarlistas graduados","author":"Edwin Medina","date":"24 septiembre, 2022","format":false,"excerpt":"Con la finalidad de apoyar a los nuevos profesionales egresados de USAC, esta casa de estudios superiores ha implementado un plan de entrega de t\u00edtulos en diferentes lugares del pa\u00eds.","rel":"","context":"En \u00abNoticias\u00bb","block_context":{"text":"Noticias","link":"https:\/\/soy.usac.edu.gt\/?cat=29"},"img":{"alt_text":"","src":"https:\/\/i0.wp.com\/soy.usac.edu.gt\/wp-content\/uploads\/2022\/09\/WhatsApp-Image-2022-09-23-at-7.50.28-PM-1-1.jpeg?resize=350%2C200&ssl=1","width":350,"height":200,"srcset":"https:\/\/i0.wp.com\/soy.usac.edu.gt\/wp-content\/uploads\/2022\/09\/WhatsApp-Image-2022-09-23-at-7.50.28-PM-1-1.jpeg?resize=350%2C200&ssl=1 1x, https:\/\/i0.wp.com\/soy.usac.edu.gt\/wp-content\/uploads\/2022\/09\/WhatsApp-Image-2022-09-23-at-7.50.28-PM-1-1.jpeg?resize=525%2C300&ssl=1 1.5x, https:\/\/i0.wp.com\/soy.usac.edu.gt\/wp-content\/uploads\/2022\/09\/WhatsApp-Image-2022-09-23-at-7.50.28-PM-1-1.jpeg?resize=700%2C400&ssl=1 2x, https:\/\/i0.wp.com\/soy.usac.edu.gt\/wp-content\/uploads\/2022\/09\/WhatsApp-Image-2022-09-23-at-7.50.28-PM-1-1.jpeg?resize=1050%2C600&ssl=1 3x, https:\/\/i0.wp.com\/soy.usac.edu.gt\/wp-content\/uploads\/2022\/09\/WhatsApp-Image-2022-09-23-at-7.50.28-PM-1-1.jpeg?resize=1400%2C800&ssl=1 4x"},"classes":[]}],"jetpack_sharing_enabled":true,"_links":{"self":[{"href":"https:\/\/soy.usac.edu.gt\/index.php?rest_route=\/wp\/v2\/posts\/3073","targetHints":{"allow":["GET"]}}],"collection":[{"href":"https:\/\/soy.usac.edu.gt\/index.php?rest_route=\/wp\/v2\/posts"}],"about":[{"href":"https:\/\/soy.usac.edu.gt\/index.php?rest_route=\/wp\/v2\/types\/post"}],"author":[{"embeddable":true,"href":"https:\/\/soy.usac.edu.gt\/index.php?rest_route=\/wp\/v2\/users\/1"}],"replies":[{"embeddable":true,"href":"https:\/\/soy.usac.edu.gt\/index.php?rest_route=%2Fwp%2Fv2%2Fcomments&post=3073"}],"version-history":[{"count":0,"href":"https:\/\/soy.usac.edu.gt\/index.php?rest_route=\/wp\/v2\/posts\/3073\/revisions"}],"wp:featuredmedia":[{"embeddable":true,"href":"https:\/\/soy.usac.edu.gt\/index.php?rest_route=\/wp\/v2\/media\/3080"}],"wp:attachment":[{"href":"https:\/\/soy.usac.edu.gt\/index.php?rest_route=%2Fwp%2Fv2%2Fmedia&parent=3073"}],"wp:term":[{"taxonomy":"category","embeddable":true,"href":"https:\/\/soy.usac.edu.gt\/index.php?rest_route=%2Fwp%2Fv2%2Fcategories&post=3073"},{"taxonomy":"post_tag","embeddable":true,"href":"https:\/\/soy.usac.edu.gt\/index.php?rest_route=%2Fwp%2Fv2%2Ftags&post=3073"}],"curies":[{"name":"wp","href":"https:\/\/api.w.org\/{rel}","templated":true}]}}