{"id":3141,"date":"2018-11-14T14:03:14","date_gmt":"2018-11-14T20:03:14","guid":{"rendered":"http:\/\/c2.usac.edu.gt\/periodico_propuesta\/?p=3141"},"modified":"2018-11-14T14:04:23","modified_gmt":"2018-11-14T20:04:23","slug":"usac-firma-convenio-con-mixco","status":"publish","type":"post","link":"https:\/\/soy.usac.edu.gt\/?p=3141","title":{"rendered":"Usac firma convenio con Mixco"},"content":{"rendered":"","protected":false},"excerpt":{"rendered":"","protected":false},"author":14,"featured_media":3144,"comment_status":"closed","ping_status":"open","sticky":false,"template":"","format":"video","meta":{"_exactmetrics_skip_tracking":false,"_exactmetrics_sitenote_active":false,"_exactmetrics_sitenote_note":"","_exactmetrics_sitenote_category":0,"_jetpack_memberships_contains_paid_content":false,"footnotes":""},"categories":[31],"tags":[114,241],"class_list":["post-3141","post","type-post","status-publish","format-video","has-post-thumbnail","hentry","category-videos","tag-centros-universitarios","tag-mixco","post_format-post-format-video"],"aioseo_notices":[],"jetpack_featured_media_url":"https:\/\/soy.usac.edu.gt\/wp-content\/uploads\/2018\/11\/maxresdefault-11.jpg","views":"","jetpack-related-posts":[{"id":3073,"url":"https:\/\/soy.usac.edu.gt\/?p=3073","url_meta":{"origin":3141,"position":0},"title":"Abrir\u00e1n nueva sede de la USAC en Mixco","author":"Divisi\u00f3n de Publicidad","date":"9 noviembre, 2018","format":false,"excerpt":"La Universidad de San Carlos de Guatemala firm\u00f3 un convenio de cooperaci\u00f3n interinstitucional con la Municipalidad de Mixco para constituir un centro universitario en ese municipio. Con la presencia del rector de la USAC, Ing. Murphy Paiz; secretario general, Arq. Carlos Valladares; coordinador de Cooperaci\u00f3n y Relaciones Internacionales, Dr. Carlos\u2026","rel":"","context":"En \u00abNoticias\u00bb","block_context":{"text":"Noticias","link":"https:\/\/soy.usac.edu.gt\/?cat=29"},"img":{"alt_text":"","src":"https:\/\/i0.wp.com\/soy.usac.edu.gt\/wp-content\/uploads\/2018\/11\/WhatsApp-Image-2018-11-09-at-9.31.30-AM-1.jpeg?resize=350%2C200&ssl=1","width":350,"height":200,"srcset":"https:\/\/i0.wp.com\/soy.usac.edu.gt\/wp-content\/uploads\/2018\/11\/WhatsApp-Image-2018-11-09-at-9.31.30-AM-1.jpeg?resize=350%2C200&ssl=1 1x, https:\/\/i0.wp.com\/soy.usac.edu.gt\/wp-content\/uploads\/2018\/11\/WhatsApp-Image-2018-11-09-at-9.31.30-AM-1.jpeg?resize=525%2C300&ssl=1 1.5x, https:\/\/i0.wp.com\/soy.usac.edu.gt\/wp-content\/uploads\/2018\/11\/WhatsApp-Image-2018-11-09-at-9.31.30-AM-1.jpeg?resize=700%2C400&ssl=1 2x"},"classes":[]},{"id":2131,"url":"https:\/\/soy.usac.edu.gt\/?p=2131","url_meta":{"origin":3141,"position":1},"title":"Usac construir\u00e1 Centro Universitario en Mixco","author":"Divisi\u00f3n de Publicidad","date":"25 agosto, 2018","format":false,"excerpt":"La nueva sede de la USAC estar\u00e1 en la Colonia Monserrat Proyecto USAC-Mixco El rector de la Universidad de San Carlos de Guatemala, ingeniero Murphy Paiz, junto con el alcalde de Mixco, Neto Bran, trabajar\u00e1n en la planificaci\u00f3n del campus USAC- Mixco, que estar\u00e1 ubicado en la\u00a0colonia Nueva Montserrat de\u2026","rel":"","context":"En \u00abDepartamentales\u00bb","block_context":{"text":"Departamentales","link":"https:\/\/soy.usac.edu.gt\/?cat=66"},"img":{"alt_text":"","src":"https:\/\/i0.wp.com\/soy.usac.edu.gt\/wp-content\/uploads\/2018\/07\/NUEVA-SEDE-MIXCO.jpg?resize=350%2C200&ssl=1","width":350,"height":200,"srcset":"https:\/\/i0.wp.com\/soy.usac.edu.gt\/wp-content\/uploads\/2018\/07\/NUEVA-SEDE-MIXCO.jpg?resize=350%2C200&ssl=1 1x, https:\/\/i0.wp.com\/soy.usac.edu.gt\/wp-content\/uploads\/2018\/07\/NUEVA-SEDE-MIXCO.jpg?resize=525%2C300&ssl=1 1.5x, https:\/\/i0.wp.com\/soy.usac.edu.gt\/wp-content\/uploads\/2018\/07\/NUEVA-SEDE-MIXCO.jpg?resize=700%2C400&ssl=1 2x"},"classes":[]},{"id":4990,"url":"https:\/\/soy.usac.edu.gt\/?p=4990","url_meta":{"origin":3141,"position":2},"title":"CUNMIXCO ya es una realidad","author":"Edwin Medina","date":"16 marzo, 2019","format":false,"excerpt":"Autoridades de la Universidad de San Carlos oficializaron e inauguraron la sede de la Facultad de Humanidades en el municipio de Mixco.","rel":"","context":"En \u00abNoticias\u00bb","block_context":{"text":"Noticias","link":"https:\/\/soy.usac.edu.gt\/?cat=29"},"img":{"alt_text":"","src":"https:\/\/i0.wp.com\/soy.usac.edu.gt\/wp-content\/uploads\/2019\/03\/DESTACADA-NUEVA.jpeg?resize=350%2C200&ssl=1","width":350,"height":200,"srcset":"https:\/\/i0.wp.com\/soy.usac.edu.gt\/wp-content\/uploads\/2019\/03\/DESTACADA-NUEVA.jpeg?resize=350%2C200&ssl=1 1x, https:\/\/i0.wp.com\/soy.usac.edu.gt\/wp-content\/uploads\/2019\/03\/DESTACADA-NUEVA.jpeg?resize=525%2C300&ssl=1 1.5x, https:\/\/i0.wp.com\/soy.usac.edu.gt\/wp-content\/uploads\/2019\/03\/DESTACADA-NUEVA.jpeg?resize=700%2C400&ssl=1 2x, https:\/\/i0.wp.com\/soy.usac.edu.gt\/wp-content\/uploads\/2019\/03\/DESTACADA-NUEVA.jpeg?resize=1050%2C600&ssl=1 3x"},"classes":[]},{"id":10251,"url":"https:\/\/soy.usac.edu.gt\/?p=10251","url_meta":{"origin":3141,"position":3},"title":"USAC crear\u00e1 m\u00e1s Centros Tecnol\u00f3gicos con el apoyo de Corea","author":"Edwin Medina","date":"13 enero, 2020","format":"video","excerpt":"La Agencia Nacional de la Sociedad de la Informaci\u00f3n de Corea revalid\u00f3 una carta de entendimiento con la USAC, esto posibilita la creaci\u00f3n de centros tecnol\u00f3gicos de informaci\u00f3n en distintos Centros Universitarios del pa\u00eds, justo como el que ya funciona en la Facultad de Ingenier\u00eda.\u00a0 #SoyUSAC","rel":"","context":"En \u00abNoticias\u00bb","block_context":{"text":"Noticias","link":"https:\/\/soy.usac.edu.gt\/?cat=29"},"img":{"alt_text":"","src":"https:\/\/i0.wp.com\/soy.usac.edu.gt\/wp-content\/uploads\/2020\/01\/maxresdefault-4.jpg?resize=350%2C200&ssl=1","width":350,"height":200,"srcset":"https:\/\/i0.wp.com\/soy.usac.edu.gt\/wp-content\/uploads\/2020\/01\/maxresdefault-4.jpg?resize=350%2C200&ssl=1 1x, https:\/\/i0.wp.com\/soy.usac.edu.gt\/wp-content\/uploads\/2020\/01\/maxresdefault-4.jpg?resize=525%2C300&ssl=1 1.5x, https:\/\/i0.wp.com\/soy.usac.edu.gt\/wp-content\/uploads\/2020\/01\/maxresdefault-4.jpg?resize=700%2C400&ssl=1 2x, https:\/\/i0.wp.com\/soy.usac.edu.gt\/wp-content\/uploads\/2020\/01\/maxresdefault-4.jpg?resize=1050%2C600&ssl=1 3x"},"classes":[]},{"id":5781,"url":"https:\/\/soy.usac.edu.gt\/?p=5781","url_meta":{"origin":3141,"position":4},"title":"USAC firma de convenio sobre gesti\u00f3n de riesgos","author":"Divisi\u00f3n de Publicidad","date":"2 mayo, 2019","format":false,"excerpt":"La universidad firm\u00f3 un convenio que fortalece los procesos de educaci\u00f3n superior en reducci\u00f3n de riesgos de desastres en el marco de cooperaci\u00f3n entre el Centro de Coordinaci\u00f3n para la Prevenci\u00f3n de los Desastres en Am\u00e9rica Central y Rep\u00fablica Dominicana (CEPREDENAC) y el Consejo Superior Universitario Centroamericano (CSCA).","rel":"","context":"En \u00abNoticias\u00bb","block_context":{"text":"Noticias","link":"https:\/\/soy.usac.edu.gt\/?cat=29"},"img":{"alt_text":"","src":"https:\/\/i0.wp.com\/soy.usac.edu.gt\/wp-content\/uploads\/2019\/05\/DSC_0122.jpg?resize=350%2C200&ssl=1","width":350,"height":200,"srcset":"https:\/\/i0.wp.com\/soy.usac.edu.gt\/wp-content\/uploads\/2019\/05\/DSC_0122.jpg?resize=350%2C200&ssl=1 1x, https:\/\/i0.wp.com\/soy.usac.edu.gt\/wp-content\/uploads\/2019\/05\/DSC_0122.jpg?resize=525%2C300&ssl=1 1.5x, https:\/\/i0.wp.com\/soy.usac.edu.gt\/wp-content\/uploads\/2019\/05\/DSC_0122.jpg?resize=700%2C400&ssl=1 2x, https:\/\/i0.wp.com\/soy.usac.edu.gt\/wp-content\/uploads\/2019\/05\/DSC_0122.jpg?resize=1050%2C600&ssl=1 3x, https:\/\/i0.wp.com\/soy.usac.edu.gt\/wp-content\/uploads\/2019\/05\/DSC_0122.jpg?resize=1400%2C800&ssl=1 4x"},"classes":[]},{"id":6591,"url":"https:\/\/soy.usac.edu.gt\/?p=6591","url_meta":{"origin":3141,"position":5},"title":"USAC y Universidad Chungbuk de Corea firman convenio de colaboraci\u00f3n acad\u00e9mica","author":"Divisi\u00f3n de Publicidad","date":"3 junio, 2019","format":"video","excerpt":"USAC y Universidad Chungbuk de Corea firman convenio de colaboraci\u00f3n acad\u00e9mica, lo que generar\u00e1 oportunidades de becas para sancarlistas.","rel":"","context":"En \u00abVideos\u00bb","block_context":{"text":"Videos","link":"https:\/\/soy.usac.edu.gt\/?cat=31"},"img":{"alt_text":"","src":"https:\/\/i0.wp.com\/soy.usac.edu.gt\/wp-content\/uploads\/2019\/06\/sddefault-2.jpg?resize=350%2C200&ssl=1","width":350,"height":200,"srcset":"https:\/\/i0.wp.com\/soy.usac.edu.gt\/wp-content\/uploads\/2019\/06\/sddefault-2.jpg?resize=350%2C200&ssl=1 1x, https:\/\/i0.wp.com\/soy.usac.edu.gt\/wp-content\/uploads\/2019\/06\/sddefault-2.jpg?resize=525%2C300&ssl=1 1.5x"},"classes":[]}],"jetpack_sharing_enabled":true,"_links":{"self":[{"href":"https:\/\/soy.usac.edu.gt\/index.php?rest_route=\/wp\/v2\/posts\/3141","targetHints":{"allow":["GET"]}}],"collection":[{"href":"https:\/\/soy.usac.edu.gt\/index.php?rest_route=\/wp\/v2\/posts"}],"about":[{"href":"https:\/\/soy.usac.edu.gt\/index.php?rest_route=\/wp\/v2\/types\/post"}],"author":[{"embeddable":true,"href":"https:\/\/soy.usac.edu.gt\/index.php?rest_route=\/wp\/v2\/users\/14"}],"replies":[{"embeddable":true,"href":"https:\/\/soy.usac.edu.gt\/index.php?rest_route=%2Fwp%2Fv2%2Fcomments&post=3141"}],"version-history":[{"count":0,"href":"https:\/\/soy.usac.edu.gt\/index.php?rest_route=\/wp\/v2\/posts\/3141\/revisions"}],"wp:featuredmedia":[{"embeddable":true,"href":"https:\/\/soy.usac.edu.gt\/index.php?rest_route=\/wp\/v2\/media\/3144"}],"wp:attachment":[{"href":"https:\/\/soy.usac.edu.gt\/index.php?rest_route=%2Fwp%2Fv2%2Fmedia&parent=3141"}],"wp:term":[{"taxonomy":"category","embeddable":true,"href":"https:\/\/soy.usac.edu.gt\/index.php?rest_route=%2Fwp%2Fv2%2Fcategories&post=3141"},{"taxonomy":"post_tag","embeddable":true,"href":"https:\/\/soy.usac.edu.gt\/index.php?rest_route=%2Fwp%2Fv2%2Ftags&post=3141"}],"curies":[{"name":"wp","href":"https:\/\/api.w.org\/{rel}","templated":true}]}}