{"id":3201,"date":"2018-11-16T09:29:18","date_gmt":"2018-11-16T15:29:18","guid":{"rendered":"http:\/\/c2.usac.edu.gt\/periodico_propuesta\/?p=3201"},"modified":"2018-11-16T09:39:39","modified_gmt":"2018-11-16T15:39:39","slug":"usac-da-distincion-doctor-honoris-causa-a-evo-morales","status":"publish","type":"post","link":"https:\/\/soy.usac.edu.gt\/?p=3201","title":{"rendered":"Usac da distinci\u00f3n doctor honoris causa a Evo Morales"},"content":{"rendered":"","protected":false},"excerpt":{"rendered":"","protected":false},"author":14,"featured_media":3206,"comment_status":"closed","ping_status":"open","sticky":false,"template":"","format":"video","meta":{"_exactmetrics_skip_tracking":false,"_exactmetrics_sitenote_active":false,"_exactmetrics_sitenote_note":"","_exactmetrics_sitenote_category":0,"_jetpack_memberships_contains_paid_content":false,"footnotes":""},"categories":[31],"tags":[253,239],"class_list":["post-3201","post","type-post","status-publish","format-video","has-post-thumbnail","hentry","category-videos","tag-evo-morales","tag-honoris-causa","post_format-post-format-video"],"aioseo_notices":[],"jetpack_featured_media_url":"https:\/\/soy.usac.edu.gt\/wp-content\/uploads\/2018\/11\/maxresdefault-14.jpg","views":"","jetpack-related-posts":[{"id":3180,"url":"https:\/\/soy.usac.edu.gt\/?p=3180","url_meta":{"origin":3201,"position":0},"title":"USAC otorga doctor honoris causa al presidente Evo Morales","author":"Divisi\u00f3n de Publicidad","date":"29 noviembre, 2018","format":false,"excerpt":"En el auditorio Francisco Vela Arango, de la Facultad de Ingenier\u00eda, edificio T-6 del campus central,\u00a0 se entreg\u00f3 la distinci\u00f3n acad\u00e9mica de doctor honoris causa al excelent\u00edsimo se\u00f1or presidente del Estado Plurinacional de la Rep\u00fablica de Bolivia, Juan Evo Morales Ayma. La investidura se produjo en un ambiente amenizado con\u2026","rel":"","context":"En \u00abNoticias\u00bb","block_context":{"text":"Noticias","link":"https:\/\/soy.usac.edu.gt\/?cat=29"},"img":{"alt_text":"","src":"https:\/\/i0.wp.com\/soy.usac.edu.gt\/wp-content\/uploads\/2018\/11\/evo-morales.jpg?resize=350%2C200&ssl=1","width":350,"height":200,"srcset":"https:\/\/i0.wp.com\/soy.usac.edu.gt\/wp-content\/uploads\/2018\/11\/evo-morales.jpg?resize=350%2C200&ssl=1 1x, https:\/\/i0.wp.com\/soy.usac.edu.gt\/wp-content\/uploads\/2018\/11\/evo-morales.jpg?resize=525%2C300&ssl=1 1.5x, https:\/\/i0.wp.com\/soy.usac.edu.gt\/wp-content\/uploads\/2018\/11\/evo-morales.jpg?resize=700%2C400&ssl=1 2x, https:\/\/i0.wp.com\/soy.usac.edu.gt\/wp-content\/uploads\/2018\/11\/evo-morales.jpg?resize=1050%2C600&ssl=1 3x"},"classes":[]},{"id":5180,"url":"https:\/\/soy.usac.edu.gt\/?p=5180","url_meta":{"origin":3201,"position":1},"title":"Aspirantes a ingresar a la USAC reciben gu\u00edas actualizadas","author":"Edwin Medina","date":"22 marzo, 2019","format":false,"excerpt":"Hoy se present\u00f3 oficialmente un libro preparatorio de Lenguaje, realizado por el doctor honoris causa Mario Roberto Morales.","rel":"","context":"En \u00abM\u00e1s Noticias\u00bb","block_context":{"text":"M\u00e1s Noticias","link":"https:\/\/soy.usac.edu.gt\/?cat=96"},"img":{"alt_text":"","src":"https:\/\/i0.wp.com\/soy.usac.edu.gt\/wp-content\/uploads\/2019\/03\/PORTADA-3.jpg?resize=350%2C200&ssl=1","width":350,"height":200,"srcset":"https:\/\/i0.wp.com\/soy.usac.edu.gt\/wp-content\/uploads\/2019\/03\/PORTADA-3.jpg?resize=350%2C200&ssl=1 1x, https:\/\/i0.wp.com\/soy.usac.edu.gt\/wp-content\/uploads\/2019\/03\/PORTADA-3.jpg?resize=525%2C300&ssl=1 1.5x, https:\/\/i0.wp.com\/soy.usac.edu.gt\/wp-content\/uploads\/2019\/03\/PORTADA-3.jpg?resize=700%2C400&ssl=1 2x, https:\/\/i0.wp.com\/soy.usac.edu.gt\/wp-content\/uploads\/2019\/03\/PORTADA-3.jpg?resize=1050%2C600&ssl=1 3x, https:\/\/i0.wp.com\/soy.usac.edu.gt\/wp-content\/uploads\/2019\/03\/PORTADA-3.jpg?resize=1400%2C800&ssl=1 4x"},"classes":[]},{"id":3138,"url":"https:\/\/soy.usac.edu.gt\/?p=3138","url_meta":{"origin":3201,"position":2},"title":"Otorgan Doctor Honoris Causa al arquitecto Jorge Montes C\u00f3rdoba","author":"Edwin Medina","date":"14 noviembre, 2018","format":"video","excerpt":"","rel":"","context":"En \u00abVideos\u00bb","block_context":{"text":"Videos","link":"https:\/\/soy.usac.edu.gt\/?cat=31"},"img":{"alt_text":"","src":"https:\/\/i0.wp.com\/soy.usac.edu.gt\/wp-content\/uploads\/2018\/11\/maxresdefault-9.jpg?resize=350%2C200&ssl=1","width":350,"height":200,"srcset":"https:\/\/i0.wp.com\/soy.usac.edu.gt\/wp-content\/uploads\/2018\/11\/maxresdefault-9.jpg?resize=350%2C200&ssl=1 1x, https:\/\/i0.wp.com\/soy.usac.edu.gt\/wp-content\/uploads\/2018\/11\/maxresdefault-9.jpg?resize=525%2C300&ssl=1 1.5x, https:\/\/i0.wp.com\/soy.usac.edu.gt\/wp-content\/uploads\/2018\/11\/maxresdefault-9.jpg?resize=700%2C400&ssl=1 2x, https:\/\/i0.wp.com\/soy.usac.edu.gt\/wp-content\/uploads\/2018\/11\/maxresdefault-9.jpg?resize=1050%2C600&ssl=1 3x"},"classes":[]},{"id":6630,"url":"https:\/\/soy.usac.edu.gt\/?p=6630","url_meta":{"origin":3201,"position":3},"title":"Honor a quien honor merece","author":"Divisi\u00f3n de Publicidad","date":"7 junio, 2019","format":false,"excerpt":"La USAC entreg\u00f3 la distinci\u00f3n de doctor honoris causa a Jos\u00e9 Antonio M\u00f3bil \u00a0Beltet\u00f3n en el Sal\u00f3n Mayor del Museo de la Universidad de San Carlos de Guatemala (MUSAC).","rel":"","context":"En \u00abCultura\u00bb","block_context":{"text":"Cultura","link":"https:\/\/soy.usac.edu.gt\/?cat=97"},"img":{"alt_text":"","src":"https:\/\/i0.wp.com\/soy.usac.edu.gt\/wp-content\/uploads\/2019\/06\/5-1.jpg?resize=350%2C200&ssl=1","width":350,"height":200,"srcset":"https:\/\/i0.wp.com\/soy.usac.edu.gt\/wp-content\/uploads\/2019\/06\/5-1.jpg?resize=350%2C200&ssl=1 1x, https:\/\/i0.wp.com\/soy.usac.edu.gt\/wp-content\/uploads\/2019\/06\/5-1.jpg?resize=525%2C300&ssl=1 1.5x, https:\/\/i0.wp.com\/soy.usac.edu.gt\/wp-content\/uploads\/2019\/06\/5-1.jpg?resize=700%2C400&ssl=1 2x, https:\/\/i0.wp.com\/soy.usac.edu.gt\/wp-content\/uploads\/2019\/06\/5-1.jpg?resize=1050%2C600&ssl=1 3x, https:\/\/i0.wp.com\/soy.usac.edu.gt\/wp-content\/uploads\/2019\/06\/5-1.jpg?resize=1400%2C800&ssl=1 4x"},"classes":[]},{"id":11068,"url":"https:\/\/soy.usac.edu.gt\/?p=11068","url_meta":{"origin":3201,"position":4},"title":"Ala\u00edde Foppa, doctora honoris causa in mem\u00f3riam","author":"Erick Iv\u00e1n de Le\u00f3n","date":"6 marzo, 2020","format":false,"excerpt":"El Consejo Superior Universitario (CSU), de la Universidad de San Carlos (USAC), concedi\u00f3 un homenaje p\u00f3stumo a la maestra Ala\u00edde Foppa, otorg\u00e1ndole in mem\u00f3riam la distinci\u00f3n Doctora Honoris Causa, en un acto conmemorativo realizado en el museo universitario, al que asistieron autoridades, catedr\u00e1ticos, estudiantes, profesionales e invitados especiales.","rel":"","context":"En \u00abNoticias\u00bb","block_context":{"text":"Noticias","link":"https:\/\/soy.usac.edu.gt\/?cat=29"},"img":{"alt_text":"","src":"https:\/\/i0.wp.com\/soy.usac.edu.gt\/wp-content\/uploads\/2020\/03\/WhatsApp-Image-2020-03-06-at-7.00.01-PM.jpeg?resize=350%2C200&ssl=1","width":350,"height":200,"srcset":"https:\/\/i0.wp.com\/soy.usac.edu.gt\/wp-content\/uploads\/2020\/03\/WhatsApp-Image-2020-03-06-at-7.00.01-PM.jpeg?resize=350%2C200&ssl=1 1x, https:\/\/i0.wp.com\/soy.usac.edu.gt\/wp-content\/uploads\/2020\/03\/WhatsApp-Image-2020-03-06-at-7.00.01-PM.jpeg?resize=525%2C300&ssl=1 1.5x, https:\/\/i0.wp.com\/soy.usac.edu.gt\/wp-content\/uploads\/2020\/03\/WhatsApp-Image-2020-03-06-at-7.00.01-PM.jpeg?resize=700%2C400&ssl=1 2x, https:\/\/i0.wp.com\/soy.usac.edu.gt\/wp-content\/uploads\/2020\/03\/WhatsApp-Image-2020-03-06-at-7.00.01-PM.jpeg?resize=1050%2C600&ssl=1 3x"},"classes":[]},{"id":15128,"url":"https:\/\/soy.usac.edu.gt\/?p=15128","url_meta":{"origin":3201,"position":5},"title":"Rinden homenaje al doctor Mario Roberto Morales","author":"Divisi\u00f3n de Publicidad","date":"18 septiembre, 2021","format":false,"excerpt":"El destacado acad\u00e9mico, a trav\u00e9s de sus ideas, dej\u00f3 un legado invaluable al pa\u00eds.","rel":"","context":"En \u00abNoticias\u00bb","block_context":{"text":"Noticias","link":"https:\/\/soy.usac.edu.gt\/?cat=29"},"img":{"alt_text":"","src":"https:\/\/i0.wp.com\/soy.usac.edu.gt\/wp-content\/uploads\/2021\/09\/15-1-scaled.jpg?resize=350%2C200&ssl=1","width":350,"height":200,"srcset":"https:\/\/i0.wp.com\/soy.usac.edu.gt\/wp-content\/uploads\/2021\/09\/15-1-scaled.jpg?resize=350%2C200&ssl=1 1x, https:\/\/i0.wp.com\/soy.usac.edu.gt\/wp-content\/uploads\/2021\/09\/15-1-scaled.jpg?resize=525%2C300&ssl=1 1.5x, https:\/\/i0.wp.com\/soy.usac.edu.gt\/wp-content\/uploads\/2021\/09\/15-1-scaled.jpg?resize=700%2C400&ssl=1 2x, https:\/\/i0.wp.com\/soy.usac.edu.gt\/wp-content\/uploads\/2021\/09\/15-1-scaled.jpg?resize=1050%2C600&ssl=1 3x, https:\/\/i0.wp.com\/soy.usac.edu.gt\/wp-content\/uploads\/2021\/09\/15-1-scaled.jpg?resize=1400%2C800&ssl=1 4x"},"classes":[]}],"jetpack_sharing_enabled":true,"_links":{"self":[{"href":"https:\/\/soy.usac.edu.gt\/index.php?rest_route=\/wp\/v2\/posts\/3201","targetHints":{"allow":["GET"]}}],"collection":[{"href":"https:\/\/soy.usac.edu.gt\/index.php?rest_route=\/wp\/v2\/posts"}],"about":[{"href":"https:\/\/soy.usac.edu.gt\/index.php?rest_route=\/wp\/v2\/types\/post"}],"author":[{"embeddable":true,"href":"https:\/\/soy.usac.edu.gt\/index.php?rest_route=\/wp\/v2\/users\/14"}],"replies":[{"embeddable":true,"href":"https:\/\/soy.usac.edu.gt\/index.php?rest_route=%2Fwp%2Fv2%2Fcomments&post=3201"}],"version-history":[{"count":0,"href":"https:\/\/soy.usac.edu.gt\/index.php?rest_route=\/wp\/v2\/posts\/3201\/revisions"}],"wp:featuredmedia":[{"embeddable":true,"href":"https:\/\/soy.usac.edu.gt\/index.php?rest_route=\/wp\/v2\/media\/3206"}],"wp:attachment":[{"href":"https:\/\/soy.usac.edu.gt\/index.php?rest_route=%2Fwp%2Fv2%2Fmedia&parent=3201"}],"wp:term":[{"taxonomy":"category","embeddable":true,"href":"https:\/\/soy.usac.edu.gt\/index.php?rest_route=%2Fwp%2Fv2%2Fcategories&post=3201"},{"taxonomy":"post_tag","embeddable":true,"href":"https:\/\/soy.usac.edu.gt\/index.php?rest_route=%2Fwp%2Fv2%2Ftags&post=3201"}],"curies":[{"name":"wp","href":"https:\/\/api.w.org\/{rel}","templated":true}]}}