{"id":3637,"date":"2019-01-29T11:58:35","date_gmt":"2019-01-29T17:58:35","guid":{"rendered":"https:\/\/soy.usac.edu.gt\/?p=3637"},"modified":"2019-01-29T12:06:22","modified_gmt":"2019-01-29T18:06:22","slug":"acreditan-carrera-de-quimica-farmaceutica","status":"publish","type":"post","link":"https:\/\/soy.usac.edu.gt\/?p=3637","title":{"rendered":"Acreditan carrera de Qu\u00edmica Farmac\u00e9utica"},"content":{"rendered":"<h4 style=\"text-align: justify;\"><strong>El Sistema Nacional de Acreditaci\u00f3n de la Educaci\u00f3n Superior (SINAES) entreg\u00f3 oficialmente el documento que acredita a la Licenciatura en Qu\u00edmica Farmac\u00e9utica de la Universidad de San Carlos de Guatemala.<\/strong><\/h4>\n<p>&nbsp;<\/p>\n<p style=\"text-align: justify;\">Esta credencial es un compromiso con la calidad educativa\u00a0 entre las instituciones que forman parte de un selecto grupo. La acreditaci\u00f3n del SINAES garantiza que las carreras cumplen los est\u00e1ndares acad\u00e9micos m\u00e1s altos.<\/p>\n<p><strong>\u00bfC\u00f3mo se eval\u00faa?<\/strong><\/p>\n<p style=\"text-align: justify;\">Para obtener una acreditaci\u00f3n del SINAES, se verifican elementos como el plan de estudios de la carrera, este deber\u00e1 ser actualizado y empatado con referentes internacionales. Se eval\u00faa la\u00a0 infraestructura, equipamiento tecnol\u00f3gico, las aptitudes y capacidades de investigaci\u00f3n de los docentes al impartir los respectivos cursos.<\/p>\n<p style=\"text-align: justify;\">Tambi\u00e9n se analiza la calidad acad\u00e9mica de los egresados y se dictamina su desarrollo profesional para determinar si \u00a0laboran en su campo de acci\u00f3n.<\/p>\n<p style=\"text-align: justify;\">El proceso inicia con una autoevaluaci\u00f3n de la misma instituci\u00f3n que busca ser acreditada, para verificar si puede aplicar. Despu\u00e9s se somete voluntariamente a los procesos rigurosos de evaluaci\u00f3n de la agencia acreditadora. SINAES env\u00eda a tres pares evaluadores internacionales; regularmente, uno de Europa, uno de Sudam\u00e9rica y otro de Costa Rica, este \u00faltimo garantiza la objetividad y transparencia del proceso de evaluaci\u00f3n.<\/p>\n<figure id=\"attachment_3647\" aria-describedby=\"caption-attachment-3647\" style=\"width: 6240px\" class=\"wp-caption aligncenter\"><img loading=\"lazy\" decoding=\"async\" class=\"size-full wp-image-3647\" src=\"https:\/\/soy.usac.edu.gt\/wp-content\/uploads\/2019\/01\/ACREDITACI\u00d3N-QU\u00cdMICA-FARMACE\u00daTICA-8.jpg\" alt=\"Momento en que se lee la acreditaci\u00f3n otorgada a a Licenciatura en Qu\u00edmica Farmac\u00e9utica. Fotograf\u00eda de Elio Morales\" width=\"6240\" height=\"4160\" srcset=\"https:\/\/soy.usac.edu.gt\/wp-content\/uploads\/2019\/01\/ACREDITACI\u00d3N-QU\u00cdMICA-FARMACE\u00daTICA-8.jpg 6240w, https:\/\/soy.usac.edu.gt\/wp-content\/uploads\/2019\/01\/ACREDITACI\u00d3N-QU\u00cdMICA-FARMACE\u00daTICA-8-300x200.jpg 300w, https:\/\/soy.usac.edu.gt\/wp-content\/uploads\/2019\/01\/ACREDITACI\u00d3N-QU\u00cdMICA-FARMACE\u00daTICA-8-768x512.jpg 768w, https:\/\/soy.usac.edu.gt\/wp-content\/uploads\/2019\/01\/ACREDITACI\u00d3N-QU\u00cdMICA-FARMACE\u00daTICA-8-1024x683.jpg 1024w, https:\/\/soy.usac.edu.gt\/wp-content\/uploads\/2019\/01\/ACREDITACI\u00d3N-QU\u00cdMICA-FARMACE\u00daTICA-8-630x420.jpg 630w, https:\/\/soy.usac.edu.gt\/wp-content\/uploads\/2019\/01\/ACREDITACI\u00d3N-QU\u00cdMICA-FARMACE\u00daTICA-8-640x427.jpg 640w, https:\/\/soy.usac.edu.gt\/wp-content\/uploads\/2019\/01\/ACREDITACI\u00d3N-QU\u00cdMICA-FARMACE\u00daTICA-8-681x454.jpg 681w\" sizes=\"auto, (max-width: 6240px) 100vw, 6240px\" \/><figcaption id=\"caption-attachment-3647\" class=\"wp-caption-text\">Momento en que se lee la acreditaci\u00f3n otorgada a a Licenciatura en Qu\u00edmica Farmac\u00e9utica. Fotograf\u00eda de <strong>Elio Morales<\/strong><\/figcaption><\/figure>\n<p style=\"text-align: justify;\">En la carrera de Qu\u00edmica Farmac\u00e9utica de la USAC, se entreg\u00f3 un informe para dar el aval; sin embargo, se solicit\u00f3 una carta de compromiso de mejoramiento de algunos procesos internos que se mantienen en reserva entre la agencia y la instituci\u00f3n evaluada. El certificado fue entregado al rector, Ing. Murphy Paiz; al decano de la facultad, Rub\u00e9n Vel\u00e1squez; y a los estudiantes que cursan la carrera.<\/p>\n<p style=\"text-align: justify;\">La m\u00e1ster Josefa Guzm\u00e1n, presidenta del Consejo Nacional de Acreditaci\u00f3n, inst\u00f3 a que se garanticen los procesos y acuerdos de actualizaci\u00f3n y mejoramiento para que el certificado se pueda mantener durante m\u00e1s tiempo.<\/p>\n<div id='gallery-1' class='gallery galleryid-3637 gallery-columns-3 gallery-size-thumbnail'><figure class='gallery-item'>\n\t\t\t<div class='gallery-icon landscape'>\n\t\t\t\t<a href='https:\/\/soy.usac.edu.gt\/?attachment_id=3652'><img loading=\"lazy\" decoding=\"async\" width=\"150\" height=\"150\" src=\"https:\/\/soy.usac.edu.gt\/wp-content\/uploads\/2019\/01\/ACREDITACI\u00d3N-QU\u00cdMICA-FARMACE\u00daTICA-13-1-150x150.jpg\" class=\"attachment-thumbnail size-thumbnail\" alt=\"\" aria-describedby=\"gallery-1-3652\" \/><\/a>\n\t\t\t<\/div>\n\t\t\t\t<figcaption class='wp-caption-text gallery-caption' id='gallery-1-3652'>\n\t\t\t\tFotograf\u00eda de Elio Morales\n\t\t\t\t<\/figcaption><\/figure><figure class='gallery-item'>\n\t\t\t<div class='gallery-icon landscape'>\n\t\t\t\t<a href='https:\/\/soy.usac.edu.gt\/?attachment_id=3651'><img loading=\"lazy\" decoding=\"async\" width=\"150\" height=\"150\" src=\"https:\/\/soy.usac.edu.gt\/wp-content\/uploads\/2019\/01\/ACREDITACI\u00d3N-QU\u00cdMICA-FARMACE\u00daTICA-12-150x150.jpg\" class=\"attachment-thumbnail size-thumbnail\" alt=\"\" aria-describedby=\"gallery-1-3651\" \/><\/a>\n\t\t\t<\/div>\n\t\t\t\t<figcaption class='wp-caption-text gallery-caption' id='gallery-1-3651'>\n\t\t\t\tFotograf\u00eda de Elio Morales\n\t\t\t\t<\/figcaption><\/figure><figure class='gallery-item'>\n\t\t\t<div class='gallery-icon landscape'>\n\t\t\t\t<a href='https:\/\/soy.usac.edu.gt\/?attachment_id=3650'><img loading=\"lazy\" decoding=\"async\" width=\"150\" height=\"150\" src=\"https:\/\/soy.usac.edu.gt\/wp-content\/uploads\/2019\/01\/ACREDITACI\u00d3N-QU\u00cdMICA-FARMACE\u00daTICA-11-150x150.jpg\" class=\"attachment-thumbnail size-thumbnail\" alt=\"\" aria-describedby=\"gallery-1-3650\" \/><\/a>\n\t\t\t<\/div>\n\t\t\t\t<figcaption class='wp-caption-text gallery-caption' id='gallery-1-3650'>\n\t\t\t\tFotograf\u00eda de Elio Morales\n\t\t\t\t<\/figcaption><\/figure><figure class='gallery-item'>\n\t\t\t<div class='gallery-icon landscape'>\n\t\t\t\t<a href='https:\/\/soy.usac.edu.gt\/?attachment_id=3649'><img loading=\"lazy\" decoding=\"async\" width=\"150\" height=\"150\" src=\"https:\/\/soy.usac.edu.gt\/wp-content\/uploads\/2019\/01\/ACREDITACI\u00d3N-QU\u00cdMICA-FARMACE\u00daTICA-10-150x150.jpg\" class=\"attachment-thumbnail size-thumbnail\" alt=\"\" aria-describedby=\"gallery-1-3649\" \/><\/a>\n\t\t\t<\/div>\n\t\t\t\t<figcaption class='wp-caption-text gallery-caption' id='gallery-1-3649'>\n\t\t\t\tFotograf\u00eda de Elio Morales\n\t\t\t\t<\/figcaption><\/figure><figure class='gallery-item'>\n\t\t\t<div class='gallery-icon landscape'>\n\t\t\t\t<a href='https:\/\/soy.usac.edu.gt\/?attachment_id=3647'><img loading=\"lazy\" decoding=\"async\" width=\"150\" height=\"150\" src=\"https:\/\/soy.usac.edu.gt\/wp-content\/uploads\/2019\/01\/ACREDITACI\u00d3N-QU\u00cdMICA-FARMACE\u00daTICA-8-150x150.jpg\" class=\"attachment-thumbnail size-thumbnail\" alt=\"\" aria-describedby=\"gallery-1-3647\" \/><\/a>\n\t\t\t<\/div>\n\t\t\t\t<figcaption class='wp-caption-text gallery-caption' id='gallery-1-3647'>\n\t\t\t\tMomento en que se lee la acreditaci\u00f3n otorgada a a Licenciatura en Qu\u00edmica Farmac\u00e9utica. Fotograf\u00eda de Elio Morales\n\t\t\t\t<\/figcaption><\/figure><figure class='gallery-item'>\n\t\t\t<div class='gallery-icon landscape'>\n\t\t\t\t<a href='https:\/\/soy.usac.edu.gt\/?attachment_id=3646'><img loading=\"lazy\" decoding=\"async\" width=\"150\" height=\"150\" src=\"https:\/\/soy.usac.edu.gt\/wp-content\/uploads\/2019\/01\/ACREDITACI\u00d3N-QU\u00cdMICA-FARMACE\u00daTICA-7-150x150.jpg\" class=\"attachment-thumbnail size-thumbnail\" alt=\"\" aria-describedby=\"gallery-1-3646\" \/><\/a>\n\t\t\t<\/div>\n\t\t\t\t<figcaption class='wp-caption-text gallery-caption' id='gallery-1-3646'>\n\t\t\t\tFotograf\u00eda de Elio Morales\n\t\t\t\t<\/figcaption><\/figure><figure class='gallery-item'>\n\t\t\t<div class='gallery-icon landscape'>\n\t\t\t\t<a href='https:\/\/soy.usac.edu.gt\/?attachment_id=3639'><img loading=\"lazy\" decoding=\"async\" width=\"150\" height=\"150\" src=\"https:\/\/soy.usac.edu.gt\/wp-content\/uploads\/2019\/01\/ACREDITACI\u00d3N-QU\u00cdMICA-FARMACE\u00daTICA-13-150x150.jpg\" class=\"attachment-thumbnail size-thumbnail\" alt=\"\" aria-describedby=\"gallery-1-3639\" \/><\/a>\n\t\t\t<\/div>\n\t\t\t\t<figcaption class='wp-caption-text gallery-caption' id='gallery-1-3639'>\n\t\t\t\tFotograf\u00eda de Elio Morales\n\t\t\t\t<\/figcaption><\/figure><figure class='gallery-item'>\n\t\t\t<div class='gallery-icon landscape'>\n\t\t\t\t<a href='https:\/\/soy.usac.edu.gt\/?attachment_id=3640'><img loading=\"lazy\" decoding=\"async\" width=\"150\" height=\"150\" src=\"https:\/\/soy.usac.edu.gt\/wp-content\/uploads\/2019\/01\/ACREDITACI\u00d3N-QU\u00cdMICA-FARMACE\u00daTICA-1-150x150.jpg\" class=\"attachment-thumbnail size-thumbnail\" alt=\"\" aria-describedby=\"gallery-1-3640\" \/><\/a>\n\t\t\t<\/div>\n\t\t\t\t<figcaption class='wp-caption-text gallery-caption' id='gallery-1-3640'>\n\t\t\t\tFotograf\u00eda de Elio Morales\n\t\t\t\t<\/figcaption><\/figure><figure class='gallery-item'>\n\t\t\t<div class='gallery-icon landscape'>\n\t\t\t\t<a href='https:\/\/soy.usac.edu.gt\/?attachment_id=3641'><img loading=\"lazy\" decoding=\"async\" width=\"150\" height=\"150\" src=\"https:\/\/soy.usac.edu.gt\/wp-content\/uploads\/2019\/01\/ACREDITACI\u00d3N-QU\u00cdMICA-FARMACE\u00daTICA-2-150x150.jpg\" class=\"attachment-thumbnail size-thumbnail\" alt=\"\" aria-describedby=\"gallery-1-3641\" \/><\/a>\n\t\t\t<\/div>\n\t\t\t\t<figcaption class='wp-caption-text gallery-caption' id='gallery-1-3641'>\n\t\t\t\tFotograf\u00eda de Elio Morales\n\t\t\t\t<\/figcaption><\/figure><figure class='gallery-item'>\n\t\t\t<div class='gallery-icon landscape'>\n\t\t\t\t<a href='https:\/\/soy.usac.edu.gt\/?attachment_id=3642'><img loading=\"lazy\" decoding=\"async\" width=\"150\" height=\"150\" src=\"https:\/\/soy.usac.edu.gt\/wp-content\/uploads\/2019\/01\/ACREDITACI\u00d3N-QU\u00cdMICA-FARMACE\u00daTICA-3-150x150.jpg\" class=\"attachment-thumbnail size-thumbnail\" alt=\"\" aria-describedby=\"gallery-1-3642\" \/><\/a>\n\t\t\t<\/div>\n\t\t\t\t<figcaption class='wp-caption-text gallery-caption' id='gallery-1-3642'>\n\t\t\t\tFotograf\u00eda de Elio Morales\n\t\t\t\t<\/figcaption><\/figure><figure class='gallery-item'>\n\t\t\t<div class='gallery-icon landscape'>\n\t\t\t\t<a href='https:\/\/soy.usac.edu.gt\/?attachment_id=3643'><img loading=\"lazy\" decoding=\"async\" width=\"150\" height=\"150\" src=\"https:\/\/soy.usac.edu.gt\/wp-content\/uploads\/2019\/01\/ACREDITACI\u00d3N-QU\u00cdMICA-FARMACE\u00daTICA-4-150x150.jpg\" class=\"attachment-thumbnail size-thumbnail\" alt=\"\" aria-describedby=\"gallery-1-3643\" \/><\/a>\n\t\t\t<\/div>\n\t\t\t\t<figcaption class='wp-caption-text gallery-caption' id='gallery-1-3643'>\n\t\t\t\tFotograf\u00eda de Elio Morales\n\t\t\t\t<\/figcaption><\/figure><figure class='gallery-item'>\n\t\t\t<div class='gallery-icon landscape'>\n\t\t\t\t<a href='https:\/\/soy.usac.edu.gt\/?attachment_id=3645'><img loading=\"lazy\" decoding=\"async\" width=\"150\" height=\"150\" src=\"https:\/\/soy.usac.edu.gt\/wp-content\/uploads\/2019\/01\/ACREDITACI\u00d3N-QU\u00cdMICA-FARMACE\u00daTICA-6-150x150.jpg\" class=\"attachment-thumbnail size-thumbnail\" alt=\"\" aria-describedby=\"gallery-1-3645\" \/><\/a>\n\t\t\t<\/div>\n\t\t\t\t<figcaption class='wp-caption-text gallery-caption' id='gallery-1-3645'>\n\t\t\t\tFotograf\u00eda de Elio Morales\n\t\t\t\t<\/figcaption><\/figure>\n\t\t<\/div>\n\n<p><strong>\u00bfCu\u00e1nto dura la acreditaci\u00f3n?<\/strong><\/p>\n<p style=\"text-align: justify;\">Tiene vigencia por 4 a\u00f1os. Al finalizar este plazo, se puede optar a un proceso de reacreditaci\u00f3n por igual cantidad de tiempo, pero en algunos casos se pueden solicitar hasta 8 a\u00f1os.<\/p>\n<p><strong>M\u00e1s acreditaciones en proceso<\/strong><\/p>\n<p style=\"text-align: justify;\">La Facultad de Ciencias Qu\u00edmicas y Farmacia\u00a0 se encuentra en espera de otros avales para las carreras de Qu\u00edmica Biol\u00f3gica y Qu\u00edmica. La acreditaci\u00f3n podr\u00eda ser notificada en las pr\u00f3ximas semanas.<\/p>\n<p style=\"text-align: justify;\">\u00a0Las carreras de Ciencia Pol\u00edtica, Relaciones Internacionales\u00a0 y Sociolog\u00eda fueron acreditadas por SINAES y su certificado de calidad actualmente se encuentra vigente.<\/p>\n<p style=\"text-align: justify;\"><img loading=\"lazy\" decoding=\"async\" class=\"aligncenter size-full wp-image-3462\" src=\"https:\/\/soy.usac.edu.gt\/wp-content\/uploads\/2019\/01\/Cr\u00e9ditos-prensa-EDWIN-01.png\" alt=\"Cr\u00e9ditos prensa EDWIN-01\" width=\"1024\" height=\"400\" srcset=\"https:\/\/soy.usac.edu.gt\/wp-content\/uploads\/2019\/01\/Cr\u00e9ditos-prensa-EDWIN-01.png 1024w, https:\/\/soy.usac.edu.gt\/wp-content\/uploads\/2019\/01\/Cr\u00e9ditos-prensa-EDWIN-01-300x117.png 300w, https:\/\/soy.usac.edu.gt\/wp-content\/uploads\/2019\/01\/Cr\u00e9ditos-prensa-EDWIN-01-768x300.png 768w, https:\/\/soy.usac.edu.gt\/wp-content\/uploads\/2019\/01\/Cr\u00e9ditos-prensa-EDWIN-01-640x250.png 640w, https:\/\/soy.usac.edu.gt\/wp-content\/uploads\/2019\/01\/Cr\u00e9ditos-prensa-EDWIN-01-681x266.png 681w, https:\/\/soy.usac.edu.gt\/wp-content\/uploads\/2019\/01\/Cr\u00e9ditos-prensa-EDWIN-01-1021x400.png 1021w\" sizes=\"auto, (max-width: 1024px) 100vw, 1024px\" \/><\/p>\n","protected":false},"excerpt":{"rendered":"<p>El Sistema Nacional de Acreditaci\u00f3n de la Educaci\u00f3n Superior (SINAES) entreg\u00f3 oficialmente el documento que acredita a la Licenciatura en Qu\u00edmica Farmac\u00e9utica de la Universidad de San Carlos de Guatemala. &nbsp; Esta credencial es un compromiso con la calidad educativa\u00a0 entre las instituciones que forman parte de un selecto grupo. La acreditaci\u00f3n del SINAES garantiza [&hellip;]<\/p>\n","protected":false},"author":14,"featured_media":3639,"comment_status":"closed","ping_status":"open","sticky":false,"template":"","format":"standard","meta":{"_exactmetrics_skip_tracking":false,"_exactmetrics_sitenote_active":false,"_exactmetrics_sitenote_note":"","_exactmetrics_sitenote_category":0,"_jetpack_memberships_contains_paid_content":false,"footnotes":""},"categories":[29],"tags":[242,161,302],"class_list":["post-3637","post","type-post","status-publish","format-standard","has-post-thumbnail","hentry","category-noticias","tag-acreditacion","tag-facultad-de-ciencias-quimicas-y-farmacia","tag-licenciatura-en-quimica-farmaceutica"],"aioseo_notices":[],"jetpack_featured_media_url":"https:\/\/soy.usac.edu.gt\/wp-content\/uploads\/2019\/01\/ACREDITACI\u00d3N-QU\u00cdMICA-FARMACE\u00daTICA-13.jpg","views":"","jetpack-related-posts":[{"id":3071,"url":"https:\/\/soy.usac.edu.gt\/?p=3071","url_meta":{"origin":3637,"position":0},"title":"Qu\u00edmica farmac\u00e9utica ser\u00e1 acreditada por el SINAES","author":"Divisi\u00f3n de Publicidad","date":"9 noviembre, 2018","format":false,"excerpt":"La carrera de Qu\u00edmica Farmac\u00e9utica de la Facultad de Ciencias Qu\u00edmicas y Farmacia recibir\u00e1\u00a0el pr\u00f3ximo\u00a0mi\u00e9rcoles 14 de noviembre la certificaci\u00f3n del Sistema Nacional de Acreditaci\u00f3n de la Educaci\u00f3n Superior (SINAES), con sede en la Rep\u00fablica de Costa Rica. La acreditaci\u00f3n de carreras es un proceso evaluativo basado en est\u00e1ndares previamente\u2026","rel":"","context":"En \u00abNoticias\u00bb","block_context":{"text":"Noticias","link":"https:\/\/soy.usac.edu.gt\/?cat=29"},"img":{"alt_text":"","src":"https:\/\/i0.wp.com\/soy.usac.edu.gt\/wp-content\/uploads\/2018\/11\/LABORATORIO-CLINICO-19.jpg?resize=350%2C200&ssl=1","width":350,"height":200,"srcset":"https:\/\/i0.wp.com\/soy.usac.edu.gt\/wp-content\/uploads\/2018\/11\/LABORATORIO-CLINICO-19.jpg?resize=350%2C200&ssl=1 1x, https:\/\/i0.wp.com\/soy.usac.edu.gt\/wp-content\/uploads\/2018\/11\/LABORATORIO-CLINICO-19.jpg?resize=525%2C300&ssl=1 1.5x, https:\/\/i0.wp.com\/soy.usac.edu.gt\/wp-content\/uploads\/2018\/11\/LABORATORIO-CLINICO-19.jpg?resize=700%2C400&ssl=1 2x, https:\/\/i0.wp.com\/soy.usac.edu.gt\/wp-content\/uploads\/2018\/11\/LABORATORIO-CLINICO-19.jpg?resize=1050%2C600&ssl=1 3x, https:\/\/i0.wp.com\/soy.usac.edu.gt\/wp-content\/uploads\/2018\/11\/LABORATORIO-CLINICO-19.jpg?resize=1400%2C800&ssl=1 4x"},"classes":[]},{"id":8712,"url":"https:\/\/soy.usac.edu.gt\/?p=8712","url_meta":{"origin":3637,"position":1},"title":"Acreditan las licenciaturas de Qu\u00edmica y Qu\u00edmica Biol\u00f3gica","author":"Divisi\u00f3n de Publicidad","date":"10 octubre, 2019","format":false,"excerpt":"El Sistema Nacional de Acreditaci\u00f3n de la Educaci\u00f3n Superior SINAES otorg\u00f3 los certificados de acreditaci\u00f3n luego de que las carreras cumplieran con los est\u00e1ndares\u00a0 internacionales de calidad educativa.","rel":"","context":"En \u00abNoticias\u00bb","block_context":{"text":"Noticias","link":"https:\/\/soy.usac.edu.gt\/?cat=29"},"img":{"alt_text":"","src":"https:\/\/i0.wp.com\/soy.usac.edu.gt\/wp-content\/uploads\/2019\/10\/17.jpg?resize=350%2C200&ssl=1","width":350,"height":200,"srcset":"https:\/\/i0.wp.com\/soy.usac.edu.gt\/wp-content\/uploads\/2019\/10\/17.jpg?resize=350%2C200&ssl=1 1x, https:\/\/i0.wp.com\/soy.usac.edu.gt\/wp-content\/uploads\/2019\/10\/17.jpg?resize=525%2C300&ssl=1 1.5x, https:\/\/i0.wp.com\/soy.usac.edu.gt\/wp-content\/uploads\/2019\/10\/17.jpg?resize=700%2C400&ssl=1 2x, https:\/\/i0.wp.com\/soy.usac.edu.gt\/wp-content\/uploads\/2019\/10\/17.jpg?resize=1050%2C600&ssl=1 3x, https:\/\/i0.wp.com\/soy.usac.edu.gt\/wp-content\/uploads\/2019\/10\/17.jpg?resize=1400%2C800&ssl=1 4x"},"classes":[]},{"id":3837,"url":"https:\/\/soy.usac.edu.gt\/?p=3837","url_meta":{"origin":3637,"position":2},"title":"Carreras de Arquitectura y Dise\u00f1o Gr\u00e1fico acreditadas","author":"Divisi\u00f3n de Publicidad","date":"4 febrero, 2019","format":false,"excerpt":"La Agencia Centroamericana de Acreditaci\u00f3n de Arquitectura y de Ingenier\u00eda (ACAAI) acredit\u00f3 por cuatro a\u00f1os a las licenciaturas en Arquitectura y Dise\u00f1o Gr\u00e1fico. Hoy fueron entregadas las acreditaciones de los programas de ambas licenciaturas. Para el decano, Arq. Byron Rabe Rend\u00f3n, la acreditaci\u00f3n de estas carreras es un logro relevante,\u2026","rel":"","context":"En \u00abNoticias\u00bb","block_context":{"text":"Noticias","link":"https:\/\/soy.usac.edu.gt\/?cat=29"},"img":{"alt_text":"","src":"https:\/\/i0.wp.com\/soy.usac.edu.gt\/wp-content\/uploads\/2019\/02\/acreditaci%C3%B3n-arq..jpg?resize=350%2C200&ssl=1","width":350,"height":200,"srcset":"https:\/\/i0.wp.com\/soy.usac.edu.gt\/wp-content\/uploads\/2019\/02\/acreditaci%C3%B3n-arq..jpg?resize=350%2C200&ssl=1 1x, https:\/\/i0.wp.com\/soy.usac.edu.gt\/wp-content\/uploads\/2019\/02\/acreditaci%C3%B3n-arq..jpg?resize=525%2C300&ssl=1 1.5x, https:\/\/i0.wp.com\/soy.usac.edu.gt\/wp-content\/uploads\/2019\/02\/acreditaci%C3%B3n-arq..jpg?resize=700%2C400&ssl=1 2x, https:\/\/i0.wp.com\/soy.usac.edu.gt\/wp-content\/uploads\/2019\/02\/acreditaci%C3%B3n-arq..jpg?resize=1050%2C600&ssl=1 3x, https:\/\/i0.wp.com\/soy.usac.edu.gt\/wp-content\/uploads\/2019\/02\/acreditaci%C3%B3n-arq..jpg?resize=1400%2C800&ssl=1 4x"},"classes":[]},{"id":20278,"url":"https:\/\/soy.usac.edu.gt\/?p=20278","url_meta":{"origin":3637,"position":3},"title":"La Facultad de Ciencias M\u00e9dicas ahora cuenta con est\u00e1ndares de calidad internacionales","author":"Divisi\u00f3n de Publicidad","date":"2 mayo, 2024","format":false,"excerpt":"El Consejo Mexicano para la Acreditaci\u00f3n de la Educaci\u00f3n M\u00e9dica (COMAEM) acredit\u00f3 la carrera de Ciencias M\u00e9dicas de la Universidad de San Carlos de Guatemala tras evaluar lineamientos acad\u00e9micos, t\u00e9cnicos y administrativos del programa de estudios. Este logro garantiza una formaci\u00f3n de calidad que impulsa la mejora continua y la\u2026","rel":"","context":"En \u00abSin categor\u00eda\u00bb","block_context":{"text":"Sin categor\u00eda","link":"https:\/\/soy.usac.edu.gt\/?cat=1"},"img":{"alt_text":"","src":"https:\/\/i0.wp.com\/soy.usac.edu.gt\/wp-content\/uploads\/2024\/05\/WhatsApp-Image-2024-05-02-at-1.03.06-PM-4.jpeg?resize=350%2C200&ssl=1","width":350,"height":200,"srcset":"https:\/\/i0.wp.com\/soy.usac.edu.gt\/wp-content\/uploads\/2024\/05\/WhatsApp-Image-2024-05-02-at-1.03.06-PM-4.jpeg?resize=350%2C200&ssl=1 1x, https:\/\/i0.wp.com\/soy.usac.edu.gt\/wp-content\/uploads\/2024\/05\/WhatsApp-Image-2024-05-02-at-1.03.06-PM-4.jpeg?resize=525%2C300&ssl=1 1.5x, https:\/\/i0.wp.com\/soy.usac.edu.gt\/wp-content\/uploads\/2024\/05\/WhatsApp-Image-2024-05-02-at-1.03.06-PM-4.jpeg?resize=700%2C400&ssl=1 2x, https:\/\/i0.wp.com\/soy.usac.edu.gt\/wp-content\/uploads\/2024\/05\/WhatsApp-Image-2024-05-02-at-1.03.06-PM-4.jpeg?resize=1050%2C600&ssl=1 3x, https:\/\/i0.wp.com\/soy.usac.edu.gt\/wp-content\/uploads\/2024\/05\/WhatsApp-Image-2024-05-02-at-1.03.06-PM-4.jpeg?resize=1400%2C800&ssl=1 4x"},"classes":[]},{"id":9464,"url":"https:\/\/soy.usac.edu.gt\/?p=9464","url_meta":{"origin":3637,"position":4},"title":"Ingenier\u00eda Civil inicia proceso de reacreditaci\u00f3n","author":"Divisi\u00f3n de Publicidad","date":"30 octubre, 2019","format":false,"excerpt":"Este programa de formaci\u00f3n es el m\u00e1s antiguo de la Facultad de Ingenier\u00eda.","rel":"","context":"En \u00abNoticias\u00bb","block_context":{"text":"Noticias","link":"https:\/\/soy.usac.edu.gt\/?cat=29"},"img":{"alt_text":"","src":"https:\/\/i0.wp.com\/soy.usac.edu.gt\/wp-content\/uploads\/2019\/10\/fullsizeoutput_160.jpeg?resize=350%2C200&ssl=1","width":350,"height":200,"srcset":"https:\/\/i0.wp.com\/soy.usac.edu.gt\/wp-content\/uploads\/2019\/10\/fullsizeoutput_160.jpeg?resize=350%2C200&ssl=1 1x, https:\/\/i0.wp.com\/soy.usac.edu.gt\/wp-content\/uploads\/2019\/10\/fullsizeoutput_160.jpeg?resize=525%2C300&ssl=1 1.5x, https:\/\/i0.wp.com\/soy.usac.edu.gt\/wp-content\/uploads\/2019\/10\/fullsizeoutput_160.jpeg?resize=700%2C400&ssl=1 2x, https:\/\/i0.wp.com\/soy.usac.edu.gt\/wp-content\/uploads\/2019\/10\/fullsizeoutput_160.jpeg?resize=1050%2C600&ssl=1 3x, https:\/\/i0.wp.com\/soy.usac.edu.gt\/wp-content\/uploads\/2019\/10\/fullsizeoutput_160.jpeg?resize=1400%2C800&ssl=1 4x"},"classes":[]},{"id":5418,"url":"https:\/\/soy.usac.edu.gt\/?p=5418","url_meta":{"origin":3637,"position":5},"title":"Reacreditan a maestr\u00edas de Ingenier\u00eda","author":"Divisi\u00f3n de Publicidad","date":"1 abril, 2019","format":"video","excerpt":"Las maestr\u00eda de ingenier\u00eda sanitaria y la maestr\u00eda de recursos hidr\u00e1ulicos de la Facultad de Ingenier\u00eda fueron acreditadas por un organismo de acreditaci\u00f3n internacional.","rel":"","context":"En \u00abNoticias\u00bb","block_context":{"text":"Noticias","link":"https:\/\/soy.usac.edu.gt\/?cat=29"},"img":{"alt_text":"","src":"https:\/\/i0.wp.com\/soy.usac.edu.gt\/wp-content\/uploads\/2019\/04\/maxresdefault-2.jpg?resize=350%2C200&ssl=1","width":350,"height":200,"srcset":"https:\/\/i0.wp.com\/soy.usac.edu.gt\/wp-content\/uploads\/2019\/04\/maxresdefault-2.jpg?resize=350%2C200&ssl=1 1x, https:\/\/i0.wp.com\/soy.usac.edu.gt\/wp-content\/uploads\/2019\/04\/maxresdefault-2.jpg?resize=525%2C300&ssl=1 1.5x, https:\/\/i0.wp.com\/soy.usac.edu.gt\/wp-content\/uploads\/2019\/04\/maxresdefault-2.jpg?resize=700%2C400&ssl=1 2x, https:\/\/i0.wp.com\/soy.usac.edu.gt\/wp-content\/uploads\/2019\/04\/maxresdefault-2.jpg?resize=1050%2C600&ssl=1 3x"},"classes":[]}],"jetpack_sharing_enabled":true,"_links":{"self":[{"href":"https:\/\/soy.usac.edu.gt\/index.php?rest_route=\/wp\/v2\/posts\/3637","targetHints":{"allow":["GET"]}}],"collection":[{"href":"https:\/\/soy.usac.edu.gt\/index.php?rest_route=\/wp\/v2\/posts"}],"about":[{"href":"https:\/\/soy.usac.edu.gt\/index.php?rest_route=\/wp\/v2\/types\/post"}],"author":[{"embeddable":true,"href":"https:\/\/soy.usac.edu.gt\/index.php?rest_route=\/wp\/v2\/users\/14"}],"replies":[{"embeddable":true,"href":"https:\/\/soy.usac.edu.gt\/index.php?rest_route=%2Fwp%2Fv2%2Fcomments&post=3637"}],"version-history":[{"count":0,"href":"https:\/\/soy.usac.edu.gt\/index.php?rest_route=\/wp\/v2\/posts\/3637\/revisions"}],"wp:featuredmedia":[{"embeddable":true,"href":"https:\/\/soy.usac.edu.gt\/index.php?rest_route=\/wp\/v2\/media\/3639"}],"wp:attachment":[{"href":"https:\/\/soy.usac.edu.gt\/index.php?rest_route=%2Fwp%2Fv2%2Fmedia&parent=3637"}],"wp:term":[{"taxonomy":"category","embeddable":true,"href":"https:\/\/soy.usac.edu.gt\/index.php?rest_route=%2Fwp%2Fv2%2Fcategories&post=3637"},{"taxonomy":"post_tag","embeddable":true,"href":"https:\/\/soy.usac.edu.gt\/index.php?rest_route=%2Fwp%2Fv2%2Ftags&post=3637"}],"curies":[{"name":"wp","href":"https:\/\/api.w.org\/{rel}","templated":true}]}}