{"id":3919,"date":"2019-02-08T11:36:45","date_gmt":"2019-02-08T17:36:45","guid":{"rendered":"https:\/\/soy.usac.edu.gt\/?p=3919"},"modified":"2019-02-15T08:19:54","modified_gmt":"2019-02-15T14:19:54","slug":"personal-de-la-usac-acciona-contra-encapuchados-que-pretendian-realizar-bautizo","status":"publish","type":"post","link":"https:\/\/soy.usac.edu.gt\/?p=3919","title":{"rendered":"Personal de la USAC acciona contra encapuchados que pretend\u00edan realizar bautizo"},"content":{"rendered":"<h4 style=\"text-align: justify;\"><strong><em>Personal de seguridad\u00a0de la USAC intercept\u00f3 a los encapuchados en la entrada del Perif\u00e9rico al campus central.<\/em><\/strong><\/h4>\n<blockquote class=\"td_quote_box td_box_center\">\n<h4 style=\"text-align: left;\"><span style=\"color: #3366ff;\"><span style=\"color: #000000;\">Cualquier anomal\u00eda se puede\u00a0informar a<\/span>\u00a0<a style=\"color: #3366ff;\" href=\"http:\/\/usac-denuncia.firebaseapp.com\/\">denuncialo.usacenlinea.net.<\/a><\/span><\/h4>\n<\/blockquote>\n<p style=\"text-align: justify;\">Esta ma\u00f1ana el Perif\u00e9rico fue bloqueado, luego de que la seguridad interna de la USAC intercept\u00f3 un bus urbano que intentaba ingresar a supuestos estudiantes encapuchados.<\/p>\n<p style=\"text-align: justify;\">Aproximadamente unos cuarenta encapuchados, que se identificaron como integrantes del Comit\u00e9 de Huelga de Farmacia, pretend\u00edan realizar hoy un bautizo a estudiantes de primer ingreso, seg\u00fan declararon fuera de las instalaciones de la USAC.<\/p>\n<p style=\"text-align: justify;\">Una encapuchada, que se identific\u00f3 como La Pijije, declar\u00f3 a <strong><em>Soy USAC<\/em><\/strong> que la actividad era de car\u00e1cter voluntario y que se pretend\u00eda\u00a0trasladar a los estudiantes a un parque ecol\u00f3gico, donde se realizar\u00eda el bautizo.<\/p>\n<figure id=\"attachment_3937\" aria-describedby=\"caption-attachment-3937\" style=\"width: 6240px\" class=\"wp-caption aligncenter\"><img loading=\"lazy\" decoding=\"async\" class=\"size-full wp-image-3937\" src=\"https:\/\/soy.usac.edu.gt\/wp-content\/uploads\/2019\/02\/3-1.jpg\" alt=\"Estudiantes leen el comunicado que informa a la comunidad universitaria las prohibiciones para realizar bautizos. Fotograf\u00eda Elio Morales. \" width=\"6240\" height=\"4160\" srcset=\"https:\/\/soy.usac.edu.gt\/wp-content\/uploads\/2019\/02\/3-1.jpg 6240w, https:\/\/soy.usac.edu.gt\/wp-content\/uploads\/2019\/02\/3-1-300x200.jpg 300w, https:\/\/soy.usac.edu.gt\/wp-content\/uploads\/2019\/02\/3-1-768x512.jpg 768w, https:\/\/soy.usac.edu.gt\/wp-content\/uploads\/2019\/02\/3-1-1024x683.jpg 1024w, https:\/\/soy.usac.edu.gt\/wp-content\/uploads\/2019\/02\/3-1-630x420.jpg 630w, https:\/\/soy.usac.edu.gt\/wp-content\/uploads\/2019\/02\/3-1-640x427.jpg 640w, https:\/\/soy.usac.edu.gt\/wp-content\/uploads\/2019\/02\/3-1-681x454.jpg 681w\" sizes=\"auto, (max-width: 6240px) 100vw, 6240px\" \/><figcaption id=\"caption-attachment-3937\" class=\"wp-caption-text\">Estudiantes leen el comunicado que informa a la comunidad universitaria las prohibiciones para realizar bautizos.<\/figcaption><\/figure>\n<blockquote class=\"td_quote_box td_box_center\">\n<h4 style=\"text-align: justify;\"><strong>A primera hora,<\/strong> el decano de la facultad, Pablo Oliva, realiz\u00f3 un paso de aulas para informar sobre la prohibici\u00f3n de bautizos. Ley\u00f3 el comunicado emitido ayer para explicar que esta medida se tom\u00f3 para resguardar la integridad de los estudiantes.<\/h4>\n<\/blockquote>\n<p style=\"text-align: justify;\">Los encapuchados ingresaron a pie al campus central y se dirigieron al edificio S-12, en donde pretend\u00edan ingresar para llevarse a los estudiantes de primer ingreso; sin embargo, una valla humana, formada por el personal administrativo de la facultad, les impidi\u00f3 entrar.<\/p>\n<div class=\"jetpack-video-wrapper\"><iframe loading=\"lazy\" title=\"Personal administrativo de la Facultad de Qu\u00edmica y Farcia contienen a encapuchados\" width=\"640\" height=\"360\" src=\"https:\/\/www.youtube.com\/embed\/HCMVEzLm4c4?feature=oembed\" frameborder=\"0\" allow=\"accelerometer; autoplay; clipboard-write; encrypted-media; gyroscope; picture-in-picture; web-share\" referrerpolicy=\"strict-origin-when-cross-origin\" allowfullscreen><\/iframe><\/div>\n<p style=\"text-align: justify;\">Al lugar se present\u00f3 personal del Instituto de Derechos Humanos de la USAC, Departamento de Seguridad de la DIGA y Direcci\u00f3n de Asuntos Jur\u00eddicos.<\/p>\n<p style=\"text-align: justify;\">Sandra Elizabeth Gir\u00f3n Mej\u00eda, subdirectora de Asuntos Jur\u00eddicos de la USAC, declar\u00f3 que llegaron para dejar constancia de lo sucedido en un acta notarial.<\/p>\n<p style=\"text-align: justify;\">Seg\u00fan explic\u00f3, en ning\u00fan momento se coart\u00f3 la libre locomoci\u00f3n. La valla se realiz\u00f3 para mantener el orden y permitir que las actividades acad\u00e9micas se realizaran con normalidad.<\/p>\n<p style=\"text-align: justify;\">Gir\u00f3n\u00a0expuso que se actuar\u00e1 de conformidad con la legislaci\u00f3n universitaria vigente, que proh\u00edbe los bautizos.<\/p>\n<p><img loading=\"lazy\" decoding=\"async\" class=\"size-full wp-image-3938\" src=\"https:\/\/soy.usac.edu.gt\/wp-content\/uploads\/2019\/02\/5-1.jpg\" alt=\"Las actividades acad\u00e9micas se realizaron con normalidad. Fotograf\u00eda de Elio Morales. \" width=\"6240\" height=\"4160\" srcset=\"https:\/\/soy.usac.edu.gt\/wp-content\/uploads\/2019\/02\/5-1.jpg 6240w, https:\/\/soy.usac.edu.gt\/wp-content\/uploads\/2019\/02\/5-1-300x200.jpg 300w, https:\/\/soy.usac.edu.gt\/wp-content\/uploads\/2019\/02\/5-1-768x512.jpg 768w, https:\/\/soy.usac.edu.gt\/wp-content\/uploads\/2019\/02\/5-1-1024x683.jpg 1024w, https:\/\/soy.usac.edu.gt\/wp-content\/uploads\/2019\/02\/5-1-630x420.jpg 630w, https:\/\/soy.usac.edu.gt\/wp-content\/uploads\/2019\/02\/5-1-640x427.jpg 640w, https:\/\/soy.usac.edu.gt\/wp-content\/uploads\/2019\/02\/5-1-681x454.jpg 681w\" sizes=\"auto, (max-width: 6240px) 100vw, 6240px\" \/><\/p>\n<p>Las actividades acad\u00e9micas se realizaron con normalidad.\u00a0 \u00a0 \u00a0 \u00a0 \u00a0 \u00a0 \u00a0 \u00a0 \u00a0 \u00a0 \u00a0 \u00a0 \u00a0 \u00a0 \u00a0 \u00a0\u00a0<strong>\u00a0 \u00a0 \u00a0 \u00a0 \u00a0 \u00a0 \u00a0 \u00a0 \u00a0 \u00a0 \u00a0 \u00a0 \u00a0 \u00a0 \u00a0 \u00a0 \u00a0 \u00a0<\/strong><\/p>\n<p style=\"text-align: justify;\"><strong>\u00a0<\/strong><strong>Pese a prohibici\u00f3n<\/strong><\/p>\n<p style=\"text-align: justify;\">Los\u00a0encapuchados se retiraron con estudiantes de primer ingreso del campus central; seg\u00fan declararon, para realizar\u00a0 actividades recreativas fuera de la universidad, mientras gritaban: \u00ab\u00a1No voy obligado!\u00bb.<\/p>\n<figure id=\"attachment_3939\" aria-describedby=\"caption-attachment-3939\" style=\"width: 6240px\" class=\"wp-caption aligncenter\"><img loading=\"lazy\" decoding=\"async\" class=\"size-full wp-image-3939\" src=\"https:\/\/soy.usac.edu.gt\/wp-content\/uploads\/2019\/02\/10.jpg\" alt=\"Encapuchados se retiran en buses tomados. Fotograf\u00eda de Elio Morales. \" width=\"6240\" height=\"4160\" srcset=\"https:\/\/soy.usac.edu.gt\/wp-content\/uploads\/2019\/02\/10.jpg 6240w, https:\/\/soy.usac.edu.gt\/wp-content\/uploads\/2019\/02\/10-300x200.jpg 300w, https:\/\/soy.usac.edu.gt\/wp-content\/uploads\/2019\/02\/10-768x512.jpg 768w, https:\/\/soy.usac.edu.gt\/wp-content\/uploads\/2019\/02\/10-1024x683.jpg 1024w, https:\/\/soy.usac.edu.gt\/wp-content\/uploads\/2019\/02\/10-630x420.jpg 630w, https:\/\/soy.usac.edu.gt\/wp-content\/uploads\/2019\/02\/10-640x427.jpg 640w, https:\/\/soy.usac.edu.gt\/wp-content\/uploads\/2019\/02\/10-681x454.jpg 681w\" sizes=\"auto, (max-width: 6240px) 100vw, 6240px\" \/><figcaption id=\"caption-attachment-3939\" class=\"wp-caption-text\">Encapuchados se retiran en buses tomados. Fotograf\u00eda de Elio Morales.<\/figcaption><\/figure>\n<p style=\"text-align: justify;\"><strong>Sobre la prohibici\u00f3n de bautizos<\/strong><\/p>\n<p style=\"text-align: justify;\">En un acta difundida ayer por este medio, el Consejo Superior Universitario (CSU) inform\u00f3 a la comunidad universitaria la prohibici\u00f3n de realizar bautizos.<\/p>\n<p style=\"text-align: justify;\"><strong>Lea ac\u00e1 la informaci\u00f3n detallada sobre el acuerdo:<\/strong><\/p>\n<blockquote class=\"wp-embedded-content\" data-secret=\"UyVzxylTDf\"><p><a href=\"https:\/\/soy.usac.edu.gt\/?p=3907\">CSU accionar\u00e1 contra quienes violenten a\u00a0 estudiantes<\/a><\/p><\/blockquote>\n<p><iframe loading=\"lazy\" class=\"wp-embedded-content\" sandbox=\"allow-scripts\" security=\"restricted\" style=\"position: absolute; visibility: hidden;\" title=\"\u00abCSU accionar\u00e1 contra quienes violenten a\u00a0 estudiantes\u00bb \u2014 Actualidad USAC\" src=\"https:\/\/soy.usac.edu.gt\/?p=3907&#038;embed=true#?secret=5uy0k7Fwmq#?secret=UyVzxylTDf\" data-secret=\"UyVzxylTDf\" width=\"600\" height=\"338\" frameborder=\"0\" marginwidth=\"0\" marginheight=\"0\" scrolling=\"no\"><\/iframe><\/p>\n<blockquote class=\"td_quote_box td_box_center\">\n<h4><strong>Para denunciar<\/strong><\/h4>\n<h4 style=\"text-align: left;\">Una de las primeras acciones emprendidas por el rector, Ing. Murphy Paiz, fue la implementaci\u00f3n de la plataforma digital <span style=\"color: #3366ff;\"><a style=\"color: #3366ff;\" href=\"http:\/\/usac-denuncia.firebaseapp.com\/\">denuncialo.usacenlinea.net.<\/a><\/span><\/h4>\n<h4><\/h4>\n<\/blockquote>\n<p>&nbsp;<\/p>\n<figure id=\"attachment_3936\" aria-describedby=\"caption-attachment-3936\" style=\"width: 6240px\" class=\"wp-caption aligncenter\"><img loading=\"lazy\" decoding=\"async\" class=\"size-full wp-image-3936\" src=\"https:\/\/soy.usac.edu.gt\/wp-content\/uploads\/2019\/02\/2.jpg\" alt=\"Encapuchados muestran un rot\u00falo con la leyenda &quot;la actividad recreativa si se realizar\u00e1&quot;. Fotograf\u00eda de Elio Morales. \" width=\"6240\" height=\"4160\" srcset=\"https:\/\/soy.usac.edu.gt\/wp-content\/uploads\/2019\/02\/2.jpg 6240w, https:\/\/soy.usac.edu.gt\/wp-content\/uploads\/2019\/02\/2-300x200.jpg 300w, https:\/\/soy.usac.edu.gt\/wp-content\/uploads\/2019\/02\/2-768x512.jpg 768w, https:\/\/soy.usac.edu.gt\/wp-content\/uploads\/2019\/02\/2-1024x683.jpg 1024w, https:\/\/soy.usac.edu.gt\/wp-content\/uploads\/2019\/02\/2-630x420.jpg 630w, https:\/\/soy.usac.edu.gt\/wp-content\/uploads\/2019\/02\/2-640x427.jpg 640w, https:\/\/soy.usac.edu.gt\/wp-content\/uploads\/2019\/02\/2-681x454.jpg 681w\" sizes=\"auto, (max-width: 6240px) 100vw, 6240px\" \/><figcaption id=\"caption-attachment-3936\" class=\"wp-caption-text\">Encapuchados muestran un r\u00f3tulo con la leyenda \u00abla actividad recreativa si se realizar\u00e1\u00bb. <strong>Fotograf\u00eda de Elio Morales.<\/strong><\/figcaption><\/figure>\n<p><img loading=\"lazy\" decoding=\"async\" class=\"aligncenter size-full wp-image-3858\" src=\"https:\/\/soy.usac.edu.gt\/wp-content\/uploads\/2019\/02\/Cr\u00e9ditos-prensa-03.png\" alt=\"Cr\u00e9ditos prensa-03\" width=\"5079\" height=\"1960\" srcset=\"https:\/\/soy.usac.edu.gt\/wp-content\/uploads\/2019\/02\/Cr\u00e9ditos-prensa-03.png 5079w, https:\/\/soy.usac.edu.gt\/wp-content\/uploads\/2019\/02\/Cr\u00e9ditos-prensa-03-300x116.png 300w, https:\/\/soy.usac.edu.gt\/wp-content\/uploads\/2019\/02\/Cr\u00e9ditos-prensa-03-768x296.png 768w, https:\/\/soy.usac.edu.gt\/wp-content\/uploads\/2019\/02\/Cr\u00e9ditos-prensa-03-1024x395.png 1024w, https:\/\/soy.usac.edu.gt\/wp-content\/uploads\/2019\/02\/Cr\u00e9ditos-prensa-03-1088x420.png 1088w, https:\/\/soy.usac.edu.gt\/wp-content\/uploads\/2019\/02\/Cr\u00e9ditos-prensa-03-640x247.png 640w, https:\/\/soy.usac.edu.gt\/wp-content\/uploads\/2019\/02\/Cr\u00e9ditos-prensa-03-681x263.png 681w\" sizes=\"auto, (max-width: 5079px) 100vw, 5079px\" \/><\/p>\n","protected":false},"excerpt":{"rendered":"<p>Personal de seguridad\u00a0de la USAC intercept\u00f3 a los encapuchados en la entrada del Perif\u00e9rico al campus central. Cualquier anomal\u00eda se puede\u00a0informar a\u00a0denuncialo.usacenlinea.net. Esta ma\u00f1ana el Perif\u00e9rico fue bloqueado, luego de que la seguridad interna de la USAC intercept\u00f3 un bus urbano que intentaba ingresar a supuestos estudiantes encapuchados. Aproximadamente unos cuarenta encapuchados, que se identificaron [&hellip;]<\/p>\n","protected":false},"author":1,"featured_media":3934,"comment_status":"closed","ping_status":"open","sticky":false,"template":"","format":"standard","meta":{"_exactmetrics_skip_tracking":false,"_exactmetrics_sitenote_active":false,"_exactmetrics_sitenote_note":"","_exactmetrics_sitenote_category":0,"_jetpack_memberships_contains_paid_content":false,"footnotes":""},"categories":[96,29],"tags":[317,161,319],"class_list":["post-3919","post","type-post","status-publish","format-standard","has-post-thumbnail","hentry","category-mas-noticias","category-noticias","tag-consejo-superior-universitario","tag-facultad-de-ciencias-quimicas-y-farmacia","tag-prohibicion-de-bautizos"],"aioseo_notices":[],"jetpack_featured_media_url":"https:\/\/soy.usac.edu.gt\/wp-content\/uploads\/2019\/02\/policias-en-el-ingreso.jpg","views":"","jetpack-related-posts":[{"id":3119,"url":"https:\/\/soy.usac.edu.gt\/?p=3119","url_meta":{"origin":3919,"position":0},"title":"Estudiantes realizan Huelga de Dolores Extraordinaria","author":"Divisi\u00f3n de Publicidad","date":"13 noviembre, 2018","format":false,"excerpt":"Los comit\u00e9s de las distintas Unidades Acad\u00e9micas organizaron una Huelga de Dolores Extraordinaria para exigir al Congreso un presupuesto digno para la USAC. Encapuchados de la Universidad se reunieron en la rector\u00eda para emprender una caminata pac\u00edfica hacia el Congreso con el fin de exigir a los diputados la aprobaci\u00f3n\u2026","rel":"","context":"En \u00abNoticias\u00bb","block_context":{"text":"Noticias","link":"https:\/\/soy.usac.edu.gt\/?cat=29"},"img":{"alt_text":"","src":"https:\/\/i0.wp.com\/soy.usac.edu.gt\/wp-content\/uploads\/2018\/11\/MANIFESTACI%C3%93N-ENCAPUCHADOS-1.jpeg?resize=350%2C200&ssl=1","width":350,"height":200,"srcset":"https:\/\/i0.wp.com\/soy.usac.edu.gt\/wp-content\/uploads\/2018\/11\/MANIFESTACI%C3%93N-ENCAPUCHADOS-1.jpeg?resize=350%2C200&ssl=1 1x, https:\/\/i0.wp.com\/soy.usac.edu.gt\/wp-content\/uploads\/2018\/11\/MANIFESTACI%C3%93N-ENCAPUCHADOS-1.jpeg?resize=525%2C300&ssl=1 1.5x, https:\/\/i0.wp.com\/soy.usac.edu.gt\/wp-content\/uploads\/2018\/11\/MANIFESTACI%C3%93N-ENCAPUCHADOS-1.jpeg?resize=700%2C400&ssl=1 2x, https:\/\/i0.wp.com\/soy.usac.edu.gt\/wp-content\/uploads\/2018\/11\/MANIFESTACI%C3%93N-ENCAPUCHADOS-1.jpeg?resize=1050%2C600&ssl=1 3x"},"classes":[]},{"id":3763,"url":"https:\/\/soy.usac.edu.gt\/?p=3763","url_meta":{"origin":3919,"position":1},"title":"Estudiantes que organicen bautizos podr\u00edan ser expulsados","author":"Divisi\u00f3n de Publicidad","date":"31 enero, 2019","format":false,"excerpt":"El rector, Ing. Murphy Paiz, reiter\u00f3 que la prohibici\u00f3n de realizar bautizos sigue vigente y anunci\u00f3 medidas administrativas severas para los estudiantes que organicen actos que pongan en riesgo la integridad y los derechos humanos. Durante la celebraci\u00f3n del 343 aniversario de fundaci\u00f3n de la USAC, el rector, Ing. Murphy\u2026","rel":"","context":"En \u00abNoticias\u00bb","block_context":{"text":"Noticias","link":"https:\/\/soy.usac.edu.gt\/?cat=29"},"img":{"alt_text":"","src":"https:\/\/i0.wp.com\/soy.usac.edu.gt\/wp-content\/uploads\/2019\/01\/destacada-bautizos.jpg?resize=350%2C200&ssl=1","width":350,"height":200,"srcset":"https:\/\/i0.wp.com\/soy.usac.edu.gt\/wp-content\/uploads\/2019\/01\/destacada-bautizos.jpg?resize=350%2C200&ssl=1 1x, https:\/\/i0.wp.com\/soy.usac.edu.gt\/wp-content\/uploads\/2019\/01\/destacada-bautizos.jpg?resize=525%2C300&ssl=1 1.5x, https:\/\/i0.wp.com\/soy.usac.edu.gt\/wp-content\/uploads\/2019\/01\/destacada-bautizos.jpg?resize=700%2C400&ssl=1 2x, https:\/\/i0.wp.com\/soy.usac.edu.gt\/wp-content\/uploads\/2019\/01\/destacada-bautizos.jpg?resize=1050%2C600&ssl=1 3x"},"classes":[]},{"id":3907,"url":"https:\/\/soy.usac.edu.gt\/?p=3907","url_meta":{"origin":3919,"position":2},"title":"CSU accionar\u00e1 contra quienes violenten a\u00a0 estudiantes","author":"Divisi\u00f3n de Publicidad","date":"8 febrero, 2019","format":false,"excerpt":"Personas que no acaten las prohibiciones de realizar bautizos ser\u00e1n expulsadas y denunciadas ante el Ministerio P\u00fablico. Debido a indicios de agresiones f\u00edsicas, psicol\u00f3gicas y morales contra estudiantes de primer ingreso durante las actividades de bautizo, organizadas por estudiantes de reingreso y personas que se cubren los rostros con capuchas,\u2026","rel":"","context":"En \u00abM\u00e1s Noticias\u00bb","block_context":{"text":"M\u00e1s Noticias","link":"https:\/\/soy.usac.edu.gt\/?cat=96"},"img":{"alt_text":"","src":"https:\/\/i0.wp.com\/soy.usac.edu.gt\/wp-content\/uploads\/2019\/02\/DSC_0617.jpg?resize=350%2C200&ssl=1","width":350,"height":200,"srcset":"https:\/\/i0.wp.com\/soy.usac.edu.gt\/wp-content\/uploads\/2019\/02\/DSC_0617.jpg?resize=350%2C200&ssl=1 1x, https:\/\/i0.wp.com\/soy.usac.edu.gt\/wp-content\/uploads\/2019\/02\/DSC_0617.jpg?resize=525%2C300&ssl=1 1.5x, https:\/\/i0.wp.com\/soy.usac.edu.gt\/wp-content\/uploads\/2019\/02\/DSC_0617.jpg?resize=700%2C400&ssl=1 2x, https:\/\/i0.wp.com\/soy.usac.edu.gt\/wp-content\/uploads\/2019\/02\/DSC_0617.jpg?resize=1050%2C600&ssl=1 3x, https:\/\/i0.wp.com\/soy.usac.edu.gt\/wp-content\/uploads\/2019\/02\/DSC_0617.jpg?resize=1400%2C800&ssl=1 4x"},"classes":[]},{"id":3897,"url":"https:\/\/soy.usac.edu.gt\/?p=3897","url_meta":{"origin":3919,"position":3},"title":"Prohibici\u00f3n de bautizos","author":"Divisi\u00f3n de Publicidad","date":"7 febrero, 2019","format":false,"excerpt":"COMUNICADO URGENTE Transcripci\u00f3n del punto quinto del acta no. 5 de la sesi\u00f3n extraordinaria celebrada por el Consejo Superior Universitario el 6 de febrero del a\u00f1o 2019: Actividades de bautizo y o actividades de bienvenida a estudiantes de nuevo ingreso en las distintas unidades acad\u00e9micas de la universidad de San\u2026","rel":"","context":"En \u00abM\u00e1s Noticias\u00bb","block_context":{"text":"M\u00e1s Noticias","link":"https:\/\/soy.usac.edu.gt\/?cat=96"},"img":{"alt_text":"","src":"https:\/\/i0.wp.com\/soy.usac.edu.gt\/wp-content\/uploads\/2019\/02\/COMUNICADO-BAUTIZOS.jpg?resize=350%2C200&ssl=1","width":350,"height":200,"srcset":"https:\/\/i0.wp.com\/soy.usac.edu.gt\/wp-content\/uploads\/2019\/02\/COMUNICADO-BAUTIZOS.jpg?resize=350%2C200&ssl=1 1x, https:\/\/i0.wp.com\/soy.usac.edu.gt\/wp-content\/uploads\/2019\/02\/COMUNICADO-BAUTIZOS.jpg?resize=525%2C300&ssl=1 1.5x, https:\/\/i0.wp.com\/soy.usac.edu.gt\/wp-content\/uploads\/2019\/02\/COMUNICADO-BAUTIZOS.jpg?resize=700%2C400&ssl=1 2x, https:\/\/i0.wp.com\/soy.usac.edu.gt\/wp-content\/uploads\/2019\/02\/COMUNICADO-BAUTIZOS.jpg?resize=1050%2C600&ssl=1 3x"},"classes":[]},{"id":5516,"url":"https:\/\/soy.usac.edu.gt\/?p=5516","url_meta":{"origin":3919,"position":4},"title":"El verdadero sentido de la Huelga de Dolores","author":"Divisi\u00f3n de Publicidad","date":"9 abril, 2019","format":false,"excerpt":"Cobros ilegales, violencia y delincuencia ponen en entredicho a una tradici\u00f3n centenaria.","rel":"","context":"En \u00abNoticias\u00bb","block_context":{"text":"Noticias","link":"https:\/\/soy.usac.edu.gt\/?cat=29"},"img":{"alt_text":"","src":"https:\/\/i0.wp.com\/soy.usac.edu.gt\/wp-content\/uploads\/2019\/04\/57092855_790419088021008_6593255552229310464_n.jpg?resize=350%2C200&ssl=1","width":350,"height":200,"srcset":"https:\/\/i0.wp.com\/soy.usac.edu.gt\/wp-content\/uploads\/2019\/04\/57092855_790419088021008_6593255552229310464_n.jpg?resize=350%2C200&ssl=1 1x, https:\/\/i0.wp.com\/soy.usac.edu.gt\/wp-content\/uploads\/2019\/04\/57092855_790419088021008_6593255552229310464_n.jpg?resize=525%2C300&ssl=1 1.5x, https:\/\/i0.wp.com\/soy.usac.edu.gt\/wp-content\/uploads\/2019\/04\/57092855_790419088021008_6593255552229310464_n.jpg?resize=700%2C400&ssl=1 2x, https:\/\/i0.wp.com\/soy.usac.edu.gt\/wp-content\/uploads\/2019\/04\/57092855_790419088021008_6593255552229310464_n.jpg?resize=1050%2C600&ssl=1 3x, https:\/\/i0.wp.com\/soy.usac.edu.gt\/wp-content\/uploads\/2019\/04\/57092855_790419088021008_6593255552229310464_n.jpg?resize=1400%2C800&ssl=1 4x"},"classes":[]},{"id":4383,"url":"https:\/\/soy.usac.edu.gt\/?p=4383","url_meta":{"origin":3919,"position":5},"title":"CSU acord\u00f3 que contin\u00fae la investigaci\u00f3n para identificar a estudiantes que participaron en bautizos.","author":"Divisi\u00f3n de Publicidad","date":"3 marzo, 2019","format":false,"excerpt":"El CSU acord\u00f3 que contin\u00fae la investigaci\u00f3n que permita identificar a los estudiantes que participaron en las actividades prohibidas de bautizo, con el objeto de deducir responsabilidades.","rel":"","context":"En \u00abNoticias\u00bb","block_context":{"text":"Noticias","link":"https:\/\/soy.usac.edu.gt\/?cat=29"},"img":{"alt_text":"","src":"","width":0,"height":0},"classes":[]}],"jetpack_sharing_enabled":true,"_links":{"self":[{"href":"https:\/\/soy.usac.edu.gt\/index.php?rest_route=\/wp\/v2\/posts\/3919","targetHints":{"allow":["GET"]}}],"collection":[{"href":"https:\/\/soy.usac.edu.gt\/index.php?rest_route=\/wp\/v2\/posts"}],"about":[{"href":"https:\/\/soy.usac.edu.gt\/index.php?rest_route=\/wp\/v2\/types\/post"}],"author":[{"embeddable":true,"href":"https:\/\/soy.usac.edu.gt\/index.php?rest_route=\/wp\/v2\/users\/1"}],"replies":[{"embeddable":true,"href":"https:\/\/soy.usac.edu.gt\/index.php?rest_route=%2Fwp%2Fv2%2Fcomments&post=3919"}],"version-history":[{"count":0,"href":"https:\/\/soy.usac.edu.gt\/index.php?rest_route=\/wp\/v2\/posts\/3919\/revisions"}],"wp:featuredmedia":[{"embeddable":true,"href":"https:\/\/soy.usac.edu.gt\/index.php?rest_route=\/wp\/v2\/media\/3934"}],"wp:attachment":[{"href":"https:\/\/soy.usac.edu.gt\/index.php?rest_route=%2Fwp%2Fv2%2Fmedia&parent=3919"}],"wp:term":[{"taxonomy":"category","embeddable":true,"href":"https:\/\/soy.usac.edu.gt\/index.php?rest_route=%2Fwp%2Fv2%2Fcategories&post=3919"},{"taxonomy":"post_tag","embeddable":true,"href":"https:\/\/soy.usac.edu.gt\/index.php?rest_route=%2Fwp%2Fv2%2Ftags&post=3919"}],"curies":[{"name":"wp","href":"https:\/\/api.w.org\/{rel}","templated":true}]}}