{"id":4264,"date":"2019-02-26T16:45:54","date_gmt":"2019-02-26T22:45:54","guid":{"rendered":"https:\/\/soy.usac.edu.gt\/?p=4264"},"modified":"2019-02-27T10:21:46","modified_gmt":"2019-02-27T16:21:46","slug":"imagenes-satelitales-para-el-monitoreo-ambiental","status":"publish","type":"post","link":"https:\/\/soy.usac.edu.gt\/?p=4264","title":{"rendered":"La sancarlista que investiga con sat\u00e9lites de la NASA"},"content":{"rendered":"<h4 style=\"text-align: justify;\"><em><strong>\u00c1frica Flores, egresada de la Facultad de Agronom\u00eda, monitorea el medio ambiente a trav\u00e9s de sensores satelitales de la NASA. <\/strong><\/em><\/h4>\n<p style=\"text-align: justify;\">La ingeniera \u00c1frica Flores es egresada de la Universidad de San Carlos y encargada del\u00a0 proyecto <em>\u201cPredicci\u00f3n de florecimiento de algas nocivas a trav\u00e9s de inteligencia artificial, un caso de estudio para el Lago de Atitl\u00e1n\u00bb<\/em>, de las reconocidas instituciones National Geographic y Microsoft. Labora para la Universidad de Alabama en Hunstville y comparti\u00f3 su trabajo de investigaci\u00f3n con los futuros agr\u00f3nomos de la USAC.<\/p>\n<p style=\"text-align: justify;\">\u00c1frica coment\u00f3 que el proyecto se basa en el monitoreo de la calidad del agua, predicci\u00f3n de floraciones de algas nocivas a trav\u00e9s de im\u00e1genes satelitales de la NASA y resultados de modelos del tiempo. Se puede acceder a los datos satelitales utilizados de forma gratuita para su posterior an\u00e1lisis.<\/p>\n<blockquote class=\"td_quote_box td_box_center\">\n<h4>M\u00e1s de 10 millones de escenas satelitales han sido entregadas a diferentes usuarios en todo el mundo.<\/h4>\n<\/blockquote>\n<p style=\"text-align: justify;\">Actualmente existen diferentes agencias espaciales que ofrecen material que proviene de los sat\u00e9lites. \u00c1frica Flores trabaja en el proyecto SERVIR GLOBAL con la visi\u00f3n de \u00abunir el espacio con el pueblo\u00bb,\u00a0 ya que el fin primordial del programa es frenar los problemas de seguridad alimentaria, recursos h\u00eddricos, clima, uso de la tierra y desastres naturales.<\/p>\n<p style=\"text-align: justify;\">Flores es egresada de la USAC en la especialidad de Recursos Naturales Renovables. Argumenta que esta experiencia le ha aportado el conocimiento para poder empatar los temas de monitoreo satelital y validaci\u00f3n de campo, ya que es necesario comparar la informaci\u00f3n que se recibe de los sat\u00e9lites con la obtenida en las \u00e1reas de investigaci\u00f3n y con ello\u00a0 adquirir datos de alto valor.<\/p>\n<figure id=\"attachment_4269\" aria-describedby=\"caption-attachment-4269\" style=\"width: 6240px\" class=\"wp-caption aligncenter\"><img loading=\"lazy\" decoding=\"async\" class=\"size-full wp-image-4269\" src=\"https:\/\/soy.usac.edu.gt\/wp-content\/uploads\/2019\/02\/2-4.jpg\" alt=\"Public\u00f3 asistente a la charla de \u00c1frica Flores\" width=\"6240\" height=\"4160\" srcset=\"https:\/\/soy.usac.edu.gt\/wp-content\/uploads\/2019\/02\/2-4.jpg 6240w, https:\/\/soy.usac.edu.gt\/wp-content\/uploads\/2019\/02\/2-4-300x200.jpg 300w, https:\/\/soy.usac.edu.gt\/wp-content\/uploads\/2019\/02\/2-4-768x512.jpg 768w, https:\/\/soy.usac.edu.gt\/wp-content\/uploads\/2019\/02\/2-4-1024x683.jpg 1024w, https:\/\/soy.usac.edu.gt\/wp-content\/uploads\/2019\/02\/2-4-630x420.jpg 630w, https:\/\/soy.usac.edu.gt\/wp-content\/uploads\/2019\/02\/2-4-640x427.jpg 640w, https:\/\/soy.usac.edu.gt\/wp-content\/uploads\/2019\/02\/2-4-681x454.jpg 681w\" sizes=\"auto, (max-width: 6240px) 100vw, 6240px\" \/><figcaption id=\"caption-attachment-4269\" class=\"wp-caption-text\">P\u00fablico asistente en la charla de \u00c1frica Flores<\/figcaption><\/figure>\n<blockquote class=\"td_quote_box td_box_center\">\n<h4>Los sat\u00e9lites pueden ofrecer hasta\u00a0 30 metros de resoluci\u00f3n en bandas espectrales.<\/h4>\n<\/blockquote>\n<p><strong>Beneficio del proyecto <\/strong><\/p>\n<p style=\"text-align: justify;\">Como ejemplo de las instituciones beneficiadas se puede mencionar al\u00a0 Ministerio de Ambiente, que constantemente\u00a0 tiene que reportar la cobertura boscosa a trav\u00e9s de inventarios forestales, lo que puede ser muy costoso y conlleva demasiado tiempo. Las im\u00e1genes satelitales permiten hacer estimaciones de la cobertura forestal, b\u00e1sicamente se conoce cu\u00e1nto recurso se tiene y de qu\u00e9 calidad es.<\/p>\n<blockquote class=\"td_quote_box td_box_center\">\n<h4>La informaci\u00f3n actual puede ser comparada con datos desde el a\u00f1o 1970.<\/h4>\n<\/blockquote>\n<p style=\"text-align: justify;\">En los pr\u00f3ximos d\u00edas \u00c1frica Flores visitar\u00e1 el altiplano del pa\u00eds para dar continuidad al proyecto de calidad de agua del Lago de Atitl\u00e1n, como parte del programa que tiene activo National Geographic y Microsoft en Guatemala. Con este se verifica la condici\u00f3n del recurso h\u00eddrico de ese lugar. Adem\u00e1s se deber\u00e1 buscar apoyo local para la validaci\u00f3n de la investigaci\u00f3n.<\/p>\n<blockquote class=\"td_quote_box td_box_center\">\n<h4>El cat\u00e1logo de\u00a0 servicios\u00a0 puede ser consultado en <u><a href=\"http:\/\/www.servirglobal.net\">www.servirglobal.net<\/a><\/u><\/h4>\n<\/blockquote>\n<p style=\"text-align: justify;\"><img loading=\"lazy\" decoding=\"async\" class=\"aligncenter size-full wp-image-4270\" src=\"https:\/\/soy.usac.edu.gt\/wp-content\/uploads\/2019\/02\/3-4.jpg\" alt=\"3\" width=\"6240\" height=\"4160\" srcset=\"https:\/\/soy.usac.edu.gt\/wp-content\/uploads\/2019\/02\/3-4.jpg 6240w, https:\/\/soy.usac.edu.gt\/wp-content\/uploads\/2019\/02\/3-4-300x200.jpg 300w, https:\/\/soy.usac.edu.gt\/wp-content\/uploads\/2019\/02\/3-4-768x512.jpg 768w, https:\/\/soy.usac.edu.gt\/wp-content\/uploads\/2019\/02\/3-4-1024x683.jpg 1024w, https:\/\/soy.usac.edu.gt\/wp-content\/uploads\/2019\/02\/3-4-630x420.jpg 630w, https:\/\/soy.usac.edu.gt\/wp-content\/uploads\/2019\/02\/3-4-640x427.jpg 640w, https:\/\/soy.usac.edu.gt\/wp-content\/uploads\/2019\/02\/3-4-681x454.jpg 681w\" sizes=\"auto, (max-width: 6240px) 100vw, 6240px\" \/>Esta charla\u00a0fue parte del programa de\u00a0 vinculaci\u00f3n de\u00a0 los estudiantes de agronom\u00eda con los temas de innovaci\u00f3n tecnol\u00f3gica para su aplicaci\u00f3n en el campo, argument\u00f3 el decano, Ing. Mario God\u00ednez.<\/p>\n<p><img loading=\"lazy\" decoding=\"async\" class=\"aligncenter size-full wp-image-3894\" src=\"https:\/\/soy.usac.edu.gt\/wp-content\/uploads\/2019\/02\/Cr\u00e9ditos-prensa-02.png\" alt=\"Cr\u00e9ditos prensa-02\" width=\"5079\" height=\"1960\" srcset=\"https:\/\/soy.usac.edu.gt\/wp-content\/uploads\/2019\/02\/Cr\u00e9ditos-prensa-02.png 5079w, https:\/\/soy.usac.edu.gt\/wp-content\/uploads\/2019\/02\/Cr\u00e9ditos-prensa-02-300x116.png 300w, https:\/\/soy.usac.edu.gt\/wp-content\/uploads\/2019\/02\/Cr\u00e9ditos-prensa-02-768x296.png 768w, https:\/\/soy.usac.edu.gt\/wp-content\/uploads\/2019\/02\/Cr\u00e9ditos-prensa-02-1024x395.png 1024w, https:\/\/soy.usac.edu.gt\/wp-content\/uploads\/2019\/02\/Cr\u00e9ditos-prensa-02-1088x420.png 1088w, https:\/\/soy.usac.edu.gt\/wp-content\/uploads\/2019\/02\/Cr\u00e9ditos-prensa-02-640x247.png 640w, https:\/\/soy.usac.edu.gt\/wp-content\/uploads\/2019\/02\/Cr\u00e9ditos-prensa-02-681x263.png 681w\" sizes=\"auto, (max-width: 5079px) 100vw, 5079px\" \/><\/p>\n<p>&nbsp;<\/p>\n","protected":false},"excerpt":{"rendered":"<p>\u00c1frica Flores, egresada de la Facultad de Agronom\u00eda, monitorea el medio ambiente a trav\u00e9s de sensores satelitales de la NASA. La ingeniera \u00c1frica Flores es egresada de la Universidad de San Carlos y encargada del\u00a0 proyecto \u201cPredicci\u00f3n de florecimiento de algas nocivas a trav\u00e9s de inteligencia artificial, un caso de estudio para el Lago de [&hellip;]<\/p>\n","protected":false},"author":14,"featured_media":4268,"comment_status":"closed","ping_status":"open","sticky":false,"template":"","format":"standard","meta":{"_exactmetrics_skip_tracking":false,"_exactmetrics_sitenote_active":false,"_exactmetrics_sitenote_note":"","_exactmetrics_sitenote_category":0,"_jetpack_memberships_contains_paid_content":false,"footnotes":""},"categories":[122,29],"tags":[363,155,196],"class_list":["post-4264","post","type-post","status-publish","format-standard","has-post-thumbnail","hentry","category-ciencia-y-tecnologia","category-noticias","tag-africa-flores","tag-facultad-de-agronomia","tag-medio-ambiente"],"aioseo_notices":[],"jetpack_featured_media_url":"https:\/\/soy.usac.edu.gt\/wp-content\/uploads\/2019\/02\/1-3.jpg","views":"","jetpack-related-posts":[{"id":4315,"url":"https:\/\/soy.usac.edu.gt\/?p=4315","url_meta":{"origin":4264,"position":0},"title":"Egresada de la USAC\u00a0investiga con satelitales de la NASA.","author":"Divisi\u00f3n de Publicidad","date":"27 febrero, 2019","format":"video","excerpt":"La ingeniera \u00c1frica Flores es egresada de la Universidad de San Carlos y encargada del\u00a0 proyecto\u00a0\u201cPredicci\u00f3n de florecimiento de algas nocivas a trav\u00e9s de inteligencia artificial, un caso de estudio para el Lago de Atitl\u00e1n\u201d, de las reconocidas instituciones National Geographic y Microsoft. Labora para la Universidad de Alabama en\u2026","rel":"","context":"En \u00abVideos\u00bb","block_context":{"text":"Videos","link":"https:\/\/soy.usac.edu.gt\/?cat=31"},"img":{"alt_text":"","src":"https:\/\/i0.wp.com\/soy.usac.edu.gt\/wp-content\/uploads\/2019\/02\/sddefault-8.jpg?resize=350%2C200&ssl=1","width":350,"height":200,"srcset":"https:\/\/i0.wp.com\/soy.usac.edu.gt\/wp-content\/uploads\/2019\/02\/sddefault-8.jpg?resize=350%2C200&ssl=1 1x, https:\/\/i0.wp.com\/soy.usac.edu.gt\/wp-content\/uploads\/2019\/02\/sddefault-8.jpg?resize=525%2C300&ssl=1 1.5x"},"classes":[]},{"id":12470,"url":"https:\/\/soy.usac.edu.gt\/?p=12470","url_meta":{"origin":4264,"position":1},"title":"Sancarlista es reconocida como \u201cMujer Campeona Geoespacial del A\u00f1o\u201d","author":"Divisi\u00f3n de Publicidad","date":"7 octubre, 2020","format":false,"excerpt":"\u00c1frica Flores recibi\u00f3 el galard\u00f3n de parte de una instituci\u00f3n reconocida mundialmente.","rel":"","context":"En \u00abCiencia y Tecnolog\u00eda\u00bb","block_context":{"text":"Ciencia y Tecnolog\u00eda","link":"https:\/\/soy.usac.edu.gt\/?cat=122"},"img":{"alt_text":"","src":"https:\/\/i0.wp.com\/soy.usac.edu.gt\/wp-content\/uploads\/2020\/10\/1-3-1024x683-1.jpg?resize=350%2C200&ssl=1","width":350,"height":200,"srcset":"https:\/\/i0.wp.com\/soy.usac.edu.gt\/wp-content\/uploads\/2020\/10\/1-3-1024x683-1.jpg?resize=350%2C200&ssl=1 1x, https:\/\/i0.wp.com\/soy.usac.edu.gt\/wp-content\/uploads\/2020\/10\/1-3-1024x683-1.jpg?resize=525%2C300&ssl=1 1.5x, https:\/\/i0.wp.com\/soy.usac.edu.gt\/wp-content\/uploads\/2020\/10\/1-3-1024x683-1.jpg?resize=700%2C400&ssl=1 2x"},"classes":[]},{"id":14723,"url":"https:\/\/soy.usac.edu.gt\/?p=14723","url_meta":{"origin":4264,"position":2},"title":"Forbes destaca liderazgo centroamericano de tres mujeres sancarlistas","author":"Divisi\u00f3n de Publicidad","date":"20 julio, 2021","format":false,"excerpt":"El listado de 100 mujeres poderosas centroamericanas incluy\u00f3 a tres destacadas cient\u00edficas sancarlistas.","rel":"","context":"En \u00abNoticias\u00bb","block_context":{"text":"Noticias","link":"https:\/\/soy.usac.edu.gt\/?cat=29"},"img":{"alt_text":"","src":"https:\/\/i0.wp.com\/soy.usac.edu.gt\/wp-content\/uploads\/2021\/07\/sancarlistas-forbes.jpeg?resize=350%2C200&ssl=1","width":350,"height":200,"srcset":"https:\/\/i0.wp.com\/soy.usac.edu.gt\/wp-content\/uploads\/2021\/07\/sancarlistas-forbes.jpeg?resize=350%2C200&ssl=1 1x, https:\/\/i0.wp.com\/soy.usac.edu.gt\/wp-content\/uploads\/2021\/07\/sancarlistas-forbes.jpeg?resize=525%2C300&ssl=1 1.5x, https:\/\/i0.wp.com\/soy.usac.edu.gt\/wp-content\/uploads\/2021\/07\/sancarlistas-forbes.jpeg?resize=700%2C400&ssl=1 2x, https:\/\/i0.wp.com\/soy.usac.edu.gt\/wp-content\/uploads\/2021\/07\/sancarlistas-forbes.jpeg?resize=1050%2C600&ssl=1 3x"},"classes":[]},{"id":3274,"url":"https:\/\/soy.usac.edu.gt\/?p=3274","url_meta":{"origin":4264,"position":3},"title":"La educaci\u00f3n ambiental en el sistema educativo","author":"Divisi\u00f3n de Publicidad","date":"29 noviembre, 2018","format":false,"excerpt":"El foro socioambiental la educaci\u00f3n ambiental en el sistema educativo tuvo lugar en el edificio de la Unidad de Vinculaci\u00f3n y Gesti\u00f3n de Recursos (UVIGER) de la Facultad de Agronom\u00eda. Participaron representantes de la USAC, Universidad Rural (UR), Universidad Rafael Land\u00edvar (URL), Universidad Mariano G\u00e1lvez (UMG), Universidad Galileo y el\u2026","rel":"","context":"En \u00abNoticias\u00bb","block_context":{"text":"Noticias","link":"https:\/\/soy.usac.edu.gt\/?cat=29"},"img":{"alt_text":"","src":"https:\/\/i0.wp.com\/soy.usac.edu.gt\/wp-content\/uploads\/2018\/12\/eDUCACI%C3%93N-AMBIENTAL.jpg?resize=350%2C200&ssl=1","width":350,"height":200,"srcset":"https:\/\/i0.wp.com\/soy.usac.edu.gt\/wp-content\/uploads\/2018\/12\/eDUCACI%C3%93N-AMBIENTAL.jpg?resize=350%2C200&ssl=1 1x, https:\/\/i0.wp.com\/soy.usac.edu.gt\/wp-content\/uploads\/2018\/12\/eDUCACI%C3%93N-AMBIENTAL.jpg?resize=525%2C300&ssl=1 1.5x, https:\/\/i0.wp.com\/soy.usac.edu.gt\/wp-content\/uploads\/2018\/12\/eDUCACI%C3%93N-AMBIENTAL.jpg?resize=700%2C400&ssl=1 2x"},"classes":[]},{"id":2829,"url":"https:\/\/soy.usac.edu.gt\/?p=2829","url_meta":{"origin":4264,"position":4},"title":"Sancarlistas compiten en la b\u00fasqueda de financiamiento","author":"Divisi\u00f3n de Publicidad","date":"5 noviembre, 2018","format":false,"excerpt":"Durante el primer Agro Tank estudiantes de la facultad de agronom\u00eda presentaron sus proyectos de emprendimientos a posibles inversores para tratar de convencerlos para financiar sus propuestas. Al estilo de la serie Negociando con Tiburones, en el Aula Magna Igl\u00fa de la USAC, se efectu\u00f3 la presentaci\u00f3n de 10 \u00a0proyectos\u2026","rel":"","context":"En \u00abNoticias\u00bb","block_context":{"text":"Noticias","link":"https:\/\/soy.usac.edu.gt\/?cat=29"},"img":{"alt_text":"","src":"https:\/\/i0.wp.com\/soy.usac.edu.gt\/wp-content\/uploads\/2018\/10\/AGROTANK-6.jpg?resize=350%2C200&ssl=1","width":350,"height":200,"srcset":"https:\/\/i0.wp.com\/soy.usac.edu.gt\/wp-content\/uploads\/2018\/10\/AGROTANK-6.jpg?resize=350%2C200&ssl=1 1x, https:\/\/i0.wp.com\/soy.usac.edu.gt\/wp-content\/uploads\/2018\/10\/AGROTANK-6.jpg?resize=525%2C300&ssl=1 1.5x, https:\/\/i0.wp.com\/soy.usac.edu.gt\/wp-content\/uploads\/2018\/10\/AGROTANK-6.jpg?resize=700%2C400&ssl=1 2x, https:\/\/i0.wp.com\/soy.usac.edu.gt\/wp-content\/uploads\/2018\/10\/AGROTANK-6.jpg?resize=1050%2C600&ssl=1 3x, https:\/\/i0.wp.com\/soy.usac.edu.gt\/wp-content\/uploads\/2018\/10\/AGROTANK-6.jpg?resize=1400%2C800&ssl=1 4x"},"classes":[]},{"id":8853,"url":"https:\/\/soy.usac.edu.gt\/?p=8853","url_meta":{"origin":4264,"position":5},"title":"Ing. Waldemar Nufio Reyes, electo como decano de la Facultad de Agronom\u00eda","author":"Erick Iv\u00e1n de Le\u00f3n","date":"11 octubre, 2019","format":false,"excerpt":"El Consejo Superior Universitario jurament\u00f3 al Ing. Waldemar Nufio Reyes para ejercer el cargo de decano de la Facultad de Agronom\u00eda, per\u00edodo 2019-2023","rel":"","context":"En \u00abNoticias\u00bb","block_context":{"text":"Noticias","link":"https:\/\/soy.usac.edu.gt\/?cat=29"},"img":{"alt_text":"","src":"https:\/\/i0.wp.com\/soy.usac.edu.gt\/wp-content\/uploads\/2019\/10\/20191011_183759.jpg?resize=350%2C200&ssl=1","width":350,"height":200,"srcset":"https:\/\/i0.wp.com\/soy.usac.edu.gt\/wp-content\/uploads\/2019\/10\/20191011_183759.jpg?resize=350%2C200&ssl=1 1x, https:\/\/i0.wp.com\/soy.usac.edu.gt\/wp-content\/uploads\/2019\/10\/20191011_183759.jpg?resize=525%2C300&ssl=1 1.5x, https:\/\/i0.wp.com\/soy.usac.edu.gt\/wp-content\/uploads\/2019\/10\/20191011_183759.jpg?resize=700%2C400&ssl=1 2x, https:\/\/i0.wp.com\/soy.usac.edu.gt\/wp-content\/uploads\/2019\/10\/20191011_183759.jpg?resize=1050%2C600&ssl=1 3x, https:\/\/i0.wp.com\/soy.usac.edu.gt\/wp-content\/uploads\/2019\/10\/20191011_183759.jpg?resize=1400%2C800&ssl=1 4x"},"classes":[]}],"jetpack_sharing_enabled":true,"_links":{"self":[{"href":"https:\/\/soy.usac.edu.gt\/index.php?rest_route=\/wp\/v2\/posts\/4264","targetHints":{"allow":["GET"]}}],"collection":[{"href":"https:\/\/soy.usac.edu.gt\/index.php?rest_route=\/wp\/v2\/posts"}],"about":[{"href":"https:\/\/soy.usac.edu.gt\/index.php?rest_route=\/wp\/v2\/types\/post"}],"author":[{"embeddable":true,"href":"https:\/\/soy.usac.edu.gt\/index.php?rest_route=\/wp\/v2\/users\/14"}],"replies":[{"embeddable":true,"href":"https:\/\/soy.usac.edu.gt\/index.php?rest_route=%2Fwp%2Fv2%2Fcomments&post=4264"}],"version-history":[{"count":0,"href":"https:\/\/soy.usac.edu.gt\/index.php?rest_route=\/wp\/v2\/posts\/4264\/revisions"}],"wp:featuredmedia":[{"embeddable":true,"href":"https:\/\/soy.usac.edu.gt\/index.php?rest_route=\/wp\/v2\/media\/4268"}],"wp:attachment":[{"href":"https:\/\/soy.usac.edu.gt\/index.php?rest_route=%2Fwp%2Fv2%2Fmedia&parent=4264"}],"wp:term":[{"taxonomy":"category","embeddable":true,"href":"https:\/\/soy.usac.edu.gt\/index.php?rest_route=%2Fwp%2Fv2%2Fcategories&post=4264"},{"taxonomy":"post_tag","embeddable":true,"href":"https:\/\/soy.usac.edu.gt\/index.php?rest_route=%2Fwp%2Fv2%2Ftags&post=4264"}],"curies":[{"name":"wp","href":"https:\/\/api.w.org\/{rel}","templated":true}]}}