{"id":4499,"date":"2019-03-07T13:16:52","date_gmt":"2019-03-07T19:16:52","guid":{"rendered":"https:\/\/soy.usac.edu.gt\/?p=4499"},"modified":"2019-03-08T14:28:48","modified_gmt":"2019-03-08T20:28:48","slug":"honoris-causa-in-memoriam-a-alejandro-coti","status":"publish","type":"post","link":"https:\/\/soy.usac.edu.gt\/?p=4499","title":{"rendered":"Honoris causa in mem\u00f3riam a Alejandro Cot\u00ed"},"content":{"rendered":"\n<p style=\"text-align: justify;\"><em><strong>El Consejo Superior Universitario rindi\u00f3 un homenaje p\u00f3stumo al l\u00edder estudiantil Ren\u00e9 Alejandro Cot\u00ed L\u00f3pez, a quien le fue entregada la distinci\u00f3n de doctor honoris causa in mem\u00f3riam en un acto realizado en el auditorio Francisco Vela de la Facultad de Ingenier\u00eda.<\/strong><\/em><\/p>\n<p style=\"text-align: justify;\"><span style=\"font-weight: 400;\">\u201cPor su compromiso y aporte hacia las profundas transformaciones econ\u00f3micas, sociales, pol\u00edticas y culturales del Estado de Guatemala mediante su liderazgo como presidente de la Asociaci\u00f3n de Estudiantes de Ingenier\u00eda que se materializ\u00f3 en la b\u00fasqueda del bien com\u00fan\u201d, refiere el t\u00edtulo que el rector, maestro Murphy Paiz, entreg\u00f3 al ingeniero Jos\u00e9 Cot\u00ed, representante del homenajeado.<\/span><\/p>\n<p style=\"text-align: justify;\"><span style=\"font-weight: 400;\">Durante la ceremonia, el maestro Paiz dijo: \u201cEstamos honrando la entrega de Alejandro Cot\u00ed a nuestra sociedad, porque somos una instituci\u00f3n acad\u00e9mica muy privilegiada que tiene un compromiso con el pueblo de Guatemala y debemos enaltecer la memoria hist\u00f3rica\u201d, a lo que a\u00f1adi\u00f3: \u201cNo es la misma \u00e9poca de Cot\u00ed, pero los ideales, las injusticias y la pobreza permanecen; por tanto, la lucha de la USAC contin\u00faa\u201d.<\/span><\/p>\n<p style=\"text-align: justify;\"><span style=\"font-weight: 400;\">El ingeniero Jos\u00e9 Cot\u00ed manifest\u00f3: \u201cAgradezco a las autoridades universitarias y a todas las personas que hicieron posible este homenaje, as\u00ed como a mi padre, de quien tenemos diversas an\u00e9cdotas y recuerdos que, al traerlos a nuestra mente y coraz\u00f3n, se hace inevitable tener sentimientos encontrados. Conoc\u00ed historias de aquellos que junto a \u00e9l combatieron por los mismos ideales, con una convicci\u00f3n y un resultado en com\u00fan, persecuci\u00f3n y ataque. Estoy seguro de que Guatemala hubiese sido un mejor pa\u00eds con l\u00edderes como Alejandro, y que \u00e9l junto a otros dirigentes habr\u00eda buscado la forma de hacer diferente esta casa de estudios que quiso tanto y de transmitir a las siguientes generaciones las aspiraciones de justicia y bien com\u00fan\u201d.<\/span><\/p>\n<p>\u00a0<\/p>\n<h3><strong>Sobre Alejandro Cot\u00ed <\/strong><\/h3>\n<p style=\"text-align: justify;\"><span style=\"font-weight: 400;\">Naci\u00f3 el 8 de octubre de 1952 en Quetzaltenango, donde transcurri\u00f3 su ni\u00f1ez. Se gradu\u00f3 de bachiller en el Instituto Nacional de Varones de Occidente (INVO), en el que fungi\u00f3 como presidente de la Asociaci\u00f3n de Estudiantes.<\/span><\/p>\n<p style=\"text-align: justify;\"><span style=\"font-weight: 400;\">En 1970 emigr\u00f3 a la Ciudad de Guatemala e ingres\u00f3 a la Facultad de Ingenier\u00eda de la USAC, obtuvo el cargo de profesor auxiliar en el Departamento de Matem\u00e1tica y en la Unidad del Ejercicio Profesional Supervisado. Su compromiso acad\u00e9mico y \u00a0responsabilidad se proyectaron en actividades pol\u00edticas estudiantiles como presidente de la Asociaci\u00f3n de Estudiantes de Ingenier\u00eda, integrante del Consejo Superior Universitario y la Comisi\u00f3n de Pol\u00edtica Universitaria y Planeamiento, entre otros.<\/span><\/p>\n<p style=\"text-align: justify;\"><span style=\"font-weight: 400;\">Cot\u00ed fue secuestrado por varios hombres armados el 5 de marzo de 1980 cuando iba acompa\u00f1ado por su esposa, Miriam D\u00edaz, hacia la universidad. Al d\u00eda siguiente apareci\u00f3 muerto con indicios de tortura en el kil\u00f3metro 22 de la antigua carretera a Amatitl\u00e1n.<\/span><\/p>\n<p>\u00a0<\/p>\n<div id='gallery-1' class='gallery galleryid-4499 gallery-columns-3 gallery-size-full'><figure class='gallery-item'>\n\t\t\t<div class='gallery-icon landscape'>\n\t\t\t\t<a href='https:\/\/soy.usac.edu.gt\/?attachment_id=4518'><img loading=\"lazy\" decoding=\"async\" width=\"1800\" height=\"1200\" src=\"https:\/\/soy.usac.edu.gt\/wp-content\/uploads\/2019\/03\/DSC01928.jpg\" class=\"attachment-full size-full\" alt=\"\" aria-describedby=\"gallery-1-4518\" srcset=\"https:\/\/soy.usac.edu.gt\/wp-content\/uploads\/2019\/03\/DSC01928.jpg 1800w, https:\/\/soy.usac.edu.gt\/wp-content\/uploads\/2019\/03\/DSC01928-300x200.jpg 300w, https:\/\/soy.usac.edu.gt\/wp-content\/uploads\/2019\/03\/DSC01928-768x512.jpg 768w, https:\/\/soy.usac.edu.gt\/wp-content\/uploads\/2019\/03\/DSC01928-1024x683.jpg 1024w, https:\/\/soy.usac.edu.gt\/wp-content\/uploads\/2019\/03\/DSC01928-630x420.jpg 630w, https:\/\/soy.usac.edu.gt\/wp-content\/uploads\/2019\/03\/DSC01928-640x427.jpg 640w, https:\/\/soy.usac.edu.gt\/wp-content\/uploads\/2019\/03\/DSC01928-681x454.jpg 681w\" sizes=\"auto, (max-width: 1800px) 100vw, 1800px\" \/><\/a>\n\t\t\t<\/div>\n\t\t\t\t<figcaption class='wp-caption-text gallery-caption' id='gallery-1-4518'>\n\t\t\t\tFotograf\u00eda de Iv\u00e1n de Le\u00f3n\n\t\t\t\t<\/figcaption><\/figure><figure class='gallery-item'>\n\t\t\t<div class='gallery-icon landscape'>\n\t\t\t\t<a href='https:\/\/soy.usac.edu.gt\/?attachment_id=4517'><img loading=\"lazy\" decoding=\"async\" width=\"1800\" height=\"1200\" src=\"https:\/\/soy.usac.edu.gt\/wp-content\/uploads\/2019\/03\/DSC01923.jpg\" class=\"attachment-full size-full\" alt=\"\" aria-describedby=\"gallery-1-4517\" srcset=\"https:\/\/soy.usac.edu.gt\/wp-content\/uploads\/2019\/03\/DSC01923.jpg 1800w, https:\/\/soy.usac.edu.gt\/wp-content\/uploads\/2019\/03\/DSC01923-300x200.jpg 300w, https:\/\/soy.usac.edu.gt\/wp-content\/uploads\/2019\/03\/DSC01923-768x512.jpg 768w, https:\/\/soy.usac.edu.gt\/wp-content\/uploads\/2019\/03\/DSC01923-1024x683.jpg 1024w, https:\/\/soy.usac.edu.gt\/wp-content\/uploads\/2019\/03\/DSC01923-630x420.jpg 630w, https:\/\/soy.usac.edu.gt\/wp-content\/uploads\/2019\/03\/DSC01923-640x427.jpg 640w, https:\/\/soy.usac.edu.gt\/wp-content\/uploads\/2019\/03\/DSC01923-681x454.jpg 681w\" sizes=\"auto, (max-width: 1800px) 100vw, 1800px\" \/><\/a>\n\t\t\t<\/div>\n\t\t\t\t<figcaption class='wp-caption-text gallery-caption' id='gallery-1-4517'>\n\t\t\t\tEstudiantina de la Facultad de Ingenier\u00eda.\n\t\t\t\t<\/figcaption><\/figure><figure class='gallery-item'>\n\t\t\t<div class='gallery-icon landscape'>\n\t\t\t\t<a href='https:\/\/soy.usac.edu.gt\/?attachment_id=4509'><img loading=\"lazy\" decoding=\"async\" width=\"1800\" height=\"1200\" src=\"https:\/\/soy.usac.edu.gt\/wp-content\/uploads\/2019\/03\/DSC01865.jpg\" class=\"attachment-full size-full\" alt=\"\" aria-describedby=\"gallery-1-4509\" srcset=\"https:\/\/soy.usac.edu.gt\/wp-content\/uploads\/2019\/03\/DSC01865.jpg 1800w, https:\/\/soy.usac.edu.gt\/wp-content\/uploads\/2019\/03\/DSC01865-300x200.jpg 300w, https:\/\/soy.usac.edu.gt\/wp-content\/uploads\/2019\/03\/DSC01865-768x512.jpg 768w, https:\/\/soy.usac.edu.gt\/wp-content\/uploads\/2019\/03\/DSC01865-1024x683.jpg 1024w, https:\/\/soy.usac.edu.gt\/wp-content\/uploads\/2019\/03\/DSC01865-630x420.jpg 630w, https:\/\/soy.usac.edu.gt\/wp-content\/uploads\/2019\/03\/DSC01865-640x427.jpg 640w, https:\/\/soy.usac.edu.gt\/wp-content\/uploads\/2019\/03\/DSC01865-681x454.jpg 681w\" sizes=\"auto, (max-width: 1800px) 100vw, 1800px\" \/><\/a>\n\t\t\t<\/div>\n\t\t\t\t<figcaption class='wp-caption-text gallery-caption' id='gallery-1-4509'>\n\t\t\t\tFotograf\u00eda de Iv\u00e1n de Le\u00f3n\n\t\t\t\t<\/figcaption><\/figure><figure class='gallery-item'>\n\t\t\t<div class='gallery-icon landscape'>\n\t\t\t\t<a href='https:\/\/soy.usac.edu.gt\/?attachment_id=4508'><img loading=\"lazy\" decoding=\"async\" width=\"1800\" height=\"1200\" src=\"https:\/\/soy.usac.edu.gt\/wp-content\/uploads\/2019\/03\/DSC01864.jpg\" class=\"attachment-full size-full\" alt=\"\" aria-describedby=\"gallery-1-4508\" srcset=\"https:\/\/soy.usac.edu.gt\/wp-content\/uploads\/2019\/03\/DSC01864.jpg 1800w, https:\/\/soy.usac.edu.gt\/wp-content\/uploads\/2019\/03\/DSC01864-300x200.jpg 300w, https:\/\/soy.usac.edu.gt\/wp-content\/uploads\/2019\/03\/DSC01864-768x512.jpg 768w, https:\/\/soy.usac.edu.gt\/wp-content\/uploads\/2019\/03\/DSC01864-1024x683.jpg 1024w, https:\/\/soy.usac.edu.gt\/wp-content\/uploads\/2019\/03\/DSC01864-630x420.jpg 630w, https:\/\/soy.usac.edu.gt\/wp-content\/uploads\/2019\/03\/DSC01864-640x427.jpg 640w, https:\/\/soy.usac.edu.gt\/wp-content\/uploads\/2019\/03\/DSC01864-681x454.jpg 681w\" sizes=\"auto, (max-width: 1800px) 100vw, 1800px\" \/><\/a>\n\t\t\t<\/div>\n\t\t\t\t<figcaption class='wp-caption-text gallery-caption' id='gallery-1-4508'>\n\t\t\t\tFotograf\u00eda de Iv\u00e1n de Le\u00f3n\n\t\t\t\t<\/figcaption><\/figure><figure class='gallery-item'>\n\t\t\t<div class='gallery-icon landscape'>\n\t\t\t\t<a href='https:\/\/soy.usac.edu.gt\/?attachment_id=4506'><img loading=\"lazy\" decoding=\"async\" width=\"1800\" height=\"1200\" src=\"https:\/\/soy.usac.edu.gt\/wp-content\/uploads\/2019\/03\/DSC01860.jpg\" class=\"attachment-full size-full\" alt=\"\" aria-describedby=\"gallery-1-4506\" srcset=\"https:\/\/soy.usac.edu.gt\/wp-content\/uploads\/2019\/03\/DSC01860.jpg 1800w, https:\/\/soy.usac.edu.gt\/wp-content\/uploads\/2019\/03\/DSC01860-300x200.jpg 300w, https:\/\/soy.usac.edu.gt\/wp-content\/uploads\/2019\/03\/DSC01860-768x512.jpg 768w, https:\/\/soy.usac.edu.gt\/wp-content\/uploads\/2019\/03\/DSC01860-1024x683.jpg 1024w, https:\/\/soy.usac.edu.gt\/wp-content\/uploads\/2019\/03\/DSC01860-630x420.jpg 630w, https:\/\/soy.usac.edu.gt\/wp-content\/uploads\/2019\/03\/DSC01860-640x427.jpg 640w, https:\/\/soy.usac.edu.gt\/wp-content\/uploads\/2019\/03\/DSC01860-681x454.jpg 681w\" sizes=\"auto, (max-width: 1800px) 100vw, 1800px\" \/><\/a>\n\t\t\t<\/div>\n\t\t\t\t<figcaption class='wp-caption-text gallery-caption' id='gallery-1-4506'>\n\t\t\t\tEstudiante V\u00edctor Borrayo Herrera, presidente de la Asociaci\u00f3n de Estudiantes de Ingenier\u00eda. Fotograf\u00edas de Iv\u00e1n de Le\u00f3n .\n\t\t\t\t<\/figcaption><\/figure><figure class='gallery-item'>\n\t\t\t<div class='gallery-icon landscape'>\n\t\t\t\t<a href='https:\/\/soy.usac.edu.gt\/?attachment_id=4515'><img loading=\"lazy\" decoding=\"async\" width=\"1800\" height=\"1200\" src=\"https:\/\/soy.usac.edu.gt\/wp-content\/uploads\/2019\/03\/DSC01886.jpg\" class=\"attachment-full size-full\" alt=\"\" aria-describedby=\"gallery-1-4515\" srcset=\"https:\/\/soy.usac.edu.gt\/wp-content\/uploads\/2019\/03\/DSC01886.jpg 1800w, https:\/\/soy.usac.edu.gt\/wp-content\/uploads\/2019\/03\/DSC01886-300x200.jpg 300w, https:\/\/soy.usac.edu.gt\/wp-content\/uploads\/2019\/03\/DSC01886-768x512.jpg 768w, https:\/\/soy.usac.edu.gt\/wp-content\/uploads\/2019\/03\/DSC01886-1024x683.jpg 1024w, https:\/\/soy.usac.edu.gt\/wp-content\/uploads\/2019\/03\/DSC01886-630x420.jpg 630w, https:\/\/soy.usac.edu.gt\/wp-content\/uploads\/2019\/03\/DSC01886-640x427.jpg 640w, https:\/\/soy.usac.edu.gt\/wp-content\/uploads\/2019\/03\/DSC01886-681x454.jpg 681w\" sizes=\"auto, (max-width: 1800px) 100vw, 1800px\" \/><\/a>\n\t\t\t<\/div>\n\t\t\t\t<figcaption class='wp-caption-text gallery-caption' id='gallery-1-4515'>\n\t\t\t\tFotograf\u00eda de Iv\u00e1n de Le\u00f3n\n\t\t\t\t<\/figcaption><\/figure><figure class='gallery-item'>\n\t\t\t<div class='gallery-icon landscape'>\n\t\t\t\t<a href='https:\/\/soy.usac.edu.gt\/?attachment_id=4516'><img loading=\"lazy\" decoding=\"async\" width=\"1800\" height=\"1200\" src=\"https:\/\/soy.usac.edu.gt\/wp-content\/uploads\/2019\/03\/DSC01890.jpg\" class=\"attachment-full size-full\" alt=\"\" aria-describedby=\"gallery-1-4516\" srcset=\"https:\/\/soy.usac.edu.gt\/wp-content\/uploads\/2019\/03\/DSC01890.jpg 1800w, https:\/\/soy.usac.edu.gt\/wp-content\/uploads\/2019\/03\/DSC01890-300x200.jpg 300w, https:\/\/soy.usac.edu.gt\/wp-content\/uploads\/2019\/03\/DSC01890-768x512.jpg 768w, https:\/\/soy.usac.edu.gt\/wp-content\/uploads\/2019\/03\/DSC01890-1024x683.jpg 1024w, https:\/\/soy.usac.edu.gt\/wp-content\/uploads\/2019\/03\/DSC01890-630x420.jpg 630w, https:\/\/soy.usac.edu.gt\/wp-content\/uploads\/2019\/03\/DSC01890-640x427.jpg 640w, https:\/\/soy.usac.edu.gt\/wp-content\/uploads\/2019\/03\/DSC01890-681x454.jpg 681w\" sizes=\"auto, (max-width: 1800px) 100vw, 1800px\" \/><\/a>\n\t\t\t<\/div>\n\t\t\t\t<figcaption class='wp-caption-text gallery-caption' id='gallery-1-4516'>\n\t\t\t\tFotograf\u00eda de Iv\u00e1n de Le\u00f3n\n\t\t\t\t<\/figcaption><\/figure><figure class='gallery-item'>\n\t\t\t<div class='gallery-icon landscape'>\n\t\t\t\t<a href='https:\/\/soy.usac.edu.gt\/?attachment_id=4514'><img loading=\"lazy\" decoding=\"async\" width=\"1800\" height=\"1200\" src=\"https:\/\/soy.usac.edu.gt\/wp-content\/uploads\/2019\/03\/DSC01882.jpg\" class=\"attachment-full size-full\" alt=\"\" aria-describedby=\"gallery-1-4514\" srcset=\"https:\/\/soy.usac.edu.gt\/wp-content\/uploads\/2019\/03\/DSC01882.jpg 1800w, https:\/\/soy.usac.edu.gt\/wp-content\/uploads\/2019\/03\/DSC01882-300x200.jpg 300w, https:\/\/soy.usac.edu.gt\/wp-content\/uploads\/2019\/03\/DSC01882-768x512.jpg 768w, https:\/\/soy.usac.edu.gt\/wp-content\/uploads\/2019\/03\/DSC01882-1024x683.jpg 1024w, https:\/\/soy.usac.edu.gt\/wp-content\/uploads\/2019\/03\/DSC01882-630x420.jpg 630w, https:\/\/soy.usac.edu.gt\/wp-content\/uploads\/2019\/03\/DSC01882-640x427.jpg 640w, https:\/\/soy.usac.edu.gt\/wp-content\/uploads\/2019\/03\/DSC01882-681x454.jpg 681w\" sizes=\"auto, (max-width: 1800px) 100vw, 1800px\" \/><\/a>\n\t\t\t<\/div>\n\t\t\t\t<figcaption class='wp-caption-text gallery-caption' id='gallery-1-4514'>\n\t\t\t\tFotograf\u00eda de Iv\u00e1n de Le\u00f3n\n\t\t\t\t<\/figcaption><\/figure><figure class='gallery-item'>\n\t\t\t<div class='gallery-icon landscape'>\n\t\t\t\t<a href='https:\/\/soy.usac.edu.gt\/?attachment_id=4513'><img loading=\"lazy\" decoding=\"async\" width=\"1800\" height=\"1200\" src=\"https:\/\/soy.usac.edu.gt\/wp-content\/uploads\/2019\/03\/DSC01879.jpg\" class=\"attachment-full size-full\" alt=\"\" aria-describedby=\"gallery-1-4513\" srcset=\"https:\/\/soy.usac.edu.gt\/wp-content\/uploads\/2019\/03\/DSC01879.jpg 1800w, https:\/\/soy.usac.edu.gt\/wp-content\/uploads\/2019\/03\/DSC01879-300x200.jpg 300w, https:\/\/soy.usac.edu.gt\/wp-content\/uploads\/2019\/03\/DSC01879-768x512.jpg 768w, https:\/\/soy.usac.edu.gt\/wp-content\/uploads\/2019\/03\/DSC01879-1024x683.jpg 1024w, https:\/\/soy.usac.edu.gt\/wp-content\/uploads\/2019\/03\/DSC01879-630x420.jpg 630w, https:\/\/soy.usac.edu.gt\/wp-content\/uploads\/2019\/03\/DSC01879-640x427.jpg 640w, https:\/\/soy.usac.edu.gt\/wp-content\/uploads\/2019\/03\/DSC01879-681x454.jpg 681w\" sizes=\"auto, (max-width: 1800px) 100vw, 1800px\" \/><\/a>\n\t\t\t<\/div>\n\t\t\t\t<figcaption class='wp-caption-text gallery-caption' id='gallery-1-4513'>\n\t\t\t\tIng. Jos\u00e9 Cot\u00ed, hijo de Alejandro Cot\u00ed, recibe el reconocimiento en nombre de su padre. \n\t\t\t\t<\/figcaption><\/figure><figure class='gallery-item'>\n\t\t\t<div class='gallery-icon landscape'>\n\t\t\t\t<a href='https:\/\/soy.usac.edu.gt\/?attachment_id=4512'><img loading=\"lazy\" decoding=\"async\" width=\"1800\" height=\"1200\" src=\"https:\/\/soy.usac.edu.gt\/wp-content\/uploads\/2019\/03\/DSC01877.jpg\" class=\"attachment-full size-full\" alt=\"\" aria-describedby=\"gallery-1-4512\" srcset=\"https:\/\/soy.usac.edu.gt\/wp-content\/uploads\/2019\/03\/DSC01877.jpg 1800w, https:\/\/soy.usac.edu.gt\/wp-content\/uploads\/2019\/03\/DSC01877-300x200.jpg 300w, https:\/\/soy.usac.edu.gt\/wp-content\/uploads\/2019\/03\/DSC01877-768x512.jpg 768w, https:\/\/soy.usac.edu.gt\/wp-content\/uploads\/2019\/03\/DSC01877-1024x683.jpg 1024w, https:\/\/soy.usac.edu.gt\/wp-content\/uploads\/2019\/03\/DSC01877-630x420.jpg 630w, https:\/\/soy.usac.edu.gt\/wp-content\/uploads\/2019\/03\/DSC01877-640x427.jpg 640w, https:\/\/soy.usac.edu.gt\/wp-content\/uploads\/2019\/03\/DSC01877-681x454.jpg 681w\" sizes=\"auto, (max-width: 1800px) 100vw, 1800px\" \/><\/a>\n\t\t\t<\/div>\n\t\t\t\t<figcaption class='wp-caption-text gallery-caption' id='gallery-1-4512'>\n\t\t\t\tFotograf\u00eda de Iv\u00e1n de Le\u00f3n\n\t\t\t\t<\/figcaption><\/figure><figure class='gallery-item'>\n\t\t\t<div class='gallery-icon landscape'>\n\t\t\t\t<a href='https:\/\/soy.usac.edu.gt\/?attachment_id=4511'><img loading=\"lazy\" decoding=\"async\" width=\"1800\" height=\"1200\" src=\"https:\/\/soy.usac.edu.gt\/wp-content\/uploads\/2019\/03\/DSC01873.jpg\" class=\"attachment-full size-full\" alt=\"\" aria-describedby=\"gallery-1-4511\" srcset=\"https:\/\/soy.usac.edu.gt\/wp-content\/uploads\/2019\/03\/DSC01873.jpg 1800w, https:\/\/soy.usac.edu.gt\/wp-content\/uploads\/2019\/03\/DSC01873-300x200.jpg 300w, https:\/\/soy.usac.edu.gt\/wp-content\/uploads\/2019\/03\/DSC01873-768x512.jpg 768w, https:\/\/soy.usac.edu.gt\/wp-content\/uploads\/2019\/03\/DSC01873-1024x683.jpg 1024w, https:\/\/soy.usac.edu.gt\/wp-content\/uploads\/2019\/03\/DSC01873-630x420.jpg 630w, https:\/\/soy.usac.edu.gt\/wp-content\/uploads\/2019\/03\/DSC01873-640x427.jpg 640w, https:\/\/soy.usac.edu.gt\/wp-content\/uploads\/2019\/03\/DSC01873-681x454.jpg 681w\" sizes=\"auto, (max-width: 1800px) 100vw, 1800px\" \/><\/a>\n\t\t\t<\/div>\n\t\t\t\t<figcaption class='wp-caption-text gallery-caption' id='gallery-1-4511'>\n\t\t\t\tFotograf\u00eda de Iv\u00e1n de Le\u00f3n\n\t\t\t\t<\/figcaption><\/figure><figure class='gallery-item'>\n\t\t\t<div class='gallery-icon landscape'>\n\t\t\t\t<a href='https:\/\/soy.usac.edu.gt\/?attachment_id=4510'><img loading=\"lazy\" decoding=\"async\" width=\"1800\" height=\"1200\" src=\"https:\/\/soy.usac.edu.gt\/wp-content\/uploads\/2019\/03\/DSC01871.jpg\" class=\"attachment-full size-full\" alt=\"\" aria-describedby=\"gallery-1-4510\" srcset=\"https:\/\/soy.usac.edu.gt\/wp-content\/uploads\/2019\/03\/DSC01871.jpg 1800w, https:\/\/soy.usac.edu.gt\/wp-content\/uploads\/2019\/03\/DSC01871-300x200.jpg 300w, https:\/\/soy.usac.edu.gt\/wp-content\/uploads\/2019\/03\/DSC01871-768x512.jpg 768w, https:\/\/soy.usac.edu.gt\/wp-content\/uploads\/2019\/03\/DSC01871-1024x683.jpg 1024w, https:\/\/soy.usac.edu.gt\/wp-content\/uploads\/2019\/03\/DSC01871-630x420.jpg 630w, https:\/\/soy.usac.edu.gt\/wp-content\/uploads\/2019\/03\/DSC01871-640x427.jpg 640w, https:\/\/soy.usac.edu.gt\/wp-content\/uploads\/2019\/03\/DSC01871-681x454.jpg 681w\" sizes=\"auto, (max-width: 1800px) 100vw, 1800px\" \/><\/a>\n\t\t\t<\/div>\n\t\t\t\t<figcaption class='wp-caption-text gallery-caption' id='gallery-1-4510'>\n\t\t\t\tFotograf\u00eda de Iv\u00e1n de Le\u00f3n\n\t\t\t\t<\/figcaption><\/figure>\n\t\t<\/div>\n\n<p><img loading=\"lazy\" decoding=\"async\" class=\"aligncenter size-full wp-image-4301\" src=\"https:\/\/soy.usac.edu.gt\/wp-content\/uploads\/2019\/02\/Cre\u0301ditos-prensa-26-1.png\" alt=\"\" width=\"5079\" height=\"1960\" srcset=\"https:\/\/soy.usac.edu.gt\/wp-content\/uploads\/2019\/02\/Cre\u0301ditos-prensa-26-1.png 5079w, https:\/\/soy.usac.edu.gt\/wp-content\/uploads\/2019\/02\/Cre\u0301ditos-prensa-26-1-300x116.png 300w, https:\/\/soy.usac.edu.gt\/wp-content\/uploads\/2019\/02\/Cre\u0301ditos-prensa-26-1-768x296.png 768w, https:\/\/soy.usac.edu.gt\/wp-content\/uploads\/2019\/02\/Cre\u0301ditos-prensa-26-1-1024x395.png 1024w, https:\/\/soy.usac.edu.gt\/wp-content\/uploads\/2019\/02\/Cre\u0301ditos-prensa-26-1-1088x420.png 1088w, https:\/\/soy.usac.edu.gt\/wp-content\/uploads\/2019\/02\/Cre\u0301ditos-prensa-26-1-640x247.png 640w, https:\/\/soy.usac.edu.gt\/wp-content\/uploads\/2019\/02\/Cre\u0301ditos-prensa-26-1-681x263.png 681w\" sizes=\"auto, (max-width: 5079px) 100vw, 5079px\" \/><\/p>\n","protected":false},"excerpt":{"rendered":"<p>El reconociendo fue dado por su compromiso y aporte hacia las profundas transformaciones econ\u00f3micas, sociales, pol\u00edticas y culturales del pa\u00eds. <\/p>\n","protected":false},"author":16,"featured_media":4513,"comment_status":"closed","ping_status":"open","sticky":false,"template":"","format":"standard","meta":{"_exactmetrics_skip_tracking":false,"_exactmetrics_sitenote_active":false,"_exactmetrics_sitenote_note":"","_exactmetrics_sitenote_category":0,"_jetpack_memberships_contains_paid_content":false,"footnotes":""},"categories":[29,92],"tags":[391,163,239,295],"class_list":["post-4499","post","type-post","status-publish","format-standard","has-post-thumbnail","hentry","category-noticias","category-rectoria","tag-alejandro-coti","tag-facultad-de-ingenieria","tag-honoris-causa","tag-rector-murphy-paiz"],"aioseo_notices":[],"jetpack_featured_media_url":"https:\/\/soy.usac.edu.gt\/wp-content\/uploads\/2019\/03\/DSC01879.jpg","views":"","jetpack-related-posts":[{"id":11068,"url":"https:\/\/soy.usac.edu.gt\/?p=11068","url_meta":{"origin":4499,"position":0},"title":"Ala\u00edde Foppa, doctora honoris causa in mem\u00f3riam","author":"Erick Iv\u00e1n de Le\u00f3n","date":"6 marzo, 2020","format":false,"excerpt":"El Consejo Superior Universitario (CSU), de la Universidad de San Carlos (USAC), concedi\u00f3 un homenaje p\u00f3stumo a la maestra Ala\u00edde Foppa, otorg\u00e1ndole in mem\u00f3riam la distinci\u00f3n Doctora Honoris Causa, en un acto conmemorativo realizado en el museo universitario, al que asistieron autoridades, catedr\u00e1ticos, estudiantes, profesionales e invitados especiales.","rel":"","context":"En \u00abNoticias\u00bb","block_context":{"text":"Noticias","link":"https:\/\/soy.usac.edu.gt\/?cat=29"},"img":{"alt_text":"","src":"https:\/\/i0.wp.com\/soy.usac.edu.gt\/wp-content\/uploads\/2020\/03\/WhatsApp-Image-2020-03-06-at-7.00.01-PM.jpeg?resize=350%2C200&ssl=1","width":350,"height":200,"srcset":"https:\/\/i0.wp.com\/soy.usac.edu.gt\/wp-content\/uploads\/2020\/03\/WhatsApp-Image-2020-03-06-at-7.00.01-PM.jpeg?resize=350%2C200&ssl=1 1x, https:\/\/i0.wp.com\/soy.usac.edu.gt\/wp-content\/uploads\/2020\/03\/WhatsApp-Image-2020-03-06-at-7.00.01-PM.jpeg?resize=525%2C300&ssl=1 1.5x, https:\/\/i0.wp.com\/soy.usac.edu.gt\/wp-content\/uploads\/2020\/03\/WhatsApp-Image-2020-03-06-at-7.00.01-PM.jpeg?resize=700%2C400&ssl=1 2x, https:\/\/i0.wp.com\/soy.usac.edu.gt\/wp-content\/uploads\/2020\/03\/WhatsApp-Image-2020-03-06-at-7.00.01-PM.jpeg?resize=1050%2C600&ssl=1 3x"},"classes":[]},{"id":5153,"url":"https:\/\/soy.usac.edu.gt\/?p=5153","url_meta":{"origin":4499,"position":1},"title":"Dan Medalla Universitaria in memoriam al Ing. Roberto Mayorga Rouge","author":"Erick Iv\u00e1n de Le\u00f3n","date":"22 marzo, 2019","format":false,"excerpt":"El Consejo Superior Universitario (CSU) homenaje\u00f3 in mem\u00f3riam al Ing. civil Roberto Mayorga Rouge con la distinci\u00f3n Medalla Universitaria, que el rector, Murphy Paiz, entreg\u00f3 al Ing. Roberto Mayorga Morales, hijo, en una ceremonia realizada en el edificio de Rector\u00eda.","rel":"","context":"En \u00abM\u00e1s Noticias\u00bb","block_context":{"text":"M\u00e1s Noticias","link":"https:\/\/soy.usac.edu.gt\/?cat=96"},"img":{"alt_text":"","src":"https:\/\/i0.wp.com\/soy.usac.edu.gt\/wp-content\/uploads\/2019\/03\/DSC_0024.jpg?resize=350%2C200&ssl=1","width":350,"height":200,"srcset":"https:\/\/i0.wp.com\/soy.usac.edu.gt\/wp-content\/uploads\/2019\/03\/DSC_0024.jpg?resize=350%2C200&ssl=1 1x, https:\/\/i0.wp.com\/soy.usac.edu.gt\/wp-content\/uploads\/2019\/03\/DSC_0024.jpg?resize=525%2C300&ssl=1 1.5x, https:\/\/i0.wp.com\/soy.usac.edu.gt\/wp-content\/uploads\/2019\/03\/DSC_0024.jpg?resize=700%2C400&ssl=1 2x, https:\/\/i0.wp.com\/soy.usac.edu.gt\/wp-content\/uploads\/2019\/03\/DSC_0024.jpg?resize=1050%2C600&ssl=1 3x, https:\/\/i0.wp.com\/soy.usac.edu.gt\/wp-content\/uploads\/2019\/03\/DSC_0024.jpg?resize=1400%2C800&ssl=1 4x"},"classes":[]},{"id":6815,"url":"https:\/\/soy.usac.edu.gt\/?p=6815","url_meta":{"origin":4499,"position":2},"title":"El visionario arquitecto\u00a0Pelayo Llarena Murua recibe doctorado honoris causa","author":"Divisi\u00f3n de Publicidad","date":"14 junio, 2019","format":false,"excerpt":"El profesional es considerado uno de los arquitectos\u00a0 m\u00e1s destacados\u00a0 del Movimiento Moderno en Guatemala.","rel":"","context":"En \u00abNoticias\u00bb","block_context":{"text":"Noticias","link":"https:\/\/soy.usac.edu.gt\/?cat=29"},"img":{"alt_text":"","src":"https:\/\/i0.wp.com\/soy.usac.edu.gt\/wp-content\/uploads\/2019\/06\/DESTACADA.jpg?resize=350%2C200&ssl=1","width":350,"height":200,"srcset":"https:\/\/i0.wp.com\/soy.usac.edu.gt\/wp-content\/uploads\/2019\/06\/DESTACADA.jpg?resize=350%2C200&ssl=1 1x, https:\/\/i0.wp.com\/soy.usac.edu.gt\/wp-content\/uploads\/2019\/06\/DESTACADA.jpg?resize=525%2C300&ssl=1 1.5x, https:\/\/i0.wp.com\/soy.usac.edu.gt\/wp-content\/uploads\/2019\/06\/DESTACADA.jpg?resize=700%2C400&ssl=1 2x, https:\/\/i0.wp.com\/soy.usac.edu.gt\/wp-content\/uploads\/2019\/06\/DESTACADA.jpg?resize=1050%2C600&ssl=1 3x, https:\/\/i0.wp.com\/soy.usac.edu.gt\/wp-content\/uploads\/2019\/06\/DESTACADA.jpg?resize=1400%2C800&ssl=1 4x"},"classes":[]},{"id":9950,"url":"https:\/\/soy.usac.edu.gt\/?p=9950","url_meta":{"origin":4499,"position":3},"title":"Miguel \u00c1ngel Asturias, doctor honoris causa in memoriam","author":"Divisi\u00f3n de Publicidad","date":"30 noviembre, 2019","format":false,"excerpt":"En el D\u00eda de la Autonom\u00eda Universitaria, la USAC entrega del t\u00edtulo de doctor honoris causa in mem\u00f3riam al escritor Miguel \u00c1ngel Asturias por su destacada trayectoria literaria, reconocida mundialmente.\u00a0","rel":"","context":"En \u00abCultura\u00bb","block_context":{"text":"Cultura","link":"https:\/\/soy.usac.edu.gt\/?cat=97"},"img":{"alt_text":"","src":"https:\/\/i0.wp.com\/soy.usac.edu.gt\/wp-content\/uploads\/2019\/11\/Miguel-Angel-Asturias-1-copia.png?resize=350%2C200&ssl=1","width":350,"height":200,"srcset":"https:\/\/i0.wp.com\/soy.usac.edu.gt\/wp-content\/uploads\/2019\/11\/Miguel-Angel-Asturias-1-copia.png?resize=350%2C200&ssl=1 1x, https:\/\/i0.wp.com\/soy.usac.edu.gt\/wp-content\/uploads\/2019\/11\/Miguel-Angel-Asturias-1-copia.png?resize=525%2C300&ssl=1 1.5x, https:\/\/i0.wp.com\/soy.usac.edu.gt\/wp-content\/uploads\/2019\/11\/Miguel-Angel-Asturias-1-copia.png?resize=700%2C400&ssl=1 2x, https:\/\/i0.wp.com\/soy.usac.edu.gt\/wp-content\/uploads\/2019\/11\/Miguel-Angel-Asturias-1-copia.png?resize=1050%2C600&ssl=1 3x, https:\/\/i0.wp.com\/soy.usac.edu.gt\/wp-content\/uploads\/2019\/11\/Miguel-Angel-Asturias-1-copia.png?resize=1400%2C800&ssl=1 4x"},"classes":[]},{"id":3018,"url":"https:\/\/soy.usac.edu.gt\/?p=3018","url_meta":{"origin":4499,"position":4},"title":"Reconocen labor del Arquitecto Jorge Montes","author":"Erick Iv\u00e1n de Le\u00f3n","date":"7 noviembre, 2018","format":false,"excerpt":"El Consejo Superior Universitario de la Universidad de San Carlos, Usac, otorg\u00f3 la distinci\u00f3n de Doctor Honoris Causa al Arq. Jorge Mariano Montes C\u00f3rdoba por su trayectoria profesional y acad\u00e9mica, su producci\u00f3n arquitect\u00f3nica y cultural en el pa\u00eds, y su labor en la fundaci\u00f3n de la Facultad de Arquitectura; en\u2026","rel":"","context":"En \u00abNoticias\u00bb","block_context":{"text":"Noticias","link":"https:\/\/soy.usac.edu.gt\/?cat=29"},"img":{"alt_text":"","src":"https:\/\/i0.wp.com\/soy.usac.edu.gt\/wp-content\/uploads\/2018\/11\/DR.-HONORIS-CAUSA-ARQUITECTO-5.jpg?resize=350%2C200&ssl=1","width":350,"height":200,"srcset":"https:\/\/i0.wp.com\/soy.usac.edu.gt\/wp-content\/uploads\/2018\/11\/DR.-HONORIS-CAUSA-ARQUITECTO-5.jpg?resize=350%2C200&ssl=1 1x, https:\/\/i0.wp.com\/soy.usac.edu.gt\/wp-content\/uploads\/2018\/11\/DR.-HONORIS-CAUSA-ARQUITECTO-5.jpg?resize=525%2C300&ssl=1 1.5x, https:\/\/i0.wp.com\/soy.usac.edu.gt\/wp-content\/uploads\/2018\/11\/DR.-HONORIS-CAUSA-ARQUITECTO-5.jpg?resize=700%2C400&ssl=1 2x, https:\/\/i0.wp.com\/soy.usac.edu.gt\/wp-content\/uploads\/2018\/11\/DR.-HONORIS-CAUSA-ARQUITECTO-5.jpg?resize=1050%2C600&ssl=1 3x, https:\/\/i0.wp.com\/soy.usac.edu.gt\/wp-content\/uploads\/2018\/11\/DR.-HONORIS-CAUSA-ARQUITECTO-5.jpg?resize=1400%2C800&ssl=1 4x"},"classes":[]},{"id":5423,"url":"https:\/\/soy.usac.edu.gt\/?p=5423","url_meta":{"origin":4499,"position":5},"title":"ACAP acredita maestr\u00edas de la Facultad de Ingenier\u00eda","author":"Erick Iv\u00e1n de Le\u00f3n","date":"2 abril, 2019","format":false,"excerpt":"La Agencia Centroamericana de Acreditaci\u00f3n de Posgrado (ACAP) entreg\u00f3 los certificados de acreditaci\u00f3n de maestr\u00edas a la Escuela Regional de Ingenier\u00eda Sanitaria y Recursos Hidr\u00e1ulicos (ERIS)","rel":"","context":"En \u00abNoticias\u00bb","block_context":{"text":"Noticias","link":"https:\/\/soy.usac.edu.gt\/?cat=29"},"img":{"alt_text":"","src":"https:\/\/i0.wp.com\/soy.usac.edu.gt\/wp-content\/uploads\/2019\/04\/IMG_9472.jpg?resize=350%2C200&ssl=1","width":350,"height":200,"srcset":"https:\/\/i0.wp.com\/soy.usac.edu.gt\/wp-content\/uploads\/2019\/04\/IMG_9472.jpg?resize=350%2C200&ssl=1 1x, https:\/\/i0.wp.com\/soy.usac.edu.gt\/wp-content\/uploads\/2019\/04\/IMG_9472.jpg?resize=525%2C300&ssl=1 1.5x, https:\/\/i0.wp.com\/soy.usac.edu.gt\/wp-content\/uploads\/2019\/04\/IMG_9472.jpg?resize=700%2C400&ssl=1 2x, https:\/\/i0.wp.com\/soy.usac.edu.gt\/wp-content\/uploads\/2019\/04\/IMG_9472.jpg?resize=1050%2C600&ssl=1 3x, https:\/\/i0.wp.com\/soy.usac.edu.gt\/wp-content\/uploads\/2019\/04\/IMG_9472.jpg?resize=1400%2C800&ssl=1 4x"},"classes":[]}],"jetpack_sharing_enabled":true,"_links":{"self":[{"href":"https:\/\/soy.usac.edu.gt\/index.php?rest_route=\/wp\/v2\/posts\/4499","targetHints":{"allow":["GET"]}}],"collection":[{"href":"https:\/\/soy.usac.edu.gt\/index.php?rest_route=\/wp\/v2\/posts"}],"about":[{"href":"https:\/\/soy.usac.edu.gt\/index.php?rest_route=\/wp\/v2\/types\/post"}],"author":[{"embeddable":true,"href":"https:\/\/soy.usac.edu.gt\/index.php?rest_route=\/wp\/v2\/users\/16"}],"replies":[{"embeddable":true,"href":"https:\/\/soy.usac.edu.gt\/index.php?rest_route=%2Fwp%2Fv2%2Fcomments&post=4499"}],"version-history":[{"count":0,"href":"https:\/\/soy.usac.edu.gt\/index.php?rest_route=\/wp\/v2\/posts\/4499\/revisions"}],"wp:featuredmedia":[{"embeddable":true,"href":"https:\/\/soy.usac.edu.gt\/index.php?rest_route=\/wp\/v2\/media\/4513"}],"wp:attachment":[{"href":"https:\/\/soy.usac.edu.gt\/index.php?rest_route=%2Fwp%2Fv2%2Fmedia&parent=4499"}],"wp:term":[{"taxonomy":"category","embeddable":true,"href":"https:\/\/soy.usac.edu.gt\/index.php?rest_route=%2Fwp%2Fv2%2Fcategories&post=4499"},{"taxonomy":"post_tag","embeddable":true,"href":"https:\/\/soy.usac.edu.gt\/index.php?rest_route=%2Fwp%2Fv2%2Ftags&post=4499"}],"curies":[{"name":"wp","href":"https:\/\/api.w.org\/{rel}","templated":true}]}}