{"id":4525,"date":"2019-03-07T18:04:16","date_gmt":"2019-03-08T00:04:16","guid":{"rendered":"https:\/\/soy.usac.edu.gt\/?p=4525"},"modified":"2019-03-09T21:04:10","modified_gmt":"2019-03-10T03:04:10","slug":"rectores-evaluan-el-rol-de-la-educacion-superior-en-guatemala","status":"publish","type":"post","link":"https:\/\/soy.usac.edu.gt\/?p=4525","title":{"rendered":"Rectores eval\u00faan el rol de la educaci\u00f3n superior en Guatemala"},"content":{"rendered":"\n<h4 style=\"text-align: justify;\"><strong>Representantes de la Universidad de San Carlos de Guatemala, Universidad Francisco Marroqu\u00edn, Universidad Rafael Land\u00edvar y Universidad Internacional asistieron a un foro donde discutieron los aportes de la Universidad a la sociedad. La actividad se realiz\u00f3 como la segunda fase de la C\u00e1tedra Dr. Carlos Mart\u00ednez Dur\u00e1n en el Aula Magna Igl\u00fa.<\/strong><\/h4>\n<p style=\"text-align: justify;\"><span style=\"font-weight: 400;\">Los participantes reconocieron que las universidades aportan en conjunto al conocimiento y desarrollo acad\u00e9mico del pa\u00eds. El ingeniero Murphy Paiz, durante su intervenci\u00f3n, destac\u00f3 que la USAC apuesta por integrar metodolog\u00edas de educaci\u00f3n a distancia para tener mayor cobertura.<\/span><\/p>\n<p style=\"text-align: justify;\"><span style=\"font-weight: 400;\">Agreg\u00f3 que recientemente esta casa de estudios incorpor\u00f3 dentro de sus ofertas una e<\/span><span style=\"font-weight: 400;\">specializaci\u00f3n en ingenier\u00eda bioinform\u00e1tica <\/span><span style=\"font-weight: 400;\">con 80 participantes de distintas unidades acad\u00e9micas. <\/span><\/p>\n<p style=\"text-align: justify;\"><span style=\"font-weight: 400;\">Mencion\u00f3 que es necesario privilegiar la inversi\u00f3n en la educaci\u00f3n p\u00fablica. Por ello se aplaude la decisi\u00f3n del Organismo Legislativo de aprobar en tercera lectura el pr\u00e9stamo que podr\u00e1 mejorar la infraestructura y equipamiento de la USAC. <\/span><\/p>\n<p style=\"text-align: justify;\"><span style=\"font-weight: 400;\">El Dr. Alejandro Ar\u00e9valo, vicerrector de Investigaci\u00f3n de la Universidad Rafael Land\u00edvar, durante su intervenci\u00f3n, convers\u00f3 sobre la necesidad de realizar una agenda con las universidades de Guatemala, para enfrentar los nuevos retos en temas tecnol\u00f3gicos y de rob\u00f3tica. Indic\u00f3 que la inmediatez de las redes sociales facilita cumplir el rol de la Universidad como un todo.<\/span><\/p>\n<blockquote class=\"td_quote_box td_box_center\">\n<h4 style=\"text-align: justify;\">La reforma a las comisiones de postulaci\u00f3n para los siguientes procesos de elecci\u00f3n de representantes fue una de las principales propuestas que eman\u00f3 del foro de rectores.<\/h4>\n<\/blockquote>\n<p style=\"text-align: justify;\"><span style=\"font-weight: 400;\">Por otro lado, el rector de la Universidad Francisco Marroqu\u00edn, Gabriel Calzada \u00c1lvarez, manifest\u00f3 que en diversas ocasiones los intereses personales gu\u00edan hacia el utilitarismo de las universidades, por lo que se descuida la potencialidad del surgimiento de nuevas ideas. Entonces es indispensable la vinculaci\u00f3n de conocimientos entre acad\u00e9micos y profesionales. <\/span><\/p>\n<p style=\"text-align: justify;\"><span style=\"font-weight: 400;\">Uno de los puntos claves del coloquio fue el papel de la Universidad en la pol\u00edtica. Los representantes concordaron en que es necesario que las universidades analicen el actuar y desenvolvimiento de los puestos p\u00fablicos de toma de decisiones.<\/span><\/p>\n<p style=\"text-align: justify;\"><span style=\"font-weight: 400;\">El ingeniero Jorge Vargas, secretario general de la Universidad Internacional, expuso la necesidad de proponer rutas para cambiar el modelo econ\u00f3mico actual y contribuir a mitigar la globalizaci\u00f3n de la pobreza.<\/span><\/p>\n<p style=\"text-align: justify;\"><span style=\"font-weight: 400;\">Uno de los temas principales abordados en el foro fue el rol de observadoras que deben tener las universidades durante las elecciones generales, para establecer hojas de ruta en com\u00fan que vinculen los Objetivos de Desarrollo Sostenible (ODS) con la sociedad.<\/span><\/p>\n<p>\u00a0<\/p>\n<div id='gallery-1' class='gallery galleryid-4525 gallery-columns-3 gallery-size-thumbnail'><figure class='gallery-item'>\n\t\t\t<div class='gallery-icon landscape'>\n\t\t\t\t<a href='https:\/\/soy.usac.edu.gt\/?attachment_id=4538'><img loading=\"lazy\" decoding=\"async\" width=\"150\" height=\"150\" src=\"https:\/\/soy.usac.edu.gt\/wp-content\/uploads\/2019\/03\/20-150x150.jpg\" class=\"attachment-thumbnail size-thumbnail\" alt=\"\" aria-describedby=\"gallery-1-4538\" \/><\/a>\n\t\t\t<\/div>\n\t\t\t\t<figcaption class='wp-caption-text gallery-caption' id='gallery-1-4538'>\n\t\t\t\tFotograf\u00eda de Elio Morales\n\t\t\t\t<\/figcaption><\/figure><figure class='gallery-item'>\n\t\t\t<div class='gallery-icon landscape'>\n\t\t\t\t<a href='https:\/\/soy.usac.edu.gt\/?attachment_id=4537'><img loading=\"lazy\" decoding=\"async\" width=\"150\" height=\"150\" src=\"https:\/\/soy.usac.edu.gt\/wp-content\/uploads\/2019\/03\/15-150x150.jpg\" class=\"attachment-thumbnail size-thumbnail\" alt=\"\" aria-describedby=\"gallery-1-4537\" \/><\/a>\n\t\t\t<\/div>\n\t\t\t\t<figcaption class='wp-caption-text gallery-caption' id='gallery-1-4537'>\n\t\t\t\tFotograf\u00eda Elio Morales\n\t\t\t\t<\/figcaption><\/figure><figure class='gallery-item'>\n\t\t\t<div class='gallery-icon landscape'>\n\t\t\t\t<a href='https:\/\/soy.usac.edu.gt\/?attachment_id=4536'><img loading=\"lazy\" decoding=\"async\" width=\"150\" height=\"150\" src=\"https:\/\/soy.usac.edu.gt\/wp-content\/uploads\/2019\/03\/14-150x150.jpg\" class=\"attachment-thumbnail size-thumbnail\" alt=\"\" aria-describedby=\"gallery-1-4536\" \/><\/a>\n\t\t\t<\/div>\n\t\t\t\t<figcaption class='wp-caption-text gallery-caption' id='gallery-1-4536'>\n\t\t\t\tFotograf\u00eda Elio Morales\n\t\t\t\t<\/figcaption><\/figure><figure class='gallery-item'>\n\t\t\t<div class='gallery-icon landscape'>\n\t\t\t\t<a href='https:\/\/soy.usac.edu.gt\/?attachment_id=4535'><img loading=\"lazy\" decoding=\"async\" width=\"150\" height=\"150\" src=\"https:\/\/soy.usac.edu.gt\/wp-content\/uploads\/2019\/03\/13-150x150.jpg\" class=\"attachment-thumbnail size-thumbnail\" alt=\"\" aria-describedby=\"gallery-1-4535\" \/><\/a>\n\t\t\t<\/div>\n\t\t\t\t<figcaption class='wp-caption-text gallery-caption' id='gallery-1-4535'>\n\t\t\t\tFotograf\u00eda Elio Morales\n\t\t\t\t<\/figcaption><\/figure><figure class='gallery-item'>\n\t\t\t<div class='gallery-icon landscape'>\n\t\t\t\t<a href='https:\/\/soy.usac.edu.gt\/?attachment_id=4534'><img loading=\"lazy\" decoding=\"async\" width=\"150\" height=\"150\" src=\"https:\/\/soy.usac.edu.gt\/wp-content\/uploads\/2019\/03\/10-150x150.jpg\" class=\"attachment-thumbnail size-thumbnail\" alt=\"\" aria-describedby=\"gallery-1-4534\" \/><\/a>\n\t\t\t<\/div>\n\t\t\t\t<figcaption class='wp-caption-text gallery-caption' id='gallery-1-4534'>\n\t\t\t\tFotograf\u00eda Elio Morales\n\t\t\t\t<\/figcaption><\/figure><figure class='gallery-item'>\n\t\t\t<div class='gallery-icon landscape'>\n\t\t\t\t<a href='https:\/\/soy.usac.edu.gt\/?attachment_id=4533'><img loading=\"lazy\" decoding=\"async\" width=\"150\" height=\"150\" src=\"https:\/\/soy.usac.edu.gt\/wp-content\/uploads\/2019\/03\/6-150x150.jpg\" class=\"attachment-thumbnail size-thumbnail\" alt=\"\" aria-describedby=\"gallery-1-4533\" \/><\/a>\n\t\t\t<\/div>\n\t\t\t\t<figcaption class='wp-caption-text gallery-caption' id='gallery-1-4533'>\n\t\t\t\tFotograf\u00eda Elio Morales\n\t\t\t\t<\/figcaption><\/figure><figure class='gallery-item'>\n\t\t\t<div class='gallery-icon landscape'>\n\t\t\t\t<a href='https:\/\/soy.usac.edu.gt\/?attachment_id=4532'><img loading=\"lazy\" decoding=\"async\" width=\"150\" height=\"150\" src=\"https:\/\/soy.usac.edu.gt\/wp-content\/uploads\/2019\/03\/4-150x150.jpg\" class=\"attachment-thumbnail size-thumbnail\" alt=\"\" aria-describedby=\"gallery-1-4532\" \/><\/a>\n\t\t\t<\/div>\n\t\t\t\t<figcaption class='wp-caption-text gallery-caption' id='gallery-1-4532'>\n\t\t\t\tFotograf\u00eda Elio Morales\n\t\t\t\t<\/figcaption><\/figure><figure class='gallery-item'>\n\t\t\t<div class='gallery-icon landscape'>\n\t\t\t\t<a href='https:\/\/soy.usac.edu.gt\/?attachment_id=4531'><img loading=\"lazy\" decoding=\"async\" width=\"150\" height=\"150\" src=\"https:\/\/soy.usac.edu.gt\/wp-content\/uploads\/2019\/03\/3-150x150.jpg\" class=\"attachment-thumbnail size-thumbnail\" alt=\"\" aria-describedby=\"gallery-1-4531\" \/><\/a>\n\t\t\t<\/div>\n\t\t\t\t<figcaption class='wp-caption-text gallery-caption' id='gallery-1-4531'>\n\t\t\t\tFotograf\u00eda Elio Morales\n\t\t\t\t<\/figcaption><\/figure><figure class='gallery-item'>\n\t\t\t<div class='gallery-icon landscape'>\n\t\t\t\t<a href='https:\/\/soy.usac.edu.gt\/?attachment_id=4530'><img loading=\"lazy\" decoding=\"async\" width=\"150\" height=\"150\" src=\"https:\/\/soy.usac.edu.gt\/wp-content\/uploads\/2019\/03\/2-1-150x150.jpg\" class=\"attachment-thumbnail size-thumbnail\" alt=\"\" aria-describedby=\"gallery-1-4530\" \/><\/a>\n\t\t\t<\/div>\n\t\t\t\t<figcaption class='wp-caption-text gallery-caption' id='gallery-1-4530'>\n\t\t\t\tFotograf\u00eda Elio Morales\n\t\t\t\t<\/figcaption><\/figure><figure class='gallery-item'>\n\t\t\t<div class='gallery-icon landscape'>\n\t\t\t\t<a href='https:\/\/soy.usac.edu.gt\/?attachment_id=4529'><img loading=\"lazy\" decoding=\"async\" width=\"150\" height=\"150\" src=\"https:\/\/soy.usac.edu.gt\/wp-content\/uploads\/2019\/03\/1-150x150.jpg\" class=\"attachment-thumbnail size-thumbnail\" alt=\"\" aria-describedby=\"gallery-1-4529\" \/><\/a>\n\t\t\t<\/div>\n\t\t\t\t<figcaption class='wp-caption-text gallery-caption' id='gallery-1-4529'>\n\t\t\t\tFotograf\u00eda Elio Morales\n\t\t\t\t<\/figcaption><\/figure>\n\t\t<\/div>\n\n<p>\u00a0<\/p>\n<p><img loading=\"lazy\" decoding=\"async\" class=\"aligncenter size-full wp-image-3894\" src=\"https:\/\/soy.usac.edu.gt\/wp-content\/uploads\/2019\/02\/Cr\u00e9ditos-prensa-02.png\" alt=\"\" width=\"5079\" height=\"1960\" srcset=\"https:\/\/soy.usac.edu.gt\/wp-content\/uploads\/2019\/02\/Cr\u00e9ditos-prensa-02.png 5079w, https:\/\/soy.usac.edu.gt\/wp-content\/uploads\/2019\/02\/Cr\u00e9ditos-prensa-02-300x116.png 300w, https:\/\/soy.usac.edu.gt\/wp-content\/uploads\/2019\/02\/Cr\u00e9ditos-prensa-02-768x296.png 768w, https:\/\/soy.usac.edu.gt\/wp-content\/uploads\/2019\/02\/Cr\u00e9ditos-prensa-02-1024x395.png 1024w, https:\/\/soy.usac.edu.gt\/wp-content\/uploads\/2019\/02\/Cr\u00e9ditos-prensa-02-1088x420.png 1088w, https:\/\/soy.usac.edu.gt\/wp-content\/uploads\/2019\/02\/Cr\u00e9ditos-prensa-02-640x247.png 640w, https:\/\/soy.usac.edu.gt\/wp-content\/uploads\/2019\/02\/Cr\u00e9ditos-prensa-02-681x263.png 681w\" sizes=\"auto, (max-width: 5079px) 100vw, 5079px\" \/><\/p>\n<p>\u00a0<\/p>\n<p><br \/><br \/><br \/><\/p>\n","protected":false},"excerpt":{"rendered":"","protected":false},"author":1,"featured_media":4539,"comment_status":"closed","ping_status":"open","sticky":false,"template":"","format":"standard","meta":{"_exactmetrics_skip_tracking":false,"_exactmetrics_sitenote_active":false,"_exactmetrics_sitenote_note":"","_exactmetrics_sitenote_category":0,"_jetpack_memberships_contains_paid_content":false,"footnotes":""},"categories":[29,92],"tags":[393,392,295,226,394],"class_list":["post-4525","post","type-post","status-publish","format-standard","has-post-thumbnail","hentry","category-noticias","category-rectoria","tag-comisiones-de-postulacion","tag-foro-de-rectores","tag-rector-murphy-paiz","tag-universidad-de-san-carlos","tag-universidades-privadas"],"aioseo_notices":[],"jetpack_featured_media_url":"https:\/\/soy.usac.edu.gt\/wp-content\/uploads\/2019\/03\/21.jpg","views":"","jetpack-related-posts":[{"id":4615,"url":"https:\/\/soy.usac.edu.gt\/?p=4615","url_meta":{"origin":4525,"position":0},"title":"Rectores eval\u00faan el rol de la educaci\u00f3n superior en Guatemala","author":"Divisi\u00f3n de Publicidad","date":"8 marzo, 2019","format":"video","excerpt":"Representantes de la Universidad de San Carlos de Guatemala, Universidad Francisco Marroqu\u00edn, Universidad Rafael Land\u00edvar y Universidad Internacional asistieron a un foro donde discutieron los aportes de la Universidad a la sociedad. La actividad se realiz\u00f3 como la segunda fase de la C\u00e1tedra Dr. Carlos Mart\u00ednez Dur\u00e1n en el Aula\u2026","rel":"","context":"En \u00abVideos\u00bb","block_context":{"text":"Videos","link":"https:\/\/soy.usac.edu.gt\/?cat=31"},"img":{"alt_text":"","src":"https:\/\/i0.wp.com\/soy.usac.edu.gt\/wp-content\/uploads\/2019\/03\/sddefault-11.jpg?resize=350%2C200&ssl=1","width":350,"height":200,"srcset":"https:\/\/i0.wp.com\/soy.usac.edu.gt\/wp-content\/uploads\/2019\/03\/sddefault-11.jpg?resize=350%2C200&ssl=1 1x, https:\/\/i0.wp.com\/soy.usac.edu.gt\/wp-content\/uploads\/2019\/03\/sddefault-11.jpg?resize=525%2C300&ssl=1 1.5x"},"classes":[]},{"id":2131,"url":"https:\/\/soy.usac.edu.gt\/?p=2131","url_meta":{"origin":4525,"position":1},"title":"Usac construir\u00e1 Centro Universitario en Mixco","author":"Divisi\u00f3n de Publicidad","date":"25 agosto, 2018","format":false,"excerpt":"La nueva sede de la USAC estar\u00e1 en la Colonia Monserrat Proyecto USAC-Mixco El rector de la Universidad de San Carlos de Guatemala, ingeniero Murphy Paiz, junto con el alcalde de Mixco, Neto Bran, trabajar\u00e1n en la planificaci\u00f3n del campus USAC- Mixco, que estar\u00e1 ubicado en la\u00a0colonia Nueva Montserrat de\u2026","rel":"","context":"En \u00abDepartamentales\u00bb","block_context":{"text":"Departamentales","link":"https:\/\/soy.usac.edu.gt\/?cat=66"},"img":{"alt_text":"","src":"https:\/\/i0.wp.com\/soy.usac.edu.gt\/wp-content\/uploads\/2018\/07\/NUEVA-SEDE-MIXCO.jpg?resize=350%2C200&ssl=1","width":350,"height":200,"srcset":"https:\/\/i0.wp.com\/soy.usac.edu.gt\/wp-content\/uploads\/2018\/07\/NUEVA-SEDE-MIXCO.jpg?resize=350%2C200&ssl=1 1x, https:\/\/i0.wp.com\/soy.usac.edu.gt\/wp-content\/uploads\/2018\/07\/NUEVA-SEDE-MIXCO.jpg?resize=525%2C300&ssl=1 1.5x, https:\/\/i0.wp.com\/soy.usac.edu.gt\/wp-content\/uploads\/2018\/07\/NUEVA-SEDE-MIXCO.jpg?resize=700%2C400&ssl=1 2x"},"classes":[]},{"id":22056,"url":"https:\/\/soy.usac.edu.gt\/?p=22056","url_meta":{"origin":4525,"position":2},"title":"Firma de Convenio de Entendimiento","author":"Divisi\u00f3n de Publicidad","date":"30 septiembre, 2025","format":false,"excerpt":"Entre la Universidad de San Carlos de Guatemala y The Institute for Women\u2019s Health La Universidad de San Carlos de Guatemala firm\u00f3 un Convenio de Entendimiento con The Institute for Women\u2019s Health, con el objetivo de fortalecer los sectores social y sanitario a trav\u00e9s de la educaci\u00f3n superior, promoviendo la\u2026","rel":"","context":"En \u00abActividades\u00bb","block_context":{"text":"Actividades","link":"https:\/\/soy.usac.edu.gt\/?cat=126"},"img":{"alt_text":"","src":"https:\/\/i0.wp.com\/soy.usac.edu.gt\/wp-content\/uploads\/2025\/10\/IMG-20250925-WA0123-scaled.jpg?resize=350%2C200&ssl=1","width":350,"height":200,"srcset":"https:\/\/i0.wp.com\/soy.usac.edu.gt\/wp-content\/uploads\/2025\/10\/IMG-20250925-WA0123-scaled.jpg?resize=350%2C200&ssl=1 1x, https:\/\/i0.wp.com\/soy.usac.edu.gt\/wp-content\/uploads\/2025\/10\/IMG-20250925-WA0123-scaled.jpg?resize=525%2C300&ssl=1 1.5x, https:\/\/i0.wp.com\/soy.usac.edu.gt\/wp-content\/uploads\/2025\/10\/IMG-20250925-WA0123-scaled.jpg?resize=700%2C400&ssl=1 2x, https:\/\/i0.wp.com\/soy.usac.edu.gt\/wp-content\/uploads\/2025\/10\/IMG-20250925-WA0123-scaled.jpg?resize=1050%2C600&ssl=1 3x, https:\/\/i0.wp.com\/soy.usac.edu.gt\/wp-content\/uploads\/2025\/10\/IMG-20250925-WA0123-scaled.jpg?resize=1400%2C800&ssl=1 4x"},"classes":[]},{"id":17636,"url":"https:\/\/soy.usac.edu.gt\/?p=17636","url_meta":{"origin":4525,"position":3},"title":"En los \u00faltimos d\u00edas se ha escuchado mucho el decir que la USAC ser\u00e1 privatizada, pero \u00bfes esto cierto?","author":"Divisi\u00f3n de Publicidad","date":"8 julio, 2022","format":false,"excerpt":"La USAC es la \u00fanica instituci\u00f3n de educaci\u00f3n superior p\u00fablica en nuestro pa\u00eds, esta denominaci\u00f3n no es autoimpuesta, est\u00e1 respaldada por la Constituci\u00f3n Pol\u00edtica de la Rep\u00fablica de Guatemala.","rel":"","context":"En \u00abNoticias\u00bb","block_context":{"text":"Noticias","link":"https:\/\/soy.usac.edu.gt\/?cat=29"},"img":{"alt_text":"","src":"https:\/\/i0.wp.com\/soy.usac.edu.gt\/wp-content\/uploads\/2022\/07\/WhatsApp-Image-2022-07-08-at-8.21.25-PM-1.jpeg?resize=350%2C200&ssl=1","width":350,"height":200,"srcset":"https:\/\/i0.wp.com\/soy.usac.edu.gt\/wp-content\/uploads\/2022\/07\/WhatsApp-Image-2022-07-08-at-8.21.25-PM-1.jpeg?resize=350%2C200&ssl=1 1x, https:\/\/i0.wp.com\/soy.usac.edu.gt\/wp-content\/uploads\/2022\/07\/WhatsApp-Image-2022-07-08-at-8.21.25-PM-1.jpeg?resize=525%2C300&ssl=1 1.5x, https:\/\/i0.wp.com\/soy.usac.edu.gt\/wp-content\/uploads\/2022\/07\/WhatsApp-Image-2022-07-08-at-8.21.25-PM-1.jpeg?resize=700%2C400&ssl=1 2x, https:\/\/i0.wp.com\/soy.usac.edu.gt\/wp-content\/uploads\/2022\/07\/WhatsApp-Image-2022-07-08-at-8.21.25-PM-1.jpeg?resize=1050%2C600&ssl=1 3x"},"classes":[]},{"id":3094,"url":"https:\/\/soy.usac.edu.gt\/?p=3094","url_meta":{"origin":4525,"position":4},"title":"Se grad\u00faan 77 profesionales de enfermer\u00eda","author":"Edwin Medina","date":"9 noviembre, 2018","format":false,"excerpt":"La Universidad de San Carlos de Guatemala sigue aportando recurso humano calificado a la sociedad guatemalteca,\u00a0en este caso espec\u00edficamente\u00a0en el \u00e1rea de la salud, donde se graduaron las promociones n\u00famero 95 y 96 de la Escuela Nacional de Enfermeras de Guatemala, acto realizado en el audit\u00f3rium Francisco Vela de la\u2026","rel":"","context":"En \u00abNoticias\u00bb","block_context":{"text":"Noticias","link":"https:\/\/soy.usac.edu.gt\/?cat=29"},"img":{"alt_text":"","src":"https:\/\/i0.wp.com\/soy.usac.edu.gt\/wp-content\/uploads\/2018\/11\/graduandas.jpg?resize=350%2C200&ssl=1","width":350,"height":200,"srcset":"https:\/\/i0.wp.com\/soy.usac.edu.gt\/wp-content\/uploads\/2018\/11\/graduandas.jpg?resize=350%2C200&ssl=1 1x, https:\/\/i0.wp.com\/soy.usac.edu.gt\/wp-content\/uploads\/2018\/11\/graduandas.jpg?resize=525%2C300&ssl=1 1.5x, https:\/\/i0.wp.com\/soy.usac.edu.gt\/wp-content\/uploads\/2018\/11\/graduandas.jpg?resize=700%2C400&ssl=1 2x"},"classes":[]},{"id":5738,"url":"https:\/\/soy.usac.edu.gt\/?p=5738","url_meta":{"origin":4525,"position":5},"title":"Reconocen labor de trabajadores sancarlistas","author":"Divisi\u00f3n de Publicidad","date":"1 mayo, 2019","format":false,"excerpt":"En la plaza de los m\u00e1rtires se llev\u00f3 a cabo un acto conmemorativo por el d\u00eda internacional del trabajo, en el que trabajadores administrativos fueron reconocidos por su trayectoria y aporte a la instituci\u00f3n.","rel":"","context":"En \u00abNoticias\u00bb","block_context":{"text":"Noticias","link":"https:\/\/soy.usac.edu.gt\/?cat=29"},"img":{"alt_text":"","src":"https:\/\/i0.wp.com\/soy.usac.edu.gt\/wp-content\/uploads\/2019\/04\/1-1.jpg?resize=350%2C200&ssl=1","width":350,"height":200,"srcset":"https:\/\/i0.wp.com\/soy.usac.edu.gt\/wp-content\/uploads\/2019\/04\/1-1.jpg?resize=350%2C200&ssl=1 1x, https:\/\/i0.wp.com\/soy.usac.edu.gt\/wp-content\/uploads\/2019\/04\/1-1.jpg?resize=525%2C300&ssl=1 1.5x, https:\/\/i0.wp.com\/soy.usac.edu.gt\/wp-content\/uploads\/2019\/04\/1-1.jpg?resize=700%2C400&ssl=1 2x, https:\/\/i0.wp.com\/soy.usac.edu.gt\/wp-content\/uploads\/2019\/04\/1-1.jpg?resize=1050%2C600&ssl=1 3x, https:\/\/i0.wp.com\/soy.usac.edu.gt\/wp-content\/uploads\/2019\/04\/1-1.jpg?resize=1400%2C800&ssl=1 4x"},"classes":[]}],"jetpack_sharing_enabled":true,"_links":{"self":[{"href":"https:\/\/soy.usac.edu.gt\/index.php?rest_route=\/wp\/v2\/posts\/4525","targetHints":{"allow":["GET"]}}],"collection":[{"href":"https:\/\/soy.usac.edu.gt\/index.php?rest_route=\/wp\/v2\/posts"}],"about":[{"href":"https:\/\/soy.usac.edu.gt\/index.php?rest_route=\/wp\/v2\/types\/post"}],"author":[{"embeddable":true,"href":"https:\/\/soy.usac.edu.gt\/index.php?rest_route=\/wp\/v2\/users\/1"}],"replies":[{"embeddable":true,"href":"https:\/\/soy.usac.edu.gt\/index.php?rest_route=%2Fwp%2Fv2%2Fcomments&post=4525"}],"version-history":[{"count":0,"href":"https:\/\/soy.usac.edu.gt\/index.php?rest_route=\/wp\/v2\/posts\/4525\/revisions"}],"wp:featuredmedia":[{"embeddable":true,"href":"https:\/\/soy.usac.edu.gt\/index.php?rest_route=\/wp\/v2\/media\/4539"}],"wp:attachment":[{"href":"https:\/\/soy.usac.edu.gt\/index.php?rest_route=%2Fwp%2Fv2%2Fmedia&parent=4525"}],"wp:term":[{"taxonomy":"category","embeddable":true,"href":"https:\/\/soy.usac.edu.gt\/index.php?rest_route=%2Fwp%2Fv2%2Fcategories&post=4525"},{"taxonomy":"post_tag","embeddable":true,"href":"https:\/\/soy.usac.edu.gt\/index.php?rest_route=%2Fwp%2Fv2%2Ftags&post=4525"}],"curies":[{"name":"wp","href":"https:\/\/api.w.org\/{rel}","templated":true}]}}