{"id":4543,"date":"2019-03-07T18:36:19","date_gmt":"2019-03-08T00:36:19","guid":{"rendered":"https:\/\/soy.usac.edu.gt\/?p=4543"},"modified":"2019-03-08T08:08:16","modified_gmt":"2019-03-08T14:08:16","slug":"ultiman-detalles-de-la-agenda-jose-marti","status":"publish","type":"post","link":"https:\/\/soy.usac.edu.gt\/?p=4543","title":{"rendered":"Ultiman detalles de la agenda Jos\u00e9 Mart\u00ed"},"content":{"rendered":"\n<p style=\"text-align: justify;\"><em><strong>La embajadora de Cuba visit\u00f3 la USAC<\/strong><\/em><em><strong> para coordinar la programaci\u00f3n anual de la C\u00e1tedra Jos\u00e9 Mart\u00ed con el Consejo Acad\u00e9mico de la misma y el secretario general de la USAC.<\/strong><\/em><\/p>\n<p style=\"text-align: justify;\">Integrantes del Consejo Acad\u00e9mico de la C\u00e1tedra Jos\u00e9 Mart\u00ed y una \u00a0comitiva de la Embajada de Cuba\u00a0realizaron una visita al secretario general de la USAC, Arq. Carlos Valladares, con el fin de perfeccionar detalles de\u00a0las actividades que se llevar\u00e1n a cabo durante marzo.<\/p>\n<p style=\"text-align: justify;\">En la reuni\u00f3n, adem\u00e1s, estuvo presente el Dr. Jos\u00e9 Cal; directora de Extensi\u00f3n, Dra. Ver\u00f3nica Paz; embajadora de Cuba en Guatemala, Mar\u00eda del Pilar Fern\u00e1ndez; Dra. Gladys Tobar, de la Facultad de Humanidades; Aldo Cruces, concejal;\u00a0 directora de la Escuela de Historia, Dra. Artemis Torres; y Carlos Galindo, de Cooperaci\u00f3n Internacional de la USAC.\u00a0<\/p>\n<p style=\"text-align: justify;\">La \u00a0C\u00e1tedra Jos\u00e9 Mart\u00ed es un espacio acad\u00e9mico de an\u00e1lisis y difusi\u00f3n de la obra del autor y el pensamiento latinoamericano. Como parte de las actividades programadas est\u00e1 el panel \u201cBio\u00e9tica, una necesidad en el mundo actual\u201d.<\/p>\n<p><img loading=\"lazy\" decoding=\"async\" class=\"aligncenter size-full wp-image-4547\" src=\"https:\/\/soy.usac.edu.gt\/wp-content\/uploads\/2019\/03\/2-2.jpg\" alt=\"\" width=\"6240\" height=\"4160\" srcset=\"https:\/\/soy.usac.edu.gt\/wp-content\/uploads\/2019\/03\/2-2.jpg 6240w, https:\/\/soy.usac.edu.gt\/wp-content\/uploads\/2019\/03\/2-2-300x200.jpg 300w, https:\/\/soy.usac.edu.gt\/wp-content\/uploads\/2019\/03\/2-2-768x512.jpg 768w, https:\/\/soy.usac.edu.gt\/wp-content\/uploads\/2019\/03\/2-2-1024x683.jpg 1024w, https:\/\/soy.usac.edu.gt\/wp-content\/uploads\/2019\/03\/2-2-630x420.jpg 630w, https:\/\/soy.usac.edu.gt\/wp-content\/uploads\/2019\/03\/2-2-640x427.jpg 640w, https:\/\/soy.usac.edu.gt\/wp-content\/uploads\/2019\/03\/2-2-681x454.jpg 681w\" sizes=\"auto, (max-width: 6240px) 100vw, 6240px\" \/><\/p>\n<blockquote class=\"td_quote_box td_box_center\">\n<h4 style=\"text-align: justify;\">Dentro de los eventos programados est\u00e1 el panel\u00a0 \u00abBio\u00e9tica, una necesidad en el mundo actual\u00bb, que se llevar\u00e1 a cabo el martes 26 de marzo en el CUM y el jueves 28 en el Auditorio Olimpia Altuve Rodr\u00edguez de la Facultad de Ciencias Qu\u00edmicas.<\/h4>\n<\/blockquote>\n<p><img loading=\"lazy\" decoding=\"async\" class=\"aligncenter size-full wp-image-4549\" src=\"https:\/\/soy.usac.edu.gt\/wp-content\/uploads\/2019\/03\/Cr\u00e9ditos-prensa-07.png\" alt=\"\" width=\"5079\" height=\"1960\" srcset=\"https:\/\/soy.usac.edu.gt\/wp-content\/uploads\/2019\/03\/Cr\u00e9ditos-prensa-07.png 5079w, https:\/\/soy.usac.edu.gt\/wp-content\/uploads\/2019\/03\/Cr\u00e9ditos-prensa-07-300x116.png 300w, https:\/\/soy.usac.edu.gt\/wp-content\/uploads\/2019\/03\/Cr\u00e9ditos-prensa-07-768x296.png 768w, https:\/\/soy.usac.edu.gt\/wp-content\/uploads\/2019\/03\/Cr\u00e9ditos-prensa-07-1024x395.png 1024w, https:\/\/soy.usac.edu.gt\/wp-content\/uploads\/2019\/03\/Cr\u00e9ditos-prensa-07-1088x420.png 1088w, https:\/\/soy.usac.edu.gt\/wp-content\/uploads\/2019\/03\/Cr\u00e9ditos-prensa-07-640x247.png 640w, https:\/\/soy.usac.edu.gt\/wp-content\/uploads\/2019\/03\/Cr\u00e9ditos-prensa-07-681x263.png 681w\" sizes=\"auto, (max-width: 5079px) 100vw, 5079px\" \/><\/p>\n","protected":false},"excerpt":{"rendered":"","protected":false},"author":1,"featured_media":4546,"comment_status":"closed","ping_status":"open","sticky":false,"template":"","format":"standard","meta":{"_exactmetrics_skip_tracking":false,"_exactmetrics_sitenote_active":false,"_exactmetrics_sitenote_note":"","_exactmetrics_sitenote_category":0,"_jetpack_memberships_contains_paid_content":false,"footnotes":""},"categories":[29],"tags":[396,395,353],"class_list":["post-4543","post","type-post","status-publish","format-standard","has-post-thumbnail","hentry","category-noticias","tag-catedra-jose-marti","tag-secretaria-general","tag-secretario-general-carlos-valladares"],"aioseo_notices":[],"jetpack_featured_media_url":"https:\/\/soy.usac.edu.gt\/wp-content\/uploads\/2019\/03\/1-1.jpg","views":"","jetpack-related-posts":[{"id":5881,"url":"https:\/\/soy.usac.edu.gt\/?p=5881","url_meta":{"origin":4543,"position":0},"title":"Construcci\u00f3n Democr\u00e1tica, Retos y Oportunidades","author":"Erick Iv\u00e1n de Le\u00f3n","date":"7 mayo, 2019","format":false,"excerpt":"La Universidad de San Carlos de Guatemala realiz\u00f3, por medio de la C\u00e1tedra Jos\u00e9 Mart\u00ed, el conversatorio Construcci\u00f3n Democr\u00e1tica, Retos y Oportunidades","rel":"","context":"En \u00abNoticias\u00bb","block_context":{"text":"Noticias","link":"https:\/\/soy.usac.edu.gt\/?cat=29"},"img":{"alt_text":"","src":"https:\/\/i0.wp.com\/soy.usac.edu.gt\/wp-content\/uploads\/2019\/05\/DSC_0019.jpg?resize=350%2C200&ssl=1","width":350,"height":200,"srcset":"https:\/\/i0.wp.com\/soy.usac.edu.gt\/wp-content\/uploads\/2019\/05\/DSC_0019.jpg?resize=350%2C200&ssl=1 1x, https:\/\/i0.wp.com\/soy.usac.edu.gt\/wp-content\/uploads\/2019\/05\/DSC_0019.jpg?resize=525%2C300&ssl=1 1.5x, https:\/\/i0.wp.com\/soy.usac.edu.gt\/wp-content\/uploads\/2019\/05\/DSC_0019.jpg?resize=700%2C400&ssl=1 2x, https:\/\/i0.wp.com\/soy.usac.edu.gt\/wp-content\/uploads\/2019\/05\/DSC_0019.jpg?resize=1050%2C600&ssl=1 3x, https:\/\/i0.wp.com\/soy.usac.edu.gt\/wp-content\/uploads\/2019\/05\/DSC_0019.jpg?resize=1400%2C800&ssl=1 4x"},"classes":[]},{"id":5329,"url":"https:\/\/soy.usac.edu.gt\/?p=5329","url_meta":{"origin":4543,"position":1},"title":"Bio\u00e9tica, una necesidad en el mundo actual","author":"Divisi\u00f3n de Publicidad","date":"27 marzo, 2019","format":false,"excerpt":"Expositores nacionales e internacionales conversaron sobre la \u00e9tica y los principales problemas del mundo actual.","rel":"","context":"En \u00abNoticias\u00bb","block_context":{"text":"Noticias","link":"https:\/\/soy.usac.edu.gt\/?cat=29"},"img":{"alt_text":"","src":"https:\/\/i0.wp.com\/soy.usac.edu.gt\/wp-content\/uploads\/2019\/03\/Destacada.jpg?resize=350%2C200&ssl=1","width":350,"height":200,"srcset":"https:\/\/i0.wp.com\/soy.usac.edu.gt\/wp-content\/uploads\/2019\/03\/Destacada.jpg?resize=350%2C200&ssl=1 1x, https:\/\/i0.wp.com\/soy.usac.edu.gt\/wp-content\/uploads\/2019\/03\/Destacada.jpg?resize=525%2C300&ssl=1 1.5x, https:\/\/i0.wp.com\/soy.usac.edu.gt\/wp-content\/uploads\/2019\/03\/Destacada.jpg?resize=700%2C400&ssl=1 2x, https:\/\/i0.wp.com\/soy.usac.edu.gt\/wp-content\/uploads\/2019\/03\/Destacada.jpg?resize=1050%2C600&ssl=1 3x, https:\/\/i0.wp.com\/soy.usac.edu.gt\/wp-content\/uploads\/2019\/03\/Destacada.jpg?resize=1400%2C800&ssl=1 4x"},"classes":[]},{"id":7394,"url":"https:\/\/soy.usac.edu.gt\/?p=7394","url_meta":{"origin":4543,"position":2},"title":"Sancarlistas podr\u00e1n estudiar Maestr\u00eda de Gesti\u00f3n de Riesgos y Cambio Clim\u00e1tico","author":"Divisi\u00f3n de Publicidad","date":"12 julio, 2019","format":false,"excerpt":"La USAC firm\u00f3 un convenio marco con la Universidad de Ciencias y Artes de Chiapas UNICACH para la realizaci\u00f3n de actividades conjuntas.","rel":"","context":"En \u00abNoticias\u00bb","block_context":{"text":"Noticias","link":"https:\/\/soy.usac.edu.gt\/?cat=29"},"img":{"alt_text":"","src":"https:\/\/i0.wp.com\/soy.usac.edu.gt\/wp-content\/uploads\/2019\/07\/FIRMA-DE-CONVENIO-ENTRE-CHIAPAS-Y-USAC-4.jpg?resize=350%2C200&ssl=1","width":350,"height":200,"srcset":"https:\/\/i0.wp.com\/soy.usac.edu.gt\/wp-content\/uploads\/2019\/07\/FIRMA-DE-CONVENIO-ENTRE-CHIAPAS-Y-USAC-4.jpg?resize=350%2C200&ssl=1 1x, https:\/\/i0.wp.com\/soy.usac.edu.gt\/wp-content\/uploads\/2019\/07\/FIRMA-DE-CONVENIO-ENTRE-CHIAPAS-Y-USAC-4.jpg?resize=525%2C300&ssl=1 1.5x, https:\/\/i0.wp.com\/soy.usac.edu.gt\/wp-content\/uploads\/2019\/07\/FIRMA-DE-CONVENIO-ENTRE-CHIAPAS-Y-USAC-4.jpg?resize=700%2C400&ssl=1 2x, https:\/\/i0.wp.com\/soy.usac.edu.gt\/wp-content\/uploads\/2019\/07\/FIRMA-DE-CONVENIO-ENTRE-CHIAPAS-Y-USAC-4.jpg?resize=1050%2C600&ssl=1 3x, https:\/\/i0.wp.com\/soy.usac.edu.gt\/wp-content\/uploads\/2019\/07\/FIRMA-DE-CONVENIO-ENTRE-CHIAPAS-Y-USAC-4.jpg?resize=1400%2C800&ssl=1 4x"},"classes":[]},{"id":12988,"url":"https:\/\/soy.usac.edu.gt\/?p=12988","url_meta":{"origin":4543,"position":3},"title":"USAC cumple 76 a\u00f1os de ser aut\u00f3noma","author":"Divisi\u00f3n de Publicidad","date":"1 diciembre, 2020","format":false,"excerpt":"Hoy se realizar\u00e1 el acto acad\u00e9mico virtual que conmemora el 76 aniversario de la autonom\u00eda universitaria. Como parte de la celebraci\u00f3n, se otorga la Medalla Universitaria y el reconocimiento Profesional Ilustre de las Ciencias Literarias; adem\u00e1s, recientemente se efectu\u00f3 la entrega de t\u00edtulos universitarios\u00a0 a estudiantes de centros universitarios y\u2026","rel":"","context":"En \u00abNoticias\u00bb","block_context":{"text":"Noticias","link":"https:\/\/soy.usac.edu.gt\/?cat=29"},"img":{"alt_text":"","src":"https:\/\/i0.wp.com\/soy.usac.edu.gt\/wp-content\/uploads\/2019\/12\/DESTACADA.jpg?resize=350%2C200&ssl=1","width":350,"height":200,"srcset":"https:\/\/i0.wp.com\/soy.usac.edu.gt\/wp-content\/uploads\/2019\/12\/DESTACADA.jpg?resize=350%2C200&ssl=1 1x, https:\/\/i0.wp.com\/soy.usac.edu.gt\/wp-content\/uploads\/2019\/12\/DESTACADA.jpg?resize=525%2C300&ssl=1 1.5x, https:\/\/i0.wp.com\/soy.usac.edu.gt\/wp-content\/uploads\/2019\/12\/DESTACADA.jpg?resize=700%2C400&ssl=1 2x, https:\/\/i0.wp.com\/soy.usac.edu.gt\/wp-content\/uploads\/2019\/12\/DESTACADA.jpg?resize=1050%2C600&ssl=1 3x"},"classes":[]},{"id":21851,"url":"https:\/\/soy.usac.edu.gt\/?p=21851","url_meta":{"origin":4543,"position":4},"title":"USAC conecta al mundo con el Encuentro Internacional de Universidades","author":"Divisi\u00f3n de Publicidad","date":"27 agosto, 2025","format":false,"excerpt":"La Universidad de San Carlos de Guatemala (USAC) abri\u00f3 sus puertas al mundo con la inauguraci\u00f3n del Segundo Encuentro de la Red Internacional de Universidades para el Desarrollo Inclusivo y el Intercambio Cient\u00edfico y Cultural (RIUDICC), un espacio cofinanciado por la Uni\u00f3n Europea que coloca a Guatemala en el mapa\u2026","rel":"","context":"En \u00abActividades\u00bb","block_context":{"text":"Actividades","link":"https:\/\/soy.usac.edu.gt\/?cat=126"},"img":{"alt_text":"","src":"https:\/\/i0.wp.com\/soy.usac.edu.gt\/wp-content\/uploads\/2025\/08\/WhatsApp-Image-2025-08-28-at-7.28.08-AM-scaled.jpeg?resize=350%2C200&ssl=1","width":350,"height":200,"srcset":"https:\/\/i0.wp.com\/soy.usac.edu.gt\/wp-content\/uploads\/2025\/08\/WhatsApp-Image-2025-08-28-at-7.28.08-AM-scaled.jpeg?resize=350%2C200&ssl=1 1x, https:\/\/i0.wp.com\/soy.usac.edu.gt\/wp-content\/uploads\/2025\/08\/WhatsApp-Image-2025-08-28-at-7.28.08-AM-scaled.jpeg?resize=525%2C300&ssl=1 1.5x, https:\/\/i0.wp.com\/soy.usac.edu.gt\/wp-content\/uploads\/2025\/08\/WhatsApp-Image-2025-08-28-at-7.28.08-AM-scaled.jpeg?resize=700%2C400&ssl=1 2x, https:\/\/i0.wp.com\/soy.usac.edu.gt\/wp-content\/uploads\/2025\/08\/WhatsApp-Image-2025-08-28-at-7.28.08-AM-scaled.jpeg?resize=1050%2C600&ssl=1 3x, https:\/\/i0.wp.com\/soy.usac.edu.gt\/wp-content\/uploads\/2025\/08\/WhatsApp-Image-2025-08-28-at-7.28.08-AM-scaled.jpeg?resize=1400%2C800&ssl=1 4x"},"classes":[]},{"id":13092,"url":"https:\/\/soy.usac.edu.gt\/?p=13092","url_meta":{"origin":4543,"position":5},"title":"Conozca a la nueva Secretaria General de la USAC","author":"Divisi\u00f3n de Publicidad","date":"5 febrero, 2021","format":false,"excerpt":"Desde el pasado 8 de enero de 2021, la ing. Marcia V\u00e9liz es la nueva Secretaria General de la Universidad, en sustituci\u00f3n del arq. Carlos Valladares.\u00a0","rel":"","context":"En \u00abNoticias\u00bb","block_context":{"text":"Noticias","link":"https:\/\/soy.usac.edu.gt\/?cat=29"},"img":{"alt_text":"","src":"https:\/\/i0.wp.com\/soy.usac.edu.gt\/wp-content\/uploads\/2021\/02\/WhatsApp-Image-2021-02-05-at-11.54.18-AM.jpeg?resize=350%2C200&ssl=1","width":350,"height":200,"srcset":"https:\/\/i0.wp.com\/soy.usac.edu.gt\/wp-content\/uploads\/2021\/02\/WhatsApp-Image-2021-02-05-at-11.54.18-AM.jpeg?resize=350%2C200&ssl=1 1x, https:\/\/i0.wp.com\/soy.usac.edu.gt\/wp-content\/uploads\/2021\/02\/WhatsApp-Image-2021-02-05-at-11.54.18-AM.jpeg?resize=525%2C300&ssl=1 1.5x, https:\/\/i0.wp.com\/soy.usac.edu.gt\/wp-content\/uploads\/2021\/02\/WhatsApp-Image-2021-02-05-at-11.54.18-AM.jpeg?resize=700%2C400&ssl=1 2x, https:\/\/i0.wp.com\/soy.usac.edu.gt\/wp-content\/uploads\/2021\/02\/WhatsApp-Image-2021-02-05-at-11.54.18-AM.jpeg?resize=1050%2C600&ssl=1 3x"},"classes":[]}],"jetpack_sharing_enabled":true,"_links":{"self":[{"href":"https:\/\/soy.usac.edu.gt\/index.php?rest_route=\/wp\/v2\/posts\/4543","targetHints":{"allow":["GET"]}}],"collection":[{"href":"https:\/\/soy.usac.edu.gt\/index.php?rest_route=\/wp\/v2\/posts"}],"about":[{"href":"https:\/\/soy.usac.edu.gt\/index.php?rest_route=\/wp\/v2\/types\/post"}],"author":[{"embeddable":true,"href":"https:\/\/soy.usac.edu.gt\/index.php?rest_route=\/wp\/v2\/users\/1"}],"replies":[{"embeddable":true,"href":"https:\/\/soy.usac.edu.gt\/index.php?rest_route=%2Fwp%2Fv2%2Fcomments&post=4543"}],"version-history":[{"count":0,"href":"https:\/\/soy.usac.edu.gt\/index.php?rest_route=\/wp\/v2\/posts\/4543\/revisions"}],"wp:featuredmedia":[{"embeddable":true,"href":"https:\/\/soy.usac.edu.gt\/index.php?rest_route=\/wp\/v2\/media\/4546"}],"wp:attachment":[{"href":"https:\/\/soy.usac.edu.gt\/index.php?rest_route=%2Fwp%2Fv2%2Fmedia&parent=4543"}],"wp:term":[{"taxonomy":"category","embeddable":true,"href":"https:\/\/soy.usac.edu.gt\/index.php?rest_route=%2Fwp%2Fv2%2Fcategories&post=4543"},{"taxonomy":"post_tag","embeddable":true,"href":"https:\/\/soy.usac.edu.gt\/index.php?rest_route=%2Fwp%2Fv2%2Ftags&post=4543"}],"curies":[{"name":"wp","href":"https:\/\/api.w.org\/{rel}","templated":true}]}}