{"id":4560,"date":"2019-03-08T09:23:18","date_gmt":"2019-03-08T15:23:18","guid":{"rendered":"https:\/\/soy.usac.edu.gt\/?p=4560"},"modified":"2019-03-08T10:07:05","modified_gmt":"2019-03-08T16:07:05","slug":"por-tu-derecho-a-elegir","status":"publish","type":"post","link":"https:\/\/soy.usac.edu.gt\/?p=4560","title":{"rendered":"Elecciones 2019, haz valer tu voto"},"content":{"rendered":"\n<h2 style=\"text-align: justify;\"><em><strong>Sancarlista, esta es tu oportunidad de ejercer un voto consciente y responsable<\/strong><\/em><\/h2>\n<p class=\"m_-7067713056654941564m_7788188904473202508gmail-p1\" style=\"text-align: justify;\"><span class=\"m_-7067713056654941564m_7788188904473202508gmail-s1\">Para garantizar una mayor cobertura en el empadronamiento es fundamental sensibilizar a la ciudadan\u00eda sobre la importancia de ejercer un voto consciente y responsable, antecedido por una indagaci\u00f3n sobre los planes y equipos de trabajo que conforman las distintas organizaciones pol\u00edticas.<\/span><\/p>\n<p class=\"m_-7067713056654941564m_7788188904473202508gmail-p1\" style=\"text-align: justify;\"><span class=\"m_-7067713056654941564m_7788188904473202508gmail-s1\">E<\/span><span class=\"m_-7067713056654941564m_7788188904473202508gmail-s1\">l presente y el futuro de la naci\u00f3n dependen de las decisiones que tomemos hoy. El<span class=\"m_-7067713056654941564m_7788188904473202508gmail-Apple-converted-space\">\u00a0\u00a0<\/span>Tribunal Supremo Electoral (TSE) estableci\u00f3 el pr\u00f3ximo 16<span class=\"m_-7067713056654941564m_7788188904473202508gmail-Apple-converted-space\">\u00a0\u00a0<\/span>de junio como el d\u00eda en el que se llevar\u00e1n a cabo las elecciones generales del binomio presidencial, alcaldes y diputados, por medio del Decreto 1-2019.<\/span><\/p>\n<p class=\"m_-7067713056654941564m_7788188904473202508gmail-p3\" style=\"text-align: justify;\"><span class=\"m_-7067713056654941564m_7788188904473202508gmail-s1\">Con lo anterior qued\u00f3 realizada la convocatoria a los ciudadanos de todos los distritos electorales del pa\u00eds y residentes en el extranjero para que ejerzan su voto.<\/span><\/p>\n<p class=\"m_-7067713056654941564m_7788188904473202508gmail-p3\" style=\"text-align: justify;\"><span class=\"m_-7067713056654941564m_7788188904473202508gmail-s1\">Parte de la din\u00e1mica que conlleva el proceso para llegar a las urnas cada cuatro a\u00f1os es el empadronamiento, un instrumento que permite garantizar y evaluar el nivel de participaci\u00f3n ciudadana. Este paso es importante en un sistema democr\u00e1tico, porque lo dota de legalidad y legitimidad.<span class=\"m_-7067713056654941564m_7788188904473202508gmail-Apple-converted-space\">\u00a0<\/span><\/span><\/p>\n<p>\u00a0<\/p>\n<blockquote class=\"td_quote_box td_box_center\">\n<h4 style=\"text-align: justify;\">Para estas elecciones hay 7 millones 746,847 ciudadanos registrados, de los cuales solo el 12 % son j\u00f3venes.<\/h4>\n<\/blockquote>\n<p>\u00a0<\/p>\n<p class=\"m_-7067713056654941564m_7788188904473202508gmail-p3\" style=\"text-align: justify;\"><span class=\"m_-7067713056654941564m_7788188904473202508gmail-s1\">El voto de<span class=\"m_-7067713056654941564m_7788188904473202508gmail-Apple-converted-space\">\u00a0\u00a0<\/span>la juventud ha sido y es determinante; sin embargo, las campa\u00f1as para empadronarse y llamar al voto siguen siendo una materia pendiente en el Tribunal Supremo Electoral. Las mismas han tenido poca fuerza e incidencia, lo cual provoca que este grupo<span class=\"m_-7067713056654941564m_7788188904473202508gmail-Apple-converted-space\">\u00a0\u00a0<\/span>considerable no asista a las urnas.<\/span><\/p>\n<p class=\"m_-7067713056654941564m_7788188904473202508gmail-p3\" style=\"text-align: justify;\"><span class=\"m_-7067713056654941564m_7788188904473202508gmail-s1\">En 2011, de los 6 millones, 475, 279 empadronados, 999,780<span class=\"m_-7067713056654941564m_7788188904473202508gmail-Apple-converted-space\">\u00a0\u00a0<\/span>j\u00f3venes comprendidos entre los 18 y 25 a\u00f1os realizaron el tr\u00e1mite, o sea el 15 %. En 2015 se empadronaron 974,576 de 7 millones 536,988 inscritos en el padr\u00f3n a nivel nacional, el dato representa el 13 % de la poblaci\u00f3n.<span class=\"m_-7067713056654941564m_7788188904473202508gmail-Apple-converted-space\">\u00a0<\/span><\/span><\/p>\n<p class=\"m_-7067713056654941564m_7788188904473202508gmail-p3\" style=\"text-align: justify;\"><span class=\"m_-7067713056654941564m_7788188904473202508gmail-s1\">En estas elecciones<span class=\"m_-7067713056654941564m_7788188904473202508gmail-Apple-converted-space\">\u00a0\u00a0<\/span>la tendencia se fue a la baja con el 12 %, o sea 905,114 j\u00f3venes<span class=\"m_-7067713056654941564m_7788188904473202508gmail-Apple-converted-space\">\u00a0\u00a0<\/span>empadronados de los 7 millones 746,847 ciudadanos registrados.<\/span><\/p>\n<p><img loading=\"lazy\" decoding=\"async\" class=\"aligncenter wp-image-4567\" src=\"https:\/\/soy.usac.edu.gt\/wp-content\/uploads\/2019\/03\/Captura-de-pantalla-2019-03-07-a-las-5.49.14-p.m.-153x300.png\" alt=\"\" width=\"200\" height=\"393\" srcset=\"https:\/\/soy.usac.edu.gt\/wp-content\/uploads\/2019\/03\/Captura-de-pantalla-2019-03-07-a-las-5.49.14-p.m.-153x300.png 153w, https:\/\/soy.usac.edu.gt\/wp-content\/uploads\/2019\/03\/Captura-de-pantalla-2019-03-07-a-las-5.49.14-p.m.-214x420.png 214w, https:\/\/soy.usac.edu.gt\/wp-content\/uploads\/2019\/03\/Captura-de-pantalla-2019-03-07-a-las-5.49.14-p.m..png 488w\" sizes=\"auto, (max-width: 200px) 100vw, 200px\" \/><\/p>\n<p class=\"m_-7067713056654941564m_7788188904473202508gmail-p3\" style=\"text-align: justify;\"><span class=\"m_-7067713056654941564m_7788188904473202508gmail-s1\">Las estad\u00edsticas son claras, el grupo de mayor influencia muestra poco inter\u00e9s en los cambios pol\u00edticos del pa\u00eds. Podr\u00edan citarse muchas causas: apat\u00eda ante las figuras pol\u00edticas, corrupci\u00f3n, poca educaci\u00f3n pol\u00edtica, entre otras.<\/span><\/p>\n<p class=\"m_-7067713056654941564m_7788188904473202508gmail-p3\" style=\"text-align: justify;\"><span class=\"m_-7067713056654941564m_7788188904473202508gmail-s1\">Para comprender mejor este fen\u00f3meno, el Peri\u00f3dico de la USAC platic\u00f3<span class=\"m_-7067713056654941564m_7788188904473202508gmail-Apple-converted-space\">\u00a0\u00a0<\/span>con el analista pol\u00edtico Cristhians Castillo, del Instituto de Problemas Nacionales (IPNUSAC).<\/span><\/p>\n<h4 class=\"m_-7067713056654941564m_7788188904473202508gmail-p4\" style=\"text-align: justify;\"><em><span class=\"m_-7067713056654941564m_7788188904473202508gmail-s1\"><b>\u00bfQu\u00e9 se ha dejado de hacer para que este fen\u00f3meno siga d\u00e1ndose y c\u00f3mo podemos cambiarlo?<\/b><\/span><span class=\"m_-7067713056654941564m_7788188904473202508gmail-s2\">\u00a0<\/span><\/em><\/h4>\n<p class=\"m_-7067713056654941564m_7788188904473202508gmail-p3\" style=\"text-align: justify;\"><span class=\"m_-7067713056654941564m_7788188904473202508gmail-s1\">El empadronamiento es un deber ciudadano que las personas que arriban a los 18 a\u00f1os deben cumplir al registrarse en el Tribunal Supremo Electoral para poder ejercer los derechos civiles y pol\u00edticos contemplados en la Constituci\u00f3n Pol\u00edtica de la Rep\u00fablica.<span class=\"m_-7067713056654941564m_7788188904473202508gmail-Apple-converted-space\">\u00a0<\/span><\/span><\/p>\n<p style=\"text-align: justify;\"><span style=\"text-align: justify;\">En Guatemala, en las \u00faltimas tres elecciones, la tendencia del abstencionismo ha ido a la baja. En las elecciones del 2015 se tuvo la participaci\u00f3n del 70 % del total de los empadronados; no obstante, el crecimiento del padr\u00f3n entre el 2014 y el 2018 no refleja el mismo ritmo que hubo en las elecciones anteriores, situaci\u00f3n que podr\u00eda sumarse a una p\u00e9rdida de inter\u00e9s en la participaci\u00f3n electoral, debido a la agudizaci\u00f3n de la crisis pol\u00edtico-institucional que ha afectado al pa\u00eds desde el 2015.<\/span><\/p>\n<p class=\"m_-7067713056654941564m_7788188904473202508gmail-p3\" style=\"text-align: justify;\"><span class=\"m_-7067713056654941564m_7788188904473202508gmail-s1\">Es fundamental que el TSE, como ente rector de las elecciones, mantenga programas de formaci\u00f3n c\u00edvica, debido a que los partidos pol\u00edticos, que son los obligados a formar ideol\u00f3gicamente a sus simpatizantes y afiliados, incumplen su mandato; \u00fanicamente el TSE queda como la instituci\u00f3n que debe promover los valores c\u00edvico-ciudadanos. <span class=\"m_-7067713056654941564m_7788188904473202508gmail-Apple-converted-space\">\u00a0<\/span><\/span><\/p>\n<p>\u00a0<\/p>\n<blockquote class=\"td_quote_box td_box_center\">\n<h4 style=\"text-align: justify;\">8 elecciones se han llevado a cabo en la \u00e9poca democr\u00e1tica del pa\u00eds.<\/h4>\n<\/blockquote>\n<p>\u00a0<\/p>\n<p class=\"m_-7067713056654941564m_7788188904473202508gmail-p3\" style=\"text-align: justify;\">La formaci\u00f3n para fortalecer la democracia es deficiente en el sistema educativo nacional en todos los niveles. Esto ha provocado indiferencia y hasta rechazo en la participaci\u00f3n pol\u00edtica. Es fundamental que en una sociedad de posguerra en la que se criminaliz\u00f3 la militancia partidaria, la organizaci\u00f3n social y el apoyo a organizaciones pol\u00edticas que no fueran las tradicionales, se recupere el tejido social, la confianza en las instituciones y el inter\u00e9s por lo p\u00fablico. Tambi\u00e9n es necesario invertir en una cultura de paz, fundamentada en valores democr\u00e1ticos y comprometida con el relevo generacional.<span class=\"m_-7067713056654941564m_7788188904473202508gmail-Apple-converted-space\">\u00a0<\/span><\/p>\n<h4 class=\"m_-7067713056654941564m_7788188904473202508gmail-p4\" style=\"text-align: justify;\"><span class=\"m_-7067713056654941564m_7788188904473202508gmail-s1\"><b>\u00bfC\u00f3mo pueden cambiar estas elecciones el futuro inmediato del pa\u00eds y qu\u00e9 las puede hacer determinantes?<\/b><\/span><\/h4>\n<p class=\"m_-7067713056654941564m_7788188904473202508gmail-p3\" style=\"text-align: justify;\">La institucionalidad del Estado, bien encausada, puede impactar decididamente en la calidad de vida de una sociedad.<span class=\"m_-7067713056654941564m_7788188904473202508gmail-Apple-converted-space\">\u00a0\u00a0<\/span>Las democracias en el mundo se han ido deteriorando en la medida en que permiten la participaci\u00f3n ciudadana en las votaciones, pero luego no se da respuesta a las necesidades y demandas urgentes de las sociedades. <span class=\"m_-7067713056654941564m_7788188904473202508gmail-Apple-converted-space\">\u00a0<\/span><\/p>\n<p class=\"m_-7067713056654941564m_7788188904473202508gmail-p3\" style=\"text-align: justify;\"><span class=\"m_-7067713056654941564m_7788188904473202508gmail-s1\">Si queremos, como sociedad, recuperar la credibilidad en la democracia y\u00a0 las instituciones, es fundamental que las autoridades electas sean efectivas en atender las brechas sociales que, en el caso de Guatemala, han llevado a condiciones cr\u00edticas de vida a m\u00e1s de la mitad de la poblaci\u00f3n.<\/span><\/p>\n<p class=\"m_-7067713056654941564m_7788188904473202508gmail-p3\" style=\"text-align: justify;\"><span class=\"m_-7067713056654941564m_7788188904473202508gmail-s1\">Las elecciones del 2019 son determinantes porque en el mismo a\u00f1o ser\u00e1n electas las altas autoridades de los tres poderes del Estado, fen\u00f3meno que pasa por primera vez desde la reforma constitucional de 1994 y volver\u00e1 a repetirse en 20 a\u00f1os. <span class=\"m_-7067713056654941564m_7788188904473202508gmail-Apple-converted-space\">\u00a0<\/span><\/span><\/p>\n<p><img loading=\"lazy\" decoding=\"async\" class=\"aligncenter size-full wp-image-4581\" src=\"https:\/\/soy.usac.edu.gt\/wp-content\/uploads\/2019\/03\/IMG_0078.jpg\" alt=\"\" width=\"2936\" height=\"2672\" srcset=\"https:\/\/soy.usac.edu.gt\/wp-content\/uploads\/2019\/03\/IMG_0078.jpg 2936w, https:\/\/soy.usac.edu.gt\/wp-content\/uploads\/2019\/03\/IMG_0078-300x273.jpg 300w, https:\/\/soy.usac.edu.gt\/wp-content\/uploads\/2019\/03\/IMG_0078-768x699.jpg 768w, https:\/\/soy.usac.edu.gt\/wp-content\/uploads\/2019\/03\/IMG_0078-1024x932.jpg 1024w, https:\/\/soy.usac.edu.gt\/wp-content\/uploads\/2019\/03\/IMG_0078-461x420.jpg 461w, https:\/\/soy.usac.edu.gt\/wp-content\/uploads\/2019\/03\/IMG_0078-640x582.jpg 640w, https:\/\/soy.usac.edu.gt\/wp-content\/uploads\/2019\/03\/IMG_0078-681x620.jpg 681w\" sizes=\"auto, (max-width: 2936px) 100vw, 2936px\" \/><\/p>\n<p class=\"m_-7067713056654941564m_7788188904473202508gmail-p3\" style=\"text-align: justify;\"><span class=\"m_-7067713056654941564m_7788188904473202508gmail-s1\">El peligro de este fen\u00f3meno es que intereses particulares y no comprometidos con el bien com\u00fan busquen cooptar la mayor cantidad de espacios en el poder p\u00fablico. Ello pone en riesgo los avances obtenidos en la lucha contra la corrupci\u00f3n y la impunidad, pero peor a\u00fan, se mantendr\u00edan desatendidas las necesidades m\u00e1s urgentes de la poblaci\u00f3n despose\u00edda, que no tiene acceso a servicios y bienes p\u00fablicos por el robo burdo de los recursos por parte del Estado.<span class=\"m_-7067713056654941564m_7788188904473202508gmail-Apple-converted-space\">\u00a0<\/span><\/span><\/p>\n<p class=\"m_-7067713056654941564m_7788188904473202508gmail-p3\" style=\"text-align: justify;\">Escoger un gobierno comprometido con la sociedad guatemalteca es fundamental para que, desde las instituciones gubernamentales, se trabaje por reducir las brechas de los indicadores sociales y se cumplan las metas del desarrollo sostenible, con las cuales se comprometi\u00f3 el pa\u00eds.<\/p>\n<p><span class=\"m_-7067713056654941564m_7788188904473202508gmail-s1\"><b>\u00bfCu\u00e1l ser\u00e1 el papel puntual de la USAC en el proceso de elecciones antes, durante y despu\u00e9s de este?<\/b><\/span><\/p>\n<p class=\"m_-7067713056654941564m_7788188904473202508gmail-p3\" style=\"text-align: justify;\">La Universidad de San Carlos de Guatemala ha acompa\u00f1ado los procesos electorales, como parte de su quehacer acad\u00e9mico, mediante el monitoreo del cumplimiento de los est\u00e1ndares nacionales e internacionales de transparencia de las votaciones, el ejercicio de un rol de observadora en las elecciones y la participaci\u00f3n en debates que contribuyen a la modernizaci\u00f3n del sistema electoral y propuestas concretas de reformas a la Ley Electoral y de Partidos Pol\u00edticos, seg\u00fan los hallazgos identificados en sus misiones de observaci\u00f3n.<\/p>\n<p class=\"m_-7067713056654941564m_7788188904473202508gmail-p3\" style=\"text-align: justify;\"><span class=\"m_-7067713056654941564m_7788188904473202508gmail-s1\">Hemos aprendido, como instituci\u00f3n, que los eventos electorales tienen un alto componente pedag\u00f3gico que le permite al estudiantado inscribirse en las actividades del Observatorio Electoral de la USAC y vivir las elecciones no solo como un evento de votaciones, sino valorar la importancia de respetar la democracia como un mecanismo de relevo de autoridades en el que todos los ciudadanos empadronados pueden ejercer su soberan\u00eda, seg\u00fan establece nuestra Constituci\u00f3n.<span class=\"m_-7067713056654941564m_7788188904473202508gmail-Apple-converted-space\">\u00a0<\/span><\/span><\/p>\n<p class=\"m_-7067713056654941564m_7788188904473202508gmail-p3\" style=\"text-align: justify;\"><span class=\"m_-7067713056654941564m_7788188904473202508gmail-s1\">La propuesta a partir de la reflexi\u00f3n acad\u00e9mica de lo que se puede mejorar ha permitido participar en espacios de debate p\u00fablico que han contribuido a modernizar el sistema democr\u00e1tico y electoral.<\/span><\/p>\n<p class=\"m_-7067713056654941564m_7788188904473202508gmail-p4\" style=\"text-align: justify;\"><span class=\"m_-7067713056654941564m_7788188904473202508gmail-s1\"><b>Aunque es responsabilidad del TSE hacer el llamado al voto, \u00bfc\u00f3mo puede la USAC incidir?<\/b><\/span><\/p>\n<p class=\"m_-7067713056654941564m_7788188904473202508gmail-p3\" style=\"text-align: justify;\"><span class=\"m_-7067713056654941564m_7788188904473202508gmail-s1\">Mediante la discusi\u00f3n, an\u00e1lisis y estudio de nuestro sistema pol\u00edtico, democr\u00e1tico y representativo, que debe ser abordado en todas las disciplinas que se imparten en la universidad.<\/span><\/p>\n<p class=\"m_-7067713056654941564m_7788188904473202508gmail-p3\" style=\"text-align: justify;\">Los a\u00f1os electorales permiten ense\u00f1ar de forma pr\u00e1ctica los valores que rigen la democracia y son una oportunidad para que no solo las ciencias sociales cuyo objeto de estudio es el Estado, sino todas las ramas del conocimiento que se imparten en la universidad p\u00fablica valoren nuestro sistema constitucional de derecho y las garant\u00edas que nos otorga.<\/p>\n<h4 class=\"m_-7067713056654941564m_7788188904473202508gmail-p4\" style=\"text-align: justify;\"><span class=\"m_-7067713056654941564m_7788188904473202508gmail-s1\"><b>\u00bfC\u00f3mo se perciben, pol\u00edticamente hablando, las figuras que empiezan a visualizarse?<\/b><\/span><\/h4>\n<p class=\"m_-7067713056654941564m_7788188904473202508gmail-p3\" style=\"text-align: justify;\"><span class=\"m_-7067713056654941564m_7788188904473202508gmail-s1\">Como m\u00e1s de lo mismo, desafortunadamente las movilizaciones del 2015 no lograron un cambio profundo en los partidos pol\u00edticos ni en la clase pol\u00edtica que nuevamente estar\u00e1 compitiendo en estas elecciones para evitar quedar fuera del control del Estado y sus recursos.<\/span><\/p>\n<p>\u00a0<\/p>\n<div id='gallery-1' class='gallery galleryid-4560 gallery-columns-1 gallery-size-full'><figure class='gallery-item'>\n\t\t\t<div class='gallery-icon landscape'>\n\t\t\t\t<a href='https:\/\/soy.usac.edu.gt\/?attachment_id=4565'><img loading=\"lazy\" decoding=\"async\" width=\"8400\" height=\"6000\" src=\"https:\/\/soy.usac.edu.gt\/wp-content\/uploads\/2019\/03\/llega.jpg\" class=\"attachment-full size-full\" alt=\"\" srcset=\"https:\/\/soy.usac.edu.gt\/wp-content\/uploads\/2019\/03\/llega.jpg 8400w, https:\/\/soy.usac.edu.gt\/wp-content\/uploads\/2019\/03\/llega-300x214.jpg 300w, https:\/\/soy.usac.edu.gt\/wp-content\/uploads\/2019\/03\/llega-768x549.jpg 768w, https:\/\/soy.usac.edu.gt\/wp-content\/uploads\/2019\/03\/llega-1024x731.jpg 1024w, https:\/\/soy.usac.edu.gt\/wp-content\/uploads\/2019\/03\/llega-588x420.jpg 588w, https:\/\/soy.usac.edu.gt\/wp-content\/uploads\/2019\/03\/llega-640x457.jpg 640w, https:\/\/soy.usac.edu.gt\/wp-content\/uploads\/2019\/03\/llega-681x486.jpg 681w\" sizes=\"auto, (max-width: 8400px) 100vw, 8400px\" \/><\/a>\n\t\t\t<\/div><\/figure>\n\t\t<\/div>\n\n<h2 class=\"m_-7067713056654941564m_7788188904473202508gmail-p4\" style=\"text-align: justify;\"><span class=\"m_-7067713056654941564m_7788188904473202508gmail-s1\"><b>Observatorio Electoral<span class=\"m_-7067713056654941564m_7788188904473202508gmail-Apple-converted-space\">\u00a0<\/span><\/b><\/span><\/h2>\n<p class=\"m_-7067713056654941564m_7788188904473202508gmail-p3\" style=\"text-align: justify;\"><span class=\"m_-7067713056654941564m_7788188904473202508gmail-s1\">El Consejo Superior Universitario aprob\u00f3 el Proyecto de Observatorio y Voluntariado Electoral, el cual busca contribuir a la transparencia y legitimidad del proceso de elecciones generales en 2019 y acompa\u00f1ar al Tribunal Supremo Electoral (TSE), con el objetivo de fortalecer el r\u00e9gimen democr\u00e1tico y el Estado de derecho en Guatemala.<\/span><\/p>\n<figure id=\"attachment_4582\" aria-describedby=\"caption-attachment-4582\" style=\"width: 4928px\" class=\"wp-caption aligncenter\"><img loading=\"lazy\" decoding=\"async\" class=\"wp-image-4582 size-full\" src=\"https:\/\/soy.usac.edu.gt\/wp-content\/uploads\/2019\/03\/DSC_0615.jpg\" alt=\"\" width=\"4928\" height=\"3264\" srcset=\"https:\/\/soy.usac.edu.gt\/wp-content\/uploads\/2019\/03\/DSC_0615.jpg 4928w, https:\/\/soy.usac.edu.gt\/wp-content\/uploads\/2019\/03\/DSC_0615-300x199.jpg 300w, https:\/\/soy.usac.edu.gt\/wp-content\/uploads\/2019\/03\/DSC_0615-768x509.jpg 768w, https:\/\/soy.usac.edu.gt\/wp-content\/uploads\/2019\/03\/DSC_0615-1024x678.jpg 1024w, https:\/\/soy.usac.edu.gt\/wp-content\/uploads\/2019\/03\/DSC_0615-634x420.jpg 634w, https:\/\/soy.usac.edu.gt\/wp-content\/uploads\/2019\/03\/DSC_0615-640x424.jpg 640w, https:\/\/soy.usac.edu.gt\/wp-content\/uploads\/2019\/03\/DSC_0615-681x451.jpg 681w\" sizes=\"auto, (max-width: 4928px) 100vw, 4928px\" \/><figcaption id=\"caption-attachment-4582\" class=\"wp-caption-text\"><strong><em>Los estudiantes y trabajadores de la universidad podr\u00e1n participar como observadores o voluntarios en las pr\u00f3ximas elecciones<\/em><\/strong>.<\/figcaption><\/figure>\n<p class=\"m_-7067713056654941564m_7788188904473202508gmail-p3\" style=\"text-align: justify;\"><span class=\"m_-7067713056654941564m_7788188904473202508gmail-s1\">Los objetivos espec\u00edficos del Observatorio Democr\u00e1tico (ODUSAC) son dar seguimiento al proceso electoral y construir un modelo de investigaci\u00f3n que permita obtener datos reales nacionales por medio de una red de monitores y observadores desplegados en todo el territorio que faciliten espacios de discusi\u00f3n democr\u00e1tica, entre otros aportes.<\/span><\/p>\n<p class=\"m_-7067713056654941564m_7788188904473202508gmail-p3\" style=\"text-align: justify;\"><span class=\"m_-7067713056654941564m_7788188904473202508gmail-s1\">Para el rector de la USAC, ingeniero Murphy Paiz, los esfuerzos van encaminados a promover acciones que permitan consolidar el sistema democr\u00e1tico, para lo cual se integra un equipo de alto nivel que coordinar\u00e1 las acciones de implementaci\u00f3n del ODUSAC.<\/span><\/p>\n<p class=\"m_-7067713056654941564m_7788188904473202508gmail-p3\" style=\"text-align: justify;\"><span class=\"m_-7067713056654941564m_7788188904473202508gmail-s1\">Para conocer detalladamente la participaci\u00f3n del ODUSAC, el Peri\u00f3dico de la USAC convers\u00f3 con la coordinadora general del Instituto de Problemas Nacionales (IPNUSAC) y coordinadora del Observatorio Electoral, M. Sc. Geidy de Mata.<\/span><\/p>\n<h4><span class=\"m_-7067713056654941564m_7788188904473202508gmail-s1\"><b>\u00bfCu\u00e1l es el papel que tienen los estudiantes que participan como voluntarios el d\u00eda de las elecciones?<\/b><\/span><\/h4>\n<p class=\"m_-7067713056654941564m_7788188904473202508gmail-p3\" style=\"text-align: justify;\"><span class=\"m_-7067713056654941564m_7788188904473202508gmail-s1\">Respaldar, apoyar\u00a0 y dar credibilidad al proceso de elecciones ha sido el papel de la universidad por medio del Voluntariado.<\/span><\/p>\n<p class=\"m_-7067713056654941564m_7788188904473202508gmail-p3\" style=\"text-align: justify;\"><span class=\"m_-7067713056654941564m_7788188904473202508gmail-s1\">El Consejo Superior Universitario aprob\u00f3 el proyecto de Observatorio y Voluntariado Electoral en el punto segundo, inciso 2.1, del Acta No. 04-2019, del 30 de enero de 2019. Para el efecto, se cre\u00f3 la siguiente estructura: Comit\u00e9 Coordinador, rector, representantes del Consejo Superior Universitario, CODECER e IPNUSAC. <span class=\"m_-7067713056654941564m_7788188904473202508gmail-Apple-converted-space\">\u00a0<\/span><\/span><\/p>\n<p class=\"m_-7067713056654941564m_7788188904473202508gmail-p3\" style=\"text-align: justify;\"><span class=\"m_-7067713056654941564m_7788188904473202508gmail-s1\">Se trabajar\u00e1 en conjunto con la Unidad de Planificaci\u00f3n y Gesti\u00f3n, Registro y Estad\u00edstica, Procesamiento de Datos, Protocolo, Divisi\u00f3n de Comunicaci\u00f3n y Relaciones P\u00fablicas, Direcci\u00f3n General de Administraci\u00f3n, VOLUSAC, IPNUSAC y<span class=\"m_-7067713056654941564m_7788188904473202508gmail-Apple-converted-space\">\u00a0\u00a0<\/span>Cooperaci\u00f3n.<\/span><\/p>\n<h4 class=\"m_-7067713056654941564m_7788188904473202508gmail-p4\" style=\"text-align: justify;\"><span class=\"m_-7067713056654941564m_7788188904473202508gmail-s1\"><b>\u00bfCu\u00e1l es el papel de los estudiantes y personal de la USAC en el Voluntariado Electoral y Observatorio Democr\u00e1tico?<\/b><\/span><\/h4>\n<p class=\"m_-7067713056654941564m_7788188904473202508gmail-p3\" style=\"text-align: justify;\"><span class=\"m_-7067713056654941564m_7788188904473202508gmail-s1\">A la Universidad de San Carlos de Guatemala le corresponde difundir la cultura en todas sus manifestaciones, adem\u00e1s de colaborar en la soluci\u00f3n de problemas nacionales.<span class=\"m_-7067713056654941564m_7788188904473202508gmail-Apple-converted-space\">\u00a0<\/span><\/span><\/p>\n<p class=\"m_-7067713056654941564m_7788188904473202508gmail-p3\" style=\"text-align: justify;\"><span class=\"m_-7067713056654941564m_7788188904473202508gmail-s1\">Por lo tanto, a trav\u00e9s del Observatorio y el Voluntariado, se imparte una formaci\u00f3n c\u00edvica y se contribuye a la construcci\u00f3n de la ciudadan\u00eda; los empoderamos para que ejerzan sus derechos civiles y pol\u00edticos, y para que participen activamente en el an\u00e1lisis y b\u00fasqueda de soluciones a los problemas pol\u00edticos, econ\u00f3micos y sociales.<\/span><\/p>\n<p class=\"m_-7067713056654941564m_7788188904473202508gmail-p3\" style=\"text-align: justify;\"><span class=\"m_-7067713056654941564m_7788188904473202508gmail-s1\">Se trabaja por reforzar la confianza de la poblaci\u00f3n; legitimar el proceso electoral a trav\u00e9s de la participaci\u00f3n y prevenci\u00f3n<span class=\"m_-7067713056654941564m_7788188904473202508gmail-Apple-converted-space\">\u00a0\u00a0<\/span>de irregularidades o fraude; se realiza monitoreo en la ciudad capital y el interior a trav\u00e9s de la red de observadores y nuestro centro de c\u00f3mputo, con una p\u00e1gina web que funciona en tiempo real<span class=\"m_-7067713056654941564m_7788188904473202508gmail-Apple-converted-space\">\u00a0\u00a0<\/span>durante el proceso electoral de la primera y segunda vuelta (16 de junio y 11 de agosto de 2019).<span class=\"m_-7067713056654941564m_7788188904473202508gmail-Apple-converted-space\">\u00a0<\/span><\/span><\/p>\n<figure id=\"attachment_4583\" aria-describedby=\"caption-attachment-4583\" style=\"width: 4928px\" class=\"wp-caption aligncenter\"><img loading=\"lazy\" decoding=\"async\" class=\"wp-image-4583 size-full\" src=\"https:\/\/soy.usac.edu.gt\/wp-content\/uploads\/2019\/03\/DSC_8833.jpg\" alt=\"\" width=\"4928\" height=\"3264\" srcset=\"https:\/\/soy.usac.edu.gt\/wp-content\/uploads\/2019\/03\/DSC_8833.jpg 4928w, https:\/\/soy.usac.edu.gt\/wp-content\/uploads\/2019\/03\/DSC_8833-300x199.jpg 300w, https:\/\/soy.usac.edu.gt\/wp-content\/uploads\/2019\/03\/DSC_8833-768x509.jpg 768w, https:\/\/soy.usac.edu.gt\/wp-content\/uploads\/2019\/03\/DSC_8833-1024x678.jpg 1024w, https:\/\/soy.usac.edu.gt\/wp-content\/uploads\/2019\/03\/DSC_8833-634x420.jpg 634w, https:\/\/soy.usac.edu.gt\/wp-content\/uploads\/2019\/03\/DSC_8833-640x424.jpg 640w, https:\/\/soy.usac.edu.gt\/wp-content\/uploads\/2019\/03\/DSC_8833-681x451.jpg 681w\" sizes=\"auto, (max-width: 4928px) 100vw, 4928px\" \/><figcaption id=\"caption-attachment-4583\" class=\"wp-caption-text\"><em><strong>Los voluntarios estar\u00e1n recibiendo y clasificando toda la informaci\u00f3n que generen los observadores. <\/strong><\/em><\/figcaption><\/figure>\n<h4 class=\"m_-7067713056654941564m_7788188904473202508gmail-p4\" style=\"text-align: justify;\"><span class=\"m_-7067713056654941564m_7788188904473202508gmail-s1\"><b>\u00bfCu\u00e1l ser\u00e1 la agenda en 2019?<\/b><\/span><\/h4>\n<p class=\"m_-7067713056654941564m_7788188904473202508gmail-p3\" style=\"text-align: justify;\">Los principios b\u00e1sicos son la objetividad, neutralidad, imparcialidad e independencia. Para el efecto, el Tribunal Supremo Electoral procede a la acreditaci\u00f3n de observadores y voluntarios, as\u00ed como la capacitaci\u00f3n en el caso de voluntarios electorales.<span class=\"m_-7067713056654941564m_7788188904473202508gmail-Apple-converted-space\">\u00a0<\/span><\/p>\n<p class=\"m_-7067713056654941564m_7788188904473202508gmail-p3\" style=\"text-align: justify;\"><span class=\"m_-7067713056654941564m_7788188904473202508gmail-s1\">Al IPNUSAC le corresponde realizar una capacitaci\u00f3n virtual a los observadores. Al final se elaborar\u00e1 el informe de observaci\u00f3n que se entregar\u00e1 al Tribunal Supremo Electoral.<\/span><\/p>\n<p class=\"m_-7067713056654941564m_7788188904473202508gmail-p3\" style=\"text-align: justify;\">Este proceso electoral es distinto porque se aplican las reformas a la Ley Electoral y de Partidos Pol\u00edticos, Decreto 26-2016. Destaca una nueva forma de hacer pol\u00edtica partidista, control y fiscalizaci\u00f3n del financiamiento electoral, campa\u00f1as, controversias en la inscripci\u00f3n de candidaturas, atracci\u00f3n de voto en el exterior, uso de redes sociales y vallas.<span class=\"m_-7067713056654941564m_7788188904473202508gmail-Apple-converted-space\">\u00a0<\/span><\/p>\n<p class=\"m_-7067713056654941564m_7788188904473202508gmail-p3\" style=\"text-align: justify;\"><span class=\"m_-7067713056654941564m_7788188904473202508gmail-s1\">Por lo tanto, es fundamental garantizar la alternabilidad del poder y el relevo de autoridades por medio de elecciones garantizando el respeto a la voluntad popular en las urnas, la vigencia del derecho electoral y legitimidad necesarias en un sistema democr\u00e1tico.<\/span><\/p>\n<h4 class=\"m_-7067713056654941564m_7788188904473202508gmail-p4\" style=\"text-align: justify;\"><span class=\"m_-7067713056654941564m_7788188904473202508gmail-s1\"><b>\u00bfQu\u00e9 n\u00famero de voluntarios se tiene previsto captar?<\/b><\/span><\/h4>\n<p class=\"m_-7067713056654941564m_7788188904473202508gmail-p3\" style=\"text-align: justify;\"><span class=\"m_-7067713056654941564m_7788188904473202508gmail-s1\">Se pretende la colaboraci\u00f3n de por lo menos 3,500 observadores y voluntarios. El Departamento de Procesamiento de Datos implementa una p\u00e1gina web de inscripci\u00f3n para estudiantes y personal de la universidad. Esta casa de estudios har\u00e1 entrega de diplomas a participantes y existe la posibilidad de<span class=\"m_-7067713056654941564m_7788188904473202508gmail-Apple-converted-space\">\u00a0\u00a0<\/span>obtener cr\u00e9ditos extracurriculares, seg\u00fan cada unidad acad\u00e9mica.<span class=\"m_-7067713056654941564m_7788188904473202508gmail-Apple-converted-space\">\u00a0<\/span><\/span><\/p>\n<h4 class=\"m_-7067713056654941564m_7788188904473202508gmail-p4\" style=\"text-align: justify;\"><span class=\"m_-7067713056654941564m_7788188904473202508gmail-s1\"><b>\u00bfC\u00f3mo podr\u00e1n inscribirse los observadores y voluntarios?<\/b><\/span><\/h4>\n<p class=\"m_-7067713056654941564m_7788188904473202508gmail-p3\" style=\"text-align: justify;\"><span class=\"m_-7067713056654941564m_7788188904473202508gmail-s1\">En la p\u00e1gina web, los interesados se registran ya sea como voluntarios u observadores en el proceso electoral. Podr\u00e1n participar estudiantes y trabajadores de la universidad. En el mismo espacio se consignar\u00e1 la informaci\u00f3n proporcionada por los observadores sobre el desarrollo de la actividad electoral en los centros de votaci\u00f3n donde se encontrar\u00e1n ubicados.<\/span><\/p>\n<p class=\"m_-7067713056654941564m_7788188904473202508gmail-p3\" style=\"text-align: justify;\"><span class=\"m_-7067713056654941564m_7788188904473202508gmail-s1\">La direcci\u00f3n para registrase es la siguiente: <span style=\"color: #00ccff;\"><a style=\"color: #00ccff;\" href=\"http:\/\/www.usac.edu.gt\/observatorio\" target=\"_blank\" rel=\"noopener noreferrer\" data-saferedirecturl=\"http:\/\/www.google.com\/url?q=http:\/\/www.usac.edu.gt\/observatorio&amp;source=gmail&amp;ust=1552138294985000&amp;usg=AFQjCNF-MVRAyPcqFHAjAiZDU0OyOvVp2A\">www.usac.edu.gt\/observatorio<\/a><\/span><\/span><\/p>\n<div id='gallery-2' class='gallery galleryid-4560 gallery-columns-1 gallery-size-full'><figure class='gallery-item'>\n\t\t\t<div class='gallery-icon landscape'>\n\t\t\t\t<a href='https:\/\/soy.usac.edu.gt\/?attachment_id=4572'><img loading=\"lazy\" decoding=\"async\" width=\"647\" height=\"459\" src=\"https:\/\/soy.usac.edu.gt\/wp-content\/uploads\/2019\/03\/Captura-de-pantalla-2019-03-07-a-las-5.49.28-p.m..png\" class=\"attachment-full size-full\" alt=\"\" srcset=\"https:\/\/soy.usac.edu.gt\/wp-content\/uploads\/2019\/03\/Captura-de-pantalla-2019-03-07-a-las-5.49.28-p.m..png 647w, https:\/\/soy.usac.edu.gt\/wp-content\/uploads\/2019\/03\/Captura-de-pantalla-2019-03-07-a-las-5.49.28-p.m.-300x213.png 300w, https:\/\/soy.usac.edu.gt\/wp-content\/uploads\/2019\/03\/Captura-de-pantalla-2019-03-07-a-las-5.49.28-p.m.-592x420.png 592w, https:\/\/soy.usac.edu.gt\/wp-content\/uploads\/2019\/03\/Captura-de-pantalla-2019-03-07-a-las-5.49.28-p.m.-640x454.png 640w\" sizes=\"auto, (max-width: 647px) 100vw, 647px\" \/><\/a>\n\t\t\t<\/div><\/figure>\n\t\t<\/div>\n\n<h4 class=\"m_-7067713056654941564m_7788188904473202508gmail-p4\" style=\"text-align: justify;\"><span class=\"m_-7067713056654941564m_7788188904473202508gmail-s1\"><b>\u00bfHasta el momento la agenda pol\u00edtica\/partidista c\u00f3mo la visualiza?<\/b><\/span><\/h4>\n<p class=\"m_-7067713056654941564m_7788188904473202508gmail-p3\" style=\"text-align: justify;\">Ante la crisis pol\u00edtica e institucional que enfrenta el pa\u00eds, un proceso electoral puede constituirse en un espacio de debate y discusi\u00f3n de los problemas que enfrenta el pa\u00eds; sin embargo, por la falta de credibilidad en la clase pol\u00edtica, aunada a que la ciudadan\u00eda est\u00e1 m\u00e1s preocupada por satisfacer sus necesidades b\u00e1sicas que por participar en la pol\u00edtica, constituye un desaf\u00edo promover la participaci\u00f3n ciudadana, que es vital para lograr la estabilidad pol\u00edtica y fortalecer la democracia.<span class=\"m_-7067713056654941564m_7788188904473202508gmail-Apple-converted-space\">\u00a0<\/span><\/p>\n<h4 class=\"m_-7067713056654941564m_7788188904473202508gmail-p4\" style=\"text-align: justify;\"><span class=\"m_-7067713056654941564m_7788188904473202508gmail-s1\"><b>\u00bfCu\u00e1l es el prop\u00f3sito de estar\u00a0<br \/>empadronados?<\/b><\/span><\/h4>\n<p class=\"m_-7067713056654941564m_7788188904473202508gmail-p3\" style=\"text-align: justify;\"><span class=\"m_-7067713056654941564m_7788188904473202508gmail-s1\">El Registro de Ciudadanos del Tribunal Supremo Electoral es la instancia que procede a la actualizaci\u00f3n y depuraci\u00f3n del padr\u00f3n electoral, con el objeto de que los ciudadanos ejerzan su derecho de elegir y ser electos. La actualizaci\u00f3n de datos es una herramienta para acercar el centro de votaci\u00f3n a su lugar de residencia.<span class=\"m_-7067713056654941564m_7788188904473202508gmail-Apple-converted-space\">\u00a0<\/span><\/span><\/p>\n<p class=\"m_-7067713056654941564m_7788188904473202508gmail-p3\" style=\"text-align: justify;\"><span class=\"m_-7067713056654941564m_7788188904473202508gmail-s1\">Es indispensable construir en el imaginario social el perfil id\u00f3neo para ocupar cargos de elecci\u00f3n popular, con<span class=\"m_-7067713056654941564m_7788188904473202508gmail-Apple-converted-space\">\u00a0\u00a0<\/span>criterios para una mejor calidad en la toma de decisi\u00f3n: probidad, honradez, capacidad y trayectoria.<\/span><\/p>\n<div id='gallery-3' class='gallery galleryid-4560 gallery-columns-1 gallery-size-full'><figure class='gallery-item'>\n\t\t\t<div class='gallery-icon portrait'>\n\t\t\t\t<a href='https:\/\/soy.usac.edu.gt\/?attachment_id=4575'><img loading=\"lazy\" decoding=\"async\" width=\"412\" height=\"952\" src=\"https:\/\/soy.usac.edu.gt\/wp-content\/uploads\/2019\/03\/Captura-de-pantalla-2019-03-07-a-las-5.49.57-p.m..png\" class=\"attachment-full size-full\" alt=\"\" srcset=\"https:\/\/soy.usac.edu.gt\/wp-content\/uploads\/2019\/03\/Captura-de-pantalla-2019-03-07-a-las-5.49.57-p.m..png 412w, https:\/\/soy.usac.edu.gt\/wp-content\/uploads\/2019\/03\/Captura-de-pantalla-2019-03-07-a-las-5.49.57-p.m.-130x300.png 130w, https:\/\/soy.usac.edu.gt\/wp-content\/uploads\/2019\/03\/Captura-de-pantalla-2019-03-07-a-las-5.49.57-p.m.-182x420.png 182w\" sizes=\"auto, (max-width: 412px) 100vw, 412px\" \/><\/a>\n\t\t\t<\/div><\/figure>\n\t\t<\/div>\n\n<p>\u00a0<\/p>\n<p>\u00a0<\/p>\n<p>\u00a0<\/p>\n<p><img loading=\"lazy\" decoding=\"async\" class=\"aligncenter size-full wp-image-4577\" src=\"https:\/\/soy.usac.edu.gt\/wp-content\/uploads\/2019\/03\/Cr\u00e9ditos-prensa-03.png\" alt=\"\" width=\"5079\" height=\"1960\" srcset=\"https:\/\/soy.usac.edu.gt\/wp-content\/uploads\/2019\/03\/Cr\u00e9ditos-prensa-03.png 5079w, https:\/\/soy.usac.edu.gt\/wp-content\/uploads\/2019\/03\/Cr\u00e9ditos-prensa-03-300x116.png 300w, https:\/\/soy.usac.edu.gt\/wp-content\/uploads\/2019\/03\/Cr\u00e9ditos-prensa-03-768x296.png 768w, https:\/\/soy.usac.edu.gt\/wp-content\/uploads\/2019\/03\/Cr\u00e9ditos-prensa-03-1024x395.png 1024w, https:\/\/soy.usac.edu.gt\/wp-content\/uploads\/2019\/03\/Cr\u00e9ditos-prensa-03-1088x420.png 1088w, https:\/\/soy.usac.edu.gt\/wp-content\/uploads\/2019\/03\/Cr\u00e9ditos-prensa-03-640x247.png 640w, https:\/\/soy.usac.edu.gt\/wp-content\/uploads\/2019\/03\/Cr\u00e9ditos-prensa-03-681x263.png 681w\" sizes=\"auto, (max-width: 5079px) 100vw, 5079px\" \/><\/p>\n","protected":false},"excerpt":{"rendered":"<p>Sancarlista esta es tu oportunidad de ejercer un voto consciente y responsable.<\/p>\n","protected":false},"author":1,"featured_media":4579,"comment_status":"closed","ping_status":"open","sticky":false,"template":"","format":"standard","meta":{"_exactmetrics_skip_tracking":false,"_exactmetrics_sitenote_active":false,"_exactmetrics_sitenote_note":"","_exactmetrics_sitenote_category":0,"_jetpack_memberships_contains_paid_content":false,"footnotes":""},"categories":[29,150],"tags":[284,361,359,362,397,133,285,209,398],"class_list":["post-4560","post","type-post","status-publish","format-standard","has-post-thumbnail","hentry","category-noticias","category-reportajes","tag-elecciones-generales-2019","tag-ipnusac","tag-observatorio","tag-observatorio-electoral","tag-odusac","tag-reportajes","tag-tribunal-supremo-electoral","tag-volusac","tag-votaciones"],"aioseo_notices":[],"jetpack_featured_media_url":"https:\/\/soy.usac.edu.gt\/wp-content\/uploads\/2019\/03\/IMG_5349.jpg","views":"","jetpack-related-posts":[{"id":3850,"url":"https:\/\/soy.usac.edu.gt\/?p=3850","url_meta":{"origin":4560,"position":0},"title":"USAC firma convenio con el TSE","author":"Divisi\u00f3n de Publicidad","date":"4 febrero, 2019","format":false,"excerpt":"Hoy se firm\u00f3 una carta de entendimiento entre el Tribunal Supremo Electoral (TSE) y la Universidad de San Carlos de Guatemala (USAC). El magistrado Mario Aguilar Elizardi, presidente del Tribunal Supremo Electoral, explic\u00f3 que el objetivo del documento es establecer las bases de coordinaci\u00f3n para el Voluntariado C\u00edvico Electoral entre\u2026","rel":"","context":"En \u00abNoticias\u00bb","block_context":{"text":"Noticias","link":"https:\/\/soy.usac.edu.gt\/?cat=29"},"img":{"alt_text":"","src":"https:\/\/i0.wp.com\/soy.usac.edu.gt\/wp-content\/uploads\/2019\/02\/IMG_2969.jpg?resize=350%2C200&ssl=1","width":350,"height":200,"srcset":"https:\/\/i0.wp.com\/soy.usac.edu.gt\/wp-content\/uploads\/2019\/02\/IMG_2969.jpg?resize=350%2C200&ssl=1 1x, https:\/\/i0.wp.com\/soy.usac.edu.gt\/wp-content\/uploads\/2019\/02\/IMG_2969.jpg?resize=525%2C300&ssl=1 1.5x, https:\/\/i0.wp.com\/soy.usac.edu.gt\/wp-content\/uploads\/2019\/02\/IMG_2969.jpg?resize=700%2C400&ssl=1 2x, https:\/\/i0.wp.com\/soy.usac.edu.gt\/wp-content\/uploads\/2019\/02\/IMG_2969.jpg?resize=1050%2C600&ssl=1 3x, https:\/\/i0.wp.com\/soy.usac.edu.gt\/wp-content\/uploads\/2019\/02\/IMG_2969.jpg?resize=1400%2C800&ssl=1 4x"},"classes":[]},{"id":6729,"url":"https:\/\/soy.usac.edu.gt\/?p=6729","url_meta":{"origin":4560,"position":1},"title":"Los observadores cuidar\u00e1n tu voto","author":"Divisi\u00f3n de Publicidad","date":"13 junio, 2019","format":false,"excerpt":"La Misi\u00f3n de Observaci\u00f3n de la Universidad de San Carlos de Guatemala es la m\u00e1s grande y representativa del pa\u00eds. Cuenta con observadores de alto nivel que trabajar\u00e1n ad hon\u00f3rem como un servicio c\u00edvico para Guatemala.","rel":"","context":"En \u00abNoticias\u00bb","block_context":{"text":"Noticias","link":"https:\/\/soy.usac.edu.gt\/?cat=29"},"img":{"alt_text":"","src":"https:\/\/i0.wp.com\/soy.usac.edu.gt\/wp-content\/uploads\/2019\/06\/9-copia.jpg?resize=350%2C200&ssl=1","width":350,"height":200,"srcset":"https:\/\/i0.wp.com\/soy.usac.edu.gt\/wp-content\/uploads\/2019\/06\/9-copia.jpg?resize=350%2C200&ssl=1 1x, https:\/\/i0.wp.com\/soy.usac.edu.gt\/wp-content\/uploads\/2019\/06\/9-copia.jpg?resize=525%2C300&ssl=1 1.5x, https:\/\/i0.wp.com\/soy.usac.edu.gt\/wp-content\/uploads\/2019\/06\/9-copia.jpg?resize=700%2C400&ssl=1 2x, https:\/\/i0.wp.com\/soy.usac.edu.gt\/wp-content\/uploads\/2019\/06\/9-copia.jpg?resize=1050%2C600&ssl=1 3x, https:\/\/i0.wp.com\/soy.usac.edu.gt\/wp-content\/uploads\/2019\/06\/9-copia.jpg?resize=1400%2C800&ssl=1 4x"},"classes":[]},{"id":5987,"url":"https:\/\/soy.usac.edu.gt\/?p=5987","url_meta":{"origin":4560,"position":2},"title":"Juramentan a 3,456 observadores sancarlistas","author":"Divisi\u00f3n de Publicidad","date":"13 mayo, 2019","format":false,"excerpt":"Con la presencia de las autoridades del Tribunal Supremo Electoral (TSE) y la Universidad de San Carlos de Guatemala (USAC), \u00a0fueron juramentados los observadores que tendr\u00e1n una cobertura del 74 % en todo el pa\u00eds, en 242 municipios.","rel":"","context":"En \u00abNoticias\u00bb","block_context":{"text":"Noticias","link":"https:\/\/soy.usac.edu.gt\/?cat=29"},"img":{"alt_text":"","src":"https:\/\/i0.wp.com\/soy.usac.edu.gt\/wp-content\/uploads\/2019\/05\/jovenes-juramentados.jpg?resize=350%2C200&ssl=1","width":350,"height":200,"srcset":"https:\/\/i0.wp.com\/soy.usac.edu.gt\/wp-content\/uploads\/2019\/05\/jovenes-juramentados.jpg?resize=350%2C200&ssl=1 1x, https:\/\/i0.wp.com\/soy.usac.edu.gt\/wp-content\/uploads\/2019\/05\/jovenes-juramentados.jpg?resize=525%2C300&ssl=1 1.5x, https:\/\/i0.wp.com\/soy.usac.edu.gt\/wp-content\/uploads\/2019\/05\/jovenes-juramentados.jpg?resize=700%2C400&ssl=1 2x, https:\/\/i0.wp.com\/soy.usac.edu.gt\/wp-content\/uploads\/2019\/05\/jovenes-juramentados.jpg?resize=1050%2C600&ssl=1 3x, https:\/\/i0.wp.com\/soy.usac.edu.gt\/wp-content\/uploads\/2019\/05\/jovenes-juramentados.jpg?resize=1400%2C800&ssl=1 4x"},"classes":[]},{"id":7207,"url":"https:\/\/soy.usac.edu.gt\/?p=7207","url_meta":{"origin":4560,"position":3},"title":"CSU se pronuncia por la coyuntura electoral","author":"Divisi\u00f3n de Publicidad","date":"28 junio, 2019","format":false,"excerpt":"UNIVERSIDAD DE SAN CARLOS DE GUATEMALA El Consejo Superior Universitario el Rector Ing. Murphy Paiz \u00a0 Al pueblo de Guatemala hace saber: Las elecciones del 16 de junio pasado refuerzan la democracia en el pa\u00eds, pues representan la voluntad de la poblaci\u00f3n de votar por aquellos candidatos sobre quienes ten\u00edan\u2026","rel":"","context":"En \u00abNoticias\u00bb","block_context":{"text":"Noticias","link":"https:\/\/soy.usac.edu.gt\/?cat=29"},"img":{"alt_text":"","src":"","width":0,"height":0},"classes":[]},{"id":5984,"url":"https:\/\/soy.usac.edu.gt\/?p=5984","url_meta":{"origin":4560,"position":4},"title":"Juramentan a observadores electorales","author":"Edwin Medina","date":"13 mayo, 2019","format":false,"excerpt":"Hoy la Universidad de San Carlos y el Tribunal Supremo Electoral jurament\u00f3 a estudiantes sancarlistas como observadores del proceso electoral. #ObservatorioUSAC #EleccionesGenerales2019 #SoyUsac\u00a0\u00a0\u00a0\u00a0 #USAC\u00a0 \u00a0 \u00a0","rel":"","context":"En \u00abVideos\u00bb","block_context":{"text":"Videos","link":"https:\/\/soy.usac.edu.gt\/?cat=31"},"img":{"alt_text":"","src":"https:\/\/i0.wp.com\/soy.usac.edu.gt\/wp-content\/uploads\/2019\/05\/maxresdefault-4.jpg?resize=350%2C200&ssl=1","width":350,"height":200,"srcset":"https:\/\/i0.wp.com\/soy.usac.edu.gt\/wp-content\/uploads\/2019\/05\/maxresdefault-4.jpg?resize=350%2C200&ssl=1 1x, https:\/\/i0.wp.com\/soy.usac.edu.gt\/wp-content\/uploads\/2019\/05\/maxresdefault-4.jpg?resize=525%2C300&ssl=1 1.5x, https:\/\/i0.wp.com\/soy.usac.edu.gt\/wp-content\/uploads\/2019\/05\/maxresdefault-4.jpg?resize=700%2C400&ssl=1 2x, https:\/\/i0.wp.com\/soy.usac.edu.gt\/wp-content\/uploads\/2019\/05\/maxresdefault-4.jpg?resize=1050%2C600&ssl=1 3x"},"classes":[]},{"id":6902,"url":"https:\/\/soy.usac.edu.gt\/?p=6902","url_meta":{"origin":4560,"position":5},"title":"ODUSAC informa sobre cr\u00edtica y violenta jornada electoral","author":"Divisi\u00f3n de Publicidad","date":"16 junio, 2019","format":false,"excerpt":"Los observadores electorales de la USAC han reportado diversas anomal\u00edas, entre las que destaca el control de votantes, coacci\u00f3n para ejercer el voto y acarreo de personas por parte de diversos partidos pol\u00edticos. En el segundo reporte realizado por el Observatorio Democr\u00e1tico de la USAC, conformado por 3,457 personas distribuidas\u2026","rel":"","context":"En \u00abNoticias\u00bb","block_context":{"text":"Noticias","link":"https:\/\/soy.usac.edu.gt\/?cat=29"},"img":{"alt_text":"","src":"https:\/\/i0.wp.com\/soy.usac.edu.gt\/wp-content\/uploads\/2019\/06\/DSC_3082-1.jpg?resize=350%2C200&ssl=1","width":350,"height":200,"srcset":"https:\/\/i0.wp.com\/soy.usac.edu.gt\/wp-content\/uploads\/2019\/06\/DSC_3082-1.jpg?resize=350%2C200&ssl=1 1x, https:\/\/i0.wp.com\/soy.usac.edu.gt\/wp-content\/uploads\/2019\/06\/DSC_3082-1.jpg?resize=525%2C300&ssl=1 1.5x, https:\/\/i0.wp.com\/soy.usac.edu.gt\/wp-content\/uploads\/2019\/06\/DSC_3082-1.jpg?resize=700%2C400&ssl=1 2x, https:\/\/i0.wp.com\/soy.usac.edu.gt\/wp-content\/uploads\/2019\/06\/DSC_3082-1.jpg?resize=1050%2C600&ssl=1 3x, https:\/\/i0.wp.com\/soy.usac.edu.gt\/wp-content\/uploads\/2019\/06\/DSC_3082-1.jpg?resize=1400%2C800&ssl=1 4x"},"classes":[]}],"jetpack_sharing_enabled":true,"_links":{"self":[{"href":"https:\/\/soy.usac.edu.gt\/index.php?rest_route=\/wp\/v2\/posts\/4560","targetHints":{"allow":["GET"]}}],"collection":[{"href":"https:\/\/soy.usac.edu.gt\/index.php?rest_route=\/wp\/v2\/posts"}],"about":[{"href":"https:\/\/soy.usac.edu.gt\/index.php?rest_route=\/wp\/v2\/types\/post"}],"author":[{"embeddable":true,"href":"https:\/\/soy.usac.edu.gt\/index.php?rest_route=\/wp\/v2\/users\/1"}],"replies":[{"embeddable":true,"href":"https:\/\/soy.usac.edu.gt\/index.php?rest_route=%2Fwp%2Fv2%2Fcomments&post=4560"}],"version-history":[{"count":0,"href":"https:\/\/soy.usac.edu.gt\/index.php?rest_route=\/wp\/v2\/posts\/4560\/revisions"}],"wp:featuredmedia":[{"embeddable":true,"href":"https:\/\/soy.usac.edu.gt\/index.php?rest_route=\/wp\/v2\/media\/4579"}],"wp:attachment":[{"href":"https:\/\/soy.usac.edu.gt\/index.php?rest_route=%2Fwp%2Fv2%2Fmedia&parent=4560"}],"wp:term":[{"taxonomy":"category","embeddable":true,"href":"https:\/\/soy.usac.edu.gt\/index.php?rest_route=%2Fwp%2Fv2%2Fcategories&post=4560"},{"taxonomy":"post_tag","embeddable":true,"href":"https:\/\/soy.usac.edu.gt\/index.php?rest_route=%2Fwp%2Fv2%2Ftags&post=4560"}],"curies":[{"name":"wp","href":"https:\/\/api.w.org\/{rel}","templated":true}]}}