{"id":4637,"date":"2019-03-08T14:28:01","date_gmt":"2019-03-08T20:28:01","guid":{"rendered":"https:\/\/soy.usac.edu.gt\/?p=4637"},"modified":"2019-03-08T14:28:02","modified_gmt":"2019-03-08T20:28:02","slug":"un-saludo-en-el-dia-de-la-mujer","status":"publish","type":"post","link":"https:\/\/soy.usac.edu.gt\/?p=4637","title":{"rendered":"Un saludo en el d\u00eda de la mujer"},"content":{"rendered":"\n<p>Secretario general Arq. Carlos Valladares env\u00eda un saludo en el d\u00eda internacional de mujer.<\/p>\n","protected":false},"excerpt":{"rendered":"<p>Fel\u00edz d\u00eda internacional de la mujer<\/p>\n","protected":false},"author":1,"featured_media":4641,"comment_status":"closed","ping_status":"open","sticky":false,"template":"","format":"video","meta":{"_exactmetrics_skip_tracking":false,"_exactmetrics_sitenote_active":false,"_exactmetrics_sitenote_note":"","_exactmetrics_sitenote_category":0,"_jetpack_memberships_contains_paid_content":false,"footnotes":""},"categories":[29,31],"tags":[352,401],"class_list":["post-4637","post","type-post","status-publish","format-video","has-post-thumbnail","hentry","category-noticias","category-videos","tag-arq-carlos-valladares","tag-dia-internacional-de-la-mujer","post_format-post-format-video"],"aioseo_notices":[],"jetpack_featured_media_url":"https:\/\/soy.usac.edu.gt\/wp-content\/uploads\/2019\/03\/maxresdefault-2.jpg","views":"","jetpack-related-posts":[{"id":4799,"url":"https:\/\/soy.usac.edu.gt\/?p=4799","url_meta":{"origin":4637,"position":0},"title":"Arte y cultura en el D\u00eda Internacional de la Mujer","author":"Erick Iv\u00e1n de Le\u00f3n","date":"8 marzo, 2019","format":false,"excerpt":"exposiciones pict\u00f3ricas, canto, venta de artesan\u00edas elaboradas por mujeres universitarias emprendedoras y degustaci\u00f3n de alimentos de la cocina guatemalteca. A","rel":"","context":"En \u00abCultura\u00bb","block_context":{"text":"Cultura","link":"https:\/\/soy.usac.edu.gt\/?cat=123"},"img":{"alt_text":"","src":"https:\/\/i0.wp.com\/soy.usac.edu.gt\/wp-content\/uploads\/2019\/03\/IMG_6958.jpg?resize=350%2C200&ssl=1","width":350,"height":200,"srcset":"https:\/\/i0.wp.com\/soy.usac.edu.gt\/wp-content\/uploads\/2019\/03\/IMG_6958.jpg?resize=350%2C200&ssl=1 1x, https:\/\/i0.wp.com\/soy.usac.edu.gt\/wp-content\/uploads\/2019\/03\/IMG_6958.jpg?resize=525%2C300&ssl=1 1.5x, https:\/\/i0.wp.com\/soy.usac.edu.gt\/wp-content\/uploads\/2019\/03\/IMG_6958.jpg?resize=700%2C400&ssl=1 2x, https:\/\/i0.wp.com\/soy.usac.edu.gt\/wp-content\/uploads\/2019\/03\/IMG_6958.jpg?resize=1050%2C600&ssl=1 3x, https:\/\/i0.wp.com\/soy.usac.edu.gt\/wp-content\/uploads\/2019\/03\/IMG_6958.jpg?resize=1400%2C800&ssl=1 4x"},"classes":[]},{"id":4186,"url":"https:\/\/soy.usac.edu.gt\/?p=4186","url_meta":{"origin":4637,"position":1},"title":"As\u00ed celebramos el D\u00eda de la Marimba","author":"Edwin Medina","date":"20 febrero, 2019","format":false,"excerpt":"En la Plaza de las Banderas del campus central de la Universidad de San Carlos de Guatemala, se inaugur\u00f3 el Festival Nacional de Marimbas, que cont\u00f3 con la presencia de distintos ensambles de todo el pa\u00eds. El secretario general, arquitecto Carlos Valladares, recalc\u00f3 la importancia de la expresi\u00f3n art\u00edstica en\u2026","rel":"","context":"En \u00abFotonotas\u00bb","block_context":{"text":"Fotonotas","link":"https:\/\/soy.usac.edu.gt\/?cat=348"},"img":{"alt_text":"","src":"https:\/\/i0.wp.com\/soy.usac.edu.gt\/wp-content\/uploads\/2019\/02\/IMG_4400.jpg?resize=350%2C200&ssl=1","width":350,"height":200,"srcset":"https:\/\/i0.wp.com\/soy.usac.edu.gt\/wp-content\/uploads\/2019\/02\/IMG_4400.jpg?resize=350%2C200&ssl=1 1x, https:\/\/i0.wp.com\/soy.usac.edu.gt\/wp-content\/uploads\/2019\/02\/IMG_4400.jpg?resize=525%2C300&ssl=1 1.5x, https:\/\/i0.wp.com\/soy.usac.edu.gt\/wp-content\/uploads\/2019\/02\/IMG_4400.jpg?resize=700%2C400&ssl=1 2x, https:\/\/i0.wp.com\/soy.usac.edu.gt\/wp-content\/uploads\/2019\/02\/IMG_4400.jpg?resize=1050%2C600&ssl=1 3x, https:\/\/i0.wp.com\/soy.usac.edu.gt\/wp-content\/uploads\/2019\/02\/IMG_4400.jpg?resize=1400%2C800&ssl=1 4x"},"classes":[]},{"id":13092,"url":"https:\/\/soy.usac.edu.gt\/?p=13092","url_meta":{"origin":4637,"position":2},"title":"Conozca a la nueva Secretaria General de la USAC","author":"Divisi\u00f3n de Publicidad","date":"5 febrero, 2021","format":false,"excerpt":"Desde el pasado 8 de enero de 2021, la ing. Marcia V\u00e9liz es la nueva Secretaria General de la Universidad, en sustituci\u00f3n del arq. Carlos Valladares.\u00a0","rel":"","context":"En \u00abNoticias\u00bb","block_context":{"text":"Noticias","link":"https:\/\/soy.usac.edu.gt\/?cat=29"},"img":{"alt_text":"","src":"https:\/\/i0.wp.com\/soy.usac.edu.gt\/wp-content\/uploads\/2021\/02\/WhatsApp-Image-2021-02-05-at-11.54.18-AM.jpeg?resize=350%2C200&ssl=1","width":350,"height":200,"srcset":"https:\/\/i0.wp.com\/soy.usac.edu.gt\/wp-content\/uploads\/2021\/02\/WhatsApp-Image-2021-02-05-at-11.54.18-AM.jpeg?resize=350%2C200&ssl=1 1x, https:\/\/i0.wp.com\/soy.usac.edu.gt\/wp-content\/uploads\/2021\/02\/WhatsApp-Image-2021-02-05-at-11.54.18-AM.jpeg?resize=525%2C300&ssl=1 1.5x, https:\/\/i0.wp.com\/soy.usac.edu.gt\/wp-content\/uploads\/2021\/02\/WhatsApp-Image-2021-02-05-at-11.54.18-AM.jpeg?resize=700%2C400&ssl=1 2x, https:\/\/i0.wp.com\/soy.usac.edu.gt\/wp-content\/uploads\/2021\/02\/WhatsApp-Image-2021-02-05-at-11.54.18-AM.jpeg?resize=1050%2C600&ssl=1 3x"},"classes":[]},{"id":4651,"url":"https:\/\/soy.usac.edu.gt\/?p=4651","url_meta":{"origin":4637,"position":3},"title":"El rol de la mujer universitaria","author":"Edwin Medina","date":"8 marzo, 2019","format":false,"excerpt":"El Instituto Universitario de la Mujer repas\u00f3 a trav\u00e9s de la historia el empoderamiento de las mujeres y las luchas que han enfrentado hasta hoy.","rel":"","context":"En \u00abNoticias\u00bb","block_context":{"text":"Noticias","link":"https:\/\/soy.usac.edu.gt\/?cat=29"},"img":{"alt_text":"","src":"https:\/\/i0.wp.com\/soy.usac.edu.gt\/wp-content\/uploads\/2019\/03\/IMG_6647.jpg?resize=350%2C200&ssl=1","width":350,"height":200,"srcset":"https:\/\/i0.wp.com\/soy.usac.edu.gt\/wp-content\/uploads\/2019\/03\/IMG_6647.jpg?resize=350%2C200&ssl=1 1x, https:\/\/i0.wp.com\/soy.usac.edu.gt\/wp-content\/uploads\/2019\/03\/IMG_6647.jpg?resize=525%2C300&ssl=1 1.5x, https:\/\/i0.wp.com\/soy.usac.edu.gt\/wp-content\/uploads\/2019\/03\/IMG_6647.jpg?resize=700%2C400&ssl=1 2x, https:\/\/i0.wp.com\/soy.usac.edu.gt\/wp-content\/uploads\/2019\/03\/IMG_6647.jpg?resize=1050%2C600&ssl=1 3x, https:\/\/i0.wp.com\/soy.usac.edu.gt\/wp-content\/uploads\/2019\/03\/IMG_6647.jpg?resize=1400%2C800&ssl=1 4x"},"classes":[]},{"id":6217,"url":"https:\/\/soy.usac.edu.gt\/?p=6217","url_meta":{"origin":4637,"position":4},"title":"Universitarios galardonados por su excelencia y liderazgo","author":"Divisi\u00f3n de Publicidad","date":"22 mayo, 2019","format":false,"excerpt":"En el marco de la conmemoraci\u00f3n del D\u00eda Internacional del Estudiante Universitario, la USAC premi\u00f3 la disciplina, entrega, dedicaci\u00f3n y esfuerzo de los alumnos que han obtenido los mejores promedios, de todas las unidades acad\u00e9micas.","rel":"","context":"En \u00abNoticias\u00bb","block_context":{"text":"Noticias","link":"https:\/\/soy.usac.edu.gt\/?cat=29"},"img":{"alt_text":"","src":"https:\/\/i0.wp.com\/soy.usac.edu.gt\/wp-content\/uploads\/2019\/05\/EXCELENCIA-ACAD%C3%89MICA-3.jpg?resize=350%2C200&ssl=1","width":350,"height":200,"srcset":"https:\/\/i0.wp.com\/soy.usac.edu.gt\/wp-content\/uploads\/2019\/05\/EXCELENCIA-ACAD%C3%89MICA-3.jpg?resize=350%2C200&ssl=1 1x, https:\/\/i0.wp.com\/soy.usac.edu.gt\/wp-content\/uploads\/2019\/05\/EXCELENCIA-ACAD%C3%89MICA-3.jpg?resize=525%2C300&ssl=1 1.5x, https:\/\/i0.wp.com\/soy.usac.edu.gt\/wp-content\/uploads\/2019\/05\/EXCELENCIA-ACAD%C3%89MICA-3.jpg?resize=700%2C400&ssl=1 2x, https:\/\/i0.wp.com\/soy.usac.edu.gt\/wp-content\/uploads\/2019\/05\/EXCELENCIA-ACAD%C3%89MICA-3.jpg?resize=1050%2C600&ssl=1 3x, https:\/\/i0.wp.com\/soy.usac.edu.gt\/wp-content\/uploads\/2019\/05\/EXCELENCIA-ACAD%C3%89MICA-3.jpg?resize=1400%2C800&ssl=1 4x"},"classes":[]},{"id":4543,"url":"https:\/\/soy.usac.edu.gt\/?p=4543","url_meta":{"origin":4637,"position":5},"title":"Ultiman detalles de la agenda Jos\u00e9 Mart\u00ed","author":"Divisi\u00f3n de Publicidad","date":"7 marzo, 2019","format":false,"excerpt":"La embajadora de Cuba visit\u00f3 la USAC para coordinar la programaci\u00f3n anual de la C\u00e1tedra Jos\u00e9 Mart\u00ed con el Consejo Acad\u00e9mico de la misma y el secretario general de la USAC. Integrantes del Consejo Acad\u00e9mico de la C\u00e1tedra Jos\u00e9 Mart\u00ed y una \u00a0comitiva de la Embajada de Cuba\u00a0realizaron una visita\u2026","rel":"","context":"En \u00abNoticias\u00bb","block_context":{"text":"Noticias","link":"https:\/\/soy.usac.edu.gt\/?cat=29"},"img":{"alt_text":"","src":"https:\/\/i0.wp.com\/soy.usac.edu.gt\/wp-content\/uploads\/2019\/03\/1-1.jpg?resize=350%2C200&ssl=1","width":350,"height":200,"srcset":"https:\/\/i0.wp.com\/soy.usac.edu.gt\/wp-content\/uploads\/2019\/03\/1-1.jpg?resize=350%2C200&ssl=1 1x, https:\/\/i0.wp.com\/soy.usac.edu.gt\/wp-content\/uploads\/2019\/03\/1-1.jpg?resize=525%2C300&ssl=1 1.5x, https:\/\/i0.wp.com\/soy.usac.edu.gt\/wp-content\/uploads\/2019\/03\/1-1.jpg?resize=700%2C400&ssl=1 2x, https:\/\/i0.wp.com\/soy.usac.edu.gt\/wp-content\/uploads\/2019\/03\/1-1.jpg?resize=1050%2C600&ssl=1 3x, https:\/\/i0.wp.com\/soy.usac.edu.gt\/wp-content\/uploads\/2019\/03\/1-1.jpg?resize=1400%2C800&ssl=1 4x"},"classes":[]}],"jetpack_sharing_enabled":true,"_links":{"self":[{"href":"https:\/\/soy.usac.edu.gt\/index.php?rest_route=\/wp\/v2\/posts\/4637","targetHints":{"allow":["GET"]}}],"collection":[{"href":"https:\/\/soy.usac.edu.gt\/index.php?rest_route=\/wp\/v2\/posts"}],"about":[{"href":"https:\/\/soy.usac.edu.gt\/index.php?rest_route=\/wp\/v2\/types\/post"}],"author":[{"embeddable":true,"href":"https:\/\/soy.usac.edu.gt\/index.php?rest_route=\/wp\/v2\/users\/1"}],"replies":[{"embeddable":true,"href":"https:\/\/soy.usac.edu.gt\/index.php?rest_route=%2Fwp%2Fv2%2Fcomments&post=4637"}],"version-history":[{"count":0,"href":"https:\/\/soy.usac.edu.gt\/index.php?rest_route=\/wp\/v2\/posts\/4637\/revisions"}],"wp:featuredmedia":[{"embeddable":true,"href":"https:\/\/soy.usac.edu.gt\/index.php?rest_route=\/wp\/v2\/media\/4641"}],"wp:attachment":[{"href":"https:\/\/soy.usac.edu.gt\/index.php?rest_route=%2Fwp%2Fv2%2Fmedia&parent=4637"}],"wp:term":[{"taxonomy":"category","embeddable":true,"href":"https:\/\/soy.usac.edu.gt\/index.php?rest_route=%2Fwp%2Fv2%2Fcategories&post=4637"},{"taxonomy":"post_tag","embeddable":true,"href":"https:\/\/soy.usac.edu.gt\/index.php?rest_route=%2Fwp%2Fv2%2Ftags&post=4637"}],"curies":[{"name":"wp","href":"https:\/\/api.w.org\/{rel}","templated":true}]}}