{"id":5060,"date":"2019-03-20T07:55:48","date_gmt":"2019-03-20T13:55:48","guid":{"rendered":"https:\/\/soy.usac.edu.gt\/?p=5060"},"modified":"2019-03-25T09:01:38","modified_gmt":"2019-03-25T15:01:38","slug":"realizan-seminario-para-mejorar-la-ensenanza-de-matematica-en-el-pais","status":"publish","type":"post","link":"https:\/\/soy.usac.edu.gt\/?p=5060","title":{"rendered":"Realizan seminario para mejorar la ense\u00f1anza de Matem\u00e1tica en el pa\u00eds"},"content":{"rendered":"\n<h2><b><i>En el evento participaron catedr\u00e1ticos de la USAC y universidades privadas. <\/i><\/b><\/h2>\n<h5 style=\"text-align: justify;\"><strong><i>Por Paula Agust\u00edn \/ Comunicaci\u00f3n de la EFPEM<\/i><\/strong><\/h5>\n<p style=\"text-align: justify;\"><span style=\"font-weight: 400;\">El \u00a0Ministerio de Educaci\u00f3n de Guatemala y la Escuela de Formaci\u00f3n de Profesores de Ense\u00f1anza Media (EFPEM), \u00a0con la colaboraci\u00f3n de la Agencia de Cooperaci\u00f3n Internacional del Jap\u00f3n (JICA), realiz\u00f3<\/span><span style=\"font-weight: 400;\"> un seminario que convoc\u00f3 a docentes de centros universitarios de la USAC y universidades privadas que imparten el curso de Matem\u00e1tica para nivel medio.<\/span><\/p>\n<p style=\"text-align: justify;\"><span style=\"font-weight: 400;\">El objetivo del seminario fue dar una inducci\u00f3n sobre la Gu\u00eda para Profesores del Curso de Did\u00e1ctica Especial de la Matem\u00e1tica, elaborada por la EFPEM, en el marco del Proyecto de Mejoramiento de la Ense\u00f1anza de la Matem\u00e1tica en Guatemala, llamado Guatem\u00e1tica.<\/span><\/p>\n<p style=\"text-align: justify;\"><span style=\"font-weight: 400;\">Esta gu\u00eda brinda orientaci\u00f3n a los docentes que forman a profesores de nivel medio en el \u00e1rea de Matem\u00e1tica, bajo propuestas metodol\u00f3gicas basadas en principios socioepistemol\u00f3gicos de la EFPEM y el Curr\u00edculo Nacional Base (CNB).<\/span><\/p>\n<p>\u00a0<\/p>\n<figure id=\"attachment_5063\" aria-describedby=\"caption-attachment-5063\" style=\"width: 1531px\" class=\"wp-caption aligncenter\"><img loading=\"lazy\" decoding=\"async\" class=\"wp-image-5063 size-full\" src=\"https:\/\/soy.usac.edu.gt\/wp-content\/uploads\/2019\/03\/IMG_6690.jpg\" alt=\"\" width=\"1531\" height=\"1037\" srcset=\"https:\/\/soy.usac.edu.gt\/wp-content\/uploads\/2019\/03\/IMG_6690.jpg 1531w, https:\/\/soy.usac.edu.gt\/wp-content\/uploads\/2019\/03\/IMG_6690-300x203.jpg 300w, https:\/\/soy.usac.edu.gt\/wp-content\/uploads\/2019\/03\/IMG_6690-768x520.jpg 768w, https:\/\/soy.usac.edu.gt\/wp-content\/uploads\/2019\/03\/IMG_6690-1024x694.jpg 1024w, https:\/\/soy.usac.edu.gt\/wp-content\/uploads\/2019\/03\/IMG_6690-620x420.jpg 620w, https:\/\/soy.usac.edu.gt\/wp-content\/uploads\/2019\/03\/IMG_6690-640x433.jpg 640w, https:\/\/soy.usac.edu.gt\/wp-content\/uploads\/2019\/03\/IMG_6690-681x461.jpg 681w\" sizes=\"auto, (max-width: 1531px) 100vw, 1531px\" \/><figcaption id=\"caption-attachment-5063\" class=\"wp-caption-text\">Fotograf\u00eda de Paula Agust\u00edn<\/figcaption><\/figure>\n<p>\u00a0<\/p>\n<p style=\"text-align: justify;\"><span style=\"font-weight: 400;\">El evento se realiz\u00f3 el pasado 15 y 16 de marzo en las instalaciones de la EFPEM. L<\/span><span style=\"font-weight: 400;\">a apertura del mismo cont\u00f3 con palabras de bienvenida de la directora de la Direcci\u00f3n General de Gesti\u00f3n de Calidad Educativa (DIGECADE), M. A. Ana Mar\u00eda Hern\u00e1ndez; y el Director de la EFPEM, M. Sc. Danilo L\u00f3pez P\u00e9rez.<\/span><\/p>\n<p style=\"text-align: justify;\"><span style=\"font-weight: 400;\">La agenda del seminario incluy\u00f3 charlas y talleres en los que los participantes conocieron las caracter\u00edsticas de los nuevos textos, gu\u00edas de Matem\u00e1tica para el ciclo b\u00e1sico y la metodolog\u00eda planteada para desarrollar las clases. \u00a0<\/span><\/p>\n<p style=\"text-align: justify;\"><span style=\"font-weight: 400;\">Los asistentes tambi\u00e9n pudieron observar una clase impartida por un estudiante del curso de Ense\u00f1anza Especial de la Matem\u00e1tica, para posteriormente plantear sus comentarios.<\/span><\/p>\n<p style=\"text-align: justify;\"><span style=\"font-weight: 400;\">Al finalizar, el Lic. Hasler Calder\u00f3n, integrante del grupo organizador del seminario, hizo reflexiones sobre la jornada e invit\u00f3 a los participantes a asumir el reto de implementar la metodolog\u00eda propuesta en la gu\u00eda presentada, para contribuir a la mejora continua de la ense\u00f1anza de\u00a0 Matem\u00e1tica en el ciclo b\u00e1sico.<\/span><\/p>\n<p style=\"text-align: justify;\"><br \/><br \/><\/p>\n<p>\u00a0<\/p>\n","protected":false},"excerpt":{"rendered":"<p>En el evento participaron catedr\u00e1ticos de la san carlos y de universidades privadas.<\/p>\n","protected":false},"author":1,"featured_media":5062,"comment_status":"closed","ping_status":"open","sticky":false,"template":"","format":"standard","meta":{"_exactmetrics_skip_tracking":false,"_exactmetrics_sitenote_active":false,"_exactmetrics_sitenote_note":"","_exactmetrics_sitenote_category":0,"_jetpack_memberships_contains_paid_content":false,"footnotes":""},"categories":[122,96,29],"tags":[423,256,171,422],"class_list":["post-5060","post","type-post","status-publish","format-standard","has-post-thumbnail","hentry","category-ciencia-y-tecnologia","category-mas-noticias","category-noticias","tag-ciencia","tag-docencia","tag-efpem","tag-matematicas"],"aioseo_notices":[],"jetpack_featured_media_url":"https:\/\/soy.usac.edu.gt\/wp-content\/uploads\/2019\/03\/IMG_6716.jpg","views":"","jetpack-related-posts":[{"id":8479,"url":"https:\/\/soy.usac.edu.gt\/?p=8479","url_meta":{"origin":5060,"position":0},"title":"Realizan 2do. Seminario Intercultural de Matem\u00e1tica Educativa en San Miguel Petapa","author":"Divisi\u00f3n de Publicidad","date":"2 octubre, 2019","format":false,"excerpt":"Con el fin de brindar herramientas pedag\u00f3gicas para una ense\u00f1anza l\u00fadica de la matem\u00e1tica. Por Paula Agust\u00edn \/ Comunicaci\u00f3n de la EFPEM El Club de Matem\u00e1tica Educativa de la Escuela de Formaci\u00f3n de Profesores de Ense\u00f1anza Media (EFPEM), con el apoyo de la Direcci\u00f3n Departamental de Educaci\u00f3n Guatemala Sur, realiz\u00f3\u2026","rel":"","context":"En \u00abCiencia y Tecnolog\u00eda\u00bb","block_context":{"text":"Ciencia y Tecnolog\u00eda","link":"https:\/\/soy.usac.edu.gt\/?cat=122"},"img":{"alt_text":"","src":"https:\/\/i0.wp.com\/soy.usac.edu.gt\/wp-content\/uploads\/2019\/10\/simatepetapa201922.jpg?resize=350%2C200&ssl=1","width":350,"height":200,"srcset":"https:\/\/i0.wp.com\/soy.usac.edu.gt\/wp-content\/uploads\/2019\/10\/simatepetapa201922.jpg?resize=350%2C200&ssl=1 1x, https:\/\/i0.wp.com\/soy.usac.edu.gt\/wp-content\/uploads\/2019\/10\/simatepetapa201922.jpg?resize=525%2C300&ssl=1 1.5x, https:\/\/i0.wp.com\/soy.usac.edu.gt\/wp-content\/uploads\/2019\/10\/simatepetapa201922.jpg?resize=700%2C400&ssl=1 2x, https:\/\/i0.wp.com\/soy.usac.edu.gt\/wp-content\/uploads\/2019\/10\/simatepetapa201922.jpg?resize=1050%2C600&ssl=1 3x, https:\/\/i0.wp.com\/soy.usac.edu.gt\/wp-content\/uploads\/2019\/10\/simatepetapa201922.jpg?resize=1400%2C800&ssl=1 4x"},"classes":[]},{"id":10647,"url":"https:\/\/soy.usac.edu.gt\/?p=10647","url_meta":{"origin":5060,"position":1},"title":"Inauguran sede de la EFPEM en el municipio de Chinautla","author":"Divisi\u00f3n de Publicidad","date":"4 febrero, 2020","format":false,"excerpt":"La nueva sede de la EFPEM funcionar\u00e1 en jornada dominical, en las instalaciones del INEB \u201cBrenda E. Del Cid.","rel":"","context":"En \u00abNoticias\u00bb","block_context":{"text":"Noticias","link":"https:\/\/soy.usac.edu.gt\/?cat=29"},"img":{"alt_text":"","src":"https:\/\/i0.wp.com\/soy.usac.edu.gt\/wp-content\/uploads\/2020\/02\/destacada-efpem.jpg?resize=350%2C200&ssl=1","width":350,"height":200,"srcset":"https:\/\/i0.wp.com\/soy.usac.edu.gt\/wp-content\/uploads\/2020\/02\/destacada-efpem.jpg?resize=350%2C200&ssl=1 1x, https:\/\/i0.wp.com\/soy.usac.edu.gt\/wp-content\/uploads\/2020\/02\/destacada-efpem.jpg?resize=525%2C300&ssl=1 1.5x, https:\/\/i0.wp.com\/soy.usac.edu.gt\/wp-content\/uploads\/2020\/02\/destacada-efpem.jpg?resize=700%2C400&ssl=1 2x, https:\/\/i0.wp.com\/soy.usac.edu.gt\/wp-content\/uploads\/2020\/02\/destacada-efpem.jpg?resize=1050%2C600&ssl=1 3x, https:\/\/i0.wp.com\/soy.usac.edu.gt\/wp-content\/uploads\/2020\/02\/destacada-efpem.jpg?resize=1400%2C800&ssl=1 4x"},"classes":[]},{"id":4354,"url":"https:\/\/soy.usac.edu.gt\/?p=4354","url_meta":{"origin":5060,"position":2},"title":"359 profesores podr\u00e1n tecnificarse en 2019","author":"Edwin Medina","date":"1 marzo, 2019","format":false,"excerpt":"La Escuela de Formaci\u00f3n de Profesores de Ense\u00f1anza Media (EFPEM) inaugur\u00f3 el programa Galileo.","rel":"","context":"En \u00abNoticias\u00bb","block_context":{"text":"Noticias","link":"https:\/\/soy.usac.edu.gt\/?cat=29"},"img":{"alt_text":"","src":"https:\/\/i0.wp.com\/soy.usac.edu.gt\/wp-content\/uploads\/2019\/03\/IMG_5953.jpg?resize=350%2C200&ssl=1","width":350,"height":200,"srcset":"https:\/\/i0.wp.com\/soy.usac.edu.gt\/wp-content\/uploads\/2019\/03\/IMG_5953.jpg?resize=350%2C200&ssl=1 1x, https:\/\/i0.wp.com\/soy.usac.edu.gt\/wp-content\/uploads\/2019\/03\/IMG_5953.jpg?resize=525%2C300&ssl=1 1.5x, https:\/\/i0.wp.com\/soy.usac.edu.gt\/wp-content\/uploads\/2019\/03\/IMG_5953.jpg?resize=700%2C400&ssl=1 2x, https:\/\/i0.wp.com\/soy.usac.edu.gt\/wp-content\/uploads\/2019\/03\/IMG_5953.jpg?resize=1050%2C600&ssl=1 3x, https:\/\/i0.wp.com\/soy.usac.edu.gt\/wp-content\/uploads\/2019\/03\/IMG_5953.jpg?resize=1400%2C800&ssl=1 4x"},"classes":[]},{"id":3147,"url":"https:\/\/soy.usac.edu.gt\/?p=3147","url_meta":{"origin":5060,"position":3},"title":"Danilo L\u00f3pez fue juramentado para su segundo periodo a cargo del Efpem","author":"Erick Iv\u00e1n de Le\u00f3n","date":"14 noviembre, 2018","format":false,"excerpt":"El Consejo Superior Universitario jurament\u00f3 al M. Sc. Danilo L\u00f3pez P\u00e9rez, para ejercer el cargo de director, por reelecci\u00f3n, de la Escuela de Formaci\u00f3n de Profesores de Ense\u00f1anza Media, Efpem, para el periodo 2018-2022, en un acto solemne realizado en el Aula Magna Igl\u00fa, al que asistieron profesionales, catedr\u00e1ticos, alumnos\u2026","rel":"","context":"En \u00abNoticias\u00bb","block_context":{"text":"Noticias","link":"https:\/\/soy.usac.edu.gt\/?cat=29"},"img":{"alt_text":"","src":"https:\/\/i0.wp.com\/soy.usac.edu.gt\/wp-content\/uploads\/2018\/11\/Juramentaci%C3%B3n-EFPEM-3.jpg?resize=350%2C200&ssl=1","width":350,"height":200,"srcset":"https:\/\/i0.wp.com\/soy.usac.edu.gt\/wp-content\/uploads\/2018\/11\/Juramentaci%C3%B3n-EFPEM-3.jpg?resize=350%2C200&ssl=1 1x, https:\/\/i0.wp.com\/soy.usac.edu.gt\/wp-content\/uploads\/2018\/11\/Juramentaci%C3%B3n-EFPEM-3.jpg?resize=525%2C300&ssl=1 1.5x, https:\/\/i0.wp.com\/soy.usac.edu.gt\/wp-content\/uploads\/2018\/11\/Juramentaci%C3%B3n-EFPEM-3.jpg?resize=700%2C400&ssl=1 2x, https:\/\/i0.wp.com\/soy.usac.edu.gt\/wp-content\/uploads\/2018\/11\/Juramentaci%C3%B3n-EFPEM-3.jpg?resize=1050%2C600&ssl=1 3x, https:\/\/i0.wp.com\/soy.usac.edu.gt\/wp-content\/uploads\/2018\/11\/Juramentaci%C3%B3n-EFPEM-3.jpg?resize=1400%2C800&ssl=1 4x"},"classes":[]},{"id":7773,"url":"https:\/\/soy.usac.edu.gt\/?p=7773","url_meta":{"origin":5060,"position":4},"title":"EFPEM celebr\u00f3 su 21 aniversario de ser escuela no facultativa","author":"Divisi\u00f3n de Publicidad","date":"26 julio, 2019","format":false,"excerpt":"El pasado 22 de julio la Escuela de Formaci\u00f3n de Profesores de Ense\u00f1anza Media (EFPEM) conmemor\u00f3 su 21 aniversario con una serie de actividades acad\u00e9micas y culturales, donde se uni\u00f3 la participaci\u00f3n de estudiantes, docentes y personal administrativo.","rel":"","context":"En \u00abNoticias\u00bb","block_context":{"text":"Noticias","link":"https:\/\/soy.usac.edu.gt\/?cat=29"},"img":{"alt_text":"","src":"https:\/\/i0.wp.com\/soy.usac.edu.gt\/wp-content\/uploads\/2019\/07\/aniversario11_1.jpg?resize=350%2C200&ssl=1","width":350,"height":200,"srcset":"https:\/\/i0.wp.com\/soy.usac.edu.gt\/wp-content\/uploads\/2019\/07\/aniversario11_1.jpg?resize=350%2C200&ssl=1 1x, https:\/\/i0.wp.com\/soy.usac.edu.gt\/wp-content\/uploads\/2019\/07\/aniversario11_1.jpg?resize=525%2C300&ssl=1 1.5x, https:\/\/i0.wp.com\/soy.usac.edu.gt\/wp-content\/uploads\/2019\/07\/aniversario11_1.jpg?resize=700%2C400&ssl=1 2x, https:\/\/i0.wp.com\/soy.usac.edu.gt\/wp-content\/uploads\/2019\/07\/aniversario11_1.jpg?resize=1050%2C600&ssl=1 3x, https:\/\/i0.wp.com\/soy.usac.edu.gt\/wp-content\/uploads\/2019\/07\/aniversario11_1.jpg?resize=1400%2C800&ssl=1 4x"},"classes":[]},{"id":9676,"url":"https:\/\/soy.usac.edu.gt\/?p=9676","url_meta":{"origin":5060,"position":5},"title":"Grad\u00faan a 74 m\u00e1steres en Liderazgo en el Acompa\u00f1amiento Educativo","author":"Divisi\u00f3n de Publicidad","date":"14 noviembre, 2019","format":false,"excerpt":"La Escuela de Formaci\u00f3n de Profesores de Ense\u00f1anza Media (EFPEM) de la USAC realiz\u00f3 el acto de graduaci\u00f3n de la cuarta cohorte de esta maestr\u00eda.\u00a0","rel":"","context":"En \u00abNoticias\u00bb","block_context":{"text":"Noticias","link":"https:\/\/soy.usac.edu.gt\/?cat=29"},"img":{"alt_text":"","src":"https:\/\/i0.wp.com\/soy.usac.edu.gt\/wp-content\/uploads\/2019\/11\/IMG_5824.jpg?resize=350%2C200&ssl=1","width":350,"height":200,"srcset":"https:\/\/i0.wp.com\/soy.usac.edu.gt\/wp-content\/uploads\/2019\/11\/IMG_5824.jpg?resize=350%2C200&ssl=1 1x, https:\/\/i0.wp.com\/soy.usac.edu.gt\/wp-content\/uploads\/2019\/11\/IMG_5824.jpg?resize=525%2C300&ssl=1 1.5x, https:\/\/i0.wp.com\/soy.usac.edu.gt\/wp-content\/uploads\/2019\/11\/IMG_5824.jpg?resize=700%2C400&ssl=1 2x, https:\/\/i0.wp.com\/soy.usac.edu.gt\/wp-content\/uploads\/2019\/11\/IMG_5824.jpg?resize=1050%2C600&ssl=1 3x, https:\/\/i0.wp.com\/soy.usac.edu.gt\/wp-content\/uploads\/2019\/11\/IMG_5824.jpg?resize=1400%2C800&ssl=1 4x"},"classes":[]}],"jetpack_sharing_enabled":true,"_links":{"self":[{"href":"https:\/\/soy.usac.edu.gt\/index.php?rest_route=\/wp\/v2\/posts\/5060","targetHints":{"allow":["GET"]}}],"collection":[{"href":"https:\/\/soy.usac.edu.gt\/index.php?rest_route=\/wp\/v2\/posts"}],"about":[{"href":"https:\/\/soy.usac.edu.gt\/index.php?rest_route=\/wp\/v2\/types\/post"}],"author":[{"embeddable":true,"href":"https:\/\/soy.usac.edu.gt\/index.php?rest_route=\/wp\/v2\/users\/1"}],"replies":[{"embeddable":true,"href":"https:\/\/soy.usac.edu.gt\/index.php?rest_route=%2Fwp%2Fv2%2Fcomments&post=5060"}],"version-history":[{"count":0,"href":"https:\/\/soy.usac.edu.gt\/index.php?rest_route=\/wp\/v2\/posts\/5060\/revisions"}],"wp:featuredmedia":[{"embeddable":true,"href":"https:\/\/soy.usac.edu.gt\/index.php?rest_route=\/wp\/v2\/media\/5062"}],"wp:attachment":[{"href":"https:\/\/soy.usac.edu.gt\/index.php?rest_route=%2Fwp%2Fv2%2Fmedia&parent=5060"}],"wp:term":[{"taxonomy":"category","embeddable":true,"href":"https:\/\/soy.usac.edu.gt\/index.php?rest_route=%2Fwp%2Fv2%2Fcategories&post=5060"},{"taxonomy":"post_tag","embeddable":true,"href":"https:\/\/soy.usac.edu.gt\/index.php?rest_route=%2Fwp%2Fv2%2Ftags&post=5060"}],"curies":[{"name":"wp","href":"https:\/\/api.w.org\/{rel}","templated":true}]}}