{"id":5384,"date":"2019-03-28T13:26:18","date_gmt":"2019-03-28T19:26:18","guid":{"rendered":"https:\/\/soy.usac.edu.gt\/?p=5384"},"modified":"2019-03-29T08:38:09","modified_gmt":"2019-03-29T14:38:09","slug":"usac-anuncia-estrategia-de-seguridad-para-la-proteccion-de-sus-estudiantes","status":"publish","type":"post","link":"https:\/\/soy.usac.edu.gt\/?p=5384","title":{"rendered":"USAC anuncia Estrategia de Seguridad para la protecci\u00f3n de sus estudiantes"},"content":{"rendered":"\n<p style=\"text-align: justify;\"><span style=\"font-weight: 400;\">El Consejo Superior Universitario de la Universidad de San Carlos de Guatemala informa a la comunidad sancarlista y a la poblaci\u00f3n en general que \u00a0ayer, 27 de marzo, fue aprobado por mayor\u00eda el \u201cPlan Estrat\u00e9gico de la prevenci\u00f3n de la violencia de la seguridad universitaria\u201d,dando continuidad al plan de trabajo que ha estado implementando la administraci\u00f3n del rector, Ing. Murphy Paiz. <\/span><\/p>\n<p style=\"text-align: justify;\"><span style=\"font-weight: 400;\">El plan de seguridad integral busca reducir toda clase de riesgos y contempla horarios de ingreso y egreso en el campus universitario, zona 12, y todos los centros universitarios departamentales. \u00a0Se ratifica que los horarios de atenci\u00f3n estudiantil, administrativos, docentes y al p\u00fablico en general son de 5:00 a 22:00 horas de lunes a domingo, con excepci\u00f3n de casos especiales previamente notificados. <\/span><\/p>\n<p style=\"text-align: justify;\"><span style=\"font-weight: 400;\">Dentro de las acciones se contempla la identificaci\u00f3n de todas aquellas personas que ingresan a los campus universitarios; los estudiantes deber\u00e1n gestionar un carn\u00e9 que funcionar\u00e1 mediante una tarjeta electr\u00f3nica, que genere el acceso mediante los molinetes en las puertas principales. Todos los visitantes externos deber\u00e1n identificarse en garita con su DPI, y habr\u00e1 estricto control veh\u00edcular, con un moderno sistema de inform\u00e1tica, debiendo informar hacia d\u00f3nde se dirigir\u00e1n y qu\u00e9 gesti\u00f3n realizar\u00e1n, con el fin de saber qui\u00e9nes ingresan y qu\u00e9 \u00a0hacen en nuestra universidad. <\/span><\/p>\n<p style=\"text-align: justify;\"><span style=\"font-weight: 400;\">Se fortalecer\u00e1 la Divisi\u00f3n de Seguridad Universitaria mediante la contrataci\u00f3n de los servicios de seguridad privada, para apoyar a los vigilantes en su funci\u00f3n prioritaria de cuidar al estudiantado y los bienes de esta casa de estudios, se ejecutar\u00e1 un programa de despistolizaci\u00f3n, en el cual los vigilantes no utilizar\u00e1n armas letales. A quienes se sorprenda portando armas de fuego o punzocortantes de cualquier tipo, si se trata de estudiantes, deber\u00e1n ser sancionados conforme la normativa universitaria con expulsi\u00f3n; de tratarse de visitantes o personas externas a la universidad, se actuar\u00e1 conforme la ley y en coordinaci\u00f3n con las autoridades competentes.<\/span><\/p>\n<p style=\"text-align: justify;\"><br \/><br \/><\/p>\n<p style=\"text-align: justify;\"><b>La Estrategia de Seguridad tambi\u00e9n contemplar\u00e1:<\/b><\/p>\n<p style=\"text-align: justify;\"><span style=\"font-weight: 400;\">Sistema digitalizado de denuncia que ya puede emplearse. <\/span><\/p>\n<p style=\"text-align: justify;\"><span style=\"font-weight: 400;\">Estaciones de seguridad con bot\u00f3n de p\u00e1nico, intercomunicadores, \u00a0sistema de circuito cerrado, mejoramiento de la iluminaci\u00f3n, instalaci\u00f3n de mayor n\u00famero de c\u00e1maras con identificador de rostro y placas de veh\u00edculos. \u00a0El n\u00famero telef\u00f3nico de denuncias es 1592.<\/span><\/p>\n<p style=\"text-align: justify;\"><span style=\"font-weight: 400;\">El gobierno universitario decidi\u00f3 \u00a0reorientar sus recursos para el fortalecimiento urgente de la seguridad. Adem\u00e1s qued\u00f3 integrada una comisi\u00f3n que dar\u00e1 seguimiento a la estrategia<\/span><span style=\"font-weight: 400;\">.<\/span><\/p>\n<p>\u00a0<\/p>\n<p style=\"text-align: center;\"><b><i>\u201cId y ense\u00f1ad a todos\u201d<\/i><\/b><\/p>\n<p style=\"text-align: right;\"><b><i>Guatemala, 28 de marzo de 2019<\/i><\/b><\/p>\n<p><span style=\"font-weight: 400;\">Divisi\u00f3n de Publicidad e Informaci\u00f3n<\/span><\/p>\n<p><span style=\"font-weight: 400;\">Oficina 310, edificio de Rector\u00eda<\/span><\/p>\n<p><span style=\"font-weight: 400;\">Tel\u00e9fono: 24189668<\/span><\/p>\n","protected":false},"excerpt":{"rendered":"<p>El Consejo Superior Universitario de la Universidad de San Carlos de Guatemala informa a la comunidad sancarlista y a la poblaci\u00f3n en general que \u00a0ayer, 27 de marzo, fue aprobado por mayor\u00eda el \u201cPlan Estrat\u00e9gico de la prevenci\u00f3n de la violencia de la seguridad universitaria\u201d<\/p>\n","protected":false},"author":1,"featured_media":0,"comment_status":"closed","ping_status":"open","sticky":false,"template":"","format":"standard","meta":{"_exactmetrics_skip_tracking":false,"_exactmetrics_sitenote_active":false,"_exactmetrics_sitenote_note":"","_exactmetrics_sitenote_category":0,"_jetpack_memberships_contains_paid_content":false,"footnotes":""},"categories":[125,151],"tags":[270,435],"class_list":["post-5384","post","type-post","status-publish","format-standard","hentry","category-opiniones","category-opinion","tag-comunicado-de-prensa","tag-opinion"],"aioseo_notices":[],"jetpack_featured_media_url":"","views":"","jetpack-related-posts":[{"id":12486,"url":"https:\/\/soy.usac.edu.gt\/?p=12486","url_meta":{"origin":5384,"position":0},"title":"Usac contrata servicios temporales de seguridad, para proteger a personal de alto riesgo.","author":"Divisi\u00f3n de Publicidad","date":"7 octubre, 2020","format":false,"excerpt":"Aclaramos que en ning\u00fan momento la estabilidad laboral y contractual del personal de la Divisi\u00f3n de Seguridad Universitaria ser\u00e1 afectada con la contrataci\u00f3n de una empresa que apoye el trabajo de seguridad.","rel":"","context":"En \u00abNoticias\u00bb","block_context":{"text":"Noticias","link":"https:\/\/soy.usac.edu.gt\/?cat=29"},"img":{"alt_text":"","src":"","width":0,"height":0},"classes":[]},{"id":9016,"url":"https:\/\/soy.usac.edu.gt\/?p=9016","url_meta":{"origin":5384,"position":1},"title":"Suspenden actividades generales en Campus Central","author":"Divisi\u00f3n de Publicidad","date":"16 octubre, 2019","format":false,"excerpt":"A causa de la depresi\u00f3n tropical se suspenden actividades durante 24 horas a partir de las 14:00 horas del mi\u00e9rcoles 16 de octubre hasta las 13:00 horas del 17 de octubre 2019","rel":"","context":"En \u00abNoticias\u00bb","block_context":{"text":"Noticias","link":"https:\/\/soy.usac.edu.gt\/?cat=29"},"img":{"alt_text":"","src":"","width":0,"height":0},"classes":[]},{"id":4939,"url":"https:\/\/soy.usac.edu.gt\/?p=4939","url_meta":{"origin":5384,"position":2},"title":"Pronunciamiento oficial sobre el suceso ocurrido el pasado 9 de marzo","author":"Divisi\u00f3n de Publicidad","date":"14 marzo, 2019","format":false,"excerpt":"La Administraci\u00f3n de la Universidad de San Carlos de Guatemala, a la comunidad sancarlista y opini\u00f3n p\u00fablica en general, hace saber: ante lo ocurrido el pasado s\u00e1bado 9 de marzo.","rel":"","context":"En \u00abOpini\u00f3n\u00bb","block_context":{"text":"Opini\u00f3n","link":"https:\/\/soy.usac.edu.gt\/?cat=125"},"img":{"alt_text":"","src":"","width":0,"height":0},"classes":[]},{"id":7646,"url":"https:\/\/soy.usac.edu.gt\/?p=7646","url_meta":{"origin":5384,"position":3},"title":"USAC realizar\u00e1 simulacros de evacuaci\u00f3n","author":"Divisi\u00f3n de Publicidad","date":"22 julio, 2019","format":false,"excerpt":"Las actividades se desarrollar\u00e1n en todas las dependencias universitarias.","rel":"","context":"En \u00abNoticias\u00bb","block_context":{"text":"Noticias","link":"https:\/\/soy.usac.edu.gt\/?cat=29"},"img":{"alt_text":"","src":"https:\/\/i0.wp.com\/soy.usac.edu.gt\/wp-content\/uploads\/2019\/07\/DESTACADA-SIMULACRO.jpg?resize=350%2C200&ssl=1","width":350,"height":200,"srcset":"https:\/\/i0.wp.com\/soy.usac.edu.gt\/wp-content\/uploads\/2019\/07\/DESTACADA-SIMULACRO.jpg?resize=350%2C200&ssl=1 1x, https:\/\/i0.wp.com\/soy.usac.edu.gt\/wp-content\/uploads\/2019\/07\/DESTACADA-SIMULACRO.jpg?resize=525%2C300&ssl=1 1.5x, https:\/\/i0.wp.com\/soy.usac.edu.gt\/wp-content\/uploads\/2019\/07\/DESTACADA-SIMULACRO.jpg?resize=700%2C400&ssl=1 2x, https:\/\/i0.wp.com\/soy.usac.edu.gt\/wp-content\/uploads\/2019\/07\/DESTACADA-SIMULACRO.jpg?resize=1050%2C600&ssl=1 3x, https:\/\/i0.wp.com\/soy.usac.edu.gt\/wp-content\/uploads\/2019\/07\/DESTACADA-SIMULACRO.jpg?resize=1400%2C800&ssl=1 4x"},"classes":[]},{"id":5364,"url":"https:\/\/soy.usac.edu.gt\/?p=5364","url_meta":{"origin":5384,"position":4},"title":"USAC anuncia implementaci\u00f3n de estrategia de seguridad","author":"Divisi\u00f3n de Publicidad","date":"28 marzo, 2019","format":false,"excerpt":"El rector Ing. Murphy Paiz explic\u00f3 las acciones que se llevar\u00e1n a cabo para mejorar la seguridad en las instalaciones de la universidad.","rel":"","context":"En \u00abNoticias\u00bb","block_context":{"text":"Noticias","link":"https:\/\/soy.usac.edu.gt\/?cat=29"},"img":{"alt_text":"","src":"https:\/\/i0.wp.com\/soy.usac.edu.gt\/wp-content\/uploads\/2019\/03\/DESTACADA-SEGURIDAD.jpeg?resize=350%2C200&ssl=1","width":350,"height":200,"srcset":"https:\/\/i0.wp.com\/soy.usac.edu.gt\/wp-content\/uploads\/2019\/03\/DESTACADA-SEGURIDAD.jpeg?resize=350%2C200&ssl=1 1x, https:\/\/i0.wp.com\/soy.usac.edu.gt\/wp-content\/uploads\/2019\/03\/DESTACADA-SEGURIDAD.jpeg?resize=525%2C300&ssl=1 1.5x, https:\/\/i0.wp.com\/soy.usac.edu.gt\/wp-content\/uploads\/2019\/03\/DESTACADA-SEGURIDAD.jpeg?resize=700%2C400&ssl=1 2x, https:\/\/i0.wp.com\/soy.usac.edu.gt\/wp-content\/uploads\/2019\/03\/DESTACADA-SEGURIDAD.jpeg?resize=1050%2C600&ssl=1 3x"},"classes":[]},{"id":4101,"url":"https:\/\/soy.usac.edu.gt\/?p=4101","url_meta":{"origin":5384,"position":5},"title":"Informaci\u00f3n oficial sobre el Club Deportivo Los Arcos.","author":"Divisi\u00f3n de Publicidad","date":"18 febrero, 2019","format":false,"excerpt":"El Departamento de Deportes de la Universidad de San Carlos de Guatemala y \u00a0la Fundaci\u00f3n Amigos de la USAC, administradora del Equipo de F\u00fatbol de la USAC, Ante la informaci\u00f3n que se ha divulgado en redes sociales con respecto al Club Deportivo Los Arcos, informa: En ning\u00fan momento se ha\u2026","rel":"","context":"En \u00abOpini\u00f3n\u00bb","block_context":{"text":"Opini\u00f3n","link":"https:\/\/soy.usac.edu.gt\/?cat=125"},"img":{"alt_text":"","src":"","width":0,"height":0},"classes":[]}],"jetpack_sharing_enabled":true,"_links":{"self":[{"href":"https:\/\/soy.usac.edu.gt\/index.php?rest_route=\/wp\/v2\/posts\/5384","targetHints":{"allow":["GET"]}}],"collection":[{"href":"https:\/\/soy.usac.edu.gt\/index.php?rest_route=\/wp\/v2\/posts"}],"about":[{"href":"https:\/\/soy.usac.edu.gt\/index.php?rest_route=\/wp\/v2\/types\/post"}],"author":[{"embeddable":true,"href":"https:\/\/soy.usac.edu.gt\/index.php?rest_route=\/wp\/v2\/users\/1"}],"replies":[{"embeddable":true,"href":"https:\/\/soy.usac.edu.gt\/index.php?rest_route=%2Fwp%2Fv2%2Fcomments&post=5384"}],"version-history":[{"count":0,"href":"https:\/\/soy.usac.edu.gt\/index.php?rest_route=\/wp\/v2\/posts\/5384\/revisions"}],"wp:attachment":[{"href":"https:\/\/soy.usac.edu.gt\/index.php?rest_route=%2Fwp%2Fv2%2Fmedia&parent=5384"}],"wp:term":[{"taxonomy":"category","embeddable":true,"href":"https:\/\/soy.usac.edu.gt\/index.php?rest_route=%2Fwp%2Fv2%2Fcategories&post=5384"},{"taxonomy":"post_tag","embeddable":true,"href":"https:\/\/soy.usac.edu.gt\/index.php?rest_route=%2Fwp%2Fv2%2Ftags&post=5384"}],"curies":[{"name":"wp","href":"https:\/\/api.w.org\/{rel}","templated":true}]}}