{"id":5516,"date":"2019-04-09T16:31:48","date_gmt":"2019-04-09T22:31:48","guid":{"rendered":"https:\/\/soy.usac.edu.gt\/?p=5516"},"modified":"2019-04-09T16:31:49","modified_gmt":"2019-04-09T22:31:49","slug":"el-verdadero-sentido-de-la-huelga-de-dolores","status":"publish","type":"post","link":"https:\/\/soy.usac.edu.gt\/?p=5516","title":{"rendered":"El verdadero sentido de la Huelga de Dolores"},"content":{"rendered":"\n<h4 style=\"text-align: justify;\"><strong><i>Cobros ilegales, violencia y delincuencia ponen en entredicho a una tradici\u00f3n centenaria. <\/i><\/strong><\/h4>\n<p style=\"text-align: justify;\"><span style=\"font-weight: 400;\">Han pasado 121 a\u00f1os desde que surgi\u00f3 el desfile bufo como una expresi\u00f3n cr\u00edtica y pol\u00edtica. La historia de la huelga est\u00e1 marcada por momentos de represi\u00f3n y sangre, lucha y protesta, pero lamentablemente con el paso del tiempo la decadencia es evidente.<\/span><\/p>\n<p style=\"text-align: justify;\"><span style=\"font-weight: 400;\">La <\/span><i><span style=\"font-weight: 400;\">talacha<\/span><\/i><span style=\"font-weight: 400;\">, antes vista como una colecta para la realizaci\u00f3n de las actividades huelgueras, pas\u00f3 a ser una extorsi\u00f3n. \u00a0As\u00ed lo afirma el famoso doctor y huelguero Jos\u00e9, el Sordo Barnoya: \u201cSe encapuchan para hacer dinero a expensas de la huelga, no hay raz\u00f3n para encapucharse\u201d. <\/span><\/p>\n<p style=\"text-align: justify;\"><span style=\"font-weight: 400;\">La mayor\u00eda de los comit\u00e9s de la Huelga de Dolores est\u00e1n tomados por personas inescrupulosas que no son estudiantes regulares y a veces ni siquiera est\u00e1n inscritos, adem\u00e1s ponen en mal al desfile bufo y manchan el nombre de la Universidad de San Carlos Guatemala con cobros ilegales, uso de violencia, portaci\u00f3n de armas de fuego, realizaci\u00f3n de actividades prohibidas por el Consejo Superior Universitario, como la toma de parqueos y organizaci\u00f3n de fiestas donde prevalece el consumo de bebidas alcoh\u00f3licas. <\/span><\/p>\n<p style=\"text-align: justify;\"><span style=\"font-weight: 400;\">\u201cIndirectamente ellos est\u00e1n captando fondos no leg\u00edtimos, no regulados; ah\u00ed hay delincuencia viva. <\/span>No podemos garantizar qui\u00e9n est\u00e1 abajo de una capucha, es una forma de representar mal a la historia universitaria de m\u00e1rtires que dieron la vida por temas que respetamos, como la autonom\u00eda, la Revoluci\u00f3n de Octubre y nuestra Constituci\u00f3n\u201d. Declar\u00f3 el rector, Ing. Murphy Paiz.<\/p>\n<figure id=\"attachment_5529\" aria-describedby=\"caption-attachment-5529\" style=\"width: 720px\" class=\"wp-caption aligncenter\"><img loading=\"lazy\" decoding=\"async\" class=\"wp-image-5529 size-full\" src=\"https:\/\/soy.usac.edu.gt\/wp-content\/uploads\/2019\/04\/221697_204853472870065_1119767_n.jpg\" alt=\"\" width=\"720\" height=\"482\" srcset=\"https:\/\/soy.usac.edu.gt\/wp-content\/uploads\/2019\/04\/221697_204853472870065_1119767_n.jpg 720w, https:\/\/soy.usac.edu.gt\/wp-content\/uploads\/2019\/04\/221697_204853472870065_1119767_n-300x201.jpg 300w, https:\/\/soy.usac.edu.gt\/wp-content\/uploads\/2019\/04\/221697_204853472870065_1119767_n-627x420.jpg 627w, https:\/\/soy.usac.edu.gt\/wp-content\/uploads\/2019\/04\/221697_204853472870065_1119767_n-537x360.jpg 537w, https:\/\/soy.usac.edu.gt\/wp-content\/uploads\/2019\/04\/221697_204853472870065_1119767_n-640x428.jpg 640w, https:\/\/soy.usac.edu.gt\/wp-content\/uploads\/2019\/04\/221697_204853472870065_1119767_n-681x456.jpg 681w\" sizes=\"auto, (max-width: 720px) 100vw, 720px\" \/><figcaption id=\"caption-attachment-5529\" class=\"wp-caption-text\">Fotograf\u00eda de Edson Lozano<\/figcaption><\/figure>\n<p style=\"text-align: justify;\"><span style=\"font-weight: 400;\">Estas malas pr\u00e1cticas se han extendido y replicado en los centros universitarios departamentales, con la toma de edificios, cobro por ingresar a recibir clases y a comercios, as\u00ed como represalias contra estos \u00faltimos cuando se niegan a pagar; en ocasiones, quienes piden el dinero han hecho pintas con aceite quemado en las fachadas. <\/span><\/p>\n<p style=\"text-align: justify;\"><span style=\"font-weight: 400;\">\u201cHay ciertos indicadores no solo dentro de nuestra universidad, sino tambi\u00e9n afuera, en los ambientes sociales de Guatemala, con los que tristemente debemos estar de acuerdo. Pareciera que nos estamos desviando cada a\u00f1o de los verdaderos objetivos que dieron origen a la huelga\u201d. Declar\u00f3 C\u00e9sar Paiz, catedr\u00e1tico universitario, mejor conocido como el rey feo Maclovio Trompa de Hule. <\/span><\/p>\n<p style=\"text-align: justify;\"><span style=\"font-weight: 400;\">\u201cHay personas que se aprovechan de la figura de la huelga para hacer actos delictivos y llenar sus bolsillos de dinero ileg\u00edtimamente. Est\u00e1n lastimando a la universidad y al pueblo de Guatemala\u201d. Puntualiz\u00f3 el rector. <\/span><\/p>\n<figure id=\"attachment_5519\" aria-describedby=\"caption-attachment-5519\" style=\"width: 3888px\" class=\"wp-caption aligncenter\"><img loading=\"lazy\" decoding=\"async\" class=\"wp-image-5519 size-full\" src=\"https:\/\/soy.usac.edu.gt\/wp-content\/uploads\/2019\/04\/LAS-CALACAS_2.jpg\" alt=\"\" width=\"3888\" height=\"2592\" srcset=\"https:\/\/soy.usac.edu.gt\/wp-content\/uploads\/2019\/04\/LAS-CALACAS_2.jpg 3888w, https:\/\/soy.usac.edu.gt\/wp-content\/uploads\/2019\/04\/LAS-CALACAS_2-300x200.jpg 300w, https:\/\/soy.usac.edu.gt\/wp-content\/uploads\/2019\/04\/LAS-CALACAS_2-768x512.jpg 768w, https:\/\/soy.usac.edu.gt\/wp-content\/uploads\/2019\/04\/LAS-CALACAS_2-1024x683.jpg 1024w, https:\/\/soy.usac.edu.gt\/wp-content\/uploads\/2019\/04\/LAS-CALACAS_2-630x420.jpg 630w, https:\/\/soy.usac.edu.gt\/wp-content\/uploads\/2019\/04\/LAS-CALACAS_2-640x427.jpg 640w, https:\/\/soy.usac.edu.gt\/wp-content\/uploads\/2019\/04\/LAS-CALACAS_2-681x454.jpg 681w\" sizes=\"auto, (max-width: 3888px) 100vw, 3888px\" \/><figcaption id=\"caption-attachment-5519\" class=\"wp-caption-text\">Fotograf\u00eda de Edson Lozano<\/figcaption><\/figure>\n<h3><b>La capucha como s\u00edmbolo de represi\u00f3n<\/b><\/h3>\n<p style=\"text-align: justify;\"><span style=\"font-weight: 400;\">Atr\u00e1s quedaron los d\u00edas de represi\u00f3n en los que usar una capucha significaba la diferencia entre la vida y la muerte. Un genuino s\u00edmbolo de gallard\u00eda, rebeld\u00eda y compromiso social de parte del estudiantado sancarlista ha sido desvirtuado hasta ser visto como una m\u00e1scara de delincuentes. <\/span><\/p>\n<p style=\"text-align: justify;\"><span style=\"font-weight: 400;\">Comerciantes de San Pedro, San Marcos, denunciaron que al negarse a pagar la talacha, los supuestos estudiantes hicieron pintas en las instalaciones de sus negocios. Al respecto, el Ing. Murphy Paiz coment\u00f3: \u201cRechazo este tipo de actitudes, han aprovechado el uso de la capucha para cometer actos deplorables, que incluso son de delincuentes\u201d. <\/span><\/p>\n<p style=\"text-align: justify;\"><span style=\"font-weight: 400;\">Checha Paiz recuerda que, cuando era estudiante, hab\u00eda represi\u00f3n contra expresiones populares como la Huelga de Dolores. \u201cEn la actualidad siento que la capucha es mal manejada por personas que la han usado para pedir dinero o violentar. La capucha ya no se respeta, es como una m\u00e1scara que utilizan algunos interesados en terminar de hundir la huelga\u201d. <\/span><\/p>\n<figure id=\"attachment_5527\" aria-describedby=\"caption-attachment-5527\" style=\"width: 4096px\" class=\"wp-caption aligncenter\"><img loading=\"lazy\" decoding=\"async\" class=\"wp-image-5527 size-full\" src=\"https:\/\/soy.usac.edu.gt\/wp-content\/uploads\/2019\/04\/56685802_637090270086048_5196831563970510848_n.jpg\" alt=\"\" width=\"4096\" height=\"2730\" srcset=\"https:\/\/soy.usac.edu.gt\/wp-content\/uploads\/2019\/04\/56685802_637090270086048_5196831563970510848_n.jpg 4096w, https:\/\/soy.usac.edu.gt\/wp-content\/uploads\/2019\/04\/56685802_637090270086048_5196831563970510848_n-300x200.jpg 300w, https:\/\/soy.usac.edu.gt\/wp-content\/uploads\/2019\/04\/56685802_637090270086048_5196831563970510848_n-768x512.jpg 768w, https:\/\/soy.usac.edu.gt\/wp-content\/uploads\/2019\/04\/56685802_637090270086048_5196831563970510848_n-1024x683.jpg 1024w, https:\/\/soy.usac.edu.gt\/wp-content\/uploads\/2019\/04\/56685802_637090270086048_5196831563970510848_n-630x420.jpg 630w, https:\/\/soy.usac.edu.gt\/wp-content\/uploads\/2019\/04\/56685802_637090270086048_5196831563970510848_n-640x427.jpg 640w, https:\/\/soy.usac.edu.gt\/wp-content\/uploads\/2019\/04\/56685802_637090270086048_5196831563970510848_n-681x454.jpg 681w\" sizes=\"auto, (max-width: 4096px) 100vw, 4096px\" \/><figcaption id=\"caption-attachment-5527\" class=\"wp-caption-text\">Fotograf\u00eda de Edson Lozano<\/figcaption><\/figure>\n<p style=\"text-align: justify;\"><span style=\"font-weight: 400;\"><br \/><br \/><\/span><\/p>\n<h4 style=\"text-align: justify;\"><b>Recuperar el rumbo<\/b><\/h4>\n<p style=\"text-align: justify;\"><span style=\"font-weight: 400;\">\u00bfCu\u00e1l debe ser el verdadero sentido de la Huelga de Dolores? Para el soci\u00f3logo Manolo Vega Casta\u00f1eda, la huelga debe ser un canal de expresi\u00f3n de cr\u00edticas hacia la situaci\u00f3n del pa\u00eds. \u201cLo que la gente piensa sobre lo que sucede en el pa\u00eds debe verse reflejado en la huelga. Ahora, adem\u00e1s, la huelga debe ser ejemplo de buen manejo y transparencia, para que se terminen los abusos que trae el uso de la capucha\u201d. <\/span><\/p>\n<p style=\"text-align: justify;\"><span style=\"font-weight: 400;\">El Sordo Barnoya dice que el verdadero esp\u00edritu de la huelga debe ser la cr\u00edtica a los malos actos del Gobierno y agrega: \u201cMalos actos de los militares, comerciantes, empresarios y ahora hasta de los abogados y m\u00e9dicos, malos actos de todos los malos guatemaltecos\u201d. <\/span><\/p>\n<p style=\"text-align: justify;\"><span style=\"font-weight: 400;\">Seg\u00fan Checha Paiz, la Huelga de Dolores debe ser la alternativa para que la poblaci\u00f3n vea en las calles y avenidas temas de la coyuntura pol\u00edtica, socioecon\u00f3mica y sociocultural del pa\u00eds, que generalmente los medios tradicionales no tratan. \u201cHoy por hoy la huelga, en algunos aspectos, sigue siendo la voz de los que no tienen voz\u201d. Puntualiz\u00f3. \u00a0<\/span><\/p>\n<figure id=\"attachment_5528\" aria-describedby=\"caption-attachment-5528\" style=\"width: 4096px\" class=\"wp-caption aligncenter\"><img loading=\"lazy\" decoding=\"async\" class=\"wp-image-5528 size-full\" src=\"https:\/\/soy.usac.edu.gt\/wp-content\/uploads\/2019\/04\/56589721_166356487638773_8610092226434826240_n.jpg\" alt=\"\" width=\"4096\" height=\"2730\" srcset=\"https:\/\/soy.usac.edu.gt\/wp-content\/uploads\/2019\/04\/56589721_166356487638773_8610092226434826240_n.jpg 4096w, https:\/\/soy.usac.edu.gt\/wp-content\/uploads\/2019\/04\/56589721_166356487638773_8610092226434826240_n-300x200.jpg 300w, https:\/\/soy.usac.edu.gt\/wp-content\/uploads\/2019\/04\/56589721_166356487638773_8610092226434826240_n-768x512.jpg 768w, https:\/\/soy.usac.edu.gt\/wp-content\/uploads\/2019\/04\/56589721_166356487638773_8610092226434826240_n-1024x683.jpg 1024w, https:\/\/soy.usac.edu.gt\/wp-content\/uploads\/2019\/04\/56589721_166356487638773_8610092226434826240_n-630x420.jpg 630w, https:\/\/soy.usac.edu.gt\/wp-content\/uploads\/2019\/04\/56589721_166356487638773_8610092226434826240_n-640x427.jpg 640w, https:\/\/soy.usac.edu.gt\/wp-content\/uploads\/2019\/04\/56589721_166356487638773_8610092226434826240_n-681x454.jpg 681w\" sizes=\"auto, (max-width: 4096px) 100vw, 4096px\" \/><figcaption id=\"caption-attachment-5528\" class=\"wp-caption-text\">Fotograf\u00eda de Edson Lozano<\/figcaption><\/figure>\n<h3 style=\"text-align: justify;\"><b>Bonos con transparencia<\/b><\/h3>\n<p style=\"text-align: justify;\"><span style=\"font-weight: 400;\">Para evitar los abusos, el rector propone la implementaci\u00f3n de un bono para actividades culturales y deportivas, algo que est\u00e1 por plantear ante el Consejo Superior Universitario (CSU). La finalidad de proporcionar una cantidad de dinero es que las actividades de la huelga se organicen con transparencia por verdaderos estudiantes universitarios regulares, quienes tendr\u00e1n que identificarse y demostrar que verdaderamente representan a la comunidad estudiantil.<\/span><\/p>\n<p><img loading=\"lazy\" decoding=\"async\" class=\"aligncenter size-full wp-image-5531\" src=\"https:\/\/soy.usac.edu.gt\/wp-content\/uploads\/2019\/04\/Cr\u00e9ditos-prensa-06.png\" alt=\"\" width=\"5079\" height=\"1960\" srcset=\"https:\/\/soy.usac.edu.gt\/wp-content\/uploads\/2019\/04\/Cr\u00e9ditos-prensa-06.png 5079w, https:\/\/soy.usac.edu.gt\/wp-content\/uploads\/2019\/04\/Cr\u00e9ditos-prensa-06-300x116.png 300w, https:\/\/soy.usac.edu.gt\/wp-content\/uploads\/2019\/04\/Cr\u00e9ditos-prensa-06-768x296.png 768w, https:\/\/soy.usac.edu.gt\/wp-content\/uploads\/2019\/04\/Cr\u00e9ditos-prensa-06-1024x395.png 1024w, https:\/\/soy.usac.edu.gt\/wp-content\/uploads\/2019\/04\/Cr\u00e9ditos-prensa-06-1088x420.png 1088w, https:\/\/soy.usac.edu.gt\/wp-content\/uploads\/2019\/04\/Cr\u00e9ditos-prensa-06-640x247.png 640w, https:\/\/soy.usac.edu.gt\/wp-content\/uploads\/2019\/04\/Cr\u00e9ditos-prensa-06-681x263.png 681w\" sizes=\"auto, (max-width: 5079px) 100vw, 5079px\" \/><\/p>\n<p style=\"text-align: justify;\">\u00a0<\/p>\n","protected":false},"excerpt":{"rendered":"<p>Cobros ilegales, violencia y delincuencia ponen en entredicho a una tradici\u00f3n centenaria.<\/p>\n","protected":false},"author":1,"featured_media":5526,"comment_status":"closed","ping_status":"open","sticky":false,"template":"","format":"standard","meta":{"_exactmetrics_skip_tracking":false,"_exactmetrics_sitenote_active":false,"_exactmetrics_sitenote_note":"","_exactmetrics_sitenote_category":0,"_jetpack_memberships_contains_paid_content":false,"footnotes":""},"categories":[29],"tags":[446,444,445,264],"class_list":["post-5516","post","type-post","status-publish","format-standard","has-post-thumbnail","hentry","category-noticias","tag-honorable-comite-de-huelga-de-todos-los-dolores","tag-huelga-de-dolores","tag-reyes-feos","tag-usac"],"aioseo_notices":[],"jetpack_featured_media_url":"https:\/\/soy.usac.edu.gt\/wp-content\/uploads\/2019\/04\/57092855_790419088021008_6593255552229310464_n.jpg","views":"","jetpack-related-posts":[{"id":3119,"url":"https:\/\/soy.usac.edu.gt\/?p=3119","url_meta":{"origin":5516,"position":0},"title":"Estudiantes realizan Huelga de Dolores Extraordinaria","author":"Divisi\u00f3n de Publicidad","date":"13 noviembre, 2018","format":false,"excerpt":"Los comit\u00e9s de las distintas Unidades Acad\u00e9micas organizaron una Huelga de Dolores Extraordinaria para exigir al Congreso un presupuesto digno para la USAC. Encapuchados de la Universidad se reunieron en la rector\u00eda para emprender una caminata pac\u00edfica hacia el Congreso con el fin de exigir a los diputados la aprobaci\u00f3n\u2026","rel":"","context":"En \u00abNoticias\u00bb","block_context":{"text":"Noticias","link":"https:\/\/soy.usac.edu.gt\/?cat=29"},"img":{"alt_text":"","src":"https:\/\/i0.wp.com\/soy.usac.edu.gt\/wp-content\/uploads\/2018\/11\/MANIFESTACI%C3%93N-ENCAPUCHADOS-1.jpeg?resize=350%2C200&ssl=1","width":350,"height":200,"srcset":"https:\/\/i0.wp.com\/soy.usac.edu.gt\/wp-content\/uploads\/2018\/11\/MANIFESTACI%C3%93N-ENCAPUCHADOS-1.jpeg?resize=350%2C200&ssl=1 1x, https:\/\/i0.wp.com\/soy.usac.edu.gt\/wp-content\/uploads\/2018\/11\/MANIFESTACI%C3%93N-ENCAPUCHADOS-1.jpeg?resize=525%2C300&ssl=1 1.5x, https:\/\/i0.wp.com\/soy.usac.edu.gt\/wp-content\/uploads\/2018\/11\/MANIFESTACI%C3%93N-ENCAPUCHADOS-1.jpeg?resize=700%2C400&ssl=1 2x, https:\/\/i0.wp.com\/soy.usac.edu.gt\/wp-content\/uploads\/2018\/11\/MANIFESTACI%C3%93N-ENCAPUCHADOS-1.jpeg?resize=1050%2C600&ssl=1 3x"},"classes":[]},{"id":16930,"url":"https:\/\/soy.usac.edu.gt\/?p=16930","url_meta":{"origin":5516,"position":1},"title":"En la 124a huelga, La Chalana cumple 100 a\u00f1os","author":"Edwin Medina","date":"30 marzo, 2022","format":false,"excerpt":"Una tradici\u00f3n centenaria regresa a las calles luego de dos a\u00f1os de ausencia, hecho que genera m\u00faltiples reacciones entre los huelgueros.","rel":"","context":"En \u00abNoticias\u00bb","block_context":{"text":"Noticias","link":"https:\/\/soy.usac.edu.gt\/?cat=29"},"img":{"alt_text":"","src":"https:\/\/i0.wp.com\/soy.usac.edu.gt\/wp-content\/uploads\/2022\/03\/WhatsApp-Image-2022-03-16-at-9.17.38-AM-5-2.jpeg?resize=350%2C200&ssl=1","width":350,"height":200,"srcset":"https:\/\/i0.wp.com\/soy.usac.edu.gt\/wp-content\/uploads\/2022\/03\/WhatsApp-Image-2022-03-16-at-9.17.38-AM-5-2.jpeg?resize=350%2C200&ssl=1 1x, https:\/\/i0.wp.com\/soy.usac.edu.gt\/wp-content\/uploads\/2022\/03\/WhatsApp-Image-2022-03-16-at-9.17.38-AM-5-2.jpeg?resize=525%2C300&ssl=1 1.5x, https:\/\/i0.wp.com\/soy.usac.edu.gt\/wp-content\/uploads\/2022\/03\/WhatsApp-Image-2022-03-16-at-9.17.38-AM-5-2.jpeg?resize=700%2C400&ssl=1 2x, https:\/\/i0.wp.com\/soy.usac.edu.gt\/wp-content\/uploads\/2022\/03\/WhatsApp-Image-2022-03-16-at-9.17.38-AM-5-2.jpeg?resize=1050%2C600&ssl=1 3x"},"classes":[]},{"id":13543,"url":"https:\/\/soy.usac.edu.gt\/?p=13543","url_meta":{"origin":5516,"position":2},"title":"Expo 360 Grados de la Centenaria Huelga de Dolores","author":"Divisi\u00f3n de Publicidad","date":"19 marzo, 2021","format":false,"excerpt":"El Museo de la Universidad de San Carlos de Guatemala presentar\u00e1 de manera virtual la exposici\u00f3n Centenaria Huelga de Dolores en 123 A\u00f1os con la intervenci\u00f3n de 11 artistas.","rel":"","context":"En \u00abActividades\u00bb","block_context":{"text":"Actividades","link":"https:\/\/soy.usac.edu.gt\/?cat=126"},"img":{"alt_text":"","src":"https:\/\/i0.wp.com\/soy.usac.edu.gt\/wp-content\/uploads\/2021\/03\/chavela12.jpeg?resize=350%2C200&ssl=1","width":350,"height":200,"srcset":"https:\/\/i0.wp.com\/soy.usac.edu.gt\/wp-content\/uploads\/2021\/03\/chavela12.jpeg?resize=350%2C200&ssl=1 1x, https:\/\/i0.wp.com\/soy.usac.edu.gt\/wp-content\/uploads\/2021\/03\/chavela12.jpeg?resize=525%2C300&ssl=1 1.5x, https:\/\/i0.wp.com\/soy.usac.edu.gt\/wp-content\/uploads\/2021\/03\/chavela12.jpeg?resize=700%2C400&ssl=1 2x, https:\/\/i0.wp.com\/soy.usac.edu.gt\/wp-content\/uploads\/2021\/03\/chavela12.jpeg?resize=1050%2C600&ssl=1 3x"},"classes":[]},{"id":5543,"url":"https:\/\/soy.usac.edu.gt\/?p=5543","url_meta":{"origin":5516,"position":3},"title":"As\u00ed se vivi\u00f3 la tradicional Huelga de Dolores","author":"Divisi\u00f3n de Publicidad","date":"12 abril, 2019","format":false,"excerpt":"Por las calles del Centro Hist\u00f3rico recorrieron las carrozas del tradicional desfile bufo. \u00a0","rel":"","context":"En \u00abNoticias\u00bb","block_context":{"text":"Noticias","link":"https:\/\/soy.usac.edu.gt\/?cat=29"},"img":{"alt_text":"","src":"https:\/\/i0.wp.com\/soy.usac.edu.gt\/wp-content\/uploads\/2019\/04\/WhatsApp-Image-2019-04-12-at-12.41.30.jpeg?resize=350%2C200&ssl=1","width":350,"height":200,"srcset":"https:\/\/i0.wp.com\/soy.usac.edu.gt\/wp-content\/uploads\/2019\/04\/WhatsApp-Image-2019-04-12-at-12.41.30.jpeg?resize=350%2C200&ssl=1 1x, https:\/\/i0.wp.com\/soy.usac.edu.gt\/wp-content\/uploads\/2019\/04\/WhatsApp-Image-2019-04-12-at-12.41.30.jpeg?resize=525%2C300&ssl=1 1.5x, https:\/\/i0.wp.com\/soy.usac.edu.gt\/wp-content\/uploads\/2019\/04\/WhatsApp-Image-2019-04-12-at-12.41.30.jpeg?resize=700%2C400&ssl=1 2x, https:\/\/i0.wp.com\/soy.usac.edu.gt\/wp-content\/uploads\/2019\/04\/WhatsApp-Image-2019-04-12-at-12.41.30.jpeg?resize=1050%2C600&ssl=1 3x"},"classes":[]},{"id":11148,"url":"https:\/\/soy.usac.edu.gt\/?p=11148","url_meta":{"origin":5516,"position":4},"title":"CSU proh\u00edbe usar el nombre de la USAC para financiar la Huelga de Dolores","author":"Divisi\u00f3n de Publicidad","date":"10 marzo, 2020","format":false,"excerpt":"Estas acciones preventivas tienen como fin evitar que se transgreda el orden universitario a trav\u00e9s de actividades de bienvenida, bautizo o huelga.\u00a0 Como parte de las acciones preventivas para evitar que se transgreda el orden universitario, a trav\u00e9s del Acta No. 05-2020, del 12 de febrero de 2020, el Consejo\u2026","rel":"","context":"En \u00abM\u00e1s Noticias\u00bb","block_context":{"text":"M\u00e1s Noticias","link":"https:\/\/soy.usac.edu.gt\/?cat=96"},"img":{"alt_text":"","src":"https:\/\/i0.wp.com\/soy.usac.edu.gt\/wp-content\/uploads\/2020\/03\/NOTA-ENCAPUCHADOS.jpg?resize=350%2C200&ssl=1","width":350,"height":200,"srcset":"https:\/\/i0.wp.com\/soy.usac.edu.gt\/wp-content\/uploads\/2020\/03\/NOTA-ENCAPUCHADOS.jpg?resize=350%2C200&ssl=1 1x, https:\/\/i0.wp.com\/soy.usac.edu.gt\/wp-content\/uploads\/2020\/03\/NOTA-ENCAPUCHADOS.jpg?resize=525%2C300&ssl=1 1.5x, https:\/\/i0.wp.com\/soy.usac.edu.gt\/wp-content\/uploads\/2020\/03\/NOTA-ENCAPUCHADOS.jpg?resize=700%2C400&ssl=1 2x, https:\/\/i0.wp.com\/soy.usac.edu.gt\/wp-content\/uploads\/2020\/03\/NOTA-ENCAPUCHADOS.jpg?resize=1050%2C600&ssl=1 3x"},"classes":[]},{"id":16066,"url":"https:\/\/soy.usac.edu.gt\/?p=16066","url_meta":{"origin":5516,"position":5},"title":"USAC rinde homenaje p\u00f3stumo al Sordo Barnoya","author":"Divisi\u00f3n de Publicidad","date":"19 noviembre, 2021","format":false,"excerpt":"Durante la actividad realizada en el Museo de la Universidad de San Carlos de Guatemala (MUSAC), se conmemor\u00f3 al m\u00e9dico, ur\u00f3logo, poeta, excatedr\u00e1tico de la Facultad de Ciencias M\u00e9dicas y huelguero vitalicio.","rel":"","context":"En \u00abNoticias\u00bb","block_context":{"text":"Noticias","link":"https:\/\/soy.usac.edu.gt\/?cat=29"},"img":{"alt_text":"","src":"https:\/\/i0.wp.com\/soy.usac.edu.gt\/wp-content\/uploads\/2021\/11\/WhatsApp-Image-2021-11-18-at-13.43.38.jpeg?resize=350%2C200&ssl=1","width":350,"height":200,"srcset":"https:\/\/i0.wp.com\/soy.usac.edu.gt\/wp-content\/uploads\/2021\/11\/WhatsApp-Image-2021-11-18-at-13.43.38.jpeg?resize=350%2C200&ssl=1 1x, https:\/\/i0.wp.com\/soy.usac.edu.gt\/wp-content\/uploads\/2021\/11\/WhatsApp-Image-2021-11-18-at-13.43.38.jpeg?resize=525%2C300&ssl=1 1.5x, https:\/\/i0.wp.com\/soy.usac.edu.gt\/wp-content\/uploads\/2021\/11\/WhatsApp-Image-2021-11-18-at-13.43.38.jpeg?resize=700%2C400&ssl=1 2x, https:\/\/i0.wp.com\/soy.usac.edu.gt\/wp-content\/uploads\/2021\/11\/WhatsApp-Image-2021-11-18-at-13.43.38.jpeg?resize=1050%2C600&ssl=1 3x"},"classes":[]}],"jetpack_sharing_enabled":true,"_links":{"self":[{"href":"https:\/\/soy.usac.edu.gt\/index.php?rest_route=\/wp\/v2\/posts\/5516","targetHints":{"allow":["GET"]}}],"collection":[{"href":"https:\/\/soy.usac.edu.gt\/index.php?rest_route=\/wp\/v2\/posts"}],"about":[{"href":"https:\/\/soy.usac.edu.gt\/index.php?rest_route=\/wp\/v2\/types\/post"}],"author":[{"embeddable":true,"href":"https:\/\/soy.usac.edu.gt\/index.php?rest_route=\/wp\/v2\/users\/1"}],"replies":[{"embeddable":true,"href":"https:\/\/soy.usac.edu.gt\/index.php?rest_route=%2Fwp%2Fv2%2Fcomments&post=5516"}],"version-history":[{"count":0,"href":"https:\/\/soy.usac.edu.gt\/index.php?rest_route=\/wp\/v2\/posts\/5516\/revisions"}],"wp:featuredmedia":[{"embeddable":true,"href":"https:\/\/soy.usac.edu.gt\/index.php?rest_route=\/wp\/v2\/media\/5526"}],"wp:attachment":[{"href":"https:\/\/soy.usac.edu.gt\/index.php?rest_route=%2Fwp%2Fv2%2Fmedia&parent=5516"}],"wp:term":[{"taxonomy":"category","embeddable":true,"href":"https:\/\/soy.usac.edu.gt\/index.php?rest_route=%2Fwp%2Fv2%2Fcategories&post=5516"},{"taxonomy":"post_tag","embeddable":true,"href":"https:\/\/soy.usac.edu.gt\/index.php?rest_route=%2Fwp%2Fv2%2Ftags&post=5516"}],"curies":[{"name":"wp","href":"https:\/\/api.w.org\/{rel}","templated":true}]}}