{"id":5779,"date":"2019-05-02T15:39:06","date_gmt":"2019-05-02T21:39:06","guid":{"rendered":"https:\/\/soy.usac.edu.gt\/?p=5779"},"modified":"2019-05-02T15:40:46","modified_gmt":"2019-05-02T21:40:46","slug":"realizan-festival-de-acuicultura-2019","status":"publish","type":"post","link":"https:\/\/soy.usac.edu.gt\/?p=5779","title":{"rendered":"Realizan Festival de Acuicultura 2019"},"content":{"rendered":"\n<h6>Por Christian Mart\u00ednez.\u00a0<\/h6>\n<p style=\"text-align: justify;\"><strong>El\u00a0 Centro de Estudios del Mar y Acuicultura (CEMA) celebr\u00f3 el Festival de Acuicultura 2019 con el objetivo de promover el consumo de productos hidrobiol\u00f3gicos como tilapia, camar\u00f3n, pescado, trucha y otros. <\/strong><\/p>\n<p style=\"text-align: justify;\">El evento cont\u00f3 con distintos stands que atendieron de 9 de la ma\u00f1ana a 3 de la tarde en la Ciudad Universitaria, zona 12. \u00abEl festival tambi\u00e9n celebra el D\u00eda del Acuicultor, por lo que se motiva a las personas para que asistan, compren y consuman producto fresco\u00bb, agreg\u00f3 Gustavo El\u00edas, coordinador de Extensi\u00f3n del Centro de Estudios del Mar y Acuicultura (CEMA).<\/p>\n<div id='gallery-1' class='gallery galleryid-5779 gallery-columns-3 gallery-size-thumbnail'><figure class='gallery-item'>\n\t\t\t<div class='gallery-icon landscape'>\n\t\t\t\t<a href='https:\/\/soy.usac.edu.gt\/?attachment_id=5794'><img loading=\"lazy\" decoding=\"async\" width=\"150\" height=\"150\" src=\"https:\/\/soy.usac.edu.gt\/wp-content\/uploads\/2019\/05\/DSC_0002-150x150.jpg\" class=\"attachment-thumbnail size-thumbnail\" alt=\"\" \/><\/a>\n\t\t\t<\/div><\/figure><figure class='gallery-item'>\n\t\t\t<div class='gallery-icon portrait'>\n\t\t\t\t<a href='https:\/\/soy.usac.edu.gt\/?attachment_id=5795'><img loading=\"lazy\" decoding=\"async\" width=\"150\" height=\"150\" src=\"https:\/\/soy.usac.edu.gt\/wp-content\/uploads\/2019\/05\/DSC_0032-150x150.jpg\" class=\"attachment-thumbnail size-thumbnail\" alt=\"\" \/><\/a>\n\t\t\t<\/div><\/figure><figure class='gallery-item'>\n\t\t\t<div class='gallery-icon landscape'>\n\t\t\t\t<a href='https:\/\/soy.usac.edu.gt\/?attachment_id=5796'><img loading=\"lazy\" decoding=\"async\" width=\"150\" height=\"150\" src=\"https:\/\/soy.usac.edu.gt\/wp-content\/uploads\/2019\/05\/DSC_0034-150x150.jpg\" class=\"attachment-thumbnail size-thumbnail\" alt=\"\" \/><\/a>\n\t\t\t<\/div><\/figure>\n\t\t<\/div>\n\n<p style=\"text-align: justify;\">\u201cAdem\u00e1s podr\u00e1n encontrar diferentes proyectos estudiantiles. La idea es dar a conocer que los productos hidrobiol\u00f3gicos se pueden consumir de diferentes formas, son de buena calidad y muy nutritivos\u201d, agreg\u00f3 Gustavo El\u00edas. <br \/><br \/>En el festival participan productores, emprendedores, empresarios y estudiantes. El ingreso es gratuito y tambi\u00e9n se ofrecen servicios que contribuyen al desarrollo del acuarismo.<\/p>\n","protected":false},"excerpt":{"rendered":"<p>El\u00a0 Centro de Estudios del Mar y Acuicultura (CEMA) celebr\u00f3 el Festival de Acuicultura 2019 con el objetivo de promover el consumo de productos hidrobiol\u00f3gicos como tilapia, camar\u00f3n, pescado, trucha y otros.<\/p>\n","protected":false},"author":1,"featured_media":5792,"comment_status":"closed","ping_status":"open","sticky":false,"template":"","format":"standard","meta":{"_exactmetrics_skip_tracking":false,"_exactmetrics_sitenote_active":false,"_exactmetrics_sitenote_note":"","_exactmetrics_sitenote_category":0,"_jetpack_memberships_contains_paid_content":false,"footnotes":""},"categories":[29],"tags":[],"class_list":["post-5779","post","type-post","status-publish","format-standard","has-post-thumbnail","hentry","category-noticias"],"aioseo_notices":[],"jetpack_featured_media_url":"https:\/\/soy.usac.edu.gt\/wp-content\/uploads\/2019\/05\/DSC_0020.jpg","views":"","jetpack-related-posts":[{"id":6366,"url":"https:\/\/soy.usac.edu.gt\/?p=6366","url_meta":{"origin":5779,"position":0},"title":"Soluciones innovadoras para el manejo de residuos pl\u00e1sticos","author":"Divisi\u00f3n de Publicidad","date":"24 mayo, 2019","format":false,"excerpt":"A trav\u00e9s de un simposio organizado por el Centro de Estudios del Mar y Acuicultura, expositores nacionales e internacionales conversaron sobre las soluciones innovadoras para el manejo de los residuos pl\u00e1sticos.","rel":"","context":"En \u00abCiencia y Tecnolog\u00eda\u00bb","block_context":{"text":"Ciencia y Tecnolog\u00eda","link":"https:\/\/soy.usac.edu.gt\/?cat=122"},"img":{"alt_text":"","src":"https:\/\/i0.wp.com\/soy.usac.edu.gt\/wp-content\/uploads\/2019\/05\/DSC_0098.jpg?resize=350%2C200&ssl=1","width":350,"height":200,"srcset":"https:\/\/i0.wp.com\/soy.usac.edu.gt\/wp-content\/uploads\/2019\/05\/DSC_0098.jpg?resize=350%2C200&ssl=1 1x, https:\/\/i0.wp.com\/soy.usac.edu.gt\/wp-content\/uploads\/2019\/05\/DSC_0098.jpg?resize=525%2C300&ssl=1 1.5x, https:\/\/i0.wp.com\/soy.usac.edu.gt\/wp-content\/uploads\/2019\/05\/DSC_0098.jpg?resize=700%2C400&ssl=1 2x, https:\/\/i0.wp.com\/soy.usac.edu.gt\/wp-content\/uploads\/2019\/05\/DSC_0098.jpg?resize=1050%2C600&ssl=1 3x, https:\/\/i0.wp.com\/soy.usac.edu.gt\/wp-content\/uploads\/2019\/05\/DSC_0098.jpg?resize=1400%2C800&ssl=1 4x"},"classes":[]},{"id":15535,"url":"https:\/\/soy.usac.edu.gt\/?p=15535","url_meta":{"origin":5779,"position":1},"title":"Realizan simposio internacional sobre resistencia microbiana","author":"Divisi\u00f3n de Publicidad","date":"23 octubre, 2021","format":false,"excerpt":"El simposio \u201cEvoluci\u00f3n, impacto y perspectivas actuales y futuras de la resistencia antimicrobiana\u201d cont\u00f3 con la participaci\u00f3n de alrededor de 500 personas de 19 pa\u00edses.","rel":"","context":"En \u00abCiencia y Tecnolog\u00eda\u00bb","block_context":{"text":"Ciencia y Tecnolog\u00eda","link":"https:\/\/soy.usac.edu.gt\/?cat=122"},"img":{"alt_text":"","src":"https:\/\/i0.wp.com\/soy.usac.edu.gt\/wp-content\/uploads\/2021\/10\/WhatsApp-Image-2021-10-22-at-14.45.49.jpeg?resize=350%2C200&ssl=1","width":350,"height":200,"srcset":"https:\/\/i0.wp.com\/soy.usac.edu.gt\/wp-content\/uploads\/2021\/10\/WhatsApp-Image-2021-10-22-at-14.45.49.jpeg?resize=350%2C200&ssl=1 1x, https:\/\/i0.wp.com\/soy.usac.edu.gt\/wp-content\/uploads\/2021\/10\/WhatsApp-Image-2021-10-22-at-14.45.49.jpeg?resize=525%2C300&ssl=1 1.5x, https:\/\/i0.wp.com\/soy.usac.edu.gt\/wp-content\/uploads\/2021\/10\/WhatsApp-Image-2021-10-22-at-14.45.49.jpeg?resize=700%2C400&ssl=1 2x, https:\/\/i0.wp.com\/soy.usac.edu.gt\/wp-content\/uploads\/2021\/10\/WhatsApp-Image-2021-10-22-at-14.45.49.jpeg?resize=1050%2C600&ssl=1 3x, https:\/\/i0.wp.com\/soy.usac.edu.gt\/wp-content\/uploads\/2021\/10\/WhatsApp-Image-2021-10-22-at-14.45.49.jpeg?resize=1400%2C800&ssl=1 4x"},"classes":[]},{"id":8058,"url":"https:\/\/soy.usac.edu.gt\/?p=8058","url_meta":{"origin":5779,"position":2},"title":"Por el resguardo de los oc\u00e9anos","author":"Divisi\u00f3n de Publicidad","date":"5 septiembre, 2019","format":false,"excerpt":"La Universidad de San Carlos de Guatemala y la Universidad del Valle, en conjunto con Fundaeco, realizan el Segundo Simposio Nacional Marino Costero.","rel":"","context":"En \u00abCiencia y Tecnolog\u00eda\u00bb","block_context":{"text":"Ciencia y Tecnolog\u00eda","link":"https:\/\/soy.usac.edu.gt\/?cat=122"},"img":{"alt_text":"","src":"https:\/\/i0.wp.com\/soy.usac.edu.gt\/wp-content\/uploads\/2019\/09\/pescadores.jpg?resize=350%2C200&ssl=1","width":350,"height":200,"srcset":"https:\/\/i0.wp.com\/soy.usac.edu.gt\/wp-content\/uploads\/2019\/09\/pescadores.jpg?resize=350%2C200&ssl=1 1x, https:\/\/i0.wp.com\/soy.usac.edu.gt\/wp-content\/uploads\/2019\/09\/pescadores.jpg?resize=525%2C300&ssl=1 1.5x, https:\/\/i0.wp.com\/soy.usac.edu.gt\/wp-content\/uploads\/2019\/09\/pescadores.jpg?resize=700%2C400&ssl=1 2x, https:\/\/i0.wp.com\/soy.usac.edu.gt\/wp-content\/uploads\/2019\/09\/pescadores.jpg?resize=1050%2C600&ssl=1 3x, https:\/\/i0.wp.com\/soy.usac.edu.gt\/wp-content\/uploads\/2019\/09\/pescadores.jpg?resize=1400%2C800&ssl=1 4x"},"classes":[]},{"id":8520,"url":"https:\/\/soy.usac.edu.gt\/?p=8520","url_meta":{"origin":5779,"position":3},"title":"Ma\u00f1ana inicia Emprende USAC 2019","author":"Divisi\u00f3n de Publicidad","date":"3 octubre, 2019","format":false,"excerpt":"Un total de 250 proyectos de emprendimientos estudiantiles de 12 unidades acad\u00e9micas ser\u00e1n presentados ma\u00f1ana durante la \u00a0Feria de Emprendimiento. \u00a0","rel":"","context":"En \u00abNoticias\u00bb","block_context":{"text":"Noticias","link":"https:\/\/soy.usac.edu.gt\/?cat=29"},"img":{"alt_text":"","src":"https:\/\/i0.wp.com\/soy.usac.edu.gt\/wp-content\/uploads\/2019\/10\/7.jpg?resize=350%2C200&ssl=1","width":350,"height":200,"srcset":"https:\/\/i0.wp.com\/soy.usac.edu.gt\/wp-content\/uploads\/2019\/10\/7.jpg?resize=350%2C200&ssl=1 1x, https:\/\/i0.wp.com\/soy.usac.edu.gt\/wp-content\/uploads\/2019\/10\/7.jpg?resize=525%2C300&ssl=1 1.5x, https:\/\/i0.wp.com\/soy.usac.edu.gt\/wp-content\/uploads\/2019\/10\/7.jpg?resize=700%2C400&ssl=1 2x, https:\/\/i0.wp.com\/soy.usac.edu.gt\/wp-content\/uploads\/2019\/10\/7.jpg?resize=1050%2C600&ssl=1 3x, https:\/\/i0.wp.com\/soy.usac.edu.gt\/wp-content\/uploads\/2019\/10\/7.jpg?resize=1400%2C800&ssl=1 4x"},"classes":[]},{"id":16499,"url":"https:\/\/soy.usac.edu.gt\/?p=16499","url_meta":{"origin":5779,"position":4},"title":"El sistema de alcantarillado fue finalizado","author":"Divisi\u00f3n de Publicidad","date":"4 marzo, 2022","format":false,"excerpt":"El proyecto consisti\u00f3 en la construcci\u00f3n de un acueducto pluvial o t\u00fanel colector, que permite desviar los caudales provenientes de la precipitaci\u00f3n pluvial por medio de la interconexi\u00f3n de dos colectores: el que exist\u00eda anteriormente y el reci\u00e9n concluido. Esto beneficiar\u00e1 tanto al campus central como a los vecinos de\u2026","rel":"","context":"En \u00abNoticias\u00bb","block_context":{"text":"Noticias","link":"https:\/\/soy.usac.edu.gt\/?cat=29"},"img":{"alt_text":"","src":"https:\/\/i0.wp.com\/soy.usac.edu.gt\/wp-content\/uploads\/2022\/03\/destacada-colector.jpg?resize=350%2C200&ssl=1","width":350,"height":200,"srcset":"https:\/\/i0.wp.com\/soy.usac.edu.gt\/wp-content\/uploads\/2022\/03\/destacada-colector.jpg?resize=350%2C200&ssl=1 1x, https:\/\/i0.wp.com\/soy.usac.edu.gt\/wp-content\/uploads\/2022\/03\/destacada-colector.jpg?resize=525%2C300&ssl=1 1.5x, https:\/\/i0.wp.com\/soy.usac.edu.gt\/wp-content\/uploads\/2022\/03\/destacada-colector.jpg?resize=700%2C400&ssl=1 2x"},"classes":[]},{"id":7063,"url":"https:\/\/soy.usac.edu.gt\/?p=7063","url_meta":{"origin":5779,"position":5},"title":"Trayectoria docente es reconocida","author":"Divisi\u00f3n de Publicidad","date":"27 junio, 2019","format":false,"excerpt":"En el marco de la celebraci\u00f3n del D\u00eda del Maestro, la USAC contin\u00faa por segundo d\u00eda consecutivo los homenajes a destacados catedr\u00e1ticos de la tricentenaria universidad estatal.","rel":"","context":"En \u00abNoticias\u00bb","block_context":{"text":"Noticias","link":"https:\/\/soy.usac.edu.gt\/?cat=29"},"img":{"alt_text":"","src":"https:\/\/i0.wp.com\/soy.usac.edu.gt\/wp-content\/uploads\/2019\/06\/IMG_1760.jpg?resize=350%2C200&ssl=1","width":350,"height":200,"srcset":"https:\/\/i0.wp.com\/soy.usac.edu.gt\/wp-content\/uploads\/2019\/06\/IMG_1760.jpg?resize=350%2C200&ssl=1 1x, https:\/\/i0.wp.com\/soy.usac.edu.gt\/wp-content\/uploads\/2019\/06\/IMG_1760.jpg?resize=525%2C300&ssl=1 1.5x, https:\/\/i0.wp.com\/soy.usac.edu.gt\/wp-content\/uploads\/2019\/06\/IMG_1760.jpg?resize=700%2C400&ssl=1 2x, https:\/\/i0.wp.com\/soy.usac.edu.gt\/wp-content\/uploads\/2019\/06\/IMG_1760.jpg?resize=1050%2C600&ssl=1 3x, https:\/\/i0.wp.com\/soy.usac.edu.gt\/wp-content\/uploads\/2019\/06\/IMG_1760.jpg?resize=1400%2C800&ssl=1 4x"},"classes":[]}],"jetpack_sharing_enabled":true,"_links":{"self":[{"href":"https:\/\/soy.usac.edu.gt\/index.php?rest_route=\/wp\/v2\/posts\/5779","targetHints":{"allow":["GET"]}}],"collection":[{"href":"https:\/\/soy.usac.edu.gt\/index.php?rest_route=\/wp\/v2\/posts"}],"about":[{"href":"https:\/\/soy.usac.edu.gt\/index.php?rest_route=\/wp\/v2\/types\/post"}],"author":[{"embeddable":true,"href":"https:\/\/soy.usac.edu.gt\/index.php?rest_route=\/wp\/v2\/users\/1"}],"replies":[{"embeddable":true,"href":"https:\/\/soy.usac.edu.gt\/index.php?rest_route=%2Fwp%2Fv2%2Fcomments&post=5779"}],"version-history":[{"count":0,"href":"https:\/\/soy.usac.edu.gt\/index.php?rest_route=\/wp\/v2\/posts\/5779\/revisions"}],"wp:featuredmedia":[{"embeddable":true,"href":"https:\/\/soy.usac.edu.gt\/index.php?rest_route=\/wp\/v2\/media\/5792"}],"wp:attachment":[{"href":"https:\/\/soy.usac.edu.gt\/index.php?rest_route=%2Fwp%2Fv2%2Fmedia&parent=5779"}],"wp:term":[{"taxonomy":"category","embeddable":true,"href":"https:\/\/soy.usac.edu.gt\/index.php?rest_route=%2Fwp%2Fv2%2Fcategories&post=5779"},{"taxonomy":"post_tag","embeddable":true,"href":"https:\/\/soy.usac.edu.gt\/index.php?rest_route=%2Fwp%2Fv2%2Ftags&post=5779"}],"curies":[{"name":"wp","href":"https:\/\/api.w.org\/{rel}","templated":true}]}}