{"id":5781,"date":"2019-05-02T15:30:42","date_gmt":"2019-05-02T21:30:42","guid":{"rendered":"https:\/\/soy.usac.edu.gt\/?p=5781"},"modified":"2019-05-07T08:28:27","modified_gmt":"2019-05-07T14:28:27","slug":"usac-firma-de-convenio-sobre-gestion-de-riesgos","status":"publish","type":"post","link":"https:\/\/soy.usac.edu.gt\/?p=5781","title":{"rendered":"USAC firma de convenio sobre gesti\u00f3n de riesgos"},"content":{"rendered":"\n<h6>Por Christian Mart\u00ednez.\u00a0<\/h6>\n<p style=\"text-align: justify;\"><strong>La universidad firm\u00f3 un convenio que fortalece los procesos de educaci\u00f3n superior en reducci\u00f3n de riesgos de desastres en el marco de cooperaci\u00f3n entre el Centro de Coordinaci\u00f3n para la Prevenci\u00f3n de los Desastres en Am\u00e9rica Central y Rep\u00fablica Dominicana (CEPREDENAC) y el Consejo Superior Universitario Centroamericano (CSCA).<\/strong><\/p>\n<p style=\"text-align: justify;\">El convenio permitir\u00e1 incorporar la gesti\u00f3n integral de riesgos en los curr\u00edculos de Agronom\u00eda, Zootecnia y Veterinaria, Ingenier\u00eda, Farmacia, Centro Universitario de Occidente y Centro de Santa Rosa.<\/p>\n<p style=\"text-align: justify;\"><strong>\u00a0\u201cLa firma de este convenio es importante para fortalecer la gesti\u00f3n integral de riesgos, planificar y preparar a los futuros profesionales en el \u00e1mbito de riesgos y vulnerabilidad existentes en Guatemala y la regi\u00f3n\u201d,<\/strong> coment\u00f3 Claudia Herrera, secretaria ejecutiva del Centro de Coordinaci\u00f3n para la Prevenci\u00f3n de los Desastres en Am\u00e9rica Central y Rep\u00fablica Dominicana (CEPREDENAC).<\/p>\n<p><img loading=\"lazy\" decoding=\"async\" class=\"aligncenter size-full wp-image-5788\" src=\"https:\/\/soy.usac.edu.gt\/wp-content\/uploads\/2019\/05\/DSC_0145.jpg\" alt=\"\" width=\"2464\" height=\"1632\" srcset=\"https:\/\/soy.usac.edu.gt\/wp-content\/uploads\/2019\/05\/DSC_0145.jpg 2464w, https:\/\/soy.usac.edu.gt\/wp-content\/uploads\/2019\/05\/DSC_0145-300x199.jpg 300w, https:\/\/soy.usac.edu.gt\/wp-content\/uploads\/2019\/05\/DSC_0145-768x509.jpg 768w, https:\/\/soy.usac.edu.gt\/wp-content\/uploads\/2019\/05\/DSC_0145-1024x678.jpg 1024w, https:\/\/soy.usac.edu.gt\/wp-content\/uploads\/2019\/05\/DSC_0145-634x420.jpg 634w, https:\/\/soy.usac.edu.gt\/wp-content\/uploads\/2019\/05\/DSC_0145-640x424.jpg 640w, https:\/\/soy.usac.edu.gt\/wp-content\/uploads\/2019\/05\/DSC_0145-681x451.jpg 681w\" sizes=\"auto, (max-width: 2464px) 100vw, 2464px\" \/><\/p>\n<p style=\"text-align: justify;\">El plan contempla cinco subproyectos. Se har\u00e1 una readecuaci\u00f3n curricular y se evaluar\u00e1 la calidad educativa en gesti\u00f3n integral de riesgos de desastres y adaptaci\u00f3n al cambio clim\u00e1tico, en el marco de SENDAI, como parte de la implementaci\u00f3n de la Pol\u00edtica Universitaria Centroamericana en Gesti\u00f3n Integral (PUCARRD).<\/p>\n<p style=\"text-align: justify;\"><strong>\u201cEs un paso importante para validar la gesti\u00f3n lograda por algunos actores universitarios, para atender la convocatoria de proyectos de actualizaci\u00f3n acad\u00e9mica dentro de los programas de formaci\u00f3n\u201d<\/strong>, coment\u00f3 el Ing. Murphy Paiz, rector.<\/p>\n<p style=\"text-align: justify;\">Paiz agreg\u00f3 que se logr\u00f3 obtener fondos de cooperaci\u00f3n internacional, coordinados por CEPREDENAC, para que las comunidades acad\u00e9micas puedan hacer talleres, seminarios, congresos y proponer una reforma curricular.\u00a0<\/p>\n<p style=\"text-align: justify;\"><strong>\u201cCon estas acciones se busca la mejora continua de la calidad de nuestros profesionales. Somos una regi\u00f3n sumergida en una cantidad de fen\u00f3menos que afectan a nuestros pa\u00edses; nos perjudica el cambio clim\u00e1tico y la deforestaci\u00f3n. Nuestros profesionales deben tener la capacidad de enfrentar estas situaciones oportunamente en los distintos campos del conocimiento<\/strong>\u201d, enfatiz\u00f3 el Ing. Paiz.<\/p>\n<p style=\"text-align: justify;\">Para el secretario general del Consejo Superior Universitario Centroamericano (CSUCA), acciones como estas responden al compromiso que tiene la USAC con el desarrollo humano sostenible y la reducci\u00f3n de los grandes problemas que aquejan a Centroam\u00e9rica y Rep\u00fablica Dominicana.<\/p>\n<p style=\"text-align: justify;\"><strong>\u00a0\u201cLos estilos de vida de comunidades y pa\u00edses desempe\u00f1an un papel primordial, a tal punto de que es urgente pasar de la cultura de desastre a la cultura de prevenci\u00f3n y la educaci\u00f3n es fundamental para ello\u201d,<\/strong> Dr. Carlos Alvarado Cerezo, secretario general del CSUCA.<\/p>\n<p style=\"text-align: justify;\">Este proyecto es auspiciado por la Cooperaci\u00f3n Suiza Am\u00e9rica Central y el convenio fue firmado en el sal\u00f3n del Consejo Superior Universitario.<\/p>\n","protected":false},"excerpt":{"rendered":"<p>La universidad firm\u00f3 un convenio que fortalece los procesos de educaci\u00f3n superior en reducci\u00f3n de riesgos de desastres en el marco de cooperaci\u00f3n entre el Centro de Coordinaci\u00f3n para la Prevenci\u00f3n de los Desastres en Am\u00e9rica Central y Rep\u00fablica Dominicana (CEPREDENAC) y el Consejo Superior Universitario Centroamericano (CSCA).<\/p>\n","protected":false},"author":1,"featured_media":5787,"comment_status":"closed","ping_status":"open","sticky":false,"template":"","format":"standard","meta":{"_exactmetrics_skip_tracking":false,"_exactmetrics_sitenote_active":false,"_exactmetrics_sitenote_note":"","_exactmetrics_sitenote_category":0,"_jetpack_memberships_contains_paid_content":false,"footnotes":""},"categories":[29,92],"tags":[],"class_list":["post-5781","post","type-post","status-publish","format-standard","has-post-thumbnail","hentry","category-noticias","category-rectoria"],"aioseo_notices":[],"jetpack_featured_media_url":"https:\/\/soy.usac.edu.gt\/wp-content\/uploads\/2019\/05\/DSC_0122.jpg","views":"","jetpack-related-posts":[{"id":3073,"url":"https:\/\/soy.usac.edu.gt\/?p=3073","url_meta":{"origin":5781,"position":0},"title":"Abrir\u00e1n nueva sede de la USAC en Mixco","author":"Divisi\u00f3n de Publicidad","date":"9 noviembre, 2018","format":false,"excerpt":"La Universidad de San Carlos de Guatemala firm\u00f3 un convenio de cooperaci\u00f3n interinstitucional con la Municipalidad de Mixco para constituir un centro universitario en ese municipio. Con la presencia del rector de la USAC, Ing. Murphy Paiz; secretario general, Arq. Carlos Valladares; coordinador de Cooperaci\u00f3n y Relaciones Internacionales, Dr. Carlos\u2026","rel":"","context":"En \u00abNoticias\u00bb","block_context":{"text":"Noticias","link":"https:\/\/soy.usac.edu.gt\/?cat=29"},"img":{"alt_text":"","src":"https:\/\/i0.wp.com\/soy.usac.edu.gt\/wp-content\/uploads\/2018\/11\/WhatsApp-Image-2018-11-09-at-9.31.30-AM-1.jpeg?resize=350%2C200&ssl=1","width":350,"height":200,"srcset":"https:\/\/i0.wp.com\/soy.usac.edu.gt\/wp-content\/uploads\/2018\/11\/WhatsApp-Image-2018-11-09-at-9.31.30-AM-1.jpeg?resize=350%2C200&ssl=1 1x, https:\/\/i0.wp.com\/soy.usac.edu.gt\/wp-content\/uploads\/2018\/11\/WhatsApp-Image-2018-11-09-at-9.31.30-AM-1.jpeg?resize=525%2C300&ssl=1 1.5x, https:\/\/i0.wp.com\/soy.usac.edu.gt\/wp-content\/uploads\/2018\/11\/WhatsApp-Image-2018-11-09-at-9.31.30-AM-1.jpeg?resize=700%2C400&ssl=1 2x"},"classes":[]},{"id":15280,"url":"https:\/\/soy.usac.edu.gt\/?p=15280","url_meta":{"origin":5781,"position":1},"title":"USAC fortalece v\u00ednculos de cooperaci\u00f3n","author":"Divisi\u00f3n de Publicidad","date":"1 octubre, 2021","format":false,"excerpt":"Mediante la firma de un convenio con M\u00e9dicos del Mundo de Espa\u00f1a, se busca impulsar acciones en favor de la salud con una visi\u00f3n integral, que contempla temas de g\u00e9nero, interculturalidad y derechos humanos.","rel":"","context":"En \u00abNoticias\u00bb","block_context":{"text":"Noticias","link":"https:\/\/soy.usac.edu.gt\/?cat=29"},"img":{"alt_text":"","src":"https:\/\/i0.wp.com\/soy.usac.edu.gt\/wp-content\/uploads\/2021\/10\/WhatsApp-Image-2021-10-01-at-11.04.54.jpeg?resize=350%2C200&ssl=1","width":350,"height":200,"srcset":"https:\/\/i0.wp.com\/soy.usac.edu.gt\/wp-content\/uploads\/2021\/10\/WhatsApp-Image-2021-10-01-at-11.04.54.jpeg?resize=350%2C200&ssl=1 1x, https:\/\/i0.wp.com\/soy.usac.edu.gt\/wp-content\/uploads\/2021\/10\/WhatsApp-Image-2021-10-01-at-11.04.54.jpeg?resize=525%2C300&ssl=1 1.5x, https:\/\/i0.wp.com\/soy.usac.edu.gt\/wp-content\/uploads\/2021\/10\/WhatsApp-Image-2021-10-01-at-11.04.54.jpeg?resize=700%2C400&ssl=1 2x, https:\/\/i0.wp.com\/soy.usac.edu.gt\/wp-content\/uploads\/2021\/10\/WhatsApp-Image-2021-10-01-at-11.04.54.jpeg?resize=1050%2C600&ssl=1 3x"},"classes":[]},{"id":7394,"url":"https:\/\/soy.usac.edu.gt\/?p=7394","url_meta":{"origin":5781,"position":2},"title":"Sancarlistas podr\u00e1n estudiar Maestr\u00eda de Gesti\u00f3n de Riesgos y Cambio Clim\u00e1tico","author":"Divisi\u00f3n de Publicidad","date":"12 julio, 2019","format":false,"excerpt":"La USAC firm\u00f3 un convenio marco con la Universidad de Ciencias y Artes de Chiapas UNICACH para la realizaci\u00f3n de actividades conjuntas.","rel":"","context":"En \u00abNoticias\u00bb","block_context":{"text":"Noticias","link":"https:\/\/soy.usac.edu.gt\/?cat=29"},"img":{"alt_text":"","src":"https:\/\/i0.wp.com\/soy.usac.edu.gt\/wp-content\/uploads\/2019\/07\/FIRMA-DE-CONVENIO-ENTRE-CHIAPAS-Y-USAC-4.jpg?resize=350%2C200&ssl=1","width":350,"height":200,"srcset":"https:\/\/i0.wp.com\/soy.usac.edu.gt\/wp-content\/uploads\/2019\/07\/FIRMA-DE-CONVENIO-ENTRE-CHIAPAS-Y-USAC-4.jpg?resize=350%2C200&ssl=1 1x, https:\/\/i0.wp.com\/soy.usac.edu.gt\/wp-content\/uploads\/2019\/07\/FIRMA-DE-CONVENIO-ENTRE-CHIAPAS-Y-USAC-4.jpg?resize=525%2C300&ssl=1 1.5x, https:\/\/i0.wp.com\/soy.usac.edu.gt\/wp-content\/uploads\/2019\/07\/FIRMA-DE-CONVENIO-ENTRE-CHIAPAS-Y-USAC-4.jpg?resize=700%2C400&ssl=1 2x, https:\/\/i0.wp.com\/soy.usac.edu.gt\/wp-content\/uploads\/2019\/07\/FIRMA-DE-CONVENIO-ENTRE-CHIAPAS-Y-USAC-4.jpg?resize=1050%2C600&ssl=1 3x, https:\/\/i0.wp.com\/soy.usac.edu.gt\/wp-content\/uploads\/2019\/07\/FIRMA-DE-CONVENIO-ENTRE-CHIAPAS-Y-USAC-4.jpg?resize=1400%2C800&ssl=1 4x"},"classes":[]},{"id":8227,"url":"https:\/\/soy.usac.edu.gt\/?p=8227","url_meta":{"origin":5781,"position":3},"title":"USAC realiza Taller sobre Gesti\u00f3n Integral de Riesgo de Desastres","author":"Erick Iv\u00e1n de Le\u00f3n","date":"20 septiembre, 2019","format":false,"excerpt":"La Universidad de San Carlos (USAC) y la Bluefields Indian & Caribbean University (BICU) realizaron el taller \u201cTeor\u00eda curricular para la incorporaci\u00f3n de la gesti\u00f3n integral de riesgo de desastre (GIRD), y adaptaci\u00f3n al cambio clim\u00e1tico (ACC)\u201d","rel":"","context":"En \u00abNoticias\u00bb","block_context":{"text":"Noticias","link":"https:\/\/soy.usac.edu.gt\/?cat=29"},"img":{"alt_text":"","src":"https:\/\/i0.wp.com\/soy.usac.edu.gt\/wp-content\/uploads\/2019\/09\/1-30-1-696x464.jpg?resize=350%2C200&ssl=1","width":350,"height":200,"srcset":"https:\/\/i0.wp.com\/soy.usac.edu.gt\/wp-content\/uploads\/2019\/09\/1-30-1-696x464.jpg?resize=350%2C200&ssl=1 1x, https:\/\/i0.wp.com\/soy.usac.edu.gt\/wp-content\/uploads\/2019\/09\/1-30-1-696x464.jpg?resize=525%2C300&ssl=1 1.5x"},"classes":[]},{"id":10162,"url":"https:\/\/soy.usac.edu.gt\/?p=10162","url_meta":{"origin":5781,"position":4},"title":"USAC firma acuerdo para promover investigaci\u00f3n y ense\u00f1anza de recursos renovables","author":"Divisi\u00f3n de Publicidad","date":"12 diciembre, 2019","format":false,"excerpt":"La Universidad de San Carlos de Guatemala y la Escuela Nacional Central de Agricultura (ENCA), trabajar\u00e1n en conjunto para promover la educaci\u00f3n e investigaci\u00f3n en agricultura y manejo de recursos renovables.\u00a0","rel":"","context":"En \u00abNoticias\u00bb","block_context":{"text":"Noticias","link":"https:\/\/soy.usac.edu.gt\/?cat=29"},"img":{"alt_text":"","src":"https:\/\/i0.wp.com\/soy.usac.edu.gt\/wp-content\/uploads\/2019\/12\/convenio-enca.jpeg?resize=350%2C200&ssl=1","width":350,"height":200,"srcset":"https:\/\/i0.wp.com\/soy.usac.edu.gt\/wp-content\/uploads\/2019\/12\/convenio-enca.jpeg?resize=350%2C200&ssl=1 1x, https:\/\/i0.wp.com\/soy.usac.edu.gt\/wp-content\/uploads\/2019\/12\/convenio-enca.jpeg?resize=525%2C300&ssl=1 1.5x, https:\/\/i0.wp.com\/soy.usac.edu.gt\/wp-content\/uploads\/2019\/12\/convenio-enca.jpeg?resize=700%2C400&ssl=1 2x, https:\/\/i0.wp.com\/soy.usac.edu.gt\/wp-content\/uploads\/2019\/12\/convenio-enca.jpeg?resize=1050%2C600&ssl=1 3x"},"classes":[]},{"id":22056,"url":"https:\/\/soy.usac.edu.gt\/?p=22056","url_meta":{"origin":5781,"position":5},"title":"Firma de Convenio de Entendimiento","author":"Divisi\u00f3n de Publicidad","date":"30 septiembre, 2025","format":false,"excerpt":"Entre la Universidad de San Carlos de Guatemala y The Institute for Women\u2019s Health La Universidad de San Carlos de Guatemala firm\u00f3 un Convenio de Entendimiento con The Institute for Women\u2019s Health, con el objetivo de fortalecer los sectores social y sanitario a trav\u00e9s de la educaci\u00f3n superior, promoviendo la\u2026","rel":"","context":"En \u00abActividades\u00bb","block_context":{"text":"Actividades","link":"https:\/\/soy.usac.edu.gt\/?cat=126"},"img":{"alt_text":"","src":"https:\/\/i0.wp.com\/soy.usac.edu.gt\/wp-content\/uploads\/2025\/10\/IMG-20250925-WA0123-scaled.jpg?resize=350%2C200&ssl=1","width":350,"height":200,"srcset":"https:\/\/i0.wp.com\/soy.usac.edu.gt\/wp-content\/uploads\/2025\/10\/IMG-20250925-WA0123-scaled.jpg?resize=350%2C200&ssl=1 1x, https:\/\/i0.wp.com\/soy.usac.edu.gt\/wp-content\/uploads\/2025\/10\/IMG-20250925-WA0123-scaled.jpg?resize=525%2C300&ssl=1 1.5x, https:\/\/i0.wp.com\/soy.usac.edu.gt\/wp-content\/uploads\/2025\/10\/IMG-20250925-WA0123-scaled.jpg?resize=700%2C400&ssl=1 2x, https:\/\/i0.wp.com\/soy.usac.edu.gt\/wp-content\/uploads\/2025\/10\/IMG-20250925-WA0123-scaled.jpg?resize=1050%2C600&ssl=1 3x, https:\/\/i0.wp.com\/soy.usac.edu.gt\/wp-content\/uploads\/2025\/10\/IMG-20250925-WA0123-scaled.jpg?resize=1400%2C800&ssl=1 4x"},"classes":[]}],"jetpack_sharing_enabled":true,"_links":{"self":[{"href":"https:\/\/soy.usac.edu.gt\/index.php?rest_route=\/wp\/v2\/posts\/5781","targetHints":{"allow":["GET"]}}],"collection":[{"href":"https:\/\/soy.usac.edu.gt\/index.php?rest_route=\/wp\/v2\/posts"}],"about":[{"href":"https:\/\/soy.usac.edu.gt\/index.php?rest_route=\/wp\/v2\/types\/post"}],"author":[{"embeddable":true,"href":"https:\/\/soy.usac.edu.gt\/index.php?rest_route=\/wp\/v2\/users\/1"}],"replies":[{"embeddable":true,"href":"https:\/\/soy.usac.edu.gt\/index.php?rest_route=%2Fwp%2Fv2%2Fcomments&post=5781"}],"version-history":[{"count":0,"href":"https:\/\/soy.usac.edu.gt\/index.php?rest_route=\/wp\/v2\/posts\/5781\/revisions"}],"wp:featuredmedia":[{"embeddable":true,"href":"https:\/\/soy.usac.edu.gt\/index.php?rest_route=\/wp\/v2\/media\/5787"}],"wp:attachment":[{"href":"https:\/\/soy.usac.edu.gt\/index.php?rest_route=%2Fwp%2Fv2%2Fmedia&parent=5781"}],"wp:term":[{"taxonomy":"category","embeddable":true,"href":"https:\/\/soy.usac.edu.gt\/index.php?rest_route=%2Fwp%2Fv2%2Fcategories&post=5781"},{"taxonomy":"post_tag","embeddable":true,"href":"https:\/\/soy.usac.edu.gt\/index.php?rest_route=%2Fwp%2Fv2%2Ftags&post=5781"}],"curies":[{"name":"wp","href":"https:\/\/api.w.org\/{rel}","templated":true}]}}