{"id":6443,"date":"2019-05-29T15:28:50","date_gmt":"2019-05-29T21:28:50","guid":{"rendered":"https:\/\/soy.usac.edu.gt\/?p=6443"},"modified":"2019-05-29T15:28:51","modified_gmt":"2019-05-29T21:28:51","slug":"realizan-foro-sobre-ciberdelito","status":"publish","type":"post","link":"https:\/\/soy.usac.edu.gt\/?p=6443","title":{"rendered":"Realizan foro sobre ciberdelito"},"content":{"rendered":"","protected":false},"excerpt":{"rendered":"","protected":false},"author":1,"featured_media":6445,"comment_status":"closed","ping_status":"open","sticky":false,"template":"","format":"video","meta":{"_exactmetrics_skip_tracking":false,"_exactmetrics_sitenote_active":false,"_exactmetrics_sitenote_note":"","_exactmetrics_sitenote_category":0,"_jetpack_memberships_contains_paid_content":false,"footnotes":""},"categories":[31],"tags":[],"class_list":["post-6443","post","type-post","status-publish","format-video","has-post-thumbnail","hentry","category-videos","post_format-post-format-video"],"aioseo_notices":[],"jetpack_featured_media_url":"https:\/\/soy.usac.edu.gt\/wp-content\/uploads\/2019\/05\/maxresdefault-23.jpg","views":"","jetpack-related-posts":[{"id":6457,"url":"https:\/\/soy.usac.edu.gt\/?p=6457","url_meta":{"origin":6443,"position":0},"title":"USAC ofrece conferencia sobre delitos cibern\u00e9ticos","author":"Erick Iv\u00e1n de Le\u00f3n","date":"30 mayo, 2019","format":false,"excerpt":"La USAC y la Embajada de la Federaci\u00f3n de Rusia en Guatemala presentaron la conferencia \u201cLa seguridad de la informaci\u00f3n y el ciberdelito\u201d.","rel":"","context":"En \u00abCiencia y Tecnolog\u00eda\u00bb","block_context":{"text":"Ciencia y Tecnolog\u00eda","link":"https:\/\/soy.usac.edu.gt\/?cat=122"},"img":{"alt_text":"","src":"https:\/\/i0.wp.com\/soy.usac.edu.gt\/wp-content\/uploads\/2019\/05\/DSC_0027-1.jpg?resize=350%2C200&ssl=1","width":350,"height":200,"srcset":"https:\/\/i0.wp.com\/soy.usac.edu.gt\/wp-content\/uploads\/2019\/05\/DSC_0027-1.jpg?resize=350%2C200&ssl=1 1x, https:\/\/i0.wp.com\/soy.usac.edu.gt\/wp-content\/uploads\/2019\/05\/DSC_0027-1.jpg?resize=525%2C300&ssl=1 1.5x, https:\/\/i0.wp.com\/soy.usac.edu.gt\/wp-content\/uploads\/2019\/05\/DSC_0027-1.jpg?resize=700%2C400&ssl=1 2x, https:\/\/i0.wp.com\/soy.usac.edu.gt\/wp-content\/uploads\/2019\/05\/DSC_0027-1.jpg?resize=1050%2C600&ssl=1 3x, https:\/\/i0.wp.com\/soy.usac.edu.gt\/wp-content\/uploads\/2019\/05\/DSC_0027-1.jpg?resize=1400%2C800&ssl=1 4x"},"classes":[]},{"id":6438,"url":"https:\/\/soy.usac.edu.gt\/?p=6438","url_meta":{"origin":6443,"position":1},"title":"Usac realiza foro por la independencia de la justicia","author":"Edwin Medina","date":"29 mayo, 2019","format":"video","excerpt":"","rel":"","context":"En \u00abVideos\u00bb","block_context":{"text":"Videos","link":"https:\/\/soy.usac.edu.gt\/?cat=31"},"img":{"alt_text":"","src":"https:\/\/i0.wp.com\/soy.usac.edu.gt\/wp-content\/uploads\/2019\/05\/maxresdefault-22.jpg?resize=350%2C200&ssl=1","width":350,"height":200,"srcset":"https:\/\/i0.wp.com\/soy.usac.edu.gt\/wp-content\/uploads\/2019\/05\/maxresdefault-22.jpg?resize=350%2C200&ssl=1 1x, https:\/\/i0.wp.com\/soy.usac.edu.gt\/wp-content\/uploads\/2019\/05\/maxresdefault-22.jpg?resize=525%2C300&ssl=1 1.5x, https:\/\/i0.wp.com\/soy.usac.edu.gt\/wp-content\/uploads\/2019\/05\/maxresdefault-22.jpg?resize=700%2C400&ssl=1 2x, https:\/\/i0.wp.com\/soy.usac.edu.gt\/wp-content\/uploads\/2019\/05\/maxresdefault-22.jpg?resize=1050%2C600&ssl=1 3x"},"classes":[]},{"id":4615,"url":"https:\/\/soy.usac.edu.gt\/?p=4615","url_meta":{"origin":6443,"position":2},"title":"Rectores eval\u00faan el rol de la educaci\u00f3n superior en Guatemala","author":"Divisi\u00f3n de Publicidad","date":"8 marzo, 2019","format":"video","excerpt":"Representantes de la Universidad de San Carlos de Guatemala, Universidad Francisco Marroqu\u00edn, Universidad Rafael Land\u00edvar y Universidad Internacional asistieron a un foro donde discutieron los aportes de la Universidad a la sociedad. La actividad se realiz\u00f3 como la segunda fase de la C\u00e1tedra Dr. Carlos Mart\u00ednez Dur\u00e1n en el Aula\u2026","rel":"","context":"En \u00abVideos\u00bb","block_context":{"text":"Videos","link":"https:\/\/soy.usac.edu.gt\/?cat=31"},"img":{"alt_text":"","src":"https:\/\/i0.wp.com\/soy.usac.edu.gt\/wp-content\/uploads\/2019\/03\/sddefault-11.jpg?resize=350%2C200&ssl=1","width":350,"height":200,"srcset":"https:\/\/i0.wp.com\/soy.usac.edu.gt\/wp-content\/uploads\/2019\/03\/sddefault-11.jpg?resize=350%2C200&ssl=1 1x, https:\/\/i0.wp.com\/soy.usac.edu.gt\/wp-content\/uploads\/2019\/03\/sddefault-11.jpg?resize=525%2C300&ssl=1 1.5x"},"classes":[]},{"id":9457,"url":"https:\/\/soy.usac.edu.gt\/?p=9457","url_meta":{"origin":6443,"position":3},"title":"Foro sobre el an\u00e1lisis del presupuesto","author":"Divisi\u00f3n de Publicidad","date":"30 octubre, 2019","format":"video","excerpt":"La universidad llev\u00f3 a cabo un foro de an\u00e1lisis del presupuesto 2020, organizado por Ipnusac #SoyUSAC","rel":"","context":"En \u00abVideos\u00bb","block_context":{"text":"Videos","link":"https:\/\/soy.usac.edu.gt\/?cat=31"},"img":{"alt_text":"","src":"https:\/\/i0.wp.com\/soy.usac.edu.gt\/wp-content\/uploads\/2019\/10\/maxresdefault-28.jpg?resize=350%2C200&ssl=1","width":350,"height":200,"srcset":"https:\/\/i0.wp.com\/soy.usac.edu.gt\/wp-content\/uploads\/2019\/10\/maxresdefault-28.jpg?resize=350%2C200&ssl=1 1x, https:\/\/i0.wp.com\/soy.usac.edu.gt\/wp-content\/uploads\/2019\/10\/maxresdefault-28.jpg?resize=525%2C300&ssl=1 1.5x, https:\/\/i0.wp.com\/soy.usac.edu.gt\/wp-content\/uploads\/2019\/10\/maxresdefault-28.jpg?resize=700%2C400&ssl=1 2x, https:\/\/i0.wp.com\/soy.usac.edu.gt\/wp-content\/uploads\/2019\/10\/maxresdefault-28.jpg?resize=1050%2C600&ssl=1 3x"},"classes":[]},{"id":6612,"url":"https:\/\/soy.usac.edu.gt\/?p=6612","url_meta":{"origin":6443,"position":4},"title":"Facultad de Ingenier\u00eda realiza foro con candidatos presidenciales","author":"Erick Iv\u00e1n de Le\u00f3n","date":"6 junio, 2019","format":false,"excerpt":"Cinco candidatos participan en foro presidencial.\u00a0","rel":"","context":"En \u00abM\u00e1s Noticias\u00bb","block_context":{"text":"M\u00e1s Noticias","link":"https:\/\/soy.usac.edu.gt\/?cat=96"},"img":{"alt_text":"","src":"https:\/\/i0.wp.com\/soy.usac.edu.gt\/wp-content\/uploads\/2019\/06\/20190605_171205.jpg?resize=350%2C200&ssl=1","width":350,"height":200,"srcset":"https:\/\/i0.wp.com\/soy.usac.edu.gt\/wp-content\/uploads\/2019\/06\/20190605_171205.jpg?resize=350%2C200&ssl=1 1x, https:\/\/i0.wp.com\/soy.usac.edu.gt\/wp-content\/uploads\/2019\/06\/20190605_171205.jpg?resize=525%2C300&ssl=1 1.5x, https:\/\/i0.wp.com\/soy.usac.edu.gt\/wp-content\/uploads\/2019\/06\/20190605_171205.jpg?resize=700%2C400&ssl=1 2x, https:\/\/i0.wp.com\/soy.usac.edu.gt\/wp-content\/uploads\/2019\/06\/20190605_171205.jpg?resize=1050%2C600&ssl=1 3x, https:\/\/i0.wp.com\/soy.usac.edu.gt\/wp-content\/uploads\/2019\/06\/20190605_171205.jpg?resize=1400%2C800&ssl=1 4x"},"classes":[]},{"id":9261,"url":"https:\/\/soy.usac.edu.gt\/?p=9261","url_meta":{"origin":6443,"position":5},"title":"Estudiantes realizan pruebas para representar a la USAC en JUDUCA 2020","author":"Edwin Medina","date":"28 octubre, 2019","format":"video","excerpt":"La Universidad de San Carlos de Guatemala (USAC) ser\u00e1 la anfitriona de m\u00e1s de 3,000 deportistas y sus delegaciones. En este evento que se realizar\u00e1 en 2020 participar\u00e1n representantes de 24 universidades. #SoyUSAC","rel":"","context":"En \u00abVideos\u00bb","block_context":{"text":"Videos","link":"https:\/\/soy.usac.edu.gt\/?cat=31"},"img":{"alt_text":"","src":"https:\/\/i0.wp.com\/soy.usac.edu.gt\/wp-content\/uploads\/2019\/10\/sddefault-4.jpg?resize=350%2C200&ssl=1","width":350,"height":200,"srcset":"https:\/\/i0.wp.com\/soy.usac.edu.gt\/wp-content\/uploads\/2019\/10\/sddefault-4.jpg?resize=350%2C200&ssl=1 1x, https:\/\/i0.wp.com\/soy.usac.edu.gt\/wp-content\/uploads\/2019\/10\/sddefault-4.jpg?resize=525%2C300&ssl=1 1.5x"},"classes":[]}],"jetpack_sharing_enabled":true,"_links":{"self":[{"href":"https:\/\/soy.usac.edu.gt\/index.php?rest_route=\/wp\/v2\/posts\/6443","targetHints":{"allow":["GET"]}}],"collection":[{"href":"https:\/\/soy.usac.edu.gt\/index.php?rest_route=\/wp\/v2\/posts"}],"about":[{"href":"https:\/\/soy.usac.edu.gt\/index.php?rest_route=\/wp\/v2\/types\/post"}],"author":[{"embeddable":true,"href":"https:\/\/soy.usac.edu.gt\/index.php?rest_route=\/wp\/v2\/users\/1"}],"replies":[{"embeddable":true,"href":"https:\/\/soy.usac.edu.gt\/index.php?rest_route=%2Fwp%2Fv2%2Fcomments&post=6443"}],"version-history":[{"count":0,"href":"https:\/\/soy.usac.edu.gt\/index.php?rest_route=\/wp\/v2\/posts\/6443\/revisions"}],"wp:featuredmedia":[{"embeddable":true,"href":"https:\/\/soy.usac.edu.gt\/index.php?rest_route=\/wp\/v2\/media\/6445"}],"wp:attachment":[{"href":"https:\/\/soy.usac.edu.gt\/index.php?rest_route=%2Fwp%2Fv2%2Fmedia&parent=6443"}],"wp:term":[{"taxonomy":"category","embeddable":true,"href":"https:\/\/soy.usac.edu.gt\/index.php?rest_route=%2Fwp%2Fv2%2Fcategories&post=6443"},{"taxonomy":"post_tag","embeddable":true,"href":"https:\/\/soy.usac.edu.gt\/index.php?rest_route=%2Fwp%2Fv2%2Ftags&post=6443"}],"curies":[{"name":"wp","href":"https:\/\/api.w.org\/{rel}","templated":true}]}}