{"id":6447,"date":"2019-05-29T15:44:57","date_gmt":"2019-05-29T21:44:57","guid":{"rendered":"https:\/\/soy.usac.edu.gt\/?p=6447"},"modified":"2019-05-29T15:44:58","modified_gmt":"2019-05-29T21:44:58","slug":"graduacion-de-la-xiii-promocion-del-itugs","status":"publish","type":"post","link":"https:\/\/soy.usac.edu.gt\/?p=6447","title":{"rendered":"Graduaci\u00f3n de la XIII promoci\u00f3n del ITUGS"},"content":{"rendered":"","protected":false},"excerpt":{"rendered":"","protected":false},"author":1,"featured_media":6449,"comment_status":"closed","ping_status":"open","sticky":false,"template":"","format":"video","meta":{"_exactmetrics_skip_tracking":false,"_exactmetrics_sitenote_active":false,"_exactmetrics_sitenote_note":"","_exactmetrics_sitenote_category":0,"_jetpack_memberships_contains_paid_content":false,"footnotes":""},"categories":[31],"tags":[],"class_list":["post-6447","post","type-post","status-publish","format-video","has-post-thumbnail","hentry","category-videos","post_format-post-format-video"],"aioseo_notices":[],"jetpack_featured_media_url":"https:\/\/soy.usac.edu.gt\/wp-content\/uploads\/2019\/05\/maxresdefault-24.jpg","views":"","jetpack-related-posts":[{"id":2769,"url":"https:\/\/soy.usac.edu.gt\/?p=2769","url_meta":{"origin":6447,"position":0},"title":"PRMOCI\u00d3N JARD\u00cdN INFANTIL 2018","author":"Edwin Medina","date":"29 octubre, 2018","format":"video","excerpt":"Acto de Clausura 2018 XIII promoci\u00f3n de preparatoria del Colegio Rey Carlos II USAC.","rel":"","context":"En \u00abVideos\u00bb","block_context":{"text":"Videos","link":"https:\/\/soy.usac.edu.gt\/?cat=31"},"img":{"alt_text":"","src":"https:\/\/i0.wp.com\/soy.usac.edu.gt\/wp-content\/uploads\/2018\/10\/hqdefault-2.jpg?resize=350%2C200&ssl=1","width":350,"height":200},"classes":[]},{"id":6501,"url":"https:\/\/soy.usac.edu.gt\/?p=6501","url_meta":{"origin":6447,"position":1},"title":"Estudia t\u00e9cnico en procesos de manufactura en el ITUGS","author":"Divisi\u00f3n de Publicidad","date":"30 mayo, 2019","format":"video","excerpt":"","rel":"","context":"En \u00abVideos\u00bb","block_context":{"text":"Videos","link":"https:\/\/soy.usac.edu.gt\/?cat=31"},"img":{"alt_text":"","src":"https:\/\/i0.wp.com\/soy.usac.edu.gt\/wp-content\/uploads\/2019\/05\/maxresdefault-31.jpg?resize=350%2C200&ssl=1","width":350,"height":200,"srcset":"https:\/\/i0.wp.com\/soy.usac.edu.gt\/wp-content\/uploads\/2019\/05\/maxresdefault-31.jpg?resize=350%2C200&ssl=1 1x, https:\/\/i0.wp.com\/soy.usac.edu.gt\/wp-content\/uploads\/2019\/05\/maxresdefault-31.jpg?resize=525%2C300&ssl=1 1.5x, https:\/\/i0.wp.com\/soy.usac.edu.gt\/wp-content\/uploads\/2019\/05\/maxresdefault-31.jpg?resize=700%2C400&ssl=1 2x, https:\/\/i0.wp.com\/soy.usac.edu.gt\/wp-content\/uploads\/2019\/05\/maxresdefault-31.jpg?resize=1050%2C600&ssl=1 3x"},"classes":[]},{"id":6495,"url":"https:\/\/soy.usac.edu.gt\/?p=6495","url_meta":{"origin":6447,"position":2},"title":"Estudia electr\u00f3nica en el ITUGS","author":"Divisi\u00f3n de Publicidad","date":"30 mayo, 2019","format":"video","excerpt":"","rel":"","context":"En \u00abVideos\u00bb","block_context":{"text":"Videos","link":"https:\/\/soy.usac.edu.gt\/?cat=31"},"img":{"alt_text":"","src":"https:\/\/i0.wp.com\/soy.usac.edu.gt\/wp-content\/uploads\/2019\/05\/hqdefault-2.jpg?resize=350%2C200&ssl=1","width":350,"height":200},"classes":[]},{"id":6498,"url":"https:\/\/soy.usac.edu.gt\/?p=6498","url_meta":{"origin":6447,"position":3},"title":"Estudia refrigeraci\u00f3n y aire acondicionado en el ITUGS","author":"Divisi\u00f3n de Publicidad","date":"30 mayo, 2019","format":"video","excerpt":"","rel":"","context":"En \u00abVideos\u00bb","block_context":{"text":"Videos","link":"https:\/\/soy.usac.edu.gt\/?cat=31"},"img":{"alt_text":"","src":"https:\/\/i0.wp.com\/soy.usac.edu.gt\/wp-content\/uploads\/2019\/05\/maxresdefault-30.jpg?resize=350%2C200&ssl=1","width":350,"height":200,"srcset":"https:\/\/i0.wp.com\/soy.usac.edu.gt\/wp-content\/uploads\/2019\/05\/maxresdefault-30.jpg?resize=350%2C200&ssl=1 1x, https:\/\/i0.wp.com\/soy.usac.edu.gt\/wp-content\/uploads\/2019\/05\/maxresdefault-30.jpg?resize=525%2C300&ssl=1 1.5x, https:\/\/i0.wp.com\/soy.usac.edu.gt\/wp-content\/uploads\/2019\/05\/maxresdefault-30.jpg?resize=700%2C400&ssl=1 2x, https:\/\/i0.wp.com\/soy.usac.edu.gt\/wp-content\/uploads\/2019\/05\/maxresdefault-30.jpg?resize=1050%2C600&ssl=1 3x"},"classes":[]},{"id":6504,"url":"https:\/\/soy.usac.edu.gt\/?p=6504","url_meta":{"origin":6447,"position":4},"title":"Estudia mec\u00e1nica automotriz en el ITUGS","author":"Divisi\u00f3n de Publicidad","date":"30 mayo, 2019","format":"video","excerpt":"","rel":"","context":"En \u00abCiencia y Tecnolog\u00eda\u00bb","block_context":{"text":"Ciencia y Tecnolog\u00eda","link":"https:\/\/soy.usac.edu.gt\/?cat=122"},"img":{"alt_text":"","src":"https:\/\/i0.wp.com\/soy.usac.edu.gt\/wp-content\/uploads\/2019\/05\/maxresdefault-32.jpg?resize=350%2C200&ssl=1","width":350,"height":200,"srcset":"https:\/\/i0.wp.com\/soy.usac.edu.gt\/wp-content\/uploads\/2019\/05\/maxresdefault-32.jpg?resize=350%2C200&ssl=1 1x, https:\/\/i0.wp.com\/soy.usac.edu.gt\/wp-content\/uploads\/2019\/05\/maxresdefault-32.jpg?resize=525%2C300&ssl=1 1.5x, https:\/\/i0.wp.com\/soy.usac.edu.gt\/wp-content\/uploads\/2019\/05\/maxresdefault-32.jpg?resize=700%2C400&ssl=1 2x, https:\/\/i0.wp.com\/soy.usac.edu.gt\/wp-content\/uploads\/2019\/05\/maxresdefault-32.jpg?resize=1050%2C600&ssl=1 3x"},"classes":[]},{"id":17373,"url":"https:\/\/soy.usac.edu.gt\/?p=17373","url_meta":{"origin":6447,"position":5},"title":"USAC y el Comit\u00e9 Pro Ciegos y Sordos grad\u00faan a la primera promoci\u00f3n de interpretaci\u00f3n en lengua de se\u00f1as","author":"Divisi\u00f3n de Publicidad","date":"27 mayo, 2022","format":false,"excerpt":"La primera cohorte ser\u00e1 de gran ayuda para que el pa\u00eds sea m\u00e1s inclusivo para las personas con discapacidad auditiva.","rel":"","context":"En \u00abCiencia y Tecnolog\u00eda\u00bb","block_context":{"text":"Ciencia y Tecnolog\u00eda","link":"https:\/\/soy.usac.edu.gt\/?cat=122"},"img":{"alt_text":"","src":"https:\/\/i0.wp.com\/soy.usac.edu.gt\/wp-content\/uploads\/2018\/10\/capacitaci%C3%B3n-lenguaje-de-se%C3%B1as-2.jpg?resize=350%2C200&ssl=1","width":350,"height":200,"srcset":"https:\/\/i0.wp.com\/soy.usac.edu.gt\/wp-content\/uploads\/2018\/10\/capacitaci%C3%B3n-lenguaje-de-se%C3%B1as-2.jpg?resize=350%2C200&ssl=1 1x, https:\/\/i0.wp.com\/soy.usac.edu.gt\/wp-content\/uploads\/2018\/10\/capacitaci%C3%B3n-lenguaje-de-se%C3%B1as-2.jpg?resize=525%2C300&ssl=1 1.5x, https:\/\/i0.wp.com\/soy.usac.edu.gt\/wp-content\/uploads\/2018\/10\/capacitaci%C3%B3n-lenguaje-de-se%C3%B1as-2.jpg?resize=700%2C400&ssl=1 2x, https:\/\/i0.wp.com\/soy.usac.edu.gt\/wp-content\/uploads\/2018\/10\/capacitaci%C3%B3n-lenguaje-de-se%C3%B1as-2.jpg?resize=1050%2C600&ssl=1 3x, https:\/\/i0.wp.com\/soy.usac.edu.gt\/wp-content\/uploads\/2018\/10\/capacitaci%C3%B3n-lenguaje-de-se%C3%B1as-2.jpg?resize=1400%2C800&ssl=1 4x"},"classes":[]}],"jetpack_sharing_enabled":true,"_links":{"self":[{"href":"https:\/\/soy.usac.edu.gt\/index.php?rest_route=\/wp\/v2\/posts\/6447","targetHints":{"allow":["GET"]}}],"collection":[{"href":"https:\/\/soy.usac.edu.gt\/index.php?rest_route=\/wp\/v2\/posts"}],"about":[{"href":"https:\/\/soy.usac.edu.gt\/index.php?rest_route=\/wp\/v2\/types\/post"}],"author":[{"embeddable":true,"href":"https:\/\/soy.usac.edu.gt\/index.php?rest_route=\/wp\/v2\/users\/1"}],"replies":[{"embeddable":true,"href":"https:\/\/soy.usac.edu.gt\/index.php?rest_route=%2Fwp%2Fv2%2Fcomments&post=6447"}],"version-history":[{"count":0,"href":"https:\/\/soy.usac.edu.gt\/index.php?rest_route=\/wp\/v2\/posts\/6447\/revisions"}],"wp:featuredmedia":[{"embeddable":true,"href":"https:\/\/soy.usac.edu.gt\/index.php?rest_route=\/wp\/v2\/media\/6449"}],"wp:attachment":[{"href":"https:\/\/soy.usac.edu.gt\/index.php?rest_route=%2Fwp%2Fv2%2Fmedia&parent=6447"}],"wp:term":[{"taxonomy":"category","embeddable":true,"href":"https:\/\/soy.usac.edu.gt\/index.php?rest_route=%2Fwp%2Fv2%2Fcategories&post=6447"},{"taxonomy":"post_tag","embeddable":true,"href":"https:\/\/soy.usac.edu.gt\/index.php?rest_route=%2Fwp%2Fv2%2Ftags&post=6447"}],"curies":[{"name":"wp","href":"https:\/\/api.w.org\/{rel}","templated":true}]}}