{"id":6470,"date":"2019-05-30T12:35:38","date_gmt":"2019-05-30T18:35:38","guid":{"rendered":"https:\/\/soy.usac.edu.gt\/?p=6470"},"modified":"2019-05-30T12:35:40","modified_gmt":"2019-05-30T18:35:40","slug":"observadores-electorales-concluye-tu-proceso-de-capacitacion-y-ve-por-ti-kit","status":"publish","type":"post","link":"https:\/\/soy.usac.edu.gt\/?p=6470","title":{"rendered":"Observadores Electorales &#8211; Concluye tu proceso de capacitaci\u00f3n y ve por ti kit"},"content":{"rendered":"\n<p><img loading=\"lazy\" decoding=\"async\" class=\"aligncenter size-full wp-image-6471\" src=\"https:\/\/soy.usac.edu.gt\/wp-content\/uploads\/2019\/05\/Cr\u00e9ditos-prensa-19.png\" alt=\"\" width=\"5079\" height=\"1960\" srcset=\"https:\/\/soy.usac.edu.gt\/wp-content\/uploads\/2019\/05\/Cr\u00e9ditos-prensa-19.png 5079w, https:\/\/soy.usac.edu.gt\/wp-content\/uploads\/2019\/05\/Cr\u00e9ditos-prensa-19-300x116.png 300w, https:\/\/soy.usac.edu.gt\/wp-content\/uploads\/2019\/05\/Cr\u00e9ditos-prensa-19-768x296.png 768w, https:\/\/soy.usac.edu.gt\/wp-content\/uploads\/2019\/05\/Cr\u00e9ditos-prensa-19-1024x395.png 1024w, https:\/\/soy.usac.edu.gt\/wp-content\/uploads\/2019\/05\/Cr\u00e9ditos-prensa-19-1088x420.png 1088w, https:\/\/soy.usac.edu.gt\/wp-content\/uploads\/2019\/05\/Cr\u00e9ditos-prensa-19-640x247.png 640w, https:\/\/soy.usac.edu.gt\/wp-content\/uploads\/2019\/05\/Cr\u00e9ditos-prensa-19-681x263.png 681w\" sizes=\"auto, (max-width: 5079px) 100vw, 5079px\" \/><\/p>\n","protected":false},"excerpt":{"rendered":"","protected":false},"author":14,"featured_media":6477,"comment_status":"closed","ping_status":"open","sticky":false,"template":"","format":"video","meta":{"_exactmetrics_skip_tracking":false,"_exactmetrics_sitenote_active":false,"_exactmetrics_sitenote_note":"","_exactmetrics_sitenote_category":0,"_jetpack_memberships_contains_paid_content":false,"footnotes":""},"categories":[31],"tags":[],"class_list":["post-6470","post","type-post","status-publish","format-video","has-post-thumbnail","hentry","category-videos","post_format-post-format-video"],"aioseo_notices":[],"jetpack_featured_media_url":"https:\/\/soy.usac.edu.gt\/wp-content\/uploads\/2019\/05\/maxresdefault-29.jpg","views":"","jetpack-related-posts":[{"id":5987,"url":"https:\/\/soy.usac.edu.gt\/?p=5987","url_meta":{"origin":6470,"position":0},"title":"Juramentan a 3,456 observadores sancarlistas","author":"Divisi\u00f3n de Publicidad","date":"13 mayo, 2019","format":false,"excerpt":"Con la presencia de las autoridades del Tribunal Supremo Electoral (TSE) y la Universidad de San Carlos de Guatemala (USAC), \u00a0fueron juramentados los observadores que tendr\u00e1n una cobertura del 74 % en todo el pa\u00eds, en 242 municipios.","rel":"","context":"En \u00abNoticias\u00bb","block_context":{"text":"Noticias","link":"https:\/\/soy.usac.edu.gt\/?cat=29"},"img":{"alt_text":"","src":"https:\/\/i0.wp.com\/soy.usac.edu.gt\/wp-content\/uploads\/2019\/05\/jovenes-juramentados.jpg?resize=350%2C200&ssl=1","width":350,"height":200,"srcset":"https:\/\/i0.wp.com\/soy.usac.edu.gt\/wp-content\/uploads\/2019\/05\/jovenes-juramentados.jpg?resize=350%2C200&ssl=1 1x, https:\/\/i0.wp.com\/soy.usac.edu.gt\/wp-content\/uploads\/2019\/05\/jovenes-juramentados.jpg?resize=525%2C300&ssl=1 1.5x, https:\/\/i0.wp.com\/soy.usac.edu.gt\/wp-content\/uploads\/2019\/05\/jovenes-juramentados.jpg?resize=700%2C400&ssl=1 2x, https:\/\/i0.wp.com\/soy.usac.edu.gt\/wp-content\/uploads\/2019\/05\/jovenes-juramentados.jpg?resize=1050%2C600&ssl=1 3x, https:\/\/i0.wp.com\/soy.usac.edu.gt\/wp-content\/uploads\/2019\/05\/jovenes-juramentados.jpg?resize=1400%2C800&ssl=1 4x"},"classes":[]},{"id":5320,"url":"https:\/\/soy.usac.edu.gt\/?p=5320","url_meta":{"origin":6470,"position":1},"title":"A\u00fan puedes inscribirte como observador electoral","author":"Edwin Medina","date":"26 marzo, 2019","format":"video","excerpt":"Se ampl\u00eda hasta el 30 de marzo la fecha para inscribirte como observador","rel":"","context":"En \u00abVideos\u00bb","block_context":{"text":"Videos","link":"https:\/\/soy.usac.edu.gt\/?cat=31"},"img":{"alt_text":"","src":"https:\/\/i0.wp.com\/soy.usac.edu.gt\/wp-content\/uploads\/2019\/03\/maxresdefault-26.jpg?resize=350%2C200&ssl=1","width":350,"height":200,"srcset":"https:\/\/i0.wp.com\/soy.usac.edu.gt\/wp-content\/uploads\/2019\/03\/maxresdefault-26.jpg?resize=350%2C200&ssl=1 1x, https:\/\/i0.wp.com\/soy.usac.edu.gt\/wp-content\/uploads\/2019\/03\/maxresdefault-26.jpg?resize=525%2C300&ssl=1 1.5x, https:\/\/i0.wp.com\/soy.usac.edu.gt\/wp-content\/uploads\/2019\/03\/maxresdefault-26.jpg?resize=700%2C400&ssl=1 2x, https:\/\/i0.wp.com\/soy.usac.edu.gt\/wp-content\/uploads\/2019\/03\/maxresdefault-26.jpg?resize=1050%2C600&ssl=1 3x"},"classes":[]},{"id":5984,"url":"https:\/\/soy.usac.edu.gt\/?p=5984","url_meta":{"origin":6470,"position":2},"title":"Juramentan a observadores electorales","author":"Edwin Medina","date":"13 mayo, 2019","format":false,"excerpt":"Hoy la Universidad de San Carlos y el Tribunal Supremo Electoral jurament\u00f3 a estudiantes sancarlistas como observadores del proceso electoral. #ObservatorioUSAC #EleccionesGenerales2019 #SoyUsac\u00a0\u00a0\u00a0\u00a0 #USAC\u00a0 \u00a0 \u00a0","rel":"","context":"En \u00abVideos\u00bb","block_context":{"text":"Videos","link":"https:\/\/soy.usac.edu.gt\/?cat=31"},"img":{"alt_text":"","src":"https:\/\/i0.wp.com\/soy.usac.edu.gt\/wp-content\/uploads\/2019\/05\/maxresdefault-4.jpg?resize=350%2C200&ssl=1","width":350,"height":200,"srcset":"https:\/\/i0.wp.com\/soy.usac.edu.gt\/wp-content\/uploads\/2019\/05\/maxresdefault-4.jpg?resize=350%2C200&ssl=1 1x, https:\/\/i0.wp.com\/soy.usac.edu.gt\/wp-content\/uploads\/2019\/05\/maxresdefault-4.jpg?resize=525%2C300&ssl=1 1.5x, https:\/\/i0.wp.com\/soy.usac.edu.gt\/wp-content\/uploads\/2019\/05\/maxresdefault-4.jpg?resize=700%2C400&ssl=1 2x, https:\/\/i0.wp.com\/soy.usac.edu.gt\/wp-content\/uploads\/2019\/05\/maxresdefault-4.jpg?resize=1050%2C600&ssl=1 3x"},"classes":[]},{"id":6729,"url":"https:\/\/soy.usac.edu.gt\/?p=6729","url_meta":{"origin":6470,"position":3},"title":"Los observadores cuidar\u00e1n tu voto","author":"Divisi\u00f3n de Publicidad","date":"13 junio, 2019","format":false,"excerpt":"La Misi\u00f3n de Observaci\u00f3n de la Universidad de San Carlos de Guatemala es la m\u00e1s grande y representativa del pa\u00eds. Cuenta con observadores de alto nivel que trabajar\u00e1n ad hon\u00f3rem como un servicio c\u00edvico para Guatemala.","rel":"","context":"En \u00abNoticias\u00bb","block_context":{"text":"Noticias","link":"https:\/\/soy.usac.edu.gt\/?cat=29"},"img":{"alt_text":"","src":"https:\/\/i0.wp.com\/soy.usac.edu.gt\/wp-content\/uploads\/2019\/06\/9-copia.jpg?resize=350%2C200&ssl=1","width":350,"height":200,"srcset":"https:\/\/i0.wp.com\/soy.usac.edu.gt\/wp-content\/uploads\/2019\/06\/9-copia.jpg?resize=350%2C200&ssl=1 1x, https:\/\/i0.wp.com\/soy.usac.edu.gt\/wp-content\/uploads\/2019\/06\/9-copia.jpg?resize=525%2C300&ssl=1 1.5x, https:\/\/i0.wp.com\/soy.usac.edu.gt\/wp-content\/uploads\/2019\/06\/9-copia.jpg?resize=700%2C400&ssl=1 2x, https:\/\/i0.wp.com\/soy.usac.edu.gt\/wp-content\/uploads\/2019\/06\/9-copia.jpg?resize=1050%2C600&ssl=1 3x, https:\/\/i0.wp.com\/soy.usac.edu.gt\/wp-content\/uploads\/2019\/06\/9-copia.jpg?resize=1400%2C800&ssl=1 4x"},"classes":[]},{"id":6748,"url":"https:\/\/soy.usac.edu.gt\/?p=6748","url_meta":{"origin":6470,"position":4},"title":"Observadores electorales realizan curso pr\u00e1ctico sobre procesamiento de datos","author":"Divisi\u00f3n de Publicidad","date":"13 junio, 2019","format":false,"excerpt":"Los integrantes del equipo de monitoreo del observatorio electoral realizaron una prueba del proceso de recolecci\u00f3n de datos que se llevar\u00e1 a cabo el pr\u00f3ximo domingo.","rel":"","context":"En \u00abNoticias\u00bb","block_context":{"text":"Noticias","link":"https:\/\/soy.usac.edu.gt\/?cat=29"},"img":{"alt_text":"","src":"https:\/\/i0.wp.com\/soy.usac.edu.gt\/wp-content\/uploads\/2019\/06\/20190612_143640.jpg?resize=350%2C200&ssl=1","width":350,"height":200,"srcset":"https:\/\/i0.wp.com\/soy.usac.edu.gt\/wp-content\/uploads\/2019\/06\/20190612_143640.jpg?resize=350%2C200&ssl=1 1x, https:\/\/i0.wp.com\/soy.usac.edu.gt\/wp-content\/uploads\/2019\/06\/20190612_143640.jpg?resize=525%2C300&ssl=1 1.5x, https:\/\/i0.wp.com\/soy.usac.edu.gt\/wp-content\/uploads\/2019\/06\/20190612_143640.jpg?resize=700%2C400&ssl=1 2x, https:\/\/i0.wp.com\/soy.usac.edu.gt\/wp-content\/uploads\/2019\/06\/20190612_143640.jpg?resize=1050%2C600&ssl=1 3x, https:\/\/i0.wp.com\/soy.usac.edu.gt\/wp-content\/uploads\/2019\/06\/20190612_143640.jpg?resize=1400%2C800&ssl=1 4x"},"classes":[]},{"id":7905,"url":"https:\/\/soy.usac.edu.gt\/?p=7905","url_meta":{"origin":6470,"position":5},"title":"Observadores comprometidos con la segunda vuelta electoral","author":"Edwin Medina","date":"8 agosto, 2019","format":false,"excerpt":"Estudiantes y trabajadores de la USAC se han mostrado anuentes a participar en el \u00a0Observatorio Democr\u00e1tico para la segunda vuelta electoral, que se realizar\u00e1 este 11 de agosto.","rel":"","context":"En \u00abNoticias\u00bb","block_context":{"text":"Noticias","link":"https:\/\/soy.usac.edu.gt\/?cat=29"},"img":{"alt_text":"","src":"https:\/\/i0.wp.com\/soy.usac.edu.gt\/wp-content\/uploads\/2019\/08\/observadores-electorales-dos.jpg?resize=350%2C200&ssl=1","width":350,"height":200,"srcset":"https:\/\/i0.wp.com\/soy.usac.edu.gt\/wp-content\/uploads\/2019\/08\/observadores-electorales-dos.jpg?resize=350%2C200&ssl=1 1x, https:\/\/i0.wp.com\/soy.usac.edu.gt\/wp-content\/uploads\/2019\/08\/observadores-electorales-dos.jpg?resize=525%2C300&ssl=1 1.5x, https:\/\/i0.wp.com\/soy.usac.edu.gt\/wp-content\/uploads\/2019\/08\/observadores-electorales-dos.jpg?resize=700%2C400&ssl=1 2x, https:\/\/i0.wp.com\/soy.usac.edu.gt\/wp-content\/uploads\/2019\/08\/observadores-electorales-dos.jpg?resize=1050%2C600&ssl=1 3x, https:\/\/i0.wp.com\/soy.usac.edu.gt\/wp-content\/uploads\/2019\/08\/observadores-electorales-dos.jpg?resize=1400%2C800&ssl=1 4x"},"classes":[]}],"jetpack_sharing_enabled":true,"_links":{"self":[{"href":"https:\/\/soy.usac.edu.gt\/index.php?rest_route=\/wp\/v2\/posts\/6470","targetHints":{"allow":["GET"]}}],"collection":[{"href":"https:\/\/soy.usac.edu.gt\/index.php?rest_route=\/wp\/v2\/posts"}],"about":[{"href":"https:\/\/soy.usac.edu.gt\/index.php?rest_route=\/wp\/v2\/types\/post"}],"author":[{"embeddable":true,"href":"https:\/\/soy.usac.edu.gt\/index.php?rest_route=\/wp\/v2\/users\/14"}],"replies":[{"embeddable":true,"href":"https:\/\/soy.usac.edu.gt\/index.php?rest_route=%2Fwp%2Fv2%2Fcomments&post=6470"}],"version-history":[{"count":0,"href":"https:\/\/soy.usac.edu.gt\/index.php?rest_route=\/wp\/v2\/posts\/6470\/revisions"}],"wp:featuredmedia":[{"embeddable":true,"href":"https:\/\/soy.usac.edu.gt\/index.php?rest_route=\/wp\/v2\/media\/6477"}],"wp:attachment":[{"href":"https:\/\/soy.usac.edu.gt\/index.php?rest_route=%2Fwp%2Fv2%2Fmedia&parent=6470"}],"wp:term":[{"taxonomy":"category","embeddable":true,"href":"https:\/\/soy.usac.edu.gt\/index.php?rest_route=%2Fwp%2Fv2%2Fcategories&post=6470"},{"taxonomy":"post_tag","embeddable":true,"href":"https:\/\/soy.usac.edu.gt\/index.php?rest_route=%2Fwp%2Fv2%2Ftags&post=6470"}],"curies":[{"name":"wp","href":"https:\/\/api.w.org\/{rel}","templated":true}]}}