{"id":6567,"date":"2019-06-03T15:35:49","date_gmt":"2019-06-03T21:35:49","guid":{"rendered":"https:\/\/soy.usac.edu.gt\/?p=6567"},"modified":"2019-06-12T15:55:31","modified_gmt":"2019-06-12T21:55:31","slug":"usac-y-universidad-chungbuk-de-corea-firman-conveniode-colaboracion-academica","status":"publish","type":"post","link":"https:\/\/soy.usac.edu.gt\/?p=6567","title":{"rendered":"USAC y Universidad Chungbuk de Corea firman convenio de colaboraci\u00f3n acad\u00e9mica"},"content":{"rendered":"\n<p><strong><em>El convenio permite el intercambio de conocimientos acad\u00e9micos, tecnol\u00f3gicos y culturales de ambas universidades.<\/em><\/strong><\/p>\n<p style=\"text-align: justify;\"><br \/>La tricentenaria Universidad de San Carlos de Guatemala y la Universidad Estatal de Chungbuk de Corea del Sur firmaron un convenio de intercambio y colaboraci\u00f3n acad\u00e9mica, cient\u00edfica y cultural en el marco del diplomado de estrategias coreanas de desarrollo.<\/p>\n<h4 style=\"text-align: justify;\">Con la presencia de diplom\u00e1ticos y autoridades universitarias, la actividad inici\u00f3 con la lecci\u00f3n inaugural de estrategias de desarrollo, impartida por el excelent\u00edsimo se\u00f1or embajador de Corea del Sur acreditado en Guatemala, Seok-Hwa Hong.<\/h4>\n<p style=\"text-align: justify;\">\u201cQuiero agradecer a la USAC, especialmente al rector, Murphy Paiz, a quien admiro much\u00edsimo por la labor que ha realizado al abrir este tipo de espacios que promueven acciones puntuales en mejoras universitarias\u00bb, puntualiz\u00f3 el embajador coreano.<\/p>\n<p style=\"text-align: justify;\">En la lecci\u00f3n impartida, dio a conocer c\u00f3mo Corea del Sur aplic\u00f3 las estrategias de desarrollo econ\u00f3mico llamadas El Milagro del R\u00edo Han y el Plan Maestro de Acci\u00f3n Trienal, con el que a trav\u00e9s de alianzas p\u00fablico-privadas lograron el desarrollo industrial y econ\u00f3mico, as\u00ed como mejorar el campo tecnol\u00f3gico.<\/p>\n<p style=\"text-align: justify;\">\u00abCorea pas\u00f3 de ser un pa\u00eds importador a ser un pa\u00eds tecnol\u00f3gico e innovador\u00bb, agreg\u00f3 el diplom\u00e1tico asi\u00e1tico.\u00a0<\/p>\n<p style=\"text-align: justify;\">Como parte del apoyo de Corea del Sur a Guatemala, ese pa\u00eds don\u00f3 m\u00e1s de 200,000 d\u00f3lares para los damnificados por la erupci\u00f3n del Volc\u00e1n de Fuego hace exactamente un a\u00f1o, se inform\u00f3 en la actividad.\u00a0<\/p>\n<p style=\"text-align: justify;\">\u00a0<\/p>\n<h4 style=\"text-align: justify;\"><strong>Participaci\u00f3n en pasant\u00edas<\/strong><\/h4>\n<p style=\"text-align: justify;\"><img loading=\"lazy\" decoding=\"async\" class=\"aligncenter size-full wp-image-6570\" src=\"https:\/\/soy.usac.edu.gt\/wp-content\/uploads\/2019\/06\/IMG_6841.jpg\" alt=\"\" width=\"3120\" height=\"2080\" srcset=\"https:\/\/soy.usac.edu.gt\/wp-content\/uploads\/2019\/06\/IMG_6841.jpg 3120w, https:\/\/soy.usac.edu.gt\/wp-content\/uploads\/2019\/06\/IMG_6841-300x200.jpg 300w, https:\/\/soy.usac.edu.gt\/wp-content\/uploads\/2019\/06\/IMG_6841-768x512.jpg 768w, https:\/\/soy.usac.edu.gt\/wp-content\/uploads\/2019\/06\/IMG_6841-1024x683.jpg 1024w, https:\/\/soy.usac.edu.gt\/wp-content\/uploads\/2019\/06\/IMG_6841-630x420.jpg 630w, https:\/\/soy.usac.edu.gt\/wp-content\/uploads\/2019\/06\/IMG_6841-640x427.jpg 640w, https:\/\/soy.usac.edu.gt\/wp-content\/uploads\/2019\/06\/IMG_6841-681x454.jpg 681w\" sizes=\"auto, (max-width: 3120px) 100vw, 3120px\" \/><br \/>El rector de la USAC, Murphy Paiz, en su discurso, dijo que muchos estudiantes han buscado desarrollar sus conocimientos en Corea.<\/p>\n<p style=\"text-align: justify;\">\u201cGuatemala ha tenido una muy buena relaci\u00f3n con Corea, en algunas de sus universidades encontramos la presencia de estudiantes de Guatemala\u201d, puntualiz\u00f3 el rector, Murphy Paiz.<\/p>\n<p style=\"text-align: justify;\">Agreg\u00f3 que por esa raz\u00f3n se invita a los j\u00f3venes estudiantes a participar en\u00a0 pasant\u00edas junto a docentes en el pa\u00eds asi\u00e1tico, catalogado como uno de los mejores en la aplicaci\u00f3n de un gobierno electr\u00f3nico, que promueve la calidad y transparencia.<\/p>\n<p style=\"text-align: justify;\">Tambi\u00e9n se escuch\u00f3 el pronunciamiento del rector universitario de Chungbuk, Corea del Sur, Sr. Sukab Kim, quien \u00a0enfatiz\u00f3 la importancia del convenio entre ambas universidades estatales.<\/p>\n<p style=\"text-align: justify;\">\u201cEs un honor haber firmado este entendimiento que tiene como fin ampliar el intercambio acad\u00e9mico. El mismo ser\u00e1 la base para la futura colaboraci\u00f3n entre ambas universidades\u201d, enfatiz\u00f3.<\/p>\n<p style=\"text-align: justify;\">La actividad finaliz\u00f3 con un recorrido para la delegaci\u00f3n coreana, en el que conocieron las instalaciones de la USAC.<\/p>\n<div id='gallery-1' class='gallery galleryid-6567 gallery-columns-3 gallery-size-thumbnail'><figure class='gallery-item'>\n\t\t\t<div class='gallery-icon landscape'>\n\t\t\t\t<a href='https:\/\/soy.usac.edu.gt\/?attachment_id=6571'><img loading=\"lazy\" decoding=\"async\" width=\"150\" height=\"150\" src=\"https:\/\/soy.usac.edu.gt\/wp-content\/uploads\/2019\/06\/IMG_6783-150x150.jpg\" class=\"attachment-thumbnail size-thumbnail\" alt=\"\" aria-describedby=\"gallery-1-6571\" \/><\/a>\n\t\t\t<\/div>\n\t\t\t\t<figcaption class='wp-caption-text gallery-caption' id='gallery-1-6571'>\n\t\t\t\tFotograf\u00edas de Elio Morales\n\t\t\t\t<\/figcaption><\/figure><figure class='gallery-item'>\n\t\t\t<div class='gallery-icon landscape'>\n\t\t\t\t<a href='https:\/\/soy.usac.edu.gt\/?attachment_id=6572'><img loading=\"lazy\" decoding=\"async\" width=\"150\" height=\"150\" src=\"https:\/\/soy.usac.edu.gt\/wp-content\/uploads\/2019\/06\/IMG_6811-150x150.jpg\" class=\"attachment-thumbnail size-thumbnail\" alt=\"\" aria-describedby=\"gallery-1-6572\" \/><\/a>\n\t\t\t<\/div>\n\t\t\t\t<figcaption class='wp-caption-text gallery-caption' id='gallery-1-6572'>\n\t\t\t\tFotograf\u00edas de Elio Morales\n\t\t\t\t<\/figcaption><\/figure><figure class='gallery-item'>\n\t\t\t<div class='gallery-icon landscape'>\n\t\t\t\t<a href='https:\/\/soy.usac.edu.gt\/?attachment_id=6573'><img loading=\"lazy\" decoding=\"async\" width=\"150\" height=\"150\" src=\"https:\/\/soy.usac.edu.gt\/wp-content\/uploads\/2019\/06\/IMG_6821-150x150.jpg\" class=\"attachment-thumbnail size-thumbnail\" alt=\"\" aria-describedby=\"gallery-1-6573\" \/><\/a>\n\t\t\t<\/div>\n\t\t\t\t<figcaption class='wp-caption-text gallery-caption' id='gallery-1-6573'>\n\t\t\t\tFotograf\u00edas de Elio Morales\n\t\t\t\t<\/figcaption><\/figure><figure class='gallery-item'>\n\t\t\t<div class='gallery-icon landscape'>\n\t\t\t\t<a href='https:\/\/soy.usac.edu.gt\/?attachment_id=6574'><img loading=\"lazy\" decoding=\"async\" width=\"150\" height=\"150\" src=\"https:\/\/soy.usac.edu.gt\/wp-content\/uploads\/2019\/06\/IMG_6829-150x150.jpg\" class=\"attachment-thumbnail size-thumbnail\" alt=\"\" aria-describedby=\"gallery-1-6574\" \/><\/a>\n\t\t\t<\/div>\n\t\t\t\t<figcaption class='wp-caption-text gallery-caption' id='gallery-1-6574'>\n\t\t\t\tFotograf\u00edas de Elio Morales\n\t\t\t\t<\/figcaption><\/figure><figure class='gallery-item'>\n\t\t\t<div class='gallery-icon landscape'>\n\t\t\t\t<a href='https:\/\/soy.usac.edu.gt\/?attachment_id=6575'><img loading=\"lazy\" decoding=\"async\" width=\"150\" height=\"150\" src=\"https:\/\/soy.usac.edu.gt\/wp-content\/uploads\/2019\/06\/IMG_6831-150x150.jpg\" class=\"attachment-thumbnail size-thumbnail\" alt=\"\" aria-describedby=\"gallery-1-6575\" \/><\/a>\n\t\t\t<\/div>\n\t\t\t\t<figcaption class='wp-caption-text gallery-caption' id='gallery-1-6575'>\n\t\t\t\tFotograf\u00edas de Elio Morales\n\t\t\t\t<\/figcaption><\/figure><figure class='gallery-item'>\n\t\t\t<div class='gallery-icon landscape'>\n\t\t\t\t<a href='https:\/\/soy.usac.edu.gt\/?attachment_id=6576'><img loading=\"lazy\" decoding=\"async\" width=\"150\" height=\"150\" src=\"https:\/\/soy.usac.edu.gt\/wp-content\/uploads\/2019\/06\/IMG_6837-150x150.jpg\" class=\"attachment-thumbnail size-thumbnail\" alt=\"\" aria-describedby=\"gallery-1-6576\" \/><\/a>\n\t\t\t<\/div>\n\t\t\t\t<figcaption class='wp-caption-text gallery-caption' id='gallery-1-6576'>\n\t\t\t\tFotograf\u00edas de Elio Morales\n\t\t\t\t<\/figcaption><\/figure><figure class='gallery-item'>\n\t\t\t<div class='gallery-icon landscape'>\n\t\t\t\t<a href='https:\/\/soy.usac.edu.gt\/?attachment_id=6577'><img loading=\"lazy\" decoding=\"async\" width=\"150\" height=\"150\" src=\"https:\/\/soy.usac.edu.gt\/wp-content\/uploads\/2019\/06\/IMG_6871-150x150.jpg\" class=\"attachment-thumbnail size-thumbnail\" alt=\"\" aria-describedby=\"gallery-1-6577\" \/><\/a>\n\t\t\t<\/div>\n\t\t\t\t<figcaption class='wp-caption-text gallery-caption' id='gallery-1-6577'>\n\t\t\t\tFotograf\u00edas de Elio Morales\n\t\t\t\t<\/figcaption><\/figure><figure class='gallery-item'>\n\t\t\t<div class='gallery-icon landscape'>\n\t\t\t\t<a href='https:\/\/soy.usac.edu.gt\/?attachment_id=6578'><img loading=\"lazy\" decoding=\"async\" width=\"150\" height=\"150\" src=\"https:\/\/soy.usac.edu.gt\/wp-content\/uploads\/2019\/06\/IMG_6874-150x150.jpg\" class=\"attachment-thumbnail size-thumbnail\" alt=\"\" aria-describedby=\"gallery-1-6578\" \/><\/a>\n\t\t\t<\/div>\n\t\t\t\t<figcaption class='wp-caption-text gallery-caption' id='gallery-1-6578'>\n\t\t\t\tFotograf\u00edas de Elio Morales\n\t\t\t\t<\/figcaption><\/figure><figure class='gallery-item'>\n\t\t\t<div class='gallery-icon landscape'>\n\t\t\t\t<a href='https:\/\/soy.usac.edu.gt\/?attachment_id=6579'><img loading=\"lazy\" decoding=\"async\" width=\"150\" height=\"150\" src=\"https:\/\/soy.usac.edu.gt\/wp-content\/uploads\/2019\/06\/IMG_6900-150x150.jpg\" class=\"attachment-thumbnail size-thumbnail\" alt=\"\" aria-describedby=\"gallery-1-6579\" \/><\/a>\n\t\t\t<\/div>\n\t\t\t\t<figcaption class='wp-caption-text gallery-caption' id='gallery-1-6579'>\n\t\t\t\tFotograf\u00edas de Elio Morales\n\t\t\t\t<\/figcaption><\/figure><figure class='gallery-item'>\n\t\t\t<div class='gallery-icon landscape'>\n\t\t\t\t<a href='https:\/\/soy.usac.edu.gt\/?attachment_id=6580'><img loading=\"lazy\" decoding=\"async\" width=\"150\" height=\"150\" src=\"https:\/\/soy.usac.edu.gt\/wp-content\/uploads\/2019\/06\/IMG_6906-150x150.jpg\" class=\"attachment-thumbnail size-thumbnail\" alt=\"\" aria-describedby=\"gallery-1-6580\" \/><\/a>\n\t\t\t<\/div>\n\t\t\t\t<figcaption class='wp-caption-text gallery-caption' id='gallery-1-6580'>\n\t\t\t\tFotograf\u00edas de Elio Morales\n\t\t\t\t<\/figcaption><\/figure><figure class='gallery-item'>\n\t\t\t<div class='gallery-icon landscape'>\n\t\t\t\t<a href='https:\/\/soy.usac.edu.gt\/?attachment_id=6581'><img loading=\"lazy\" decoding=\"async\" width=\"150\" height=\"150\" src=\"https:\/\/soy.usac.edu.gt\/wp-content\/uploads\/2019\/06\/IMG_6928-150x150.jpg\" class=\"attachment-thumbnail size-thumbnail\" alt=\"\" aria-describedby=\"gallery-1-6581\" \/><\/a>\n\t\t\t<\/div>\n\t\t\t\t<figcaption class='wp-caption-text gallery-caption' id='gallery-1-6581'>\n\t\t\t\tFotograf\u00edas de Elio Morales\n\t\t\t\t<\/figcaption><\/figure><figure class='gallery-item'>\n\t\t\t<div class='gallery-icon landscape'>\n\t\t\t\t<a href='https:\/\/soy.usac.edu.gt\/?attachment_id=6582'><img loading=\"lazy\" decoding=\"async\" width=\"150\" height=\"150\" src=\"https:\/\/soy.usac.edu.gt\/wp-content\/uploads\/2019\/06\/IMG_7016-150x150.jpg\" class=\"attachment-thumbnail size-thumbnail\" alt=\"\" aria-describedby=\"gallery-1-6582\" \/><\/a>\n\t\t\t<\/div>\n\t\t\t\t<figcaption class='wp-caption-text gallery-caption' id='gallery-1-6582'>\n\t\t\t\tFotograf\u00edas de Elio Morales\n\t\t\t\t<\/figcaption><\/figure><figure class='gallery-item'>\n\t\t\t<div class='gallery-icon landscape'>\n\t\t\t\t<a href='https:\/\/soy.usac.edu.gt\/?attachment_id=6583'><img loading=\"lazy\" decoding=\"async\" width=\"150\" height=\"150\" src=\"https:\/\/soy.usac.edu.gt\/wp-content\/uploads\/2019\/06\/IMG_7032-150x150.jpg\" class=\"attachment-thumbnail size-thumbnail\" alt=\"\" aria-describedby=\"gallery-1-6583\" \/><\/a>\n\t\t\t<\/div>\n\t\t\t\t<figcaption class='wp-caption-text gallery-caption' id='gallery-1-6583'>\n\t\t\t\tFotograf\u00edas de Elio Morales\n\t\t\t\t<\/figcaption><\/figure><figure class='gallery-item'>\n\t\t\t<div class='gallery-icon landscape'>\n\t\t\t\t<a href='https:\/\/soy.usac.edu.gt\/?attachment_id=6584'><img loading=\"lazy\" decoding=\"async\" width=\"150\" height=\"150\" src=\"https:\/\/soy.usac.edu.gt\/wp-content\/uploads\/2019\/06\/IMG_7053-150x150.jpg\" class=\"attachment-thumbnail size-thumbnail\" alt=\"\" aria-describedby=\"gallery-1-6584\" \/><\/a>\n\t\t\t<\/div>\n\t\t\t\t<figcaption class='wp-caption-text gallery-caption' id='gallery-1-6584'>\n\t\t\t\tFotograf\u00edas de Elio Morales\n\t\t\t\t<\/figcaption><\/figure><figure class='gallery-item'>\n\t\t\t<div class='gallery-icon landscape'>\n\t\t\t\t<a href='https:\/\/soy.usac.edu.gt\/?attachment_id=6585'><img loading=\"lazy\" decoding=\"async\" width=\"150\" height=\"150\" src=\"https:\/\/soy.usac.edu.gt\/wp-content\/uploads\/2019\/06\/IMG_7068-150x150.jpg\" class=\"attachment-thumbnail size-thumbnail\" alt=\"\" aria-describedby=\"gallery-1-6585\" \/><\/a>\n\t\t\t<\/div>\n\t\t\t\t<figcaption class='wp-caption-text gallery-caption' id='gallery-1-6585'>\n\t\t\t\tFotograf\u00edas de Elio Morales\n\t\t\t\t<\/figcaption><\/figure><figure class='gallery-item'>\n\t\t\t<div class='gallery-icon landscape'>\n\t\t\t\t<a href='https:\/\/soy.usac.edu.gt\/?attachment_id=6586'><img loading=\"lazy\" decoding=\"async\" width=\"150\" height=\"150\" src=\"https:\/\/soy.usac.edu.gt\/wp-content\/uploads\/2019\/06\/IMG_7103-150x150.jpg\" class=\"attachment-thumbnail size-thumbnail\" alt=\"\" aria-describedby=\"gallery-1-6586\" \/><\/a>\n\t\t\t<\/div>\n\t\t\t\t<figcaption class='wp-caption-text gallery-caption' id='gallery-1-6586'>\n\t\t\t\tFotograf\u00edas de Elio Morales\n\t\t\t\t<\/figcaption><\/figure>\n\t\t<\/div>\n\n<h4 style=\"text-align: justify;\"><strong>Firma del convenio <\/strong><\/h4>\n<p style=\"text-align: justify;\">En el acto tambi\u00e9n se firm\u00f3 el acuerdo con el Lic. Marco Tulio Cajas, director del Instituto Nacional de Administraci\u00f3n P\u00fablica (INAP). El mismo permite regionalizar una escuela de administraci\u00f3n p\u00fablica que dar\u00e1 vida a cursos, diplomados y posgrados\u00a0 con el apoyo de la Facultad de Ciencias Econ\u00f3micas.<\/p>\n<p style=\"text-align: justify;\">\u201cParte de ese modelo de cambio implica establecer pol\u00edticas p\u00fablicas que como pa\u00eds nos dar\u00e1n una agenda estrat\u00e9gica para constituir un plan formal y serio para un desarrollo pleno\u201d, dijo el rector, Murphy Paiz.\u00a0<\/p>\n<p style=\"text-align: justify;\">Durante julio, al menos tres estudiantes y docentes realizar\u00e1n un intercambio para ampliar sus conocimientos y posteriormente ponerlos a disposici\u00f3n de la Escuela Regional de Administraci\u00f3n P\u00fablica.<\/p>\n<p><img loading=\"lazy\" decoding=\"async\" class=\"aligncenter size-full wp-image-6211\" src=\"https:\/\/soy.usac.edu.gt\/wp-content\/uploads\/2019\/05\/cr\u00e9ditos-christian-2.png\" alt=\"\" width=\"10159\" height=\"3919\" srcset=\"https:\/\/soy.usac.edu.gt\/wp-content\/uploads\/2019\/05\/cr\u00e9ditos-christian-2.png 10159w, https:\/\/soy.usac.edu.gt\/wp-content\/uploads\/2019\/05\/cr\u00e9ditos-christian-2-300x116.png 300w, https:\/\/soy.usac.edu.gt\/wp-content\/uploads\/2019\/05\/cr\u00e9ditos-christian-2-768x296.png 768w, https:\/\/soy.usac.edu.gt\/wp-content\/uploads\/2019\/05\/cr\u00e9ditos-christian-2-1024x395.png 1024w, https:\/\/soy.usac.edu.gt\/wp-content\/uploads\/2019\/05\/cr\u00e9ditos-christian-2-1089x420.png 1089w, https:\/\/soy.usac.edu.gt\/wp-content\/uploads\/2019\/05\/cr\u00e9ditos-christian-2-640x247.png 640w, https:\/\/soy.usac.edu.gt\/wp-content\/uploads\/2019\/05\/cr\u00e9ditos-christian-2-681x263.png 681w\" sizes=\"auto, (max-width: 10159px) 100vw, 10159px\" \/><\/p>\n<p><br \/><br \/><\/p>\n","protected":false},"excerpt":{"rendered":"<p>El convenio permite el intercambio de conocimientos acad\u00e9micos, tecnol\u00f3gicos y culturales de ambas universidades.<\/p>\n","protected":false},"author":1,"featured_media":6568,"comment_status":"closed","ping_status":"open","sticky":false,"template":"","format":"standard","meta":{"_exactmetrics_skip_tracking":false,"_exactmetrics_sitenote_active":false,"_exactmetrics_sitenote_note":"","_exactmetrics_sitenote_category":0,"_jetpack_memberships_contains_paid_content":false,"footnotes":""},"categories":[29,92],"tags":[344,429],"class_list":["post-6567","post","type-post","status-publish","format-standard","has-post-thumbnail","hentry","category-noticias","category-rectoria","tag-becas-estudiantiles","tag-firma-de-convenio"],"aioseo_notices":[],"jetpack_featured_media_url":"https:\/\/soy.usac.edu.gt\/wp-content\/uploads\/2019\/06\/IMG_7042.jpg","views":"","jetpack-related-posts":[{"id":7748,"url":"https:\/\/soy.usac.edu.gt\/?p=7748","url_meta":{"origin":6567,"position":0},"title":"USAC fortalece relaciones con universidades internacionales","author":"Divisi\u00f3n de Publicidad","date":"25 julio, 2019","format":false,"excerpt":"Hoy se llev\u00f3 a cabo la firma de dos cartas de entendimiento: con la Universidad Nacional de Rusia y con una fundaci\u00f3n de estudiantes universitarios de Corea del Sur.","rel":"","context":"En \u00abNoticias\u00bb","block_context":{"text":"Noticias","link":"https:\/\/soy.usac.edu.gt\/?cat=29"},"img":{"alt_text":"","src":"https:\/\/i0.wp.com\/soy.usac.edu.gt\/wp-content\/uploads\/2019\/07\/IMG_6208.jpg?resize=350%2C200&ssl=1","width":350,"height":200,"srcset":"https:\/\/i0.wp.com\/soy.usac.edu.gt\/wp-content\/uploads\/2019\/07\/IMG_6208.jpg?resize=350%2C200&ssl=1 1x, https:\/\/i0.wp.com\/soy.usac.edu.gt\/wp-content\/uploads\/2019\/07\/IMG_6208.jpg?resize=525%2C300&ssl=1 1.5x, https:\/\/i0.wp.com\/soy.usac.edu.gt\/wp-content\/uploads\/2019\/07\/IMG_6208.jpg?resize=700%2C400&ssl=1 2x, https:\/\/i0.wp.com\/soy.usac.edu.gt\/wp-content\/uploads\/2019\/07\/IMG_6208.jpg?resize=1050%2C600&ssl=1 3x, https:\/\/i0.wp.com\/soy.usac.edu.gt\/wp-content\/uploads\/2019\/07\/IMG_6208.jpg?resize=1400%2C800&ssl=1 4x"},"classes":[]},{"id":6591,"url":"https:\/\/soy.usac.edu.gt\/?p=6591","url_meta":{"origin":6567,"position":1},"title":"USAC y Universidad Chungbuk de Corea firman convenio de colaboraci\u00f3n acad\u00e9mica","author":"Divisi\u00f3n de Publicidad","date":"3 junio, 2019","format":"video","excerpt":"USAC y Universidad Chungbuk de Corea firman convenio de colaboraci\u00f3n acad\u00e9mica, lo que generar\u00e1 oportunidades de becas para sancarlistas.","rel":"","context":"En \u00abVideos\u00bb","block_context":{"text":"Videos","link":"https:\/\/soy.usac.edu.gt\/?cat=31"},"img":{"alt_text":"","src":"https:\/\/i0.wp.com\/soy.usac.edu.gt\/wp-content\/uploads\/2019\/06\/sddefault-2.jpg?resize=350%2C200&ssl=1","width":350,"height":200,"srcset":"https:\/\/i0.wp.com\/soy.usac.edu.gt\/wp-content\/uploads\/2019\/06\/sddefault-2.jpg?resize=350%2C200&ssl=1 1x, https:\/\/i0.wp.com\/soy.usac.edu.gt\/wp-content\/uploads\/2019\/06\/sddefault-2.jpg?resize=525%2C300&ssl=1 1.5x"},"classes":[]},{"id":15405,"url":"https:\/\/soy.usac.edu.gt\/?p=15405","url_meta":{"origin":6567,"position":2},"title":"Universidad Polit\u00e9cnica de Chiapas y USAC se unen para estrechar lazos de colaboraci\u00f3n acad\u00e9mica","author":"Divisi\u00f3n de Publicidad","date":"14 octubre, 2021","format":false,"excerpt":"Ambas universidades firmaron una carta de intenci\u00f3n de colaboraci\u00f3n acad\u00e9mica.\u00a0","rel":"","context":"En \u00abNoticias\u00bb","block_context":{"text":"Noticias","link":"https:\/\/soy.usac.edu.gt\/?cat=29"},"img":{"alt_text":"","src":"https:\/\/i0.wp.com\/soy.usac.edu.gt\/wp-content\/uploads\/2021\/10\/WhatsApp-Image-2021-10-14-at-16.58.49.jpeg?resize=350%2C200&ssl=1","width":350,"height":200,"srcset":"https:\/\/i0.wp.com\/soy.usac.edu.gt\/wp-content\/uploads\/2021\/10\/WhatsApp-Image-2021-10-14-at-16.58.49.jpeg?resize=350%2C200&ssl=1 1x, https:\/\/i0.wp.com\/soy.usac.edu.gt\/wp-content\/uploads\/2021\/10\/WhatsApp-Image-2021-10-14-at-16.58.49.jpeg?resize=525%2C300&ssl=1 1.5x, https:\/\/i0.wp.com\/soy.usac.edu.gt\/wp-content\/uploads\/2021\/10\/WhatsApp-Image-2021-10-14-at-16.58.49.jpeg?resize=700%2C400&ssl=1 2x, https:\/\/i0.wp.com\/soy.usac.edu.gt\/wp-content\/uploads\/2021\/10\/WhatsApp-Image-2021-10-14-at-16.58.49.jpeg?resize=1050%2C600&ssl=1 3x"},"classes":[]},{"id":5177,"url":"https:\/\/soy.usac.edu.gt\/?p=5177","url_meta":{"origin":6567,"position":3},"title":"USAC y Universidad de Defensa Nacional de Argentina firman convenio de cooperaci\u00f3n","author":"Divisi\u00f3n de Publicidad","date":"22 marzo, 2019","format":false,"excerpt":"Este convenio dar\u00e1 vida a la cooperaci\u00f3n acad\u00e9mica, cient\u00edfica, tecnol\u00f3gica y cultural entre ambas universidades.","rel":"","context":"En \u00abM\u00e1s Noticias\u00bb","block_context":{"text":"M\u00e1s Noticias","link":"https:\/\/soy.usac.edu.gt\/?cat=96"},"img":{"alt_text":"","src":"https:\/\/i0.wp.com\/soy.usac.edu.gt\/wp-content\/uploads\/2019\/03\/1-4.jpg?resize=350%2C200&ssl=1","width":350,"height":200,"srcset":"https:\/\/i0.wp.com\/soy.usac.edu.gt\/wp-content\/uploads\/2019\/03\/1-4.jpg?resize=350%2C200&ssl=1 1x, https:\/\/i0.wp.com\/soy.usac.edu.gt\/wp-content\/uploads\/2019\/03\/1-4.jpg?resize=525%2C300&ssl=1 1.5x, https:\/\/i0.wp.com\/soy.usac.edu.gt\/wp-content\/uploads\/2019\/03\/1-4.jpg?resize=700%2C400&ssl=1 2x, https:\/\/i0.wp.com\/soy.usac.edu.gt\/wp-content\/uploads\/2019\/03\/1-4.jpg?resize=1050%2C600&ssl=1 3x, https:\/\/i0.wp.com\/soy.usac.edu.gt\/wp-content\/uploads\/2019\/03\/1-4.jpg?resize=1400%2C800&ssl=1 4x"},"classes":[]},{"id":7394,"url":"https:\/\/soy.usac.edu.gt\/?p=7394","url_meta":{"origin":6567,"position":4},"title":"Sancarlistas podr\u00e1n estudiar Maestr\u00eda de Gesti\u00f3n de Riesgos y Cambio Clim\u00e1tico","author":"Divisi\u00f3n de Publicidad","date":"12 julio, 2019","format":false,"excerpt":"La USAC firm\u00f3 un convenio marco con la Universidad de Ciencias y Artes de Chiapas UNICACH para la realizaci\u00f3n de actividades conjuntas.","rel":"","context":"En \u00abNoticias\u00bb","block_context":{"text":"Noticias","link":"https:\/\/soy.usac.edu.gt\/?cat=29"},"img":{"alt_text":"","src":"https:\/\/i0.wp.com\/soy.usac.edu.gt\/wp-content\/uploads\/2019\/07\/FIRMA-DE-CONVENIO-ENTRE-CHIAPAS-Y-USAC-4.jpg?resize=350%2C200&ssl=1","width":350,"height":200,"srcset":"https:\/\/i0.wp.com\/soy.usac.edu.gt\/wp-content\/uploads\/2019\/07\/FIRMA-DE-CONVENIO-ENTRE-CHIAPAS-Y-USAC-4.jpg?resize=350%2C200&ssl=1 1x, https:\/\/i0.wp.com\/soy.usac.edu.gt\/wp-content\/uploads\/2019\/07\/FIRMA-DE-CONVENIO-ENTRE-CHIAPAS-Y-USAC-4.jpg?resize=525%2C300&ssl=1 1.5x, https:\/\/i0.wp.com\/soy.usac.edu.gt\/wp-content\/uploads\/2019\/07\/FIRMA-DE-CONVENIO-ENTRE-CHIAPAS-Y-USAC-4.jpg?resize=700%2C400&ssl=1 2x, https:\/\/i0.wp.com\/soy.usac.edu.gt\/wp-content\/uploads\/2019\/07\/FIRMA-DE-CONVENIO-ENTRE-CHIAPAS-Y-USAC-4.jpg?resize=1050%2C600&ssl=1 3x, https:\/\/i0.wp.com\/soy.usac.edu.gt\/wp-content\/uploads\/2019\/07\/FIRMA-DE-CONVENIO-ENTRE-CHIAPAS-Y-USAC-4.jpg?resize=1400%2C800&ssl=1 4x"},"classes":[]},{"id":10294,"url":"https:\/\/soy.usac.edu.gt\/?p=10294","url_meta":{"origin":6567,"position":5},"title":"Corea y USAC llevar\u00e1n educaci\u00f3n a ni\u00f1os de escasos recursos","author":"Edwin Medina","date":"17 enero, 2020","format":false,"excerpt":"Estudiantes de ambas universidades dar\u00e1n talleres formativos en una casa hogar de la z. 6 de la ciudad de Guatemala.","rel":"","context":"En \u00abEstudiantes\u00bb","block_context":{"text":"Estudiantes","link":"https:\/\/soy.usac.edu.gt\/?cat=585"},"img":{"alt_text":"","src":"https:\/\/i0.wp.com\/soy.usac.edu.gt\/wp-content\/uploads\/2020\/01\/WhatsApp-Image-2020-01-17-at-14.38.08-2.jpeg?resize=350%2C200&ssl=1","width":350,"height":200,"srcset":"https:\/\/i0.wp.com\/soy.usac.edu.gt\/wp-content\/uploads\/2020\/01\/WhatsApp-Image-2020-01-17-at-14.38.08-2.jpeg?resize=350%2C200&ssl=1 1x, https:\/\/i0.wp.com\/soy.usac.edu.gt\/wp-content\/uploads\/2020\/01\/WhatsApp-Image-2020-01-17-at-14.38.08-2.jpeg?resize=525%2C300&ssl=1 1.5x, https:\/\/i0.wp.com\/soy.usac.edu.gt\/wp-content\/uploads\/2020\/01\/WhatsApp-Image-2020-01-17-at-14.38.08-2.jpeg?resize=700%2C400&ssl=1 2x"},"classes":[]}],"jetpack_sharing_enabled":true,"_links":{"self":[{"href":"https:\/\/soy.usac.edu.gt\/index.php?rest_route=\/wp\/v2\/posts\/6567","targetHints":{"allow":["GET"]}}],"collection":[{"href":"https:\/\/soy.usac.edu.gt\/index.php?rest_route=\/wp\/v2\/posts"}],"about":[{"href":"https:\/\/soy.usac.edu.gt\/index.php?rest_route=\/wp\/v2\/types\/post"}],"author":[{"embeddable":true,"href":"https:\/\/soy.usac.edu.gt\/index.php?rest_route=\/wp\/v2\/users\/1"}],"replies":[{"embeddable":true,"href":"https:\/\/soy.usac.edu.gt\/index.php?rest_route=%2Fwp%2Fv2%2Fcomments&post=6567"}],"version-history":[{"count":0,"href":"https:\/\/soy.usac.edu.gt\/index.php?rest_route=\/wp\/v2\/posts\/6567\/revisions"}],"wp:featuredmedia":[{"embeddable":true,"href":"https:\/\/soy.usac.edu.gt\/index.php?rest_route=\/wp\/v2\/media\/6568"}],"wp:attachment":[{"href":"https:\/\/soy.usac.edu.gt\/index.php?rest_route=%2Fwp%2Fv2%2Fmedia&parent=6567"}],"wp:term":[{"taxonomy":"category","embeddable":true,"href":"https:\/\/soy.usac.edu.gt\/index.php?rest_route=%2Fwp%2Fv2%2Fcategories&post=6567"},{"taxonomy":"post_tag","embeddable":true,"href":"https:\/\/soy.usac.edu.gt\/index.php?rest_route=%2Fwp%2Fv2%2Ftags&post=6567"}],"curies":[{"name":"wp","href":"https:\/\/api.w.org\/{rel}","templated":true}]}}