{"id":6612,"date":"2019-06-06T09:14:38","date_gmt":"2019-06-06T15:14:38","guid":{"rendered":"https:\/\/soy.usac.edu.gt\/?p=6612"},"modified":"2019-06-12T15:54:15","modified_gmt":"2019-06-12T21:54:15","slug":"facultad-de-ingenieria-realiza-foro-con-candidatos-presidenciales","status":"publish","type":"post","link":"https:\/\/soy.usac.edu.gt\/?p=6612","title":{"rendered":"Facultad de Ingenier\u00eda realiza foro con candidatos presidenciales"},"content":{"rendered":"\n<h2 style=\"text-align: left;\"><em><strong>Cinco candidatos participan en foro presidencial.\u00a0<\/strong><\/em><\/h2>\n<p style=\"text-align: justify;\">La Facultad de Ingenier\u00eda realiz\u00f3 un foro sobre la administraci\u00f3n y ejecuci\u00f3n p\u00fablica, en el que participaron cinco de los candidatos a la presidencia del Organismo Ejecutivo, a quienes el secretario general de ese centro de estudios superiores, \u00a0Arq. Carlos Valladares, entreg\u00f3 la Agenda Estrat\u00e9gica 2024, una propuesta realizada por el Instituto de Investigaci\u00f3n de los Problemas Nacionales (IPNUSAC), con el objetivo de fomentar el aspecto cient\u00edfico y acad\u00e9mico de la campa\u00f1a electoral.<\/p>\n<p style=\"text-align: justify;\">Manfredo Marroqu\u00edn (Encuentro por Guatemala), Jos\u00e9 Luis Chea Urruela (Productividad y Trabajo), Am\u00edlcar Rivera (Victoria), Benito Morales (Convergencia) y Manuel Villacorta (Winaq) fueron los candidatos que asistieron al foro universitario que les brind\u00f3 la oportunidad de exponer propuestas concretas en torno a la delincuencia, el Parlamento Centroamericano, la Comisi\u00f3n Internacional Contra la Impunidad en Guatemala (CICIG), la econom\u00eda social y otros temas relacionados con las funciones del gobierno central.<\/p>\n<div id='gallery-1' class='gallery galleryid-6612 gallery-columns-3 gallery-size-thumbnail'><figure class='gallery-item'>\n\t\t\t<div class='gallery-icon landscape'>\n\t\t\t\t<a href='https:\/\/soy.usac.edu.gt\/?attachment_id=6614'><img loading=\"lazy\" decoding=\"async\" width=\"150\" height=\"150\" src=\"https:\/\/soy.usac.edu.gt\/wp-content\/uploads\/2019\/06\/20190605_171118-150x150.jpg\" class=\"attachment-thumbnail size-thumbnail\" alt=\"\" aria-describedby=\"gallery-1-6614\" \/><\/a>\n\t\t\t<\/div>\n\t\t\t\t<figcaption class='wp-caption-text gallery-caption' id='gallery-1-6614'>\n\t\t\t\tDe izquierda a derecha: Manfredo Marroqu\u00edn (Encuentro por Guatemala). Jos\u00e9 Luis Chea Urruela (Productividad y Trabajo). Am\u00edlcar Rivera (Victoria). Benito Morales (Convergencia). Manuel Villacorta (Winaq)\n\t\t\t\t<\/figcaption><\/figure><figure class='gallery-item'>\n\t\t\t<div class='gallery-icon landscape'>\n\t\t\t\t<a href='https:\/\/soy.usac.edu.gt\/?attachment_id=6620'><img loading=\"lazy\" decoding=\"async\" width=\"150\" height=\"150\" src=\"https:\/\/soy.usac.edu.gt\/wp-content\/uploads\/2019\/06\/20190605_185059-150x150.jpg\" class=\"attachment-thumbnail size-thumbnail\" alt=\"\" \/><\/a>\n\t\t\t<\/div><\/figure><figure class='gallery-item'>\n\t\t\t<div class='gallery-icon landscape'>\n\t\t\t\t<a href='https:\/\/soy.usac.edu.gt\/?attachment_id=6619'><img loading=\"lazy\" decoding=\"async\" width=\"150\" height=\"150\" src=\"https:\/\/soy.usac.edu.gt\/wp-content\/uploads\/2019\/06\/20190605_180045-150x150.jpg\" class=\"attachment-thumbnail size-thumbnail\" alt=\"\" \/><\/a>\n\t\t\t<\/div><\/figure><figure class='gallery-item'>\n\t\t\t<div class='gallery-icon landscape'>\n\t\t\t\t<a href='https:\/\/soy.usac.edu.gt\/?attachment_id=6618'><img loading=\"lazy\" decoding=\"async\" width=\"150\" height=\"150\" src=\"https:\/\/soy.usac.edu.gt\/wp-content\/uploads\/2019\/06\/20190605_172910-150x150.jpg\" class=\"attachment-thumbnail size-thumbnail\" alt=\"\" \/><\/a>\n\t\t\t<\/div><\/figure><figure class='gallery-item'>\n\t\t\t<div class='gallery-icon landscape'>\n\t\t\t\t<a href='https:\/\/soy.usac.edu.gt\/?attachment_id=6617'><img loading=\"lazy\" decoding=\"async\" width=\"150\" height=\"150\" src=\"https:\/\/soy.usac.edu.gt\/wp-content\/uploads\/2019\/06\/20190605_172215-150x150.jpg\" class=\"attachment-thumbnail size-thumbnail\" alt=\"\" \/><\/a>\n\t\t\t<\/div><\/figure><figure class='gallery-item'>\n\t\t\t<div class='gallery-icon landscape'>\n\t\t\t\t<a href='https:\/\/soy.usac.edu.gt\/?attachment_id=6616'><img loading=\"lazy\" decoding=\"async\" width=\"150\" height=\"150\" src=\"https:\/\/soy.usac.edu.gt\/wp-content\/uploads\/2019\/06\/20190605_171558-150x150.jpg\" class=\"attachment-thumbnail size-thumbnail\" alt=\"\" aria-describedby=\"gallery-1-6616\" \/><\/a>\n\t\t\t<\/div>\n\t\t\t\t<figcaption class='wp-caption-text gallery-caption' id='gallery-1-6616'>\n\t\t\t\t Ing. Pedro Antonio Aguilar Polanco, decano de la Facultad de Ingenier\u00eda.\n\t\t\t\t<\/figcaption><\/figure>\n\t\t<\/div>\n\n<p style=\"text-align: justify;\">El decano de la Facultad de Ingenier\u00eda, Ing. Pedro Aguilar, dijo: \u201cHa resultado complicado conocer los planes de trabajo de los candidatos a la presidencia; por tal raz\u00f3n, esta unidad acad\u00e9mica organiz\u00f3 el foro con el objetivo de conocer las ideas que tienen para rescatar el pa\u00eds, cuya riqueza est\u00e1 concentrada en pocas manos, y por lo cual hay una alto porcentaje de la poblaci\u00f3n viviendo con pobreza extrema y desnutrici\u00f3n\u201d. Manifest\u00f3 que para cambiar esas y otras condiciones es necesario erradicar la corrupci\u00f3n, trabajar por el desarrollo colectivo y respetar la decisi\u00f3n de los guatemaltecos en el siguiente proceso electoral.<\/p>\n<p><img loading=\"lazy\" decoding=\"async\" class=\"aligncenter size-full wp-image-6322\" src=\"https:\/\/soy.usac.edu.gt\/wp-content\/uploads\/2019\/05\/Cre\u0301ditos-prensa-26.png\" alt=\"\" width=\"5079\" height=\"1960\" srcset=\"https:\/\/soy.usac.edu.gt\/wp-content\/uploads\/2019\/05\/Cre\u0301ditos-prensa-26.png 5079w, https:\/\/soy.usac.edu.gt\/wp-content\/uploads\/2019\/05\/Cre\u0301ditos-prensa-26-300x116.png 300w, https:\/\/soy.usac.edu.gt\/wp-content\/uploads\/2019\/05\/Cre\u0301ditos-prensa-26-768x296.png 768w, https:\/\/soy.usac.edu.gt\/wp-content\/uploads\/2019\/05\/Cre\u0301ditos-prensa-26-1024x395.png 1024w, https:\/\/soy.usac.edu.gt\/wp-content\/uploads\/2019\/05\/Cre\u0301ditos-prensa-26-1088x420.png 1088w, https:\/\/soy.usac.edu.gt\/wp-content\/uploads\/2019\/05\/Cre\u0301ditos-prensa-26-640x247.png 640w, https:\/\/soy.usac.edu.gt\/wp-content\/uploads\/2019\/05\/Cre\u0301ditos-prensa-26-681x263.png 681w\" sizes=\"auto, (max-width: 5079px) 100vw, 5079px\" \/><\/p>\n","protected":false},"excerpt":{"rendered":"<p>Cinco candidatos participan en foro presidencial.\u00a0<\/p>\n","protected":false},"author":16,"featured_media":6615,"comment_status":"closed","ping_status":"open","sticky":false,"template":"","format":"standard","meta":{"_exactmetrics_skip_tracking":false,"_exactmetrics_sitenote_active":false,"_exactmetrics_sitenote_note":"","_exactmetrics_sitenote_category":0,"_jetpack_memberships_contains_paid_content":false,"footnotes":""},"categories":[96,29],"tags":[284,362,285],"class_list":["post-6612","post","type-post","status-publish","format-standard","has-post-thumbnail","hentry","category-mas-noticias","category-noticias","tag-elecciones-generales-2019","tag-observatorio-electoral","tag-tribunal-supremo-electoral"],"aioseo_notices":[],"jetpack_featured_media_url":"https:\/\/soy.usac.edu.gt\/wp-content\/uploads\/2019\/06\/20190605_171205.jpg","views":"","jetpack-related-posts":[{"id":5701,"url":"https:\/\/soy.usac.edu.gt\/?p=5701","url_meta":{"origin":6612,"position":0},"title":"CEUR realiza el foro \u201cDesaf\u00edos de la gesti\u00f3n municipal\u201d","author":"Erick Iv\u00e1n de Le\u00f3n","date":"29 abril, 2019","format":false,"excerpt":"El Centro de Estudios Urbanos y Regionales (CEUR) realiz\u00f3 el foro \u201cDesaf\u00edos de la gesti\u00f3n municipal\u201d, en el que participaron los candidatos a la alcald\u00eda de la Ciudad de Guatemala, a quienes se les entregaron publicaciones acad\u00e9micas recientes con el objetivo de fomentar el aspecto acad\u00e9mico en la campa\u00f1a electora","rel":"","context":"En \u00abNoticias\u00bb","block_context":{"text":"Noticias","link":"https:\/\/soy.usac.edu.gt\/?cat=29"},"img":{"alt_text":"","src":"https:\/\/i0.wp.com\/soy.usac.edu.gt\/wp-content\/uploads\/2019\/04\/1-destacada.jpg?resize=350%2C200&ssl=1","width":350,"height":200,"srcset":"https:\/\/i0.wp.com\/soy.usac.edu.gt\/wp-content\/uploads\/2019\/04\/1-destacada.jpg?resize=350%2C200&ssl=1 1x, https:\/\/i0.wp.com\/soy.usac.edu.gt\/wp-content\/uploads\/2019\/04\/1-destacada.jpg?resize=525%2C300&ssl=1 1.5x, https:\/\/i0.wp.com\/soy.usac.edu.gt\/wp-content\/uploads\/2019\/04\/1-destacada.jpg?resize=700%2C400&ssl=1 2x, https:\/\/i0.wp.com\/soy.usac.edu.gt\/wp-content\/uploads\/2019\/04\/1-destacada.jpg?resize=1050%2C600&ssl=1 3x, https:\/\/i0.wp.com\/soy.usac.edu.gt\/wp-content\/uploads\/2019\/04\/1-destacada.jpg?resize=1400%2C800&ssl=1 4x"},"classes":[]},{"id":16350,"url":"https:\/\/soy.usac.edu.gt\/?p=16350","url_meta":{"origin":6612,"position":1},"title":"Conoce el proceso de elecci\u00f3n de rector","author":"Divisi\u00f3n de Publicidad","date":"2 febrero, 2022","format":false,"excerpt":"La designaci\u00f3n de los cuerpos electorales se realizar\u00e1 el 23 de marzo y la selecci\u00f3n del rector, el 27 de abril.\u00a0","rel":"","context":"En \u00abEntrevistas\u00bb","block_context":{"text":"Entrevistas","link":"https:\/\/soy.usac.edu.gt\/?cat=152"},"img":{"alt_text":"","src":"https:\/\/i0.wp.com\/soy.usac.edu.gt\/wp-content\/uploads\/2022\/02\/WhatsApp-Image-2022-02-02-at-9.20.11-AM-1.jpeg?resize=350%2C200&ssl=1","width":350,"height":200,"srcset":"https:\/\/i0.wp.com\/soy.usac.edu.gt\/wp-content\/uploads\/2022\/02\/WhatsApp-Image-2022-02-02-at-9.20.11-AM-1.jpeg?resize=350%2C200&ssl=1 1x, https:\/\/i0.wp.com\/soy.usac.edu.gt\/wp-content\/uploads\/2022\/02\/WhatsApp-Image-2022-02-02-at-9.20.11-AM-1.jpeg?resize=525%2C300&ssl=1 1.5x, https:\/\/i0.wp.com\/soy.usac.edu.gt\/wp-content\/uploads\/2022\/02\/WhatsApp-Image-2022-02-02-at-9.20.11-AM-1.jpeg?resize=700%2C400&ssl=1 2x, https:\/\/i0.wp.com\/soy.usac.edu.gt\/wp-content\/uploads\/2022\/02\/WhatsApp-Image-2022-02-02-at-9.20.11-AM-1.jpeg?resize=1050%2C600&ssl=1 3x"},"classes":[]},{"id":10398,"url":"https:\/\/soy.usac.edu.gt\/?p=10398","url_meta":{"origin":6612,"position":2},"title":"Comisi\u00f3n postuladora de candidatos a magistrados del TSE inicia proceso","author":"Erick Iv\u00e1n de Le\u00f3n","date":"22 enero, 2020","format":false,"excerpt":"La comisi\u00f3n estableci\u00f3 su cronograma de trabajo y est\u00e1n pr\u00f3ximos a lanzar la convocatoria oficial para recibir expedientes de postulantes.\u00a0","rel":"","context":"En \u00abNoticias\u00bb","block_context":{"text":"Noticias","link":"https:\/\/soy.usac.edu.gt\/?cat=29"},"img":{"alt_text":"","src":"https:\/\/i0.wp.com\/soy.usac.edu.gt\/wp-content\/uploads\/2020\/01\/COMISION-POSTULADORA-TSE.-002.jpg?resize=350%2C200&ssl=1","width":350,"height":200,"srcset":"https:\/\/i0.wp.com\/soy.usac.edu.gt\/wp-content\/uploads\/2020\/01\/COMISION-POSTULADORA-TSE.-002.jpg?resize=350%2C200&ssl=1 1x, https:\/\/i0.wp.com\/soy.usac.edu.gt\/wp-content\/uploads\/2020\/01\/COMISION-POSTULADORA-TSE.-002.jpg?resize=525%2C300&ssl=1 1.5x, https:\/\/i0.wp.com\/soy.usac.edu.gt\/wp-content\/uploads\/2020\/01\/COMISION-POSTULADORA-TSE.-002.jpg?resize=700%2C400&ssl=1 2x, https:\/\/i0.wp.com\/soy.usac.edu.gt\/wp-content\/uploads\/2020\/01\/COMISION-POSTULADORA-TSE.-002.jpg?resize=1050%2C600&ssl=1 3x, https:\/\/i0.wp.com\/soy.usac.edu.gt\/wp-content\/uploads\/2020\/01\/COMISION-POSTULADORA-TSE.-002.jpg?resize=1400%2C800&ssl=1 4x"},"classes":[]},{"id":6143,"url":"https:\/\/soy.usac.edu.gt\/?p=6143","url_meta":{"origin":6612,"position":3},"title":"Candidatos a alcalde reciben agenda estrat\u00e9gica","author":"Divisi\u00f3n de Publicidad","date":"17 mayo, 2019","format":false,"excerpt":"Esta casa de estudios y la Asamblea de Presidentes de los Colegios Profesionales de Guatemala organizaron un foro en el que entregaron a 13 candidatos a alcalde de la capital un plan estrat\u00e9gico de pa\u00eds.","rel":"","context":"En \u00abNoticias\u00bb","block_context":{"text":"Noticias","link":"https:\/\/soy.usac.edu.gt\/?cat=29"},"img":{"alt_text":"","src":"https:\/\/i0.wp.com\/soy.usac.edu.gt\/wp-content\/uploads\/2019\/05\/WhatsApp-Image-2019-05-16-at-19.38.58.jpeg?resize=350%2C200&ssl=1","width":350,"height":200,"srcset":"https:\/\/i0.wp.com\/soy.usac.edu.gt\/wp-content\/uploads\/2019\/05\/WhatsApp-Image-2019-05-16-at-19.38.58.jpeg?resize=350%2C200&ssl=1 1x, https:\/\/i0.wp.com\/soy.usac.edu.gt\/wp-content\/uploads\/2019\/05\/WhatsApp-Image-2019-05-16-at-19.38.58.jpeg?resize=525%2C300&ssl=1 1.5x, https:\/\/i0.wp.com\/soy.usac.edu.gt\/wp-content\/uploads\/2019\/05\/WhatsApp-Image-2019-05-16-at-19.38.58.jpeg?resize=700%2C400&ssl=1 2x, https:\/\/i0.wp.com\/soy.usac.edu.gt\/wp-content\/uploads\/2019\/05\/WhatsApp-Image-2019-05-16-at-19.38.58.jpeg?resize=1050%2C600&ssl=1 3x"},"classes":[]},{"id":2779,"url":"https:\/\/soy.usac.edu.gt\/?p=2779","url_meta":{"origin":6612,"position":4},"title":"Estudiantes de la Usac ayudar\u00e1n al TSE con empadronamientos","author":"Divisi\u00f3n de Publicidad","date":"30 octubre, 2018","format":false,"excerpt":"La Universidad de San Carlos realiz\u00f3 una alianza con el Tribunal Supremo Electoral (TSE) para que los estudiantes sancarlistas realicen un voluntariado c\u00edvico, con el fin de realizar en los proximos meses el trabajo de empadronamiento a nivel nacional. Con el fin de motivar a la participaci\u00f3n ciudadana en las\u2026","rel":"","context":"En \u00abNoticias\u00bb","block_context":{"text":"Noticias","link":"https:\/\/soy.usac.edu.gt\/?cat=29"},"img":{"alt_text":"","src":"https:\/\/i0.wp.com\/soy.usac.edu.gt\/wp-content\/uploads\/2018\/10\/elecciones-generales.jpg?resize=350%2C200&ssl=1","width":350,"height":200,"srcset":"https:\/\/i0.wp.com\/soy.usac.edu.gt\/wp-content\/uploads\/2018\/10\/elecciones-generales.jpg?resize=350%2C200&ssl=1 1x, https:\/\/i0.wp.com\/soy.usac.edu.gt\/wp-content\/uploads\/2018\/10\/elecciones-generales.jpg?resize=525%2C300&ssl=1 1.5x, https:\/\/i0.wp.com\/soy.usac.edu.gt\/wp-content\/uploads\/2018\/10\/elecciones-generales.jpg?resize=700%2C400&ssl=1 2x"},"classes":[]},{"id":6729,"url":"https:\/\/soy.usac.edu.gt\/?p=6729","url_meta":{"origin":6612,"position":5},"title":"Los observadores cuidar\u00e1n tu voto","author":"Divisi\u00f3n de Publicidad","date":"13 junio, 2019","format":false,"excerpt":"La Misi\u00f3n de Observaci\u00f3n de la Universidad de San Carlos de Guatemala es la m\u00e1s grande y representativa del pa\u00eds. Cuenta con observadores de alto nivel que trabajar\u00e1n ad hon\u00f3rem como un servicio c\u00edvico para Guatemala.","rel":"","context":"En \u00abNoticias\u00bb","block_context":{"text":"Noticias","link":"https:\/\/soy.usac.edu.gt\/?cat=29"},"img":{"alt_text":"","src":"https:\/\/i0.wp.com\/soy.usac.edu.gt\/wp-content\/uploads\/2019\/06\/9-copia.jpg?resize=350%2C200&ssl=1","width":350,"height":200,"srcset":"https:\/\/i0.wp.com\/soy.usac.edu.gt\/wp-content\/uploads\/2019\/06\/9-copia.jpg?resize=350%2C200&ssl=1 1x, https:\/\/i0.wp.com\/soy.usac.edu.gt\/wp-content\/uploads\/2019\/06\/9-copia.jpg?resize=525%2C300&ssl=1 1.5x, https:\/\/i0.wp.com\/soy.usac.edu.gt\/wp-content\/uploads\/2019\/06\/9-copia.jpg?resize=700%2C400&ssl=1 2x, https:\/\/i0.wp.com\/soy.usac.edu.gt\/wp-content\/uploads\/2019\/06\/9-copia.jpg?resize=1050%2C600&ssl=1 3x, https:\/\/i0.wp.com\/soy.usac.edu.gt\/wp-content\/uploads\/2019\/06\/9-copia.jpg?resize=1400%2C800&ssl=1 4x"},"classes":[]}],"jetpack_sharing_enabled":true,"_links":{"self":[{"href":"https:\/\/soy.usac.edu.gt\/index.php?rest_route=\/wp\/v2\/posts\/6612","targetHints":{"allow":["GET"]}}],"collection":[{"href":"https:\/\/soy.usac.edu.gt\/index.php?rest_route=\/wp\/v2\/posts"}],"about":[{"href":"https:\/\/soy.usac.edu.gt\/index.php?rest_route=\/wp\/v2\/types\/post"}],"author":[{"embeddable":true,"href":"https:\/\/soy.usac.edu.gt\/index.php?rest_route=\/wp\/v2\/users\/16"}],"replies":[{"embeddable":true,"href":"https:\/\/soy.usac.edu.gt\/index.php?rest_route=%2Fwp%2Fv2%2Fcomments&post=6612"}],"version-history":[{"count":0,"href":"https:\/\/soy.usac.edu.gt\/index.php?rest_route=\/wp\/v2\/posts\/6612\/revisions"}],"wp:featuredmedia":[{"embeddable":true,"href":"https:\/\/soy.usac.edu.gt\/index.php?rest_route=\/wp\/v2\/media\/6615"}],"wp:attachment":[{"href":"https:\/\/soy.usac.edu.gt\/index.php?rest_route=%2Fwp%2Fv2%2Fmedia&parent=6612"}],"wp:term":[{"taxonomy":"category","embeddable":true,"href":"https:\/\/soy.usac.edu.gt\/index.php?rest_route=%2Fwp%2Fv2%2Fcategories&post=6612"},{"taxonomy":"post_tag","embeddable":true,"href":"https:\/\/soy.usac.edu.gt\/index.php?rest_route=%2Fwp%2Fv2%2Ftags&post=6612"}],"curies":[{"name":"wp","href":"https:\/\/api.w.org\/{rel}","templated":true}]}}