{"id":6630,"date":"2019-06-07T15:18:07","date_gmt":"2019-06-07T21:18:07","guid":{"rendered":"https:\/\/soy.usac.edu.gt\/?p=6630"},"modified":"2019-06-07T15:18:07","modified_gmt":"2019-06-07T21:18:07","slug":"honor-a-quien-honor-merece","status":"publish","type":"post","link":"https:\/\/soy.usac.edu.gt\/?p=6630","title":{"rendered":"Honor a quien honor merece"},"content":{"rendered":"\n<h4 style=\"text-align: justify;\"><em>La USAC entreg\u00f3 la distinci\u00f3n de doctor honoris causa a Jos\u00e9 Antonio M\u00f3bil \u00a0Beltet\u00f3n <\/em>en el Sal\u00f3n Mayor del Museo de la Universidad de San Carlos de Guatemala (MUSAC).<\/h4>\n<p style=\"text-align: justify;\">La Universidad de San Carlos de Guatemala entrega el doctorado honoris causa a personajes que han dejado huella en la historia del pa\u00eds, como lo es el caso de\u00a0\u00a0 Antonio M\u00f3bil.<\/p>\n<p style=\"text-align: justify;\">Al emotivo acto, realizado el 7 de junio,\u00a0 asistieron familiares, amigos y colegas del destacado escritor y pol\u00edtico, quien se ha caracterizado por apoyar los procesos revolucionarios para consolidar la democracia y justicia en Guatemala desde que era universitario.<\/p>\n<p style=\"text-align: justify;\">En una entrevista record\u00f3\u00a0 que desde los 19 a\u00f1os ingres\u00f3 a esta casa de estudios superiores: \u201cAqu\u00ed\u00a0 pas\u00e9 el mejor tiempo de mi vida, no solo estudiaba, sino que tambi\u00e9n aprend\u00ed un poco a ser bohemio y todo lo que debe saber un estudiante de derecho\u201d, expres\u00f3 con una sonrisa.<\/p>\n<figure id=\"attachment_6633\" aria-describedby=\"caption-attachment-6633\" style=\"width: 3120px\" class=\"wp-caption aligncenter\"><img loading=\"lazy\" decoding=\"async\" class=\"size-full wp-image-6633\" src=\"https:\/\/soy.usac.edu.gt\/wp-content\/uploads\/2019\/06\/3-1.jpg\" alt=\"\" width=\"3120\" height=\"2080\" srcset=\"https:\/\/soy.usac.edu.gt\/wp-content\/uploads\/2019\/06\/3-1.jpg 3120w, https:\/\/soy.usac.edu.gt\/wp-content\/uploads\/2019\/06\/3-1-300x200.jpg 300w, https:\/\/soy.usac.edu.gt\/wp-content\/uploads\/2019\/06\/3-1-768x512.jpg 768w, https:\/\/soy.usac.edu.gt\/wp-content\/uploads\/2019\/06\/3-1-1024x683.jpg 1024w, https:\/\/soy.usac.edu.gt\/wp-content\/uploads\/2019\/06\/3-1-630x420.jpg 630w, https:\/\/soy.usac.edu.gt\/wp-content\/uploads\/2019\/06\/3-1-640x427.jpg 640w, https:\/\/soy.usac.edu.gt\/wp-content\/uploads\/2019\/06\/3-1-681x454.jpg 681w\" sizes=\"auto, (max-width: 3120px) 100vw, 3120px\" \/><figcaption id=\"caption-attachment-6633\" class=\"wp-caption-text\">Publico asistente.<\/figcaption><\/figure>\n<p>\u00a0<\/p>\n<blockquote class=\"td_quote_box td_box_center\">\n<h4 style=\"text-align: justify;\">Durante 1944-1954 conoci\u00f3 los problemas que conlleva la b\u00fasqueda de la libertad y la libre convivencia.<\/h4>\n<\/blockquote>\n<p>\u00a0<\/p>\n<p style=\"text-align: justify;\">Antonio M\u00f3bil estudi\u00f3 en la Facultad de Ciencias Jur\u00eddicas y Sociales durante seis a\u00f1os, ya que durante la contrarrevoluci\u00f3n tuvo que salir exiliado hacia Chile. Al retornar, aport\u00f3 libros que son considerados verdaderos tesoros para la literatura guatemalteca.<\/p>\n<p style=\"text-align: justify;\">Al volver al pa\u00eds apoy\u00f3 a j\u00f3venes escritores y les abri\u00f3 la puerta para que pudieran adentrarse en el mundo de las letras.<\/p>\n<p style=\"text-align: justify;\">\u201cLo recuerdo por ser\u00a0 irreverente y generoso\u201d, afirm\u00f3 el doctor Carlos Navarrete C\u00e1ceres, quien comparti\u00f3 con M\u00f3bil sus a\u00f1os de juventud.<\/p>\n<p style=\"text-align: justify;\">\u00a0<\/p>\n<h4 style=\"text-align: justify;\"><strong>Doctor honoris causa<\/strong><\/h4>\n<p><img loading=\"lazy\" decoding=\"async\" class=\"aligncenter size-full wp-image-6631\" src=\"https:\/\/soy.usac.edu.gt\/wp-content\/uploads\/2019\/06\/1-2.jpg\" alt=\"\" width=\"3120\" height=\"2080\" srcset=\"https:\/\/soy.usac.edu.gt\/wp-content\/uploads\/2019\/06\/1-2.jpg 3120w, https:\/\/soy.usac.edu.gt\/wp-content\/uploads\/2019\/06\/1-2-300x200.jpg 300w, https:\/\/soy.usac.edu.gt\/wp-content\/uploads\/2019\/06\/1-2-768x512.jpg 768w, https:\/\/soy.usac.edu.gt\/wp-content\/uploads\/2019\/06\/1-2-1024x683.jpg 1024w, https:\/\/soy.usac.edu.gt\/wp-content\/uploads\/2019\/06\/1-2-630x420.jpg 630w, https:\/\/soy.usac.edu.gt\/wp-content\/uploads\/2019\/06\/1-2-640x427.jpg 640w, https:\/\/soy.usac.edu.gt\/wp-content\/uploads\/2019\/06\/1-2-681x454.jpg 681w\" sizes=\"auto, (max-width: 3120px) 100vw, 3120px\" \/><\/p>\n<p style=\"text-align: justify;\"><strong>\u00a0<\/strong>\u201cEstoy muy contento de recibir estos honores, que para m\u00ed son gratificantes, ya que esto es el fruto de toda una vida, \u00a1muchas gracias!\u201d, expres\u00f3 el ahora doctor honoris causa Antonio M\u00f3bil.<\/p>\n<p style=\"text-align: justify;\">\u201cEl alto honor que me otorga la USAC enaltece mi preocupaci\u00f3n por el respeto\u00a0 a los derechos humanos y reafirmo mi participaci\u00f3n en las luchas revolucionarias de Guatemala. Dedico esto a los m\u00e1rtires y a los sobrevivientes que siguen abriendo caminos libertarios para el pueblo\u201d, expres\u00f3 M\u00f3bil en su discurso.<\/p>\n<p style=\"text-align: justify;\">\u201c\u00c9l toda su vida ha sido muy coherente con su pensamiento y actuar. Desde su regreso ha contribuido, con su trabajo, a luchar por causas nobles\u201d, afirm\u00f3 el secretario general, Arq. Carlos Valladares, quien calific\u00f3 a M\u00f3bil como un erudito y gran autor.<\/p>\n<blockquote class=\"td_quote_box td_box_center\">\n<h4 style=\"text-align: justify;\">El doctor Juan Jos\u00e9 Ar\u00e9valo Bermejo apod\u00f3 \u201cchiquil\u00edn\u201d a Antonio M\u00f3bil cuando era ni\u00f1o; durante esa etapa coincidi\u00f3 y comparti\u00f3 con el expresidente.<\/h4>\n<\/blockquote>\n<p style=\"text-align: justify;\">El ingeniero Pedro\u00a0 Aguilar Polanco, rector en funciones, expres\u00f3 su satisfacci\u00f3n de haber podido entregar la distinci\u00f3n al escritor y pol\u00edtico. Adem\u00e1s reflexion\u00f3 sobre el rol de los sancarlistas en la b\u00fasqueda de la democracia e hizo alusi\u00f3n a las acciones de Antonio M\u00f3bil en su lucha f\u00e9rrea por la equidad.<\/p>\n<p style=\"text-align: justify;\">Antonio M\u00f3bil se comprometi\u00f3 a honrar este doctorado honoris causa hasta el fin de su vida. Record\u00f3 que como pueblo guatemalteco se debe buscar la verdadera democracia, en donde se privilegie la voluntad popular y no solo los intereses de aquellos que gobiernan. \u201c\u00a1Que viva Tono!\u201d, grit\u00f3 al un\u00edsono la audiencia.<\/p>\n<p style=\"text-align: justify;\">\u00a0<\/p>\n<h4 style=\"text-align: justify;\"><strong>Destacado<\/strong><\/h4>\n<p><img loading=\"lazy\" decoding=\"async\" class=\"aligncenter size-full wp-image-6632\" src=\"https:\/\/soy.usac.edu.gt\/wp-content\/uploads\/2019\/06\/2-1.jpg\" alt=\"\" width=\"3120\" height=\"2080\" srcset=\"https:\/\/soy.usac.edu.gt\/wp-content\/uploads\/2019\/06\/2-1.jpg 3120w, https:\/\/soy.usac.edu.gt\/wp-content\/uploads\/2019\/06\/2-1-300x200.jpg 300w, https:\/\/soy.usac.edu.gt\/wp-content\/uploads\/2019\/06\/2-1-768x512.jpg 768w, https:\/\/soy.usac.edu.gt\/wp-content\/uploads\/2019\/06\/2-1-1024x683.jpg 1024w, https:\/\/soy.usac.edu.gt\/wp-content\/uploads\/2019\/06\/2-1-630x420.jpg 630w, https:\/\/soy.usac.edu.gt\/wp-content\/uploads\/2019\/06\/2-1-640x427.jpg 640w, https:\/\/soy.usac.edu.gt\/wp-content\/uploads\/2019\/06\/2-1-681x454.jpg 681w\" sizes=\"auto, (max-width: 3120px) 100vw, 3120px\" \/><\/p>\n<p style=\"text-align: justify;\">Ha sido oficial a cargo de los asuntos de Belice del Ministerio de Relaciones Exteriores (MINEX) y es reconocido por su faceta de escritor. Algunos de sus libros son:<\/p>\n<ul style=\"text-align: justify;\">\n<li>Los m\u00f3viles de tono.<\/li>\n<li>Historia del arte guatemalteco.<\/li>\n<li>Yo, lesbiano: cuentos y relatos.<\/li>\n<li>Del realismo a la abstracci\u00f3n.<\/li>\n<li>Guatemala, el lado oscuro de la historia, tomos I y II.<\/li>\n<\/ul>\n<h4 style=\"text-align: justify;\"><strong>Acerca de Antonio M\u00f3bil <\/strong><\/h4>\n<p style=\"text-align: justify;\">Este emblem\u00e1tico personaje naci\u00f3 el 22 de febrero de 1930, profesionalmente\u00a0 se prepar\u00f3 en la rama del derecho en la tricentenaria Universidad de San Carlos de Guatemala. Adem\u00e1s obtuvo dos diplomados: uno de ellos en la misma casa de estudios, en la especialidad de Ciencia Pol\u00edtica; y otro de Servicio Consular, en la Escuela de Diplomacia del Ministerio de Relaciones Exteriores (MINEX).<\/p>\n<p style=\"text-align: justify;\">Quienes lo conocen afirman que es un guatemalteco destacado por su lucha constante\u00a0 a favor de la democratizaci\u00f3n del pa\u00eds.<\/p>\n<p style=\"text-align: justify;\">Fundador del Comit\u00e9 Ejecutivo del Frente Democr\u00e1tico Nueva Guatemala, ha sido electo diputado por la lista nacional en el Organismo Legislativo. En el Congreso de la Rep\u00fablica fue representante en las conferencias de la uni\u00f3n interparlamentaria en Namibia, Mosc\u00fa y Bruselas. Fue representante en el mismo organismo en las V, VI, VII y\u00a0 VIII reuniones de la Comisi\u00f3n de Deuda Externa del Parlamento Latinoamericano. Ha sido condecorado con la Orden Presidencial de Guatemala.<\/p>\n<p style=\"text-align: justify;\">\u00a0<\/p>\n<p style=\"text-align: justify;\">Antonio M\u00f3bil Beltet\u00f3n es representante activo de la Revoluci\u00f3n y sigue\u00a0 aportando a los guatemaltecos desde sus facetas como investigador, historiador y pol\u00edtico.<\/p>\n<p><img loading=\"lazy\" decoding=\"async\" class=\"td-modal-image td-post-image-left aligncenter wp-image-6640 size-full\" src=\"https:\/\/soy.usac.edu.gt\/wp-content\/uploads\/2019\/06\/4-1-1-e1559942197922.jpg\" alt=\"\" width=\"2080\" height=\"3120\" srcset=\"https:\/\/soy.usac.edu.gt\/wp-content\/uploads\/2019\/06\/4-1-1-e1559942197922.jpg 2080w, https:\/\/soy.usac.edu.gt\/wp-content\/uploads\/2019\/06\/4-1-1-e1559942197922-200x300.jpg 200w, https:\/\/soy.usac.edu.gt\/wp-content\/uploads\/2019\/06\/4-1-1-e1559942197922-768x1152.jpg 768w, https:\/\/soy.usac.edu.gt\/wp-content\/uploads\/2019\/06\/4-1-1-e1559942197922-683x1024.jpg 683w, https:\/\/soy.usac.edu.gt\/wp-content\/uploads\/2019\/06\/4-1-1-e1559942197922-280x420.jpg 280w, https:\/\/soy.usac.edu.gt\/wp-content\/uploads\/2019\/06\/4-1-1-e1559942197922-640x960.jpg 640w, https:\/\/soy.usac.edu.gt\/wp-content\/uploads\/2019\/06\/4-1-1-e1559942197922-681x1022.jpg 681w\" sizes=\"auto, (max-width: 2080px) 100vw, 2080px\" \/><\/p>\n<h4 style=\"text-align: justify;\"><strong>El punto de acta<\/strong><\/h4>\n<p style=\"text-align: justify;\">El documento donde se aprueba esta distinci\u00f3n es el Acta No. 10-2019, punto d\u00e9cimo primero, inciso 11.1, de sesi\u00f3n ordinaria celebrada por el Consejo Superior Universitario (CSU) el 10 de abril del presente a\u00f1o, como una propuesta del Centro de Estudios Urbanos y Regionales (CEUR)\u00a0 y el secretario general.<\/p>\n<p style=\"text-align: justify;\">\u00a0<\/p>\n<p><img loading=\"lazy\" decoding=\"async\" class=\"aligncenter size-full wp-image-6637\" src=\"https:\/\/soy.usac.edu.gt\/wp-content\/uploads\/2019\/06\/Cr\u00e9ditos-prensa-02.png\" alt=\"\" width=\"5079\" height=\"1960\" srcset=\"https:\/\/soy.usac.edu.gt\/wp-content\/uploads\/2019\/06\/Cr\u00e9ditos-prensa-02.png 5079w, https:\/\/soy.usac.edu.gt\/wp-content\/uploads\/2019\/06\/Cr\u00e9ditos-prensa-02-300x116.png 300w, https:\/\/soy.usac.edu.gt\/wp-content\/uploads\/2019\/06\/Cr\u00e9ditos-prensa-02-768x296.png 768w, https:\/\/soy.usac.edu.gt\/wp-content\/uploads\/2019\/06\/Cr\u00e9ditos-prensa-02-1024x395.png 1024w, https:\/\/soy.usac.edu.gt\/wp-content\/uploads\/2019\/06\/Cr\u00e9ditos-prensa-02-1088x420.png 1088w, https:\/\/soy.usac.edu.gt\/wp-content\/uploads\/2019\/06\/Cr\u00e9ditos-prensa-02-640x247.png 640w, https:\/\/soy.usac.edu.gt\/wp-content\/uploads\/2019\/06\/Cr\u00e9ditos-prensa-02-681x263.png 681w\" sizes=\"auto, (max-width: 5079px) 100vw, 5079px\" \/><\/p>\n","protected":false},"excerpt":{"rendered":"<p>La USAC entreg\u00f3 la distinci\u00f3n de doctor honoris causa a Jos\u00e9 Antonio M\u00f3bil \u00a0Beltet\u00f3n en el Sal\u00f3n Mayor del Museo de la Universidad de San Carlos de Guatemala (MUSAC).<\/p>\n","protected":false},"author":1,"featured_media":6635,"comment_status":"closed","ping_status":"open","sticky":false,"template":"","format":"standard","meta":{"_exactmetrics_skip_tracking":false,"_exactmetrics_sitenote_active":false,"_exactmetrics_sitenote_note":"","_exactmetrics_sitenote_category":0,"_jetpack_memberships_contains_paid_content":false,"footnotes":""},"categories":[97,123,29],"tags":[486,239],"class_list":["post-6630","post","type-post","status-publish","format-standard","has-post-thumbnail","hentry","category-cultura-noticias","category-cultura-mas","category-noticias","tag-antonio-mobil","tag-honoris-causa"],"aioseo_notices":[],"jetpack_featured_media_url":"https:\/\/soy.usac.edu.gt\/wp-content\/uploads\/2019\/06\/5-1.jpg","views":"","jetpack-related-posts":[{"id":6597,"url":"https:\/\/soy.usac.edu.gt\/?p=6597","url_meta":{"origin":6630,"position":0},"title":"Antonio M\u00f3bil recibir\u00e1 doctorado\u00a0 honoris causa","author":"Edwin Medina","date":"4 junio, 2019","format":false,"excerpt":"El Consejo Superior Universitario de la USAC acord\u00f3 entregar una de las m\u00e1ximas distinciones de esta casa de estudios superiores al investigador y pol\u00edtico Jos\u00e9 Antonio M\u00f3bil Beltet\u00f3n.","rel":"","context":"En \u00abM\u00e1s Noticias\u00bb","block_context":{"text":"M\u00e1s Noticias","link":"https:\/\/soy.usac.edu.gt\/?cat=96"},"img":{"alt_text":"","src":"https:\/\/i0.wp.com\/soy.usac.edu.gt\/wp-content\/uploads\/2019\/06\/WhatsApp-Image-2019-06-04-at-16.25.27.jpeg?resize=350%2C200&ssl=1","width":350,"height":200,"srcset":"https:\/\/i0.wp.com\/soy.usac.edu.gt\/wp-content\/uploads\/2019\/06\/WhatsApp-Image-2019-06-04-at-16.25.27.jpeg?resize=350%2C200&ssl=1 1x, https:\/\/i0.wp.com\/soy.usac.edu.gt\/wp-content\/uploads\/2019\/06\/WhatsApp-Image-2019-06-04-at-16.25.27.jpeg?resize=525%2C300&ssl=1 1.5x, https:\/\/i0.wp.com\/soy.usac.edu.gt\/wp-content\/uploads\/2019\/06\/WhatsApp-Image-2019-06-04-at-16.25.27.jpeg?resize=700%2C400&ssl=1 2x"},"classes":[]},{"id":10060,"url":"https:\/\/soy.usac.edu.gt\/?p=10060","url_meta":{"origin":6630,"position":1},"title":"USAC celebra 75 a\u00f1os de autonom\u00eda universitaria","author":"Divisi\u00f3n de Publicidad","date":"1 diciembre, 2019","format":false,"excerpt":"En este d\u00eda la USAC conmemor\u00f3 75 a\u00f1os de impartir educaci\u00f3n superior al servicio de la poblaci\u00f3n, como un triunfo obtenido con la autonom\u00eda universitaria,\u00a0 proclamada en el Decreto No. 12 emitido por la Junta Revolucionaria de 1944.","rel":"","context":"En \u00abEstudiantes\u00bb","block_context":{"text":"Estudiantes","link":"https:\/\/soy.usac.edu.gt\/?cat=585"},"img":{"alt_text":"","src":"https:\/\/i0.wp.com\/soy.usac.edu.gt\/wp-content\/uploads\/2019\/12\/DESTACADA.jpg?resize=350%2C200&ssl=1","width":350,"height":200,"srcset":"https:\/\/i0.wp.com\/soy.usac.edu.gt\/wp-content\/uploads\/2019\/12\/DESTACADA.jpg?resize=350%2C200&ssl=1 1x, https:\/\/i0.wp.com\/soy.usac.edu.gt\/wp-content\/uploads\/2019\/12\/DESTACADA.jpg?resize=525%2C300&ssl=1 1.5x, https:\/\/i0.wp.com\/soy.usac.edu.gt\/wp-content\/uploads\/2019\/12\/DESTACADA.jpg?resize=700%2C400&ssl=1 2x, https:\/\/i0.wp.com\/soy.usac.edu.gt\/wp-content\/uploads\/2019\/12\/DESTACADA.jpg?resize=1050%2C600&ssl=1 3x"},"classes":[]},{"id":6815,"url":"https:\/\/soy.usac.edu.gt\/?p=6815","url_meta":{"origin":6630,"position":2},"title":"El visionario arquitecto\u00a0Pelayo Llarena Murua recibe doctorado honoris causa","author":"Divisi\u00f3n de Publicidad","date":"14 junio, 2019","format":false,"excerpt":"El profesional es considerado uno de los arquitectos\u00a0 m\u00e1s destacados\u00a0 del Movimiento Moderno en Guatemala.","rel":"","context":"En \u00abNoticias\u00bb","block_context":{"text":"Noticias","link":"https:\/\/soy.usac.edu.gt\/?cat=29"},"img":{"alt_text":"","src":"https:\/\/i0.wp.com\/soy.usac.edu.gt\/wp-content\/uploads\/2019\/06\/DESTACADA.jpg?resize=350%2C200&ssl=1","width":350,"height":200,"srcset":"https:\/\/i0.wp.com\/soy.usac.edu.gt\/wp-content\/uploads\/2019\/06\/DESTACADA.jpg?resize=350%2C200&ssl=1 1x, https:\/\/i0.wp.com\/soy.usac.edu.gt\/wp-content\/uploads\/2019\/06\/DESTACADA.jpg?resize=525%2C300&ssl=1 1.5x, https:\/\/i0.wp.com\/soy.usac.edu.gt\/wp-content\/uploads\/2019\/06\/DESTACADA.jpg?resize=700%2C400&ssl=1 2x, https:\/\/i0.wp.com\/soy.usac.edu.gt\/wp-content\/uploads\/2019\/06\/DESTACADA.jpg?resize=1050%2C600&ssl=1 3x, https:\/\/i0.wp.com\/soy.usac.edu.gt\/wp-content\/uploads\/2019\/06\/DESTACADA.jpg?resize=1400%2C800&ssl=1 4x"},"classes":[]},{"id":11068,"url":"https:\/\/soy.usac.edu.gt\/?p=11068","url_meta":{"origin":6630,"position":3},"title":"Ala\u00edde Foppa, doctora honoris causa in mem\u00f3riam","author":"Erick Iv\u00e1n de Le\u00f3n","date":"6 marzo, 2020","format":false,"excerpt":"El Consejo Superior Universitario (CSU), de la Universidad de San Carlos (USAC), concedi\u00f3 un homenaje p\u00f3stumo a la maestra Ala\u00edde Foppa, otorg\u00e1ndole in mem\u00f3riam la distinci\u00f3n Doctora Honoris Causa, en un acto conmemorativo realizado en el museo universitario, al que asistieron autoridades, catedr\u00e1ticos, estudiantes, profesionales e invitados especiales.","rel":"","context":"En \u00abNoticias\u00bb","block_context":{"text":"Noticias","link":"https:\/\/soy.usac.edu.gt\/?cat=29"},"img":{"alt_text":"","src":"https:\/\/i0.wp.com\/soy.usac.edu.gt\/wp-content\/uploads\/2020\/03\/WhatsApp-Image-2020-03-06-at-7.00.01-PM.jpeg?resize=350%2C200&ssl=1","width":350,"height":200,"srcset":"https:\/\/i0.wp.com\/soy.usac.edu.gt\/wp-content\/uploads\/2020\/03\/WhatsApp-Image-2020-03-06-at-7.00.01-PM.jpeg?resize=350%2C200&ssl=1 1x, https:\/\/i0.wp.com\/soy.usac.edu.gt\/wp-content\/uploads\/2020\/03\/WhatsApp-Image-2020-03-06-at-7.00.01-PM.jpeg?resize=525%2C300&ssl=1 1.5x, https:\/\/i0.wp.com\/soy.usac.edu.gt\/wp-content\/uploads\/2020\/03\/WhatsApp-Image-2020-03-06-at-7.00.01-PM.jpeg?resize=700%2C400&ssl=1 2x, https:\/\/i0.wp.com\/soy.usac.edu.gt\/wp-content\/uploads\/2020\/03\/WhatsApp-Image-2020-03-06-at-7.00.01-PM.jpeg?resize=1050%2C600&ssl=1 3x"},"classes":[]},{"id":9950,"url":"https:\/\/soy.usac.edu.gt\/?p=9950","url_meta":{"origin":6630,"position":4},"title":"Miguel \u00c1ngel Asturias, doctor honoris causa in memoriam","author":"Divisi\u00f3n de Publicidad","date":"30 noviembre, 2019","format":false,"excerpt":"En el D\u00eda de la Autonom\u00eda Universitaria, la USAC entrega del t\u00edtulo de doctor honoris causa in mem\u00f3riam al escritor Miguel \u00c1ngel Asturias por su destacada trayectoria literaria, reconocida mundialmente.\u00a0","rel":"","context":"En \u00abCultura\u00bb","block_context":{"text":"Cultura","link":"https:\/\/soy.usac.edu.gt\/?cat=97"},"img":{"alt_text":"","src":"https:\/\/i0.wp.com\/soy.usac.edu.gt\/wp-content\/uploads\/2019\/11\/Miguel-Angel-Asturias-1-copia.png?resize=350%2C200&ssl=1","width":350,"height":200,"srcset":"https:\/\/i0.wp.com\/soy.usac.edu.gt\/wp-content\/uploads\/2019\/11\/Miguel-Angel-Asturias-1-copia.png?resize=350%2C200&ssl=1 1x, https:\/\/i0.wp.com\/soy.usac.edu.gt\/wp-content\/uploads\/2019\/11\/Miguel-Angel-Asturias-1-copia.png?resize=525%2C300&ssl=1 1.5x, https:\/\/i0.wp.com\/soy.usac.edu.gt\/wp-content\/uploads\/2019\/11\/Miguel-Angel-Asturias-1-copia.png?resize=700%2C400&ssl=1 2x, https:\/\/i0.wp.com\/soy.usac.edu.gt\/wp-content\/uploads\/2019\/11\/Miguel-Angel-Asturias-1-copia.png?resize=1050%2C600&ssl=1 3x, https:\/\/i0.wp.com\/soy.usac.edu.gt\/wp-content\/uploads\/2019\/11\/Miguel-Angel-Asturias-1-copia.png?resize=1400%2C800&ssl=1 4x"},"classes":[]},{"id":4082,"url":"https:\/\/soy.usac.edu.gt\/?p=4082","url_meta":{"origin":6630,"position":5},"title":"\u00abUSAC, la universidad que yo quise para toda la vida\u00bb, Carlos Figueroa","author":"Erick Iv\u00e1n de Le\u00f3n","date":"15 febrero, 2019","format":false,"excerpt":"El Consejo Superior Universitario condecor\u00f3 al soci\u00f3logo Carlos Alberto Figueroa Ibarra con la distinci\u00f3n acad\u00e9mica de doctor honoris causa por su inmenso legado profesional a la investigaci\u00f3n y la docencia, as\u00ed como por sus valiosas contribuciones a la educaci\u00f3n superior. La distinci\u00f3n fue otorgada \u00a0en una reuni\u00f3n solemne realizada en\u2026","rel":"","context":"En \u00abNoticias\u00bb","block_context":{"text":"Noticias","link":"https:\/\/soy.usac.edu.gt\/?cat=29"},"img":{"alt_text":"","src":"https:\/\/i0.wp.com\/soy.usac.edu.gt\/wp-content\/uploads\/2019\/02\/CARLOS-FIGUEROA-1.jpeg?resize=350%2C200&ssl=1","width":350,"height":200,"srcset":"https:\/\/i0.wp.com\/soy.usac.edu.gt\/wp-content\/uploads\/2019\/02\/CARLOS-FIGUEROA-1.jpeg?resize=350%2C200&ssl=1 1x, https:\/\/i0.wp.com\/soy.usac.edu.gt\/wp-content\/uploads\/2019\/02\/CARLOS-FIGUEROA-1.jpeg?resize=525%2C300&ssl=1 1.5x, https:\/\/i0.wp.com\/soy.usac.edu.gt\/wp-content\/uploads\/2019\/02\/CARLOS-FIGUEROA-1.jpeg?resize=700%2C400&ssl=1 2x, https:\/\/i0.wp.com\/soy.usac.edu.gt\/wp-content\/uploads\/2019\/02\/CARLOS-FIGUEROA-1.jpeg?resize=1050%2C600&ssl=1 3x"},"classes":[]}],"jetpack_sharing_enabled":true,"_links":{"self":[{"href":"https:\/\/soy.usac.edu.gt\/index.php?rest_route=\/wp\/v2\/posts\/6630","targetHints":{"allow":["GET"]}}],"collection":[{"href":"https:\/\/soy.usac.edu.gt\/index.php?rest_route=\/wp\/v2\/posts"}],"about":[{"href":"https:\/\/soy.usac.edu.gt\/index.php?rest_route=\/wp\/v2\/types\/post"}],"author":[{"embeddable":true,"href":"https:\/\/soy.usac.edu.gt\/index.php?rest_route=\/wp\/v2\/users\/1"}],"replies":[{"embeddable":true,"href":"https:\/\/soy.usac.edu.gt\/index.php?rest_route=%2Fwp%2Fv2%2Fcomments&post=6630"}],"version-history":[{"count":0,"href":"https:\/\/soy.usac.edu.gt\/index.php?rest_route=\/wp\/v2\/posts\/6630\/revisions"}],"wp:featuredmedia":[{"embeddable":true,"href":"https:\/\/soy.usac.edu.gt\/index.php?rest_route=\/wp\/v2\/media\/6635"}],"wp:attachment":[{"href":"https:\/\/soy.usac.edu.gt\/index.php?rest_route=%2Fwp%2Fv2%2Fmedia&parent=6630"}],"wp:term":[{"taxonomy":"category","embeddable":true,"href":"https:\/\/soy.usac.edu.gt\/index.php?rest_route=%2Fwp%2Fv2%2Fcategories&post=6630"},{"taxonomy":"post_tag","embeddable":true,"href":"https:\/\/soy.usac.edu.gt\/index.php?rest_route=%2Fwp%2Fv2%2Ftags&post=6630"}],"curies":[{"name":"wp","href":"https:\/\/api.w.org\/{rel}","templated":true}]}}