{"id":6915,"date":"2019-06-16T20:21:33","date_gmt":"2019-06-17T02:21:33","guid":{"rendered":"https:\/\/soy.usac.edu.gt\/?p=6915"},"modified":"2019-06-16T20:21:34","modified_gmt":"2019-06-17T02:21:34","slug":"odusac-destaca-fuerte-participacion-ciudadana","status":"publish","type":"post","link":"https:\/\/soy.usac.edu.gt\/?p=6915","title":{"rendered":"ODUSAC destaca fuerte participaci\u00f3n ciudadana"},"content":{"rendered":"\n<p style=\"font-weight: 400; text-align: justify;\"><strong><em>La poblaci\u00f3n guatemalteca a trav\u00e9s de denuncias en redes sociales mostr\u00f3 su rechazo a las viejas pr\u00e1cticas pol\u00edticas de coacci\u00f3n del voto y acarreo de votantes.<\/em><\/strong><\/p>\n<p style=\"font-weight: 400; text-align: justify;\">Tras el cierre de los Centros de Votaci\u00f3n, los observadores electorales completaron su misi\u00f3n, los datos recabados a\u00fan se terminar\u00e1n de analizar y se realizar\u00e1 un informe final sobre el proceso electoral.<\/p>\n<p style=\"font-weight: 400; text-align: justify;\">Al inicio de la tercera conferencia el rector Ing. Murphy Paiz reiter\u00f3 el respaldo y apoyo al pueblo de Guatemala a trav\u00e9s de este modelo de observaci\u00f3n \u201cagradecemos a todos los actores que integraron el proceso y nos han dado evidencia c\u00edvica de ese amor por Guatemala\u201d<\/p>\n<p style=\"font-weight: 400; text-align: justify;\">De forma preliminar se da cuenta de que salvo a incidentes graves como en Esquipulas Palo Gordo (San Marcos), y San Jorge (Zacapa); en el resto del pa\u00eds se garantizaron condiciones para el ejercicio del derecho ciudadano del sufragio.<\/p>\n<p style=\"font-weight: 400; text-align: justify;\">El rasgo m\u00e1s negativo durante la jornada electoral fue la persistente de inducir el voto o la movilizaci\u00f3n de personas a centros de votaci\u00f3n. En varios casos la resistencia ciudadana a estos hechos provoc\u00f3 conatos de violencia, cierres de acceso a poblados y manifestaciones.<\/p>\n<p style=\"font-weight: 400; text-align: justify;\">\u201cEn los conflictos que se generaron es importante mencionar que el ciudadano demostr\u00f3 estar cansado de esas pr\u00e1cticas del pasado,\u00a0 su participaci\u00f3n activa fue un detonante para la conflictividad. La poblaci\u00f3n tuvo una participaci\u00f3n activa a trav\u00e9s de las denuncias\u201d Expus\u00f3 Geidy de Mata directora del IPNUSAC<\/p>\n<p style=\"font-weight: 400; text-align: justify;\">Por su parte Cristhians Castillo analista del IPNUSAC dice que aunque se logr\u00f3 con la reforma electoral una contenci\u00f3n de las campa\u00f1as anticipadas y gastos de los partidos pol\u00edticos qued\u00f3 demostrado todo el manejo que hicieron agrupaciones partidarias con la movilizaci\u00f3n y coacci\u00f3n de personas para el voto. \u201cDefinitivamente esto deber\u00e1 de ser auditado con el objetivo de que la credibilidad del proceso quede para la historia pol\u00edtica\u201d.<\/p>\n<figure id=\"attachment_6917\" aria-describedby=\"caption-attachment-6917\" style=\"width: 6240px\" class=\"wp-caption aligncenter\"><img loading=\"lazy\" decoding=\"async\" class=\"wp-image-6917 size-full\" src=\"https:\/\/soy.usac.edu.gt\/wp-content\/uploads\/2019\/06\/6-1.jpg\" alt=\"\" width=\"6240\" height=\"4160\" srcset=\"https:\/\/soy.usac.edu.gt\/wp-content\/uploads\/2019\/06\/6-1.jpg 6240w, https:\/\/soy.usac.edu.gt\/wp-content\/uploads\/2019\/06\/6-1-300x200.jpg 300w, https:\/\/soy.usac.edu.gt\/wp-content\/uploads\/2019\/06\/6-1-768x512.jpg 768w, https:\/\/soy.usac.edu.gt\/wp-content\/uploads\/2019\/06\/6-1-1024x683.jpg 1024w, https:\/\/soy.usac.edu.gt\/wp-content\/uploads\/2019\/06\/6-1-630x420.jpg 630w, https:\/\/soy.usac.edu.gt\/wp-content\/uploads\/2019\/06\/6-1-640x427.jpg 640w, https:\/\/soy.usac.edu.gt\/wp-content\/uploads\/2019\/06\/6-1-681x454.jpg 681w\" sizes=\"auto, (max-width: 6240px) 100vw, 6240px\" \/><figcaption id=\"caption-attachment-6917\" class=\"wp-caption-text\">El rector Ing. Murphy Paiz destac\u00f3 el valioso trabajo de los observadores electorales.<\/figcaption><\/figure>\n<p style=\"font-weight: 400;\"><strong>Observadores en peligro<\/strong><\/p>\n<p style=\"font-weight: 400; text-align: justify;\">Al cierre de la misi\u00f3n de observaci\u00f3n de la USAC se supo que en dos centros de votaci\u00f3n en distintos puntos del pa\u00eds hab\u00eda observadores electorales en situaci\u00f3n de riesgo. El primer caso fue de dos observadores en la Escuela Rural Mixta Montecarmelo tres de Ciudad Quetzal y el tercero en un centro de votaci\u00f3n en Estanzuela Zacapa.<\/p>\n<p style=\"font-weight: 400; text-align: justify;\">\u00a0\u201cQueremos solidarizarnos con nuestros observadores que por su pasi\u00f3n y compromiso se encuentran en una situaci\u00f3n de vulnerabilidad, ya estamos coordinando con autoridades locales para que se les brinde respaldo y la protecci\u00f3n necesaria\u201d Declar\u00f3 Paiz. \u00a0<\/p>\n<p><img loading=\"lazy\" decoding=\"async\" class=\"aligncenter size-full wp-image-4976\" src=\"https:\/\/soy.usac.edu.gt\/wp-content\/uploads\/2019\/03\/Cr\u00e9ditos-prensa-01.png\" alt=\"\" width=\"5079\" height=\"1960\" srcset=\"https:\/\/soy.usac.edu.gt\/wp-content\/uploads\/2019\/03\/Cr\u00e9ditos-prensa-01.png 5079w, https:\/\/soy.usac.edu.gt\/wp-content\/uploads\/2019\/03\/Cr\u00e9ditos-prensa-01-300x116.png 300w, https:\/\/soy.usac.edu.gt\/wp-content\/uploads\/2019\/03\/Cr\u00e9ditos-prensa-01-768x296.png 768w, https:\/\/soy.usac.edu.gt\/wp-content\/uploads\/2019\/03\/Cr\u00e9ditos-prensa-01-1024x395.png 1024w, https:\/\/soy.usac.edu.gt\/wp-content\/uploads\/2019\/03\/Cr\u00e9ditos-prensa-01-1088x420.png 1088w, https:\/\/soy.usac.edu.gt\/wp-content\/uploads\/2019\/03\/Cr\u00e9ditos-prensa-01-640x247.png 640w, https:\/\/soy.usac.edu.gt\/wp-content\/uploads\/2019\/03\/Cr\u00e9ditos-prensa-01-681x263.png 681w\" sizes=\"auto, (max-width: 5079px) 100vw, 5079px\" \/><\/p>\n","protected":false},"excerpt":{"rendered":"<p>La poblaci\u00f3n guatemalteca a trav\u00e9s de denuncias en redes sociales mostr\u00f3 su rechazo a las viejas pr\u00e1cticas pol\u00edticas de coacci\u00f3n del voto y acarreo de votantes.<\/p>\n","protected":false},"author":1,"featured_media":6916,"comment_status":"closed","ping_status":"open","sticky":false,"template":"","format":"standard","meta":{"_exactmetrics_skip_tracking":false,"_exactmetrics_sitenote_active":false,"_exactmetrics_sitenote_note":"","_exactmetrics_sitenote_category":0,"_jetpack_memberships_contains_paid_content":false,"footnotes":""},"categories":[29],"tags":[284,362,397,285],"class_list":["post-6915","post","type-post","status-publish","format-standard","has-post-thumbnail","hentry","category-noticias","tag-elecciones-generales-2019","tag-observatorio-electoral","tag-odusac","tag-tribunal-supremo-electoral"],"aioseo_notices":[],"jetpack_featured_media_url":"https:\/\/soy.usac.edu.gt\/wp-content\/uploads\/2019\/06\/1-7.jpg","views":"","jetpack-related-posts":[{"id":19383,"url":"https:\/\/soy.usac.edu.gt\/?p=19383","url_meta":{"origin":6915,"position":0},"title":"Juramentan a observadores y voluntarios de la USAC","author":"Divisi\u00f3n de Publicidad","date":"31 mayo, 2023","format":false,"excerpt":"Un total de 1776\u00a0 integrantes de la comunidad sancarlista ser\u00e1n desplegados en todo el territorio nacional para velar por la transparencia del proceso electoral.","rel":"","context":"En \u00abNoticias\u00bb","block_context":{"text":"Noticias","link":"https:\/\/soy.usac.edu.gt\/?cat=29"},"img":{"alt_text":"","src":"https:\/\/i0.wp.com\/soy.usac.edu.gt\/wp-content\/uploads\/2023\/05\/WhatsApp-Image-2023-05-30-at-15.55.24.jpeg?resize=350%2C200&ssl=1","width":350,"height":200,"srcset":"https:\/\/i0.wp.com\/soy.usac.edu.gt\/wp-content\/uploads\/2023\/05\/WhatsApp-Image-2023-05-30-at-15.55.24.jpeg?resize=350%2C200&ssl=1 1x, https:\/\/i0.wp.com\/soy.usac.edu.gt\/wp-content\/uploads\/2023\/05\/WhatsApp-Image-2023-05-30-at-15.55.24.jpeg?resize=525%2C300&ssl=1 1.5x, https:\/\/i0.wp.com\/soy.usac.edu.gt\/wp-content\/uploads\/2023\/05\/WhatsApp-Image-2023-05-30-at-15.55.24.jpeg?resize=700%2C400&ssl=1 2x, https:\/\/i0.wp.com\/soy.usac.edu.gt\/wp-content\/uploads\/2023\/05\/WhatsApp-Image-2023-05-30-at-15.55.24.jpeg?resize=1050%2C600&ssl=1 3x"},"classes":[]},{"id":6729,"url":"https:\/\/soy.usac.edu.gt\/?p=6729","url_meta":{"origin":6915,"position":1},"title":"Los observadores cuidar\u00e1n tu voto","author":"Divisi\u00f3n de Publicidad","date":"13 junio, 2019","format":false,"excerpt":"La Misi\u00f3n de Observaci\u00f3n de la Universidad de San Carlos de Guatemala es la m\u00e1s grande y representativa del pa\u00eds. Cuenta con observadores de alto nivel que trabajar\u00e1n ad hon\u00f3rem como un servicio c\u00edvico para Guatemala.","rel":"","context":"En \u00abNoticias\u00bb","block_context":{"text":"Noticias","link":"https:\/\/soy.usac.edu.gt\/?cat=29"},"img":{"alt_text":"","src":"https:\/\/i0.wp.com\/soy.usac.edu.gt\/wp-content\/uploads\/2019\/06\/9-copia.jpg?resize=350%2C200&ssl=1","width":350,"height":200,"srcset":"https:\/\/i0.wp.com\/soy.usac.edu.gt\/wp-content\/uploads\/2019\/06\/9-copia.jpg?resize=350%2C200&ssl=1 1x, https:\/\/i0.wp.com\/soy.usac.edu.gt\/wp-content\/uploads\/2019\/06\/9-copia.jpg?resize=525%2C300&ssl=1 1.5x, https:\/\/i0.wp.com\/soy.usac.edu.gt\/wp-content\/uploads\/2019\/06\/9-copia.jpg?resize=700%2C400&ssl=1 2x, https:\/\/i0.wp.com\/soy.usac.edu.gt\/wp-content\/uploads\/2019\/06\/9-copia.jpg?resize=1050%2C600&ssl=1 3x, https:\/\/i0.wp.com\/soy.usac.edu.gt\/wp-content\/uploads\/2019\/06\/9-copia.jpg?resize=1400%2C800&ssl=1 4x"},"classes":[]},{"id":6887,"url":"https:\/\/soy.usac.edu.gt\/?p=6887","url_meta":{"origin":6915,"position":2},"title":"Primer Bolet\u00edn ODUSAC Elecciones Generales 2019","author":"Divisi\u00f3n de Publicidad","date":"16 junio, 2019","format":false,"excerpt":"De acuerdo con los reportes recibidos en el Centro de Monitoreo del Observatorio Democr\u00e1tico de la Universidad de San Carlos, el inicio de la jornada electoral en todo el pa\u00eds ocurri\u00f3 con normalidad, salvo incidentes menores que no alteran una apertura b\u00e1sicamente adecuada.","rel":"","context":"En \u00abNoticias\u00bb","block_context":{"text":"Noticias","link":"https:\/\/soy.usac.edu.gt\/?cat=29"},"img":{"alt_text":"","src":"","width":0,"height":0},"classes":[]},{"id":6932,"url":"https:\/\/soy.usac.edu.gt\/?p=6932","url_meta":{"origin":6915,"position":3},"title":"ODUSAC Bolet\u00edn de prensa No. 3","author":"Divisi\u00f3n de Publicidad","date":"19 junio, 2019","format":false,"excerpt":"\u00a0 \u00a016 de junio de 2019 18:30 horas \u00a0Del Observatorio Democr\u00e1tico de la Universidad de San Carlos de Guatemala De acuerdo con los reportes de los observadores electorales de la Universidad de San Carlos, desplegados en cerca del 71 por ciento del territorio nacional, las urnas cerraron mayoritariamente conforme el\u2026","rel":"","context":"En \u00abOpini\u00f3n\u00bb","block_context":{"text":"Opini\u00f3n","link":"https:\/\/soy.usac.edu.gt\/?cat=151"},"img":{"alt_text":"","src":"","width":0,"height":0},"classes":[]},{"id":6913,"url":"https:\/\/soy.usac.edu.gt\/?p=6913","url_meta":{"origin":6915,"position":4},"title":"ODUSAC denuncia acarreo y coacci\u00f3n de voto","author":"Divisi\u00f3n de Publicidad","date":"16 junio, 2019","format":false,"excerpt":"Los reportes presentan una tendencia generalizada de hechos de violencia que han derivado en el incremento de la tensi\u00f3n de la jornada electoral por la movilizaci\u00f3n y acciones de coacci\u00f3n al voto, mediante el pago y la entrega de diversos incentivos.","rel":"","context":"En \u00abNoticias\u00bb","block_context":{"text":"Noticias","link":"https:\/\/soy.usac.edu.gt\/?cat=29"},"img":{"alt_text":"","src":"","width":0,"height":0},"classes":[]},{"id":7930,"url":"https:\/\/soy.usac.edu.gt\/?p=7930","url_meta":{"origin":6915,"position":5},"title":"Valioso aporte de la juventud sancarlista en segunda vuelta electoral","author":"Divisi\u00f3n de Publicidad","date":"11 agosto, 2019","format":false,"excerpt":"Estudiantes y trabajadores universitarios asumieron el compromiso de dar seguimiento al proceso democr\u00e1tico del pa\u00eds mediante ODUSAC, la misi\u00f3n de observaci\u00f3n electoral m\u00e1s grande del pa\u00eds.","rel":"","context":"En \u00abNoticias\u00bb","block_context":{"text":"Noticias","link":"https:\/\/soy.usac.edu.gt\/?cat=29"},"img":{"alt_text":"","src":"https:\/\/i0.wp.com\/soy.usac.edu.gt\/wp-content\/uploads\/2019\/08\/WhatsApp-Image-2019-08-11-at-1.22.17-PM.jpeg?resize=350%2C200&ssl=1","width":350,"height":200,"srcset":"https:\/\/i0.wp.com\/soy.usac.edu.gt\/wp-content\/uploads\/2019\/08\/WhatsApp-Image-2019-08-11-at-1.22.17-PM.jpeg?resize=350%2C200&ssl=1 1x, https:\/\/i0.wp.com\/soy.usac.edu.gt\/wp-content\/uploads\/2019\/08\/WhatsApp-Image-2019-08-11-at-1.22.17-PM.jpeg?resize=525%2C300&ssl=1 1.5x, https:\/\/i0.wp.com\/soy.usac.edu.gt\/wp-content\/uploads\/2019\/08\/WhatsApp-Image-2019-08-11-at-1.22.17-PM.jpeg?resize=700%2C400&ssl=1 2x"},"classes":[]}],"jetpack_sharing_enabled":true,"_links":{"self":[{"href":"https:\/\/soy.usac.edu.gt\/index.php?rest_route=\/wp\/v2\/posts\/6915","targetHints":{"allow":["GET"]}}],"collection":[{"href":"https:\/\/soy.usac.edu.gt\/index.php?rest_route=\/wp\/v2\/posts"}],"about":[{"href":"https:\/\/soy.usac.edu.gt\/index.php?rest_route=\/wp\/v2\/types\/post"}],"author":[{"embeddable":true,"href":"https:\/\/soy.usac.edu.gt\/index.php?rest_route=\/wp\/v2\/users\/1"}],"replies":[{"embeddable":true,"href":"https:\/\/soy.usac.edu.gt\/index.php?rest_route=%2Fwp%2Fv2%2Fcomments&post=6915"}],"version-history":[{"count":0,"href":"https:\/\/soy.usac.edu.gt\/index.php?rest_route=\/wp\/v2\/posts\/6915\/revisions"}],"wp:featuredmedia":[{"embeddable":true,"href":"https:\/\/soy.usac.edu.gt\/index.php?rest_route=\/wp\/v2\/media\/6916"}],"wp:attachment":[{"href":"https:\/\/soy.usac.edu.gt\/index.php?rest_route=%2Fwp%2Fv2%2Fmedia&parent=6915"}],"wp:term":[{"taxonomy":"category","embeddable":true,"href":"https:\/\/soy.usac.edu.gt\/index.php?rest_route=%2Fwp%2Fv2%2Fcategories&post=6915"},{"taxonomy":"post_tag","embeddable":true,"href":"https:\/\/soy.usac.edu.gt\/index.php?rest_route=%2Fwp%2Fv2%2Ftags&post=6915"}],"curies":[{"name":"wp","href":"https:\/\/api.w.org\/{rel}","templated":true}]}}