{"id":7027,"date":"2019-06-26T09:44:09","date_gmt":"2019-06-26T15:44:09","guid":{"rendered":"https:\/\/soy.usac.edu.gt\/?p=7027"},"modified":"2019-07-10T11:29:17","modified_gmt":"2019-07-10T17:29:17","slug":"mesa-tecnica-de-seguridad-define-agenda-de-trabajo","status":"publish","type":"post","link":"https:\/\/soy.usac.edu.gt\/?p=7027","title":{"rendered":"Mesa T\u00e9cnica de Seguridad define agenda de trabajo"},"content":{"rendered":"\n<p style=\"text-align: justify;\"><i><span style=\"font-weight: 400;\">El viernes 22 de junio representantes de los diversos sectores de la comunidad universitaria se reunieron para abordar el tema de seguridad integral en la USAC.<\/span><\/i><\/p>\n<p style=\"text-align: justify;\"><span style=\"font-weight: 400;\">La Mesa T\u00e9cnica de Seguridad Integral trabaja en una propuesta para realizar un plan de seguridad integral viable, t\u00e9cnico e incluyente. Para cumplir este prop\u00f3sito han llevado a cabo una serie de reuniones en las que se han obtenido acuerdos sobre los diversos aspectos que el plan deber\u00eda contener.<\/span><\/p>\n<p style=\"text-align: justify;\"><span style=\"font-weight: 400;\">El viernes, a trav\u00e9s de consensos, la mesa logr\u00f3\u00a0 definir una hoja de ruta para la creaci\u00f3n de una propuesta integral del plan estrat\u00e9gico de seguridad de la universidad, en el que se contempla el desarrollo de tem\u00e1ticas que deben ser tomadas en cuenta.<\/span><\/p>\n<div id='gallery-1' class='gallery galleryid-7027 gallery-columns-3 gallery-size-thumbnail'><figure class='gallery-item'>\n\t\t\t<div class='gallery-icon landscape'>\n\t\t\t\t<a href='https:\/\/soy.usac.edu.gt\/?attachment_id=7041'><img loading=\"lazy\" decoding=\"async\" width=\"150\" height=\"150\" src=\"https:\/\/soy.usac.edu.gt\/wp-content\/uploads\/2019\/06\/CONSEJO-TECNICO-DE-SOLOL\u00c1-13-150x150.jpg\" class=\"attachment-thumbnail size-thumbnail\" alt=\"\" \/><\/a>\n\t\t\t<\/div><\/figure><figure class='gallery-item'>\n\t\t\t<div class='gallery-icon landscape'>\n\t\t\t\t<a href='https:\/\/soy.usac.edu.gt\/?attachment_id=7040'><img loading=\"lazy\" decoding=\"async\" width=\"150\" height=\"150\" src=\"https:\/\/soy.usac.edu.gt\/wp-content\/uploads\/2019\/06\/CONSEJO-TECNICO-DE-SOLOL\u00c1-12-150x150.jpg\" class=\"attachment-thumbnail size-thumbnail\" alt=\"\" \/><\/a>\n\t\t\t<\/div><\/figure><figure class='gallery-item'>\n\t\t\t<div class='gallery-icon landscape'>\n\t\t\t\t<a href='https:\/\/soy.usac.edu.gt\/?attachment_id=7033'><img loading=\"lazy\" decoding=\"async\" width=\"150\" height=\"150\" src=\"https:\/\/soy.usac.edu.gt\/wp-content\/uploads\/2019\/06\/CONSEJO-TECNICO-DE-SOLOL\u00c1-5-150x150.jpg\" class=\"attachment-thumbnail size-thumbnail\" alt=\"\" \/><\/a>\n\t\t\t<\/div><\/figure><figure class='gallery-item'>\n\t\t\t<div class='gallery-icon landscape'>\n\t\t\t\t<a href='https:\/\/soy.usac.edu.gt\/?attachment_id=7038'><img loading=\"lazy\" decoding=\"async\" width=\"150\" height=\"150\" src=\"https:\/\/soy.usac.edu.gt\/wp-content\/uploads\/2019\/06\/CONSEJO-TECNICO-DE-SOLOL\u00c1-10-150x150.jpg\" class=\"attachment-thumbnail size-thumbnail\" alt=\"\" \/><\/a>\n\t\t\t<\/div><\/figure><figure class='gallery-item'>\n\t\t\t<div class='gallery-icon landscape'>\n\t\t\t\t<a href='https:\/\/soy.usac.edu.gt\/?attachment_id=7036'><img loading=\"lazy\" decoding=\"async\" width=\"150\" height=\"150\" src=\"https:\/\/soy.usac.edu.gt\/wp-content\/uploads\/2019\/06\/CONSEJO-TECNICO-DE-SOLOL\u00c1-8-150x150.jpg\" class=\"attachment-thumbnail size-thumbnail\" alt=\"\" \/><\/a>\n\t\t\t<\/div><\/figure><figure class='gallery-item'>\n\t\t\t<div class='gallery-icon landscape'>\n\t\t\t\t<a href='https:\/\/soy.usac.edu.gt\/?attachment_id=7030'><img loading=\"lazy\" decoding=\"async\" width=\"150\" height=\"150\" src=\"https:\/\/soy.usac.edu.gt\/wp-content\/uploads\/2019\/06\/CONSEJO-TECNICO-DE-SOLOL\u00c1-2-150x150.jpg\" class=\"attachment-thumbnail size-thumbnail\" alt=\"\" \/><\/a>\n\t\t\t<\/div><\/figure><figure class='gallery-item'>\n\t\t\t<div class='gallery-icon landscape'>\n\t\t\t\t<a href='https:\/\/soy.usac.edu.gt\/?attachment_id=7032'><img loading=\"lazy\" decoding=\"async\" width=\"150\" height=\"150\" src=\"https:\/\/soy.usac.edu.gt\/wp-content\/uploads\/2019\/06\/CONSEJO-TECNICO-DE-SOLOL\u00c1-4-150x150.jpg\" class=\"attachment-thumbnail size-thumbnail\" alt=\"\" \/><\/a>\n\t\t\t<\/div><\/figure>\n\t\t<\/div>\n\n<p style=\"text-align: justify;\"><span style=\"font-weight: 400;\">\u201cTenemos un mandato claro, hay estrategias que tenemos como administraci\u00f3n, hoy logramos esta hoja de ruta que se integrar\u00e1 a lo propuesto. Yo creo que tenemos un documento que incluye propuestas de todos los que han estado participando\u201d, declar\u00f3 el Rector, Ing. Murphy Paiz.<\/span><\/p>\n<p style=\"text-align: justify;\"><span style=\"font-weight: 400;\">Entre los temas que se estar\u00e1n abordando en las pr\u00f3ximas reuniones est\u00e1 el ordenamiento territorial, g\u00e9nero, incidentes, parqueos y tr\u00e1fico vehicular, estrategias de comunicaci\u00f3n, reglamentos, educaci\u00f3n, infraestructura, seguridad inform\u00e1tica, entre otros. Estos son los aspectos que se deben discutir para definir la mejor forma de contrarrestar la inseguridad.<\/span><\/p>\n<p style=\"text-align: justify;\">\u00a0<\/p>\n<p style=\"text-align: justify;\"><b>Sobre la comisi\u00f3n<\/b><\/p>\n<p style=\"text-align: justify;\"><span style=\"font-weight: 400;\">Las reuniones de la Mesa T\u00e9cnica de Seguridad Integral se est\u00e1n realizando los viernes por la tarde en el sal\u00f3n del Consejo Superior Universitario. La mesa est\u00e1 integrada por el Ing. Murphy Paiz, Rector; Wendy L\u00f3pez, directora general de Administraci\u00f3n (DIGA); y representantes del Centro de Estudios de Desarrollo Seguro y Desastres (CEDESYD), Centro de Estudios Urbanos y Regionales (CEUR), Direcci\u00f3n de Asuntos Jur\u00eddicos, Coordinadora del Claustro de Docentes y Profesores Titulares, Sindicato de Trabajadores de la Universidad de San Carlos de Guatemala (STUSC), Asociaci\u00f3n de Estudiantes Universitarios (AEU) y asociaciones estudiantiles electas por el Consejo Consultivo.<\/span><\/p>\n<p>\u00a0<\/p>\n<p><strong>Cronograma para definir estrategia de seguridad a corto mediano y largo plazo.<\/strong><\/p>\n<table width=\"0\">\n<tbody>\n<tr>\n<td style=\"width: 273.6px;\">\n<p><strong>EJES<\/strong><\/p>\n<\/td>\n<td style=\"width: 288px;\">\n<p><strong>FECHA<\/strong><\/p>\n<\/td>\n<\/tr>\n<tr>\n<td style=\"width: 273.6px;\">\n<p><strong>1.\u00a0\u00a0\u00a0 <\/strong><strong>Ordenamiento territorial y urbanismo.<\/strong><\/p>\n<p><strong>\u00a0<\/strong><\/p>\n<\/td>\n<td style=\"width: 288px;\">\n<p>\u00b7\u00a0\u00a0\u00a0\u00a0\u00a0\u00a0\u00a0\u00a0 28 de junio de 2019<\/p>\n<\/td>\n<\/tr>\n<tr>\n<td style=\"width: 273.6px;\">\n<p><strong>2.\u00a0\u00a0\u00a0 <\/strong><strong>Genero.<\/strong><\/p>\n<p><strong>\u00a0<\/strong><\/p>\n<p><strong>\u00a0<\/strong><\/p>\n<\/td>\n<td style=\"width: 288px;\">\n<p>\u00a0 \u00a0 \u00a0 \u00a0 28 de junio de 2019<\/p>\n<p>\u00a0 \u00a0 \u00a0 \u00a0 05 de Julio de 2019<\/p>\n<\/td>\n<\/tr>\n<tr>\n<td style=\"width: 273.6px;\">\n<p><strong>3.\u00a0\u00a0\u00a0 <\/strong><strong>Incidentes dentro del campus.<\/strong><\/p>\n<p><strong>\u00a0<\/strong><\/p>\n<\/td>\n<td style=\"width: 288px;\">\n<p>\u00a0 \u00a0 \u00a0 \u00a0 \u00a012 de Julio de 2019<\/p>\n<p>\u00a0 \u00a0 \u00a0 \u00a0 \u00a019 de Julio de 2019<\/p>\n<\/td>\n<\/tr>\n<tr>\n<td style=\"width: 273.6px;\">\n<p><strong>4.\u00a0\u00a0\u00a0 <\/strong><strong>Vehicular (Parqueos y transito).<\/strong><\/p>\n<\/td>\n<td style=\"width: 288px;\">\n<p>\u00a0 \u00a0 \u00a0 \u00a0 \u00a026 de Julio de 2019<\/p>\n<p>\u00a0 \u00a0 \u00a0 \u00a0 \u00a002 de agosto de 2019<\/p>\n<\/td>\n<\/tr>\n<tr>\n<td style=\"width: 273.6px;\">\n<p><strong>5.\u00a0\u00a0\u00a0 <\/strong><strong>Estrategias de Comunicaci\u00f3n.<\/strong><\/p>\n<\/td>\n<td style=\"width: 288px;\">\n<p>\u00a0 \u00a0 \u00a0 \u00a0 \u00a009 de agosto de 2019<\/p>\n<p>\u00a0<\/p>\n<\/td>\n<\/tr>\n<tr>\n<td style=\"width: 273.6px;\">\n<p><strong>6.\u00a0\u00a0\u00a0 <\/strong><strong>Reglamentos.<\/strong><\/p>\n<\/td>\n<td style=\"width: 288px;\">\n<p>\u00a0 \u00a0 \u00a0 \u00a0 \u00a016 de agosto de 2019<\/p>\n<p>\u00a0 \u00a0 \u00a0 \u00a0 \u00a023 de agosto de 2019<\/p>\n<\/td>\n<\/tr>\n<tr>\n<td style=\"width: 273.6px;\">\n<p><strong>7.\u00a0\u00a0\u00a0 <\/strong><strong>Educaci\u00f3n.<\/strong><\/p>\n<p><strong>\u00a0<\/strong><\/p>\n<\/td>\n<td style=\"width: 288px;\">\n<p>\u00a0 \u00a0 \u00a0 \u00a0 \u00a030 de agosto de 2019<\/p>\n<\/td>\n<\/tr>\n<tr>\n<td style=\"width: 273.6px;\">\n<p><strong>8.\u00a0\u00a0\u00a0 <\/strong><strong>Infraestructura.<\/strong><\/p>\n<p>\u00a0<\/p>\n<p><strong>\u00a0<\/strong><\/p>\n<\/td>\n<td style=\"width: 288px;\">\n<p>\u00a0 \u00a0 \u00a0 \u00a0 \u00a006 de septiembre de 2019<\/p>\n<\/td>\n<\/tr>\n<tr>\n<td style=\"width: 273.6px;\">\n<p><strong>9.\u00a0\u00a0\u00a0 <\/strong><strong>Seguridad inform\u00e1tica. (Informe).<\/strong><\/p>\n<p><strong>\u00a0<\/strong><\/p>\n<\/td>\n<td style=\"width: 288px;\">\n<p>\u00a0 \u00a0 \u00a0 \u00a0 \u00a013 de septiembre de 2019<\/p>\n<p>\u00a0<\/p>\n<\/td>\n<\/tr>\n<tr>\n<td style=\"width: 273.6px;\">\n<p><strong>10.\u00a0 <\/strong><strong>Actividad Comercial.<\/strong><\/p>\n<\/td>\n<td style=\"width: 288px;\">\n<p>\u00a0 \u00a0 \u00a0 \u00a0 \u00a020 de septiembre de 2019<\/p>\n<p>\u00a0<\/p>\n<\/td>\n<\/tr>\n<tr>\n<td style=\"width: 273.6px;\">\n<p><strong>11.\u00a0\u00a0 <\/strong><strong>Actividades de huelga. <\/strong><\/p>\n<\/td>\n<td style=\"width: 288px;\">\n<p>\u00a0 \u00a0 \u00a0 \u00a0 27 de septiembre de 2019<\/p>\n<\/td>\n<\/tr>\n<tr>\n<td style=\"width: 273.6px;\">\n<p><strong>12.\u00a0\u00a0 <\/strong><strong>Humano.<\/strong><\/p>\n<\/td>\n<td style=\"width: 288px;\">\n<p>\u00a0 \u00a0 \u00a0 \u00a0 \u00a004 de octubre de 2019<\/p>\n<\/td>\n<\/tr>\n<\/tbody>\n<\/table>\n<p>\u00a0<\/p>\n<p><img loading=\"lazy\" decoding=\"async\" class=\"aligncenter size-full wp-image-7049\" src=\"https:\/\/soy.usac.edu.gt\/wp-content\/uploads\/2019\/06\/Cr\u00e9ditos-prensalozano-e-iv\u00e1n.jpg\" alt=\"\" width=\"5079\" height=\"1960\" \/><\/p>\n","protected":false},"excerpt":{"rendered":"<p>El viernes 22 de junio representantes de los diversos sectores de la comunidad universitaria se reunieron para abordar el tema de seguridad integral en la USAC.<\/p>\n","protected":false},"author":1,"featured_media":7037,"comment_status":"closed","ping_status":"open","sticky":false,"template":"","format":"standard","meta":{"_exactmetrics_skip_tracking":false,"_exactmetrics_sitenote_active":false,"_exactmetrics_sitenote_note":"","_exactmetrics_sitenote_category":0,"_jetpack_memberships_contains_paid_content":false,"footnotes":""},"categories":[29],"tags":[434],"class_list":["post-7027","post","type-post","status-publish","format-standard","has-post-thumbnail","hentry","category-noticias","tag-plan-estrategico-de-seguridad"],"aioseo_notices":[],"jetpack_featured_media_url":"https:\/\/soy.usac.edu.gt\/wp-content\/uploads\/2019\/06\/CONSEJO-TECNICO-DE-SOLOL\u00c1-9.jpg","views":"","jetpack-related-posts":[{"id":6100,"url":"https:\/\/soy.usac.edu.gt\/?p=6100","url_meta":{"origin":7027,"position":0},"title":"Usac presenta agenda estr\u00e1tegica de pa\u00eds a Partidos Pol\u00edticos","author":"Divisi\u00f3n de Publicidad","date":"15 mayo, 2019","format":false,"excerpt":"La agenda estrat\u00e9gica 2020 -2024 elaborada por acad\u00e9micos e investigadores de la universidad fue entregada a representantes de las agrupaciones pol\u00edticas.","rel":"","context":"En \u00abNoticias\u00bb","block_context":{"text":"Noticias","link":"https:\/\/soy.usac.edu.gt\/?cat=29"},"img":{"alt_text":"","src":"https:\/\/i0.wp.com\/soy.usac.edu.gt\/wp-content\/uploads\/2019\/05\/WhatsApp-Image-2019-05-15-at-18.37.26.jpeg?resize=350%2C200&ssl=1","width":350,"height":200,"srcset":"https:\/\/i0.wp.com\/soy.usac.edu.gt\/wp-content\/uploads\/2019\/05\/WhatsApp-Image-2019-05-15-at-18.37.26.jpeg?resize=350%2C200&ssl=1 1x, https:\/\/i0.wp.com\/soy.usac.edu.gt\/wp-content\/uploads\/2019\/05\/WhatsApp-Image-2019-05-15-at-18.37.26.jpeg?resize=525%2C300&ssl=1 1.5x, https:\/\/i0.wp.com\/soy.usac.edu.gt\/wp-content\/uploads\/2019\/05\/WhatsApp-Image-2019-05-15-at-18.37.26.jpeg?resize=700%2C400&ssl=1 2x, https:\/\/i0.wp.com\/soy.usac.edu.gt\/wp-content\/uploads\/2019\/05\/WhatsApp-Image-2019-05-15-at-18.37.26.jpeg?resize=1050%2C600&ssl=1 3x"},"classes":[]},{"id":5364,"url":"https:\/\/soy.usac.edu.gt\/?p=5364","url_meta":{"origin":7027,"position":1},"title":"USAC anuncia implementaci\u00f3n de estrategia de seguridad","author":"Divisi\u00f3n de Publicidad","date":"28 marzo, 2019","format":false,"excerpt":"El rector Ing. Murphy Paiz explic\u00f3 las acciones que se llevar\u00e1n a cabo para mejorar la seguridad en las instalaciones de la universidad.","rel":"","context":"En \u00abNoticias\u00bb","block_context":{"text":"Noticias","link":"https:\/\/soy.usac.edu.gt\/?cat=29"},"img":{"alt_text":"","src":"https:\/\/i0.wp.com\/soy.usac.edu.gt\/wp-content\/uploads\/2019\/03\/DESTACADA-SEGURIDAD.jpeg?resize=350%2C200&ssl=1","width":350,"height":200,"srcset":"https:\/\/i0.wp.com\/soy.usac.edu.gt\/wp-content\/uploads\/2019\/03\/DESTACADA-SEGURIDAD.jpeg?resize=350%2C200&ssl=1 1x, https:\/\/i0.wp.com\/soy.usac.edu.gt\/wp-content\/uploads\/2019\/03\/DESTACADA-SEGURIDAD.jpeg?resize=525%2C300&ssl=1 1.5x, https:\/\/i0.wp.com\/soy.usac.edu.gt\/wp-content\/uploads\/2019\/03\/DESTACADA-SEGURIDAD.jpeg?resize=700%2C400&ssl=1 2x, https:\/\/i0.wp.com\/soy.usac.edu.gt\/wp-content\/uploads\/2019\/03\/DESTACADA-SEGURIDAD.jpeg?resize=1050%2C600&ssl=1 3x"},"classes":[]},{"id":8214,"url":"https:\/\/soy.usac.edu.gt\/?p=8214","url_meta":{"origin":7027,"position":2},"title":"Comisi\u00f3n de seguridad reinicia labores","author":"Erick Iv\u00e1n de Le\u00f3n","date":"20 septiembre, 2019","format":false,"excerpt":"La Comisi\u00f3n T\u00e9cnica de Seguridad, instituida en abril de 2019 por el Consejo Superior Universitario (CSU) para elaborar una propuesta sobre la seguridad de la Universidad","rel":"","context":"En \u00abNoticias\u00bb","block_context":{"text":"Noticias","link":"https:\/\/soy.usac.edu.gt\/?cat=29"},"img":{"alt_text":"","src":"https:\/\/i0.wp.com\/soy.usac.edu.gt\/wp-content\/uploads\/2019\/09\/001-CTS-J-19-09-2019.jpg?resize=350%2C200&ssl=1","width":350,"height":200,"srcset":"https:\/\/i0.wp.com\/soy.usac.edu.gt\/wp-content\/uploads\/2019\/09\/001-CTS-J-19-09-2019.jpg?resize=350%2C200&ssl=1 1x, https:\/\/i0.wp.com\/soy.usac.edu.gt\/wp-content\/uploads\/2019\/09\/001-CTS-J-19-09-2019.jpg?resize=525%2C300&ssl=1 1.5x, https:\/\/i0.wp.com\/soy.usac.edu.gt\/wp-content\/uploads\/2019\/09\/001-CTS-J-19-09-2019.jpg?resize=700%2C400&ssl=1 2x, https:\/\/i0.wp.com\/soy.usac.edu.gt\/wp-content\/uploads\/2019\/09\/001-CTS-J-19-09-2019.jpg?resize=1050%2C600&ssl=1 3x, https:\/\/i0.wp.com\/soy.usac.edu.gt\/wp-content\/uploads\/2019\/09\/001-CTS-J-19-09-2019.jpg?resize=1400%2C800&ssl=1 4x"},"classes":[]},{"id":6143,"url":"https:\/\/soy.usac.edu.gt\/?p=6143","url_meta":{"origin":7027,"position":3},"title":"Candidatos a alcalde reciben agenda estrat\u00e9gica","author":"Divisi\u00f3n de Publicidad","date":"17 mayo, 2019","format":false,"excerpt":"Esta casa de estudios y la Asamblea de Presidentes de los Colegios Profesionales de Guatemala organizaron un foro en el que entregaron a 13 candidatos a alcalde de la capital un plan estrat\u00e9gico de pa\u00eds.","rel":"","context":"En \u00abNoticias\u00bb","block_context":{"text":"Noticias","link":"https:\/\/soy.usac.edu.gt\/?cat=29"},"img":{"alt_text":"","src":"https:\/\/i0.wp.com\/soy.usac.edu.gt\/wp-content\/uploads\/2019\/05\/WhatsApp-Image-2019-05-16-at-19.38.58.jpeg?resize=350%2C200&ssl=1","width":350,"height":200,"srcset":"https:\/\/i0.wp.com\/soy.usac.edu.gt\/wp-content\/uploads\/2019\/05\/WhatsApp-Image-2019-05-16-at-19.38.58.jpeg?resize=350%2C200&ssl=1 1x, https:\/\/i0.wp.com\/soy.usac.edu.gt\/wp-content\/uploads\/2019\/05\/WhatsApp-Image-2019-05-16-at-19.38.58.jpeg?resize=525%2C300&ssl=1 1.5x, https:\/\/i0.wp.com\/soy.usac.edu.gt\/wp-content\/uploads\/2019\/05\/WhatsApp-Image-2019-05-16-at-19.38.58.jpeg?resize=700%2C400&ssl=1 2x, https:\/\/i0.wp.com\/soy.usac.edu.gt\/wp-content\/uploads\/2019\/05\/WhatsApp-Image-2019-05-16-at-19.38.58.jpeg?resize=1050%2C600&ssl=1 3x"},"classes":[]},{"id":7670,"url":"https:\/\/soy.usac.edu.gt\/?p=7670","url_meta":{"origin":7027,"position":4},"title":"Juramentan a nuevos monitores internos de protecci\u00f3n y de salud","author":"Divisi\u00f3n de Publicidad","date":"23 julio, 2019","format":false,"excerpt":"Los nuevos trabajadores de la USAC velar\u00e1n por el orden, seguridad y bienestar de la comunidad universitaria.","rel":"","context":"En \u00abNoticias\u00bb","block_context":{"text":"Noticias","link":"https:\/\/soy.usac.edu.gt\/?cat=29"},"img":{"alt_text":"","src":"https:\/\/i0.wp.com\/soy.usac.edu.gt\/wp-content\/uploads\/2019\/07\/1-Destacada-monitores-internos-de-protecci%C3%B3n.jpg?resize=350%2C200&ssl=1","width":350,"height":200,"srcset":"https:\/\/i0.wp.com\/soy.usac.edu.gt\/wp-content\/uploads\/2019\/07\/1-Destacada-monitores-internos-de-protecci%C3%B3n.jpg?resize=350%2C200&ssl=1 1x, https:\/\/i0.wp.com\/soy.usac.edu.gt\/wp-content\/uploads\/2019\/07\/1-Destacada-monitores-internos-de-protecci%C3%B3n.jpg?resize=525%2C300&ssl=1 1.5x, https:\/\/i0.wp.com\/soy.usac.edu.gt\/wp-content\/uploads\/2019\/07\/1-Destacada-monitores-internos-de-protecci%C3%B3n.jpg?resize=700%2C400&ssl=1 2x, https:\/\/i0.wp.com\/soy.usac.edu.gt\/wp-content\/uploads\/2019\/07\/1-Destacada-monitores-internos-de-protecci%C3%B3n.jpg?resize=1050%2C600&ssl=1 3x, https:\/\/i0.wp.com\/soy.usac.edu.gt\/wp-content\/uploads\/2019\/07\/1-Destacada-monitores-internos-de-protecci%C3%B3n.jpg?resize=1400%2C800&ssl=1 4x"},"classes":[]},{"id":5384,"url":"https:\/\/soy.usac.edu.gt\/?p=5384","url_meta":{"origin":7027,"position":5},"title":"USAC anuncia Estrategia de Seguridad para la protecci\u00f3n de sus estudiantes","author":"Divisi\u00f3n de Publicidad","date":"28 marzo, 2019","format":false,"excerpt":"El Consejo Superior Universitario de la Universidad de San Carlos de Guatemala informa a la comunidad sancarlista y a la poblaci\u00f3n en general que \u00a0ayer, 27 de marzo, fue aprobado por mayor\u00eda el \u201cPlan Estrat\u00e9gico de la prevenci\u00f3n de la violencia de la seguridad universitaria\u201d","rel":"","context":"En \u00abOpini\u00f3n\u00bb","block_context":{"text":"Opini\u00f3n","link":"https:\/\/soy.usac.edu.gt\/?cat=125"},"img":{"alt_text":"","src":"","width":0,"height":0},"classes":[]}],"jetpack_sharing_enabled":true,"_links":{"self":[{"href":"https:\/\/soy.usac.edu.gt\/index.php?rest_route=\/wp\/v2\/posts\/7027","targetHints":{"allow":["GET"]}}],"collection":[{"href":"https:\/\/soy.usac.edu.gt\/index.php?rest_route=\/wp\/v2\/posts"}],"about":[{"href":"https:\/\/soy.usac.edu.gt\/index.php?rest_route=\/wp\/v2\/types\/post"}],"author":[{"embeddable":true,"href":"https:\/\/soy.usac.edu.gt\/index.php?rest_route=\/wp\/v2\/users\/1"}],"replies":[{"embeddable":true,"href":"https:\/\/soy.usac.edu.gt\/index.php?rest_route=%2Fwp%2Fv2%2Fcomments&post=7027"}],"version-history":[{"count":0,"href":"https:\/\/soy.usac.edu.gt\/index.php?rest_route=\/wp\/v2\/posts\/7027\/revisions"}],"wp:featuredmedia":[{"embeddable":true,"href":"https:\/\/soy.usac.edu.gt\/index.php?rest_route=\/wp\/v2\/media\/7037"}],"wp:attachment":[{"href":"https:\/\/soy.usac.edu.gt\/index.php?rest_route=%2Fwp%2Fv2%2Fmedia&parent=7027"}],"wp:term":[{"taxonomy":"category","embeddable":true,"href":"https:\/\/soy.usac.edu.gt\/index.php?rest_route=%2Fwp%2Fv2%2Fcategories&post=7027"},{"taxonomy":"post_tag","embeddable":true,"href":"https:\/\/soy.usac.edu.gt\/index.php?rest_route=%2Fwp%2Fv2%2Ftags&post=7027"}],"curies":[{"name":"wp","href":"https:\/\/api.w.org\/{rel}","templated":true}]}}