{"id":7211,"date":"2019-06-28T14:19:33","date_gmt":"2019-06-28T20:19:33","guid":{"rendered":"https:\/\/soy.usac.edu.gt\/?p=7211"},"modified":"2019-06-28T15:02:11","modified_gmt":"2019-06-28T21:02:11","slug":"oportunidades-de-becas-en-guatemala-y-el-extranjero","status":"publish","type":"post","link":"https:\/\/soy.usac.edu.gt\/?p=7211","title":{"rendered":"Oportunidades de becas en Guatemala y el extranjero"},"content":{"rendered":"\n<h2><em><strong>La USAC te informa sobre las becas para licenciaturas, diplomados y posgrados a los que puedes optar.<\/strong><\/em><\/h2>\n<p style=\"text-align: justify;\">El futuro de una naci\u00f3n est\u00e1 en su poblaci\u00f3n, destrezas y conocimientos que se puedan adquirir y aplicar. \u00a0Muchas veces, cuando buscas dar un paso m\u00e1s en la vida acad\u00e9mica, consideras opciones en Europa y Estados Unidos; sin embargo, tambi\u00e9n existen pa\u00edses de Latinoam\u00e9rica que ofrecen grandes oportunidades.<\/p>\n<p style=\"text-align: justify;\">La\u00a0<strong>Secretar\u00eda de Planificaci\u00f3n y Programaci\u00f3n de la Presidencia (SEGEPLAN)<\/strong> tiene, como parte de sus atribuciones, crear y administrar el banco de becas de la comunidad internacional. De esa cuenta, te informamos sobre m\u00e1s de 275 becas a las que pueden acceder.<\/p>\n<p style=\"text-align: justify;\"><strong>Si est\u00e1s interesado en las becas puedes visitar el siguiente sitio: <\/strong><\/p>\n<h2 style=\"text-align: justify;\"><strong><span style=\"color: #00ccff;\"><a style=\"color: #00ccff;\" href=\"http:\/\/becas.segeplan.gob.gt\/becas\/listado_convocatoria.php?activa=1&amp;no_pager=1&amp;fbclid=IwAR2pW9azC-hnkH6r0_aw0jYXEoL6KnQzfyzTRYSGXfN8Xgx3A3PCOHal2MM\">APLICAR AQU\u00cd<\/a><\/span><\/strong><\/h2>\n<p style=\"text-align: justify;\"><strong>Algunos \u00e1mbitos de estudio son<\/strong>:<\/p>\n<ul style=\"text-align: justify;\">\n<li>Desarrollo de la piscicultura<\/li>\n<li>Estudios para iniciar o continuar cursos de ingl\u00e9s, 2019-2020.<\/li>\n<li>Fortalecimiento de los Organismos de Cuenca y Gobernanza del Agua en Centroam\u00e9rica.<\/li>\n<li>Diploma de Post\u00edtulo en Gesti\u00f3n, Ingenier\u00eda y Ciencias para la Resiliencia a los Desastres.<\/li>\n<li>Desarrollo de Planes para la Gesti\u00f3n de la Continuidad de Negocios Portuarios.<\/li>\n<li>Evaluaci\u00f3n R\u00e1pida Posdesastre de la Seguridad Estructural en Edificaciones.<\/li>\n<li>Master en Dise\u00f1o de Interiores (OEA\/EADIC a distancia).<\/li>\n<li>M\u00e1ster MBA en Direcci\u00f3n de Empresas y Gerencia de Proyectos de Ingenier\u00eda y Construcci\u00f3n.<\/li>\n<li>Master en Marketing Digital.<\/li>\n<li>Master en Dise\u00f1o y Construcci\u00f3n de Instalaciones y Plantas Industriales (OEA\/EADIC a distancia).<\/li>\n<li>M\u00e1ster en Ingenier\u00eda El\u00e9ctrica Aplicada.<\/li>\n<li>M\u00e1ster en Ingenier\u00eda Qu\u00edmica.<\/li>\n<li>Diplomado en Energ\u00edas Renovables.<\/li>\n<li>Diplomado en dise\u00f1o y c\u00e1lculo de cimentaciones, zapatas, pilotes y estructuras de contenci\u00f3n.<\/li>\n<li>Becas para Maestr\u00edas a nivel Nacional.<\/li>\n<\/ul>\n<p style=\"text-align: justify;\"><strong>\u00a0<\/strong><\/p>\n<h4 style=\"text-align: justify;\"><strong>La Universidad de San Carlos de Guatemala <\/strong>tambi\u00e9n <strong>apoya a la comunidad estudiantil y provee becas para estudiar en esta instituci\u00f3n. <\/strong>En el siguiente link puedes ver los programas que la USAC ofrece:\u00a0<\/h4>\n<h2><strong><span style=\"color: #00ccff;\"><a style=\"color: #00ccff;\" href=\"http:\/\/www.usac.edu.gt\/becasusac.php\">Becas USAC AQU\u00cd<\/a><\/span><\/strong><\/h2>\n<p style=\"text-align: justify;\"><strong> <img loading=\"lazy\" decoding=\"async\" class=\"aligncenter size-full wp-image-7056\" src=\"https:\/\/soy.usac.edu.gt\/wp-content\/uploads\/2019\/06\/cr\u00e9ditos-christian-2.png\" alt=\"\" width=\"10159\" height=\"3919\" srcset=\"https:\/\/soy.usac.edu.gt\/wp-content\/uploads\/2019\/06\/cr\u00e9ditos-christian-2.png 10159w, https:\/\/soy.usac.edu.gt\/wp-content\/uploads\/2019\/06\/cr\u00e9ditos-christian-2-300x116.png 300w, https:\/\/soy.usac.edu.gt\/wp-content\/uploads\/2019\/06\/cr\u00e9ditos-christian-2-768x296.png 768w, https:\/\/soy.usac.edu.gt\/wp-content\/uploads\/2019\/06\/cr\u00e9ditos-christian-2-1024x395.png 1024w, https:\/\/soy.usac.edu.gt\/wp-content\/uploads\/2019\/06\/cr\u00e9ditos-christian-2-1089x420.png 1089w, https:\/\/soy.usac.edu.gt\/wp-content\/uploads\/2019\/06\/cr\u00e9ditos-christian-2-640x247.png 640w, https:\/\/soy.usac.edu.gt\/wp-content\/uploads\/2019\/06\/cr\u00e9ditos-christian-2-681x263.png 681w\" sizes=\"auto, (max-width: 10159px) 100vw, 10159px\" \/><\/strong><\/p>\n","protected":false},"excerpt":{"rendered":"<p>La USAC te informa sobre las becas para licenciaturas, diplomados y posgrados a los que puedes optar.<\/p>\n","protected":false},"author":1,"featured_media":7214,"comment_status":"closed","ping_status":"open","sticky":false,"template":"","format":"standard","meta":{"_exactmetrics_skip_tracking":false,"_exactmetrics_sitenote_active":false,"_exactmetrics_sitenote_note":"","_exactmetrics_sitenote_category":0,"_jetpack_memberships_contains_paid_content":false,"footnotes":""},"categories":[127,233,29],"tags":[112],"class_list":["post-7211","post","type-post","status-publish","format-standard","has-post-thumbnail","hentry","category-becas-y-convocatorias","category-becas-y-convocatorias-2","category-noticias","tag-becas-y-convocatorias"],"aioseo_notices":[],"jetpack_featured_media_url":"https:\/\/soy.usac.edu.gt\/wp-content\/uploads\/2019\/06\/CALUSAC-12.jpg","views":"","jetpack-related-posts":[{"id":2963,"url":"https:\/\/soy.usac.edu.gt\/?p=2963","url_meta":{"origin":7211,"position":0},"title":"Oportunidad de beca completa para estudiar en Suecia","author":"Divisi\u00f3n de Publicidad","date":"4 noviembre, 2018","format":false,"excerpt":"\u00bfTienes ambici\u00f3n, experiencia de liderazgo y una s\u00f3lida formaci\u00f3n profesional? El Instituto Sueco de Becas de Estudios (SISS) esta brindando la oportunidad para que profesionales sancarlistas puedan\u00a0aplicar para obtener una maestr\u00eda en Suecia totalmente financiada. La informaci\u00f3n sobre la convocatoria estar\u00e1 disponible el 1 de diciembre de 2018 para los\u2026","rel":"","context":"En \u00abBecas y Convocatorias\u00bb","block_context":{"text":"Becas y Convocatorias","link":"https:\/\/soy.usac.edu.gt\/?cat=127"},"img":{"alt_text":"","src":"https:\/\/i0.wp.com\/soy.usac.edu.gt\/wp-content\/uploads\/2018\/11\/sweden.jpg?resize=350%2C200&ssl=1","width":350,"height":200,"srcset":"https:\/\/i0.wp.com\/soy.usac.edu.gt\/wp-content\/uploads\/2018\/11\/sweden.jpg?resize=350%2C200&ssl=1 1x, https:\/\/i0.wp.com\/soy.usac.edu.gt\/wp-content\/uploads\/2018\/11\/sweden.jpg?resize=525%2C300&ssl=1 1.5x, https:\/\/i0.wp.com\/soy.usac.edu.gt\/wp-content\/uploads\/2018\/11\/sweden.jpg?resize=700%2C400&ssl=1 2x"},"classes":[]},{"id":8826,"url":"https:\/\/soy.usac.edu.gt\/?p=8826","url_meta":{"origin":7211,"position":1},"title":"Festival de Becas, una oportunidad para crecer","author":"Divisi\u00f3n de Publicidad","date":"12 octubre, 2019","format":false,"excerpt":"El Festival de Becas ser\u00e1 una actividad importante para toda la poblaci\u00f3n estudiantil guatemalteca, por todas las oportunidades de estudio que brindar\u00e1n las embajadas acreditadas en el pa\u00eds y distintas instituciones.","rel":"","context":"En \u00abBecas y Convocatorias\u00bb","block_context":{"text":"Becas y Convocatorias","link":"https:\/\/soy.usac.edu.gt\/?cat=127"},"img":{"alt_text":"","src":"https:\/\/i0.wp.com\/soy.usac.edu.gt\/wp-content\/uploads\/2019\/10\/feria-de-becas-dos.jpeg?resize=350%2C200&ssl=1","width":350,"height":200,"srcset":"https:\/\/i0.wp.com\/soy.usac.edu.gt\/wp-content\/uploads\/2019\/10\/feria-de-becas-dos.jpeg?resize=350%2C200&ssl=1 1x, https:\/\/i0.wp.com\/soy.usac.edu.gt\/wp-content\/uploads\/2019\/10\/feria-de-becas-dos.jpeg?resize=525%2C300&ssl=1 1.5x, https:\/\/i0.wp.com\/soy.usac.edu.gt\/wp-content\/uploads\/2019\/10\/feria-de-becas-dos.jpeg?resize=700%2C400&ssl=1 2x, https:\/\/i0.wp.com\/soy.usac.edu.gt\/wp-content\/uploads\/2019\/10\/feria-de-becas-dos.jpeg?resize=1050%2C600&ssl=1 3x"},"classes":[]},{"id":11865,"url":"https:\/\/soy.usac.edu.gt\/?p=11865","url_meta":{"origin":7211,"position":2},"title":"Convocatoria para el programa de BECAS 2020","author":"Divisi\u00f3n de Publicidad","date":"28 junio, 2020","format":"video","excerpt":"USAC con un fuerte compromiso con la juventud, te presenta una oportunidad para alcanzar tus metas. #BECAS2020","rel":"","context":"En \u00abBecas y convocatorias\u00bb","block_context":{"text":"Becas y convocatorias","link":"https:\/\/soy.usac.edu.gt\/?cat=233"},"img":{"alt_text":"","src":"https:\/\/i0.wp.com\/soy.usac.edu.gt\/wp-content\/uploads\/2020\/06\/hqdefault-5.jpg?resize=350%2C200&ssl=1","width":350,"height":200},"classes":[]},{"id":2969,"url":"https:\/\/soy.usac.edu.gt\/?p=2969","url_meta":{"origin":7211,"position":3},"title":"Abierta convocatoria de Becas Excelencia Eiffel","author":"Divisi\u00f3n de Publicidad","date":"4 noviembre, 2018","format":false,"excerpt":"La convocatoria de\u00a0becas Eiffel Excellence Programme estar\u00e1 abierta hasta el 11 de enero de 2019. Para poder aplicar se debe de ser estudiante y no pasar de los treinta a\u00f1os de edad. Las becas ser\u00e1n en nistituciones francesas de educaci\u00f3n superior y son otorgadas por el Ministerio para Europa y\u2026","rel":"","context":"En \u00abBecas y Convocatorias\u00bb","block_context":{"text":"Becas y Convocatorias","link":"https:\/\/soy.usac.edu.gt\/?cat=127"},"img":{"alt_text":"","src":"https:\/\/i0.wp.com\/soy.usac.edu.gt\/wp-content\/uploads\/2018\/11\/torre_eiffel2016.jpg?resize=350%2C200&ssl=1","width":350,"height":200,"srcset":"https:\/\/i0.wp.com\/soy.usac.edu.gt\/wp-content\/uploads\/2018\/11\/torre_eiffel2016.jpg?resize=350%2C200&ssl=1 1x, https:\/\/i0.wp.com\/soy.usac.edu.gt\/wp-content\/uploads\/2018\/11\/torre_eiffel2016.jpg?resize=525%2C300&ssl=1 1.5x, https:\/\/i0.wp.com\/soy.usac.edu.gt\/wp-content\/uploads\/2018\/11\/torre_eiffel2016.jpg?resize=700%2C400&ssl=1 2x"},"classes":[]},{"id":13927,"url":"https:\/\/soy.usac.edu.gt\/?p=13927","url_meta":{"origin":7211,"position":4},"title":"Aplica a ofertas de becas internacionales para doctorado","author":"Divisi\u00f3n de Publicidad","date":"21 abril, 2021","format":false,"excerpt":"Conoce ofertas de becas en dos universidades extranjeras.","rel":"","context":"En \u00abBecas y convocatorias\u00bb","block_context":{"text":"Becas y convocatorias","link":"https:\/\/soy.usac.edu.gt\/?cat=233"},"img":{"alt_text":"","src":"https:\/\/i0.wp.com\/soy.usac.edu.gt\/wp-content\/uploads\/2021\/04\/zarra.jpg?resize=350%2C200&ssl=1","width":350,"height":200,"srcset":"https:\/\/i0.wp.com\/soy.usac.edu.gt\/wp-content\/uploads\/2021\/04\/zarra.jpg?resize=350%2C200&ssl=1 1x, https:\/\/i0.wp.com\/soy.usac.edu.gt\/wp-content\/uploads\/2021\/04\/zarra.jpg?resize=525%2C300&ssl=1 1.5x, https:\/\/i0.wp.com\/soy.usac.edu.gt\/wp-content\/uploads\/2021\/04\/zarra.jpg?resize=700%2C400&ssl=1 2x, https:\/\/i0.wp.com\/soy.usac.edu.gt\/wp-content\/uploads\/2021\/04\/zarra.jpg?resize=1050%2C600&ssl=1 3x"},"classes":[]},{"id":7386,"url":"https:\/\/soy.usac.edu.gt\/?p=7386","url_meta":{"origin":7211,"position":5},"title":"Oportunidad de becas para licenciaturas en Corea","author":"Divisi\u00f3n de Publicidad","date":"11 julio, 2019","format":false,"excerpt":"La Universidad Nacional de Se\u00fal tiene abierta una convocatoria para licenciaturas en diferentes \u00e1reas de estudio.","rel":"","context":"En \u00abBecas y Convocatorias\u00bb","block_context":{"text":"Becas y Convocatorias","link":"https:\/\/soy.usac.edu.gt\/?cat=127"},"img":{"alt_text":"","src":"https:\/\/i0.wp.com\/soy.usac.edu.gt\/wp-content\/uploads\/2019\/07\/SE%C3%9AL-COREA.jpg?resize=350%2C200&ssl=1","width":350,"height":200,"srcset":"https:\/\/i0.wp.com\/soy.usac.edu.gt\/wp-content\/uploads\/2019\/07\/SE%C3%9AL-COREA.jpg?resize=350%2C200&ssl=1 1x, https:\/\/i0.wp.com\/soy.usac.edu.gt\/wp-content\/uploads\/2019\/07\/SE%C3%9AL-COREA.jpg?resize=525%2C300&ssl=1 1.5x, https:\/\/i0.wp.com\/soy.usac.edu.gt\/wp-content\/uploads\/2019\/07\/SE%C3%9AL-COREA.jpg?resize=700%2C400&ssl=1 2x, https:\/\/i0.wp.com\/soy.usac.edu.gt\/wp-content\/uploads\/2019\/07\/SE%C3%9AL-COREA.jpg?resize=1050%2C600&ssl=1 3x, https:\/\/i0.wp.com\/soy.usac.edu.gt\/wp-content\/uploads\/2019\/07\/SE%C3%9AL-COREA.jpg?resize=1400%2C800&ssl=1 4x"},"classes":[]}],"jetpack_sharing_enabled":true,"_links":{"self":[{"href":"https:\/\/soy.usac.edu.gt\/index.php?rest_route=\/wp\/v2\/posts\/7211","targetHints":{"allow":["GET"]}}],"collection":[{"href":"https:\/\/soy.usac.edu.gt\/index.php?rest_route=\/wp\/v2\/posts"}],"about":[{"href":"https:\/\/soy.usac.edu.gt\/index.php?rest_route=\/wp\/v2\/types\/post"}],"author":[{"embeddable":true,"href":"https:\/\/soy.usac.edu.gt\/index.php?rest_route=\/wp\/v2\/users\/1"}],"replies":[{"embeddable":true,"href":"https:\/\/soy.usac.edu.gt\/index.php?rest_route=%2Fwp%2Fv2%2Fcomments&post=7211"}],"version-history":[{"count":0,"href":"https:\/\/soy.usac.edu.gt\/index.php?rest_route=\/wp\/v2\/posts\/7211\/revisions"}],"wp:featuredmedia":[{"embeddable":true,"href":"https:\/\/soy.usac.edu.gt\/index.php?rest_route=\/wp\/v2\/media\/7214"}],"wp:attachment":[{"href":"https:\/\/soy.usac.edu.gt\/index.php?rest_route=%2Fwp%2Fv2%2Fmedia&parent=7211"}],"wp:term":[{"taxonomy":"category","embeddable":true,"href":"https:\/\/soy.usac.edu.gt\/index.php?rest_route=%2Fwp%2Fv2%2Fcategories&post=7211"},{"taxonomy":"post_tag","embeddable":true,"href":"https:\/\/soy.usac.edu.gt\/index.php?rest_route=%2Fwp%2Fv2%2Ftags&post=7211"}],"curies":[{"name":"wp","href":"https:\/\/api.w.org\/{rel}","templated":true}]}}