{"id":7306,"date":"2019-07-08T11:48:26","date_gmt":"2019-07-08T17:48:26","guid":{"rendered":"https:\/\/soy.usac.edu.gt\/?p=7306"},"modified":"2019-07-08T11:52:11","modified_gmt":"2019-07-08T17:52:11","slug":"inmortales-una-galeria-de-arte-en-rectoria","status":"publish","type":"post","link":"https:\/\/soy.usac.edu.gt\/?p=7306","title":{"rendered":"\u201cInmortales\u201d, una galer\u00eda de arte en Rector\u00eda"},"content":{"rendered":"\n<p><em><strong>La USAC promueve el arte guatemalteco con una exposici\u00f3n de retratos en el edificio de Rector\u00eda.<\/strong><\/em><\/p>\n<p style=\"text-align: justify;\">A trav\u00e9s de la exposici\u00f3n de retratos \u201cInmortales\u201d, se inaugur\u00f3 la galer\u00eda ubicada en el segundo nivel del emblem\u00e1tico edificio de Rector\u00eda, la cual est\u00e1 abierta a todo el p\u00fablico.<\/p>\n<p style=\"text-align: justify;\">En la galer\u00eda se observan los rostros de reconocidos artistas pl\u00e1sticos como Carlos M\u00e9rida, Efra\u00edn Recinos, Elmar Rojas, Roberto Gonz\u00e1lez Goyri, Max Saravia, entre otros.<\/p>\n<p style=\"text-align: justify;\"><br \/>Luz Mar\u00eda Orozco Rivera, conocida art\u00edsticamente como Luz Mar\u00eda Ori, es quien elabor\u00f3 la serie \u201cInmortales\u201d, con la cual retrat\u00f3 a artistas con la t\u00e9cnica del claroscuro.<\/p>\n<p><img loading=\"lazy\" decoding=\"async\" class=\"aligncenter size-full wp-image-7338\" src=\"https:\/\/soy.usac.edu.gt\/wp-content\/uploads\/2019\/07\/IMG_3715.jpg\" alt=\"\" width=\"3120\" height=\"2080\" srcset=\"https:\/\/soy.usac.edu.gt\/wp-content\/uploads\/2019\/07\/IMG_3715.jpg 3120w, https:\/\/soy.usac.edu.gt\/wp-content\/uploads\/2019\/07\/IMG_3715-300x200.jpg 300w, https:\/\/soy.usac.edu.gt\/wp-content\/uploads\/2019\/07\/IMG_3715-768x512.jpg 768w, https:\/\/soy.usac.edu.gt\/wp-content\/uploads\/2019\/07\/IMG_3715-1024x683.jpg 1024w, https:\/\/soy.usac.edu.gt\/wp-content\/uploads\/2019\/07\/IMG_3715-630x420.jpg 630w, https:\/\/soy.usac.edu.gt\/wp-content\/uploads\/2019\/07\/IMG_3715-640x427.jpg 640w, https:\/\/soy.usac.edu.gt\/wp-content\/uploads\/2019\/07\/IMG_3715-681x454.jpg 681w\" sizes=\"auto, (max-width: 3120px) 100vw, 3120px\" \/><\/p>\n<p style=\"text-align: justify;\"><br \/>\u201cLa exposici\u00f3n muestra el rostro de artistas y personajes que dejaron huella y se convierten en inmortales por la obra hermosa que han dejado. Realmente toda la vida me he dedicado a amar el arte y, como\u00a0 autodidacta, he descubierto mi propia t\u00e9cnica para expresarme\u201d, dio a conocer Luz Mar\u00eda Ori.<\/p>\n<p style=\"text-align: justify;\"><br \/>En la inauguraci\u00f3n, el secretario general de la USAC, Arq. Carlos Valladares, invit\u00f3 a los asistentes a acercarse m\u00e1s al arte y conocer el legado de los grandes artistas pl\u00e1sticos de Guatemala.<br \/>\u201cQuiero felicitar a Luz Mar\u00eda Ori por esta muestra excelente de un realismo grande e impresionante, que exalta a maestros de la pl\u00e1stica guatemalteca y su legado\u201d, expres\u00f3<\/p>\n<p style=\"text-align: justify;\"><br \/>el Arq. Carlos Valladares, secretario general de la USAC.<br \/>Para la Direcci\u00f3n General de Extensi\u00f3n Universitaria (DIGEU), es primordial promover el arte y la cultura; de esa cuenta, la Tricentenaria organiza estas actividades.<\/p>\n<div id='gallery-1' class='gallery galleryid-7306 gallery-columns-3 gallery-size-thumbnail'><figure class='gallery-item'>\n\t\t\t<div class='gallery-icon portrait'>\n\t\t\t\t<a href='https:\/\/soy.usac.edu.gt\/?attachment_id=7346'><img loading=\"lazy\" decoding=\"async\" width=\"150\" height=\"150\" src=\"https:\/\/soy.usac.edu.gt\/wp-content\/uploads\/2019\/07\/IMG_3744-150x150.jpg\" class=\"attachment-thumbnail size-thumbnail\" alt=\"\" \/><\/a>\n\t\t\t<\/div><\/figure><figure class='gallery-item'>\n\t\t\t<div class='gallery-icon portrait'>\n\t\t\t\t<a href='https:\/\/soy.usac.edu.gt\/?attachment_id=7345'><img loading=\"lazy\" decoding=\"async\" width=\"150\" height=\"150\" src=\"https:\/\/soy.usac.edu.gt\/wp-content\/uploads\/2019\/07\/IMG_3741-150x150.jpg\" class=\"attachment-thumbnail size-thumbnail\" alt=\"\" \/><\/a>\n\t\t\t<\/div><\/figure><figure class='gallery-item'>\n\t\t\t<div class='gallery-icon portrait'>\n\t\t\t\t<a href='https:\/\/soy.usac.edu.gt\/?attachment_id=7344'><img loading=\"lazy\" decoding=\"async\" width=\"150\" height=\"150\" src=\"https:\/\/soy.usac.edu.gt\/wp-content\/uploads\/2019\/07\/IMG_3738-150x150.jpg\" class=\"attachment-thumbnail size-thumbnail\" alt=\"\" \/><\/a>\n\t\t\t<\/div><\/figure><figure class='gallery-item'>\n\t\t\t<div class='gallery-icon portrait'>\n\t\t\t\t<a href='https:\/\/soy.usac.edu.gt\/?attachment_id=7342'><img loading=\"lazy\" decoding=\"async\" width=\"150\" height=\"150\" src=\"https:\/\/soy.usac.edu.gt\/wp-content\/uploads\/2019\/07\/IMG_3728-150x150.jpg\" class=\"attachment-thumbnail size-thumbnail\" alt=\"\" \/><\/a>\n\t\t\t<\/div><\/figure><figure class='gallery-item'>\n\t\t\t<div class='gallery-icon portrait'>\n\t\t\t\t<a href='https:\/\/soy.usac.edu.gt\/?attachment_id=7343'><img loading=\"lazy\" decoding=\"async\" width=\"150\" height=\"150\" src=\"https:\/\/soy.usac.edu.gt\/wp-content\/uploads\/2019\/07\/IMG_3729-150x150.jpg\" class=\"attachment-thumbnail size-thumbnail\" alt=\"\" \/><\/a>\n\t\t\t<\/div><\/figure><figure class='gallery-item'>\n\t\t\t<div class='gallery-icon portrait'>\n\t\t\t\t<a href='https:\/\/soy.usac.edu.gt\/?attachment_id=7341'><img loading=\"lazy\" decoding=\"async\" width=\"150\" height=\"150\" src=\"https:\/\/soy.usac.edu.gt\/wp-content\/uploads\/2019\/07\/IMG_3727-150x150.jpg\" class=\"attachment-thumbnail size-thumbnail\" alt=\"\" \/><\/a>\n\t\t\t<\/div><\/figure><figure class='gallery-item'>\n\t\t\t<div class='gallery-icon portrait'>\n\t\t\t\t<a href='https:\/\/soy.usac.edu.gt\/?attachment_id=7340'><img loading=\"lazy\" decoding=\"async\" width=\"150\" height=\"150\" src=\"https:\/\/soy.usac.edu.gt\/wp-content\/uploads\/2019\/07\/IMG_3726-150x150.jpg\" class=\"attachment-thumbnail size-thumbnail\" alt=\"\" \/><\/a>\n\t\t\t<\/div><\/figure><figure class='gallery-item'>\n\t\t\t<div class='gallery-icon landscape'>\n\t\t\t\t<a href='https:\/\/soy.usac.edu.gt\/?attachment_id=7339'><img loading=\"lazy\" decoding=\"async\" width=\"150\" height=\"150\" src=\"https:\/\/soy.usac.edu.gt\/wp-content\/uploads\/2019\/07\/IMG_3724-150x150.jpg\" class=\"attachment-thumbnail size-thumbnail\" alt=\"\" \/><\/a>\n\t\t\t<\/div><\/figure>\n\t\t<\/div>\n\n<p><br \/>\u201cConscientes del talento art\u00edstico de Luz Mar\u00eda Ori, no quisimos quedarnos solos con el deleite, hemos tra\u00eddo su obra a Rector\u00eda, para tener la oportunidad de disfrutar juntos del arte y la cultura\u201d, expres\u00f3 la doctora Ver\u00f3nica Paz, directora de DIGEU.<\/p>\n<p style=\"text-align: justify;\"><img loading=\"lazy\" decoding=\"async\" class=\"aligncenter size-full wp-image-7334\" src=\"https:\/\/soy.usac.edu.gt\/wp-content\/uploads\/2019\/07\/IMG_3693.jpg\" alt=\"\" width=\"3120\" height=\"2080\" srcset=\"https:\/\/soy.usac.edu.gt\/wp-content\/uploads\/2019\/07\/IMG_3693.jpg 3120w, https:\/\/soy.usac.edu.gt\/wp-content\/uploads\/2019\/07\/IMG_3693-300x200.jpg 300w, https:\/\/soy.usac.edu.gt\/wp-content\/uploads\/2019\/07\/IMG_3693-768x512.jpg 768w, https:\/\/soy.usac.edu.gt\/wp-content\/uploads\/2019\/07\/IMG_3693-1024x683.jpg 1024w, https:\/\/soy.usac.edu.gt\/wp-content\/uploads\/2019\/07\/IMG_3693-630x420.jpg 630w, https:\/\/soy.usac.edu.gt\/wp-content\/uploads\/2019\/07\/IMG_3693-640x427.jpg 640w, https:\/\/soy.usac.edu.gt\/wp-content\/uploads\/2019\/07\/IMG_3693-681x454.jpg 681w\" sizes=\"auto, (max-width: 3120px) 100vw, 3120px\" \/><br \/>Por otra parte, el maestro H\u00e9ctor Hugo Guti\u00e9rrez indic\u00f3: \u201cEste es un trabajo que no admite errores, es un trabajo perfecto\u201d.<br \/>\u201cInmortales\u201d es una serie que te permite conocer a diferentes artistas pl\u00e1sticos del pa\u00eds.<\/p>\n<p style=\"text-align: justify;\"><br \/>La exposici\u00f3n est\u00e1 abierta al p\u00fablico en general. Trayectoria art\u00edstica de Luz Mar\u00eda Ori Naci\u00f3 un 11 de agosto, realiz\u00f3 sus primeros estudios en la Escuela Nacional de Artes Pl\u00e1sticas (ENAP) y desarroll\u00f3 trabajos como dibujante en agencias de publicidad. Es madre y esposa, luego de muchos a\u00f1os regres\u00f3 al arte, que cataloga como su pasi\u00f3n.<\/p>\n<p><img loading=\"lazy\" decoding=\"async\" class=\"aligncenter size-full wp-image-7318\" src=\"https:\/\/soy.usac.edu.gt\/wp-content\/uploads\/2019\/06\/cr\u00e9ditos-christian-2-1.png\" alt=\"\" width=\"10159\" height=\"3919\" srcset=\"https:\/\/soy.usac.edu.gt\/wp-content\/uploads\/2019\/06\/cr\u00e9ditos-christian-2-1.png 10159w, https:\/\/soy.usac.edu.gt\/wp-content\/uploads\/2019\/06\/cr\u00e9ditos-christian-2-1-300x116.png 300w, https:\/\/soy.usac.edu.gt\/wp-content\/uploads\/2019\/06\/cr\u00e9ditos-christian-2-1-768x296.png 768w, https:\/\/soy.usac.edu.gt\/wp-content\/uploads\/2019\/06\/cr\u00e9ditos-christian-2-1-1024x395.png 1024w, https:\/\/soy.usac.edu.gt\/wp-content\/uploads\/2019\/06\/cr\u00e9ditos-christian-2-1-1089x420.png 1089w, https:\/\/soy.usac.edu.gt\/wp-content\/uploads\/2019\/06\/cr\u00e9ditos-christian-2-1-640x247.png 640w, https:\/\/soy.usac.edu.gt\/wp-content\/uploads\/2019\/06\/cr\u00e9ditos-christian-2-1-681x263.png 681w\" sizes=\"auto, (max-width: 10159px) 100vw, 10159px\" \/><\/p>\n","protected":false},"excerpt":{"rendered":"<p>La USAC promueve el arte guatemalteco con una exposici\u00f3n de retratos en el edificio de Rector\u00eda.<\/p>\n","protected":false},"author":1,"featured_media":7325,"comment_status":"closed","ping_status":"open","sticky":false,"template":"","format":"standard","meta":{"_exactmetrics_skip_tracking":false,"_exactmetrics_sitenote_active":false,"_exactmetrics_sitenote_note":"","_exactmetrics_sitenote_category":0,"_jetpack_memberships_contains_paid_content":false,"footnotes":""},"categories":[97,123,29],"tags":[191,501],"class_list":["post-7306","post","type-post","status-publish","format-standard","has-post-thumbnail","hentry","category-cultura-noticias","category-cultura-mas","category-noticias","tag-arte","tag-dibujo"],"aioseo_notices":[],"jetpack_featured_media_url":"https:\/\/soy.usac.edu.gt\/wp-content\/uploads\/2019\/07\/RETRATOS.jpg","views":"","jetpack-related-posts":[{"id":4186,"url":"https:\/\/soy.usac.edu.gt\/?p=4186","url_meta":{"origin":7306,"position":0},"title":"As\u00ed celebramos el D\u00eda de la Marimba","author":"Edwin Medina","date":"20 febrero, 2019","format":false,"excerpt":"En la Plaza de las Banderas del campus central de la Universidad de San Carlos de Guatemala, se inaugur\u00f3 el Festival Nacional de Marimbas, que cont\u00f3 con la presencia de distintos ensambles de todo el pa\u00eds. El secretario general, arquitecto Carlos Valladares, recalc\u00f3 la importancia de la expresi\u00f3n art\u00edstica en\u2026","rel":"","context":"En \u00abFotonotas\u00bb","block_context":{"text":"Fotonotas","link":"https:\/\/soy.usac.edu.gt\/?cat=348"},"img":{"alt_text":"","src":"https:\/\/i0.wp.com\/soy.usac.edu.gt\/wp-content\/uploads\/2019\/02\/IMG_4400.jpg?resize=350%2C200&ssl=1","width":350,"height":200,"srcset":"https:\/\/i0.wp.com\/soy.usac.edu.gt\/wp-content\/uploads\/2019\/02\/IMG_4400.jpg?resize=350%2C200&ssl=1 1x, https:\/\/i0.wp.com\/soy.usac.edu.gt\/wp-content\/uploads\/2019\/02\/IMG_4400.jpg?resize=525%2C300&ssl=1 1.5x, https:\/\/i0.wp.com\/soy.usac.edu.gt\/wp-content\/uploads\/2019\/02\/IMG_4400.jpg?resize=700%2C400&ssl=1 2x, https:\/\/i0.wp.com\/soy.usac.edu.gt\/wp-content\/uploads\/2019\/02\/IMG_4400.jpg?resize=1050%2C600&ssl=1 3x, https:\/\/i0.wp.com\/soy.usac.edu.gt\/wp-content\/uploads\/2019\/02\/IMG_4400.jpg?resize=1400%2C800&ssl=1 4x"},"classes":[]},{"id":6308,"url":"https:\/\/soy.usac.edu.gt\/?p=6308","url_meta":{"origin":7306,"position":1},"title":"Juramentan a delegaci\u00f3n  que participar\u00e1 en FICCUA","author":"Erick Iv\u00e1n de Le\u00f3n","date":"23 mayo, 2019","format":false,"excerpt":"Un total de 43 estudiantes representaran a la USAC en el Festival Interuniversitario Centroamericano de la Cultura y el Arte (FICCUA) que se llevar\u00e1 a cabo en Costa Rica en junio de este a\u00f1o.","rel":"","context":"En \u00abCultura\u00bb","block_context":{"text":"Cultura","link":"https:\/\/soy.usac.edu.gt\/?cat=97"},"img":{"alt_text":"","src":"https:\/\/i0.wp.com\/soy.usac.edu.gt\/wp-content\/uploads\/2019\/05\/DSC02420.jpg?resize=350%2C200&ssl=1","width":350,"height":200,"srcset":"https:\/\/i0.wp.com\/soy.usac.edu.gt\/wp-content\/uploads\/2019\/05\/DSC02420.jpg?resize=350%2C200&ssl=1 1x, https:\/\/i0.wp.com\/soy.usac.edu.gt\/wp-content\/uploads\/2019\/05\/DSC02420.jpg?resize=525%2C300&ssl=1 1.5x, https:\/\/i0.wp.com\/soy.usac.edu.gt\/wp-content\/uploads\/2019\/05\/DSC02420.jpg?resize=700%2C400&ssl=1 2x, https:\/\/i0.wp.com\/soy.usac.edu.gt\/wp-content\/uploads\/2019\/05\/DSC02420.jpg?resize=1050%2C600&ssl=1 3x, https:\/\/i0.wp.com\/soy.usac.edu.gt\/wp-content\/uploads\/2019\/05\/DSC02420.jpg?resize=1400%2C800&ssl=1 4x"},"classes":[]},{"id":20610,"url":"https:\/\/soy.usac.edu.gt\/?p=20610","url_meta":{"origin":7306,"position":2},"title":"Reconocen a la delegaci\u00f3n que particip\u00f3 en FICCUA","author":"Divisi\u00f3n de Publicidad","date":"18 junio, 2024","format":false,"excerpt":"Un total de 40 sancarlistas que representaron a la USAC en el Festival Interuniversitario Centroamericano de la Cultura y el Arte (FICCUA) recibieron un reconocimiento de manos de las autoridades universitarias por su destacada participaci\u00f3n En el evento realizado en Panam\u00e1 del 3 al 7 de junio, la delegaci\u00f3n guatemalteca\u2026","rel":"","context":"En \u00abCultura\u00bb","block_context":{"text":"Cultura","link":"https:\/\/soy.usac.edu.gt\/?cat=97"},"img":{"alt_text":"","src":"https:\/\/i0.wp.com\/soy.usac.edu.gt\/wp-content\/uploads\/2024\/06\/WhatsApp-Image-2024-06-18-at-12.17.41-PM-1.jpeg?resize=350%2C200&ssl=1","width":350,"height":200,"srcset":"https:\/\/i0.wp.com\/soy.usac.edu.gt\/wp-content\/uploads\/2024\/06\/WhatsApp-Image-2024-06-18-at-12.17.41-PM-1.jpeg?resize=350%2C200&ssl=1 1x, https:\/\/i0.wp.com\/soy.usac.edu.gt\/wp-content\/uploads\/2024\/06\/WhatsApp-Image-2024-06-18-at-12.17.41-PM-1.jpeg?resize=525%2C300&ssl=1 1.5x, https:\/\/i0.wp.com\/soy.usac.edu.gt\/wp-content\/uploads\/2024\/06\/WhatsApp-Image-2024-06-18-at-12.17.41-PM-1.jpeg?resize=700%2C400&ssl=1 2x, https:\/\/i0.wp.com\/soy.usac.edu.gt\/wp-content\/uploads\/2024\/06\/WhatsApp-Image-2024-06-18-at-12.17.41-PM-1.jpeg?resize=1050%2C600&ssl=1 3x, https:\/\/i0.wp.com\/soy.usac.edu.gt\/wp-content\/uploads\/2024\/06\/WhatsApp-Image-2024-06-18-at-12.17.41-PM-1.jpeg?resize=1400%2C800&ssl=1 4x"},"classes":[]},{"id":6479,"url":"https:\/\/soy.usac.edu.gt\/?p=6479","url_meta":{"origin":7306,"position":3},"title":"As\u00ed se vivi\u00f3 la Noche de los Museos","author":"Erick Iv\u00e1n de Le\u00f3n","date":"25 mayo, 2019","format":false,"excerpt":"El Museo de la Universidad de San Carlos (MUSAC) y el Museo de la Cinemateca Universitaria participaron en la octava edici\u00f3n de la Noche de los Museos con exhibiciones, conferencias y otras actividades culturales extraordinarias, a las cuales el p\u00fablico tuvo ingreso y transporte gratuito.","rel":"","context":"En \u00abCultura\u00bb","block_context":{"text":"Cultura","link":"https:\/\/soy.usac.edu.gt\/?cat=97"},"img":{"alt_text":"","src":"https:\/\/i0.wp.com\/soy.usac.edu.gt\/wp-content\/uploads\/2019\/05\/DSC02456.jpg?resize=350%2C200&ssl=1","width":350,"height":200,"srcset":"https:\/\/i0.wp.com\/soy.usac.edu.gt\/wp-content\/uploads\/2019\/05\/DSC02456.jpg?resize=350%2C200&ssl=1 1x, https:\/\/i0.wp.com\/soy.usac.edu.gt\/wp-content\/uploads\/2019\/05\/DSC02456.jpg?resize=525%2C300&ssl=1 1.5x, https:\/\/i0.wp.com\/soy.usac.edu.gt\/wp-content\/uploads\/2019\/05\/DSC02456.jpg?resize=700%2C400&ssl=1 2x, https:\/\/i0.wp.com\/soy.usac.edu.gt\/wp-content\/uploads\/2019\/05\/DSC02456.jpg?resize=1050%2C600&ssl=1 3x, https:\/\/i0.wp.com\/soy.usac.edu.gt\/wp-content\/uploads\/2019\/05\/DSC02456.jpg?resize=1400%2C800&ssl=1 4x"},"classes":[]},{"id":6688,"url":"https:\/\/soy.usac.edu.gt\/?p=6688","url_meta":{"origin":7306,"position":4},"title":"DIGEU celebra 49 a\u00f1os","author":"Divisi\u00f3n de Publicidad","date":"12 junio, 2019","format":false,"excerpt":"La Direcci\u00f3n General de Extensi\u00f3n Universitaria (DIGEU) celebra sus 49 a\u00f1os de creaci\u00f3n fortaleciendo el arte y la cultura con una serie de actividades dentro del campus universitario.","rel":"","context":"En \u00abCultura\u00bb","block_context":{"text":"Cultura","link":"https:\/\/soy.usac.edu.gt\/?cat=97"},"img":{"alt_text":"","src":"https:\/\/i0.wp.com\/soy.usac.edu.gt\/wp-content\/uploads\/2019\/06\/IMG_8616.jpg?resize=350%2C200&ssl=1","width":350,"height":200,"srcset":"https:\/\/i0.wp.com\/soy.usac.edu.gt\/wp-content\/uploads\/2019\/06\/IMG_8616.jpg?resize=350%2C200&ssl=1 1x, https:\/\/i0.wp.com\/soy.usac.edu.gt\/wp-content\/uploads\/2019\/06\/IMG_8616.jpg?resize=525%2C300&ssl=1 1.5x, https:\/\/i0.wp.com\/soy.usac.edu.gt\/wp-content\/uploads\/2019\/06\/IMG_8616.jpg?resize=700%2C400&ssl=1 2x, https:\/\/i0.wp.com\/soy.usac.edu.gt\/wp-content\/uploads\/2019\/06\/IMG_8616.jpg?resize=1050%2C600&ssl=1 3x, https:\/\/i0.wp.com\/soy.usac.edu.gt\/wp-content\/uploads\/2019\/06\/IMG_8616.jpg?resize=1400%2C800&ssl=1 4x"},"classes":[]},{"id":5712,"url":"https:\/\/soy.usac.edu.gt\/?p=5712","url_meta":{"origin":7306,"position":5},"title":"Festival del Centro Hist\u00f3rico abre convocatoria","author":"Erick Iv\u00e1n de Le\u00f3n","date":"29 abril, 2019","format":false,"excerpt":"Los organizadores del festival realizaron la convocatoria p\u00fablica a artistas, colectivos, gestores, instituciones culturales, embajadas, museos y galer\u00edas de arte para participar en su edici\u00f3n veintid\u00f3s, que se llevar\u00e1 a cabo del 22 al 31 de agosto de 2019.","rel":"","context":"En \u00abCultura\u00bb","block_context":{"text":"Cultura","link":"https:\/\/soy.usac.edu.gt\/?cat=97"},"img":{"alt_text":"","src":"https:\/\/i0.wp.com\/soy.usac.edu.gt\/wp-content\/uploads\/2019\/04\/paseo_sexta_urbanistica5.jpg?resize=350%2C200&ssl=1","width":350,"height":200,"srcset":"https:\/\/i0.wp.com\/soy.usac.edu.gt\/wp-content\/uploads\/2019\/04\/paseo_sexta_urbanistica5.jpg?resize=350%2C200&ssl=1 1x, https:\/\/i0.wp.com\/soy.usac.edu.gt\/wp-content\/uploads\/2019\/04\/paseo_sexta_urbanistica5.jpg?resize=525%2C300&ssl=1 1.5x, https:\/\/i0.wp.com\/soy.usac.edu.gt\/wp-content\/uploads\/2019\/04\/paseo_sexta_urbanistica5.jpg?resize=700%2C400&ssl=1 2x, https:\/\/i0.wp.com\/soy.usac.edu.gt\/wp-content\/uploads\/2019\/04\/paseo_sexta_urbanistica5.jpg?resize=1050%2C600&ssl=1 3x"},"classes":[]}],"jetpack_sharing_enabled":true,"_links":{"self":[{"href":"https:\/\/soy.usac.edu.gt\/index.php?rest_route=\/wp\/v2\/posts\/7306","targetHints":{"allow":["GET"]}}],"collection":[{"href":"https:\/\/soy.usac.edu.gt\/index.php?rest_route=\/wp\/v2\/posts"}],"about":[{"href":"https:\/\/soy.usac.edu.gt\/index.php?rest_route=\/wp\/v2\/types\/post"}],"author":[{"embeddable":true,"href":"https:\/\/soy.usac.edu.gt\/index.php?rest_route=\/wp\/v2\/users\/1"}],"replies":[{"embeddable":true,"href":"https:\/\/soy.usac.edu.gt\/index.php?rest_route=%2Fwp%2Fv2%2Fcomments&post=7306"}],"version-history":[{"count":0,"href":"https:\/\/soy.usac.edu.gt\/index.php?rest_route=\/wp\/v2\/posts\/7306\/revisions"}],"wp:featuredmedia":[{"embeddable":true,"href":"https:\/\/soy.usac.edu.gt\/index.php?rest_route=\/wp\/v2\/media\/7325"}],"wp:attachment":[{"href":"https:\/\/soy.usac.edu.gt\/index.php?rest_route=%2Fwp%2Fv2%2Fmedia&parent=7306"}],"wp:term":[{"taxonomy":"category","embeddable":true,"href":"https:\/\/soy.usac.edu.gt\/index.php?rest_route=%2Fwp%2Fv2%2Fcategories&post=7306"},{"taxonomy":"post_tag","embeddable":true,"href":"https:\/\/soy.usac.edu.gt\/index.php?rest_route=%2Fwp%2Fv2%2Ftags&post=7306"}],"curies":[{"name":"wp","href":"https:\/\/api.w.org\/{rel}","templated":true}]}}