{"id":7349,"date":"2019-07-09T15:13:07","date_gmt":"2019-07-09T21:13:07","guid":{"rendered":"https:\/\/soy.usac.edu.gt\/?p=7349"},"modified":"2019-07-09T15:13:39","modified_gmt":"2019-07-09T21:13:39","slug":"evaluacion-a-docentes-migrara-del-formato-fisico-al-virtual-en-2020","status":"publish","type":"post","link":"https:\/\/soy.usac.edu.gt\/?p=7349","title":{"rendered":"Evaluaci\u00f3n a docentes migrar\u00e1 del formato f\u00edsico al virtual en 2020"},"content":{"rendered":"\n<p><em><strong>Esta semana se dieron a conocer los avances del plan piloto de evaluaci\u00f3n a docentes para que este proceso se realice virtualmente.<\/strong><\/em><\/p>\n<p style=\"text-align: justify;\">La importancia del traslado radica en el ahorro sustancial que se tendr\u00e1 por cada unidad acad\u00e9mica. Solo en la Facultad de Humanidades se estima un ahorro de Q 60 mil anuales, dieron a conocer en una reuni\u00f3n.<\/p>\n<p style=\"text-align: justify;\">Actualmente las facultades de Ingenier\u00eda y Humanidades ya implementan el sistema de evaluaci\u00f3n virtual y, para finales del 2019, se espera que todas las unidades acad\u00e9micas se sumen a este cambio.<\/p>\n<p style=\"text-align: justify;\">El Departamento de Evaluaci\u00f3n y Promoci\u00f3n del Personal Acad\u00e9mico (DEPPA) sostuvo reuniones con las comisiones evaluadoras de cada facultad, escuela no facultativa y centro universitario para socializar el proyecto.<\/p>\n<p style=\"text-align: justify;\">\u201cEl plan est\u00e1 basado en un software de las facultades de Humanidades e Ingenier\u00eda, que ya est\u00e1n implementando. Estamos corriendo con un plan piloto para obtener resultados y aplicarlo el pr\u00f3ximo a\u00f1o\u201d, revel\u00f3 Edgar Ren\u00e9 Orneli, jefe del DEPPA.<\/p>\n<p style=\"text-align: justify;\">La evaluaci\u00f3n en l\u00ednea no representar\u00e1 costos para la m\u00e1xima casa de estudios porque se trabaja en una pol\u00edtica del cuidado del medioambiente y austeridad, planteadas por el Consejo Superior Universitario (CSU), seg\u00fan expuso el entrevistado. \u00a0<\/p>\n<p style=\"text-align: justify;\">La evaluaci\u00f3n a catedr\u00e1ticos consta de tres fases: 1) los estudiantes califican al docente a trav\u00e9s de boletas, 2) el jefe superior eval\u00faa al catedr\u00e1tico y 3) los docentes realizan una autoevaluaci\u00f3n. Todas las calificaciones se promedian y se obtiene el resultado final.<\/p>\n<p style=\"text-align: justify;\"><strong>\u00a0<\/strong>Con esto se busca que el proceso de evaluaci\u00f3n sea eficiente y que la USAC se libere del costo de realizar la impresi\u00f3n de las boletas.<\/p>\n<p><img loading=\"lazy\" decoding=\"async\" class=\"aligncenter size-full wp-image-7318\" src=\"https:\/\/soy.usac.edu.gt\/wp-content\/uploads\/2019\/06\/cr\u00e9ditos-christian-2-1.png\" alt=\"\" width=\"10159\" height=\"3919\" srcset=\"https:\/\/soy.usac.edu.gt\/wp-content\/uploads\/2019\/06\/cr\u00e9ditos-christian-2-1.png 10159w, https:\/\/soy.usac.edu.gt\/wp-content\/uploads\/2019\/06\/cr\u00e9ditos-christian-2-1-300x116.png 300w, https:\/\/soy.usac.edu.gt\/wp-content\/uploads\/2019\/06\/cr\u00e9ditos-christian-2-1-768x296.png 768w, https:\/\/soy.usac.edu.gt\/wp-content\/uploads\/2019\/06\/cr\u00e9ditos-christian-2-1-1024x395.png 1024w, https:\/\/soy.usac.edu.gt\/wp-content\/uploads\/2019\/06\/cr\u00e9ditos-christian-2-1-1089x420.png 1089w, https:\/\/soy.usac.edu.gt\/wp-content\/uploads\/2019\/06\/cr\u00e9ditos-christian-2-1-640x247.png 640w, https:\/\/soy.usac.edu.gt\/wp-content\/uploads\/2019\/06\/cr\u00e9ditos-christian-2-1-681x263.png 681w\" sizes=\"auto, (max-width: 10159px) 100vw, 10159px\" \/><\/p>\n","protected":false},"excerpt":{"rendered":"<p>Esta semana se dieron a conocer los avances del plan piloto de evaluaci\u00f3n a docentes para que este proceso se realice virtualmente.<\/p>\n","protected":false},"author":1,"featured_media":7351,"comment_status":"closed","ping_status":"open","sticky":false,"template":"","format":"standard","meta":{"_exactmetrics_skip_tracking":false,"_exactmetrics_sitenote_active":false,"_exactmetrics_sitenote_note":"","_exactmetrics_sitenote_category":0,"_jetpack_memberships_contains_paid_content":false,"footnotes":""},"categories":[29],"tags":[210,256,375],"class_list":["post-7349","post","type-post","status-publish","format-standard","has-post-thumbnail","hentry","category-noticias","tag-catedraticos","tag-docencia","tag-docentes"],"aioseo_notices":[],"jetpack_featured_media_url":"https:\/\/soy.usac.edu.gt\/wp-content\/uploads\/2019\/07\/igl\u00fa.jpg","views":"","jetpack-related-posts":[{"id":5891,"url":"https:\/\/soy.usac.edu.gt\/?p=5891","url_meta":{"origin":7349,"position":0},"title":"USAC lanza plan piloto de evaluaci\u00f3n docente en l\u00ednea","author":"Divisi\u00f3n de Publicidad","date":"7 mayo, 2019","format":false,"excerpt":"Esta acci\u00f3n se concret\u00f3 con el apoyo de las facultades de Humanidades e Ingenier\u00eda, adem\u00e1s de la Direcci\u00f3n General de Docencia, las cuales impulsan la modernizaci\u00f3n universitaria.","rel":"","context":"En \u00abNoticias\u00bb","block_context":{"text":"Noticias","link":"https:\/\/soy.usac.edu.gt\/?cat=29"},"img":{"alt_text":"","src":"https:\/\/i0.wp.com\/soy.usac.edu.gt\/wp-content\/uploads\/2019\/05\/3-1.jpg?resize=350%2C200&ssl=1","width":350,"height":200,"srcset":"https:\/\/i0.wp.com\/soy.usac.edu.gt\/wp-content\/uploads\/2019\/05\/3-1.jpg?resize=350%2C200&ssl=1 1x, https:\/\/i0.wp.com\/soy.usac.edu.gt\/wp-content\/uploads\/2019\/05\/3-1.jpg?resize=525%2C300&ssl=1 1.5x, https:\/\/i0.wp.com\/soy.usac.edu.gt\/wp-content\/uploads\/2019\/05\/3-1.jpg?resize=700%2C400&ssl=1 2x, https:\/\/i0.wp.com\/soy.usac.edu.gt\/wp-content\/uploads\/2019\/05\/3-1.jpg?resize=1050%2C600&ssl=1 3x, https:\/\/i0.wp.com\/soy.usac.edu.gt\/wp-content\/uploads\/2019\/05\/3-1.jpg?resize=1400%2C800&ssl=1 4x"},"classes":[]},{"id":20278,"url":"https:\/\/soy.usac.edu.gt\/?p=20278","url_meta":{"origin":7349,"position":1},"title":"La Facultad de Ciencias M\u00e9dicas ahora cuenta con est\u00e1ndares de calidad internacionales","author":"Divisi\u00f3n de Publicidad","date":"2 mayo, 2024","format":false,"excerpt":"El Consejo Mexicano para la Acreditaci\u00f3n de la Educaci\u00f3n M\u00e9dica (COMAEM) acredit\u00f3 la carrera de Ciencias M\u00e9dicas de la Universidad de San Carlos de Guatemala tras evaluar lineamientos acad\u00e9micos, t\u00e9cnicos y administrativos del programa de estudios. Este logro garantiza una formaci\u00f3n de calidad que impulsa la mejora continua y la\u2026","rel":"","context":"En \u00abSin categor\u00eda\u00bb","block_context":{"text":"Sin categor\u00eda","link":"https:\/\/soy.usac.edu.gt\/?cat=1"},"img":{"alt_text":"","src":"https:\/\/i0.wp.com\/soy.usac.edu.gt\/wp-content\/uploads\/2024\/05\/WhatsApp-Image-2024-05-02-at-1.03.06-PM-4.jpeg?resize=350%2C200&ssl=1","width":350,"height":200,"srcset":"https:\/\/i0.wp.com\/soy.usac.edu.gt\/wp-content\/uploads\/2024\/05\/WhatsApp-Image-2024-05-02-at-1.03.06-PM-4.jpeg?resize=350%2C200&ssl=1 1x, https:\/\/i0.wp.com\/soy.usac.edu.gt\/wp-content\/uploads\/2024\/05\/WhatsApp-Image-2024-05-02-at-1.03.06-PM-4.jpeg?resize=525%2C300&ssl=1 1.5x, https:\/\/i0.wp.com\/soy.usac.edu.gt\/wp-content\/uploads\/2024\/05\/WhatsApp-Image-2024-05-02-at-1.03.06-PM-4.jpeg?resize=700%2C400&ssl=1 2x, https:\/\/i0.wp.com\/soy.usac.edu.gt\/wp-content\/uploads\/2024\/05\/WhatsApp-Image-2024-05-02-at-1.03.06-PM-4.jpeg?resize=1050%2C600&ssl=1 3x, https:\/\/i0.wp.com\/soy.usac.edu.gt\/wp-content\/uploads\/2024\/05\/WhatsApp-Image-2024-05-02-at-1.03.06-PM-4.jpeg?resize=1400%2C800&ssl=1 4x"},"classes":[]},{"id":13080,"url":"https:\/\/soy.usac.edu.gt\/?p=13080","url_meta":{"origin":7349,"position":2},"title":"Red de Apoyo  Digital Docente  (RADD) de la USAC","author":"Divisi\u00f3n de Publicidad","date":"4 febrero, 2021","format":false,"excerpt":"El m\u00e9todo para utilizar la plataforma y el funcionamiento efectivo de las aulas virtuales requiere lo siguiente:","rel":"","context":"En \u00abNoticias\u00bb","block_context":{"text":"Noticias","link":"https:\/\/soy.usac.edu.gt\/?cat=29"},"img":{"alt_text":"","src":"https:\/\/i0.wp.com\/soy.usac.edu.gt\/wp-content\/uploads\/2021\/02\/Captura-de-Pantalla-2021-02-04-a-las-12.51.11.png?resize=350%2C200&ssl=1","width":350,"height":200,"srcset":"https:\/\/i0.wp.com\/soy.usac.edu.gt\/wp-content\/uploads\/2021\/02\/Captura-de-Pantalla-2021-02-04-a-las-12.51.11.png?resize=350%2C200&ssl=1 1x, https:\/\/i0.wp.com\/soy.usac.edu.gt\/wp-content\/uploads\/2021\/02\/Captura-de-Pantalla-2021-02-04-a-las-12.51.11.png?resize=525%2C300&ssl=1 1.5x, https:\/\/i0.wp.com\/soy.usac.edu.gt\/wp-content\/uploads\/2021\/02\/Captura-de-Pantalla-2021-02-04-a-las-12.51.11.png?resize=700%2C400&ssl=1 2x, https:\/\/i0.wp.com\/soy.usac.edu.gt\/wp-content\/uploads\/2021\/02\/Captura-de-Pantalla-2021-02-04-a-las-12.51.11.png?resize=1050%2C600&ssl=1 3x, https:\/\/i0.wp.com\/soy.usac.edu.gt\/wp-content\/uploads\/2021\/02\/Captura-de-Pantalla-2021-02-04-a-las-12.51.11.png?resize=1400%2C800&ssl=1 4x"},"classes":[]},{"id":12217,"url":"https:\/\/soy.usac.edu.gt\/?p=12217","url_meta":{"origin":7349,"position":3},"title":"CSU ratifica la virtualidad en todos los procesos acad\u00e9micos y administrativos de la USAC","author":"Divisi\u00f3n de Publicidad","date":"15 agosto, 2020","format":false,"excerpt":"Todos los procesos administrativos y acad\u00e9micos se llevar\u00e1n a cabo de forma electr\u00f3nica.","rel":"","context":"En \u00abNoticias\u00bb","block_context":{"text":"Noticias","link":"https:\/\/soy.usac.edu.gt\/?cat=29"},"img":{"alt_text":"","src":"","width":0,"height":0},"classes":[]},{"id":17897,"url":"https:\/\/soy.usac.edu.gt\/?p=17897","url_meta":{"origin":7349,"position":4},"title":"M\u00e1s de 100 000 estudiantes se benefician con aumento de capacidad de las aulas virtuales \u00a0","author":"Divisi\u00f3n de Publicidad","date":"9 agosto, 2022","format":false,"excerpt":"Con las mejoras implementadas en el sistema inform\u00e1tico utilizado para impartir clases, se evita la ca\u00edda del mismo.","rel":"","context":"En \u00abNoticias\u00bb","block_context":{"text":"Noticias","link":"https:\/\/soy.usac.edu.gt\/?cat=29"},"img":{"alt_text":"","src":"https:\/\/i0.wp.com\/soy.usac.edu.gt\/wp-content\/uploads\/2022\/08\/WhatsApp-Image-2022-08-09-at-8.50.10-AM.jpeg?resize=350%2C200&ssl=1","width":350,"height":200,"srcset":"https:\/\/i0.wp.com\/soy.usac.edu.gt\/wp-content\/uploads\/2022\/08\/WhatsApp-Image-2022-08-09-at-8.50.10-AM.jpeg?resize=350%2C200&ssl=1 1x, https:\/\/i0.wp.com\/soy.usac.edu.gt\/wp-content\/uploads\/2022\/08\/WhatsApp-Image-2022-08-09-at-8.50.10-AM.jpeg?resize=525%2C300&ssl=1 1.5x, https:\/\/i0.wp.com\/soy.usac.edu.gt\/wp-content\/uploads\/2022\/08\/WhatsApp-Image-2022-08-09-at-8.50.10-AM.jpeg?resize=700%2C400&ssl=1 2x, https:\/\/i0.wp.com\/soy.usac.edu.gt\/wp-content\/uploads\/2022\/08\/WhatsApp-Image-2022-08-09-at-8.50.10-AM.jpeg?resize=1050%2C600&ssl=1 3x"},"classes":[]},{"id":14506,"url":"https:\/\/soy.usac.edu.gt\/?p=14506","url_meta":{"origin":7349,"position":5},"title":"En el segundo semestre la USAC seguir\u00e1 impartiendo clases en l\u00ednea","author":"Divisi\u00f3n de Publicidad","date":"9 junio, 2021","format":false,"excerpt":"Algunas actividades acad\u00e9micas podr\u00edan ser presenciales, como los laboratorios.","rel":"","context":"En \u00abEstudiantes\u00bb","block_context":{"text":"Estudiantes","link":"https:\/\/soy.usac.edu.gt\/?cat=585"},"img":{"alt_text":"","src":"https:\/\/i0.wp.com\/soy.usac.edu.gt\/wp-content\/uploads\/2021\/06\/ESTUDIANTES-DURANTE-PANDEMIA15.jpeg?resize=350%2C200&ssl=1","width":350,"height":200,"srcset":"https:\/\/i0.wp.com\/soy.usac.edu.gt\/wp-content\/uploads\/2021\/06\/ESTUDIANTES-DURANTE-PANDEMIA15.jpeg?resize=350%2C200&ssl=1 1x, https:\/\/i0.wp.com\/soy.usac.edu.gt\/wp-content\/uploads\/2021\/06\/ESTUDIANTES-DURANTE-PANDEMIA15.jpeg?resize=525%2C300&ssl=1 1.5x, https:\/\/i0.wp.com\/soy.usac.edu.gt\/wp-content\/uploads\/2021\/06\/ESTUDIANTES-DURANTE-PANDEMIA15.jpeg?resize=700%2C400&ssl=1 2x, https:\/\/i0.wp.com\/soy.usac.edu.gt\/wp-content\/uploads\/2021\/06\/ESTUDIANTES-DURANTE-PANDEMIA15.jpeg?resize=1050%2C600&ssl=1 3x"},"classes":[]}],"jetpack_sharing_enabled":true,"_links":{"self":[{"href":"https:\/\/soy.usac.edu.gt\/index.php?rest_route=\/wp\/v2\/posts\/7349","targetHints":{"allow":["GET"]}}],"collection":[{"href":"https:\/\/soy.usac.edu.gt\/index.php?rest_route=\/wp\/v2\/posts"}],"about":[{"href":"https:\/\/soy.usac.edu.gt\/index.php?rest_route=\/wp\/v2\/types\/post"}],"author":[{"embeddable":true,"href":"https:\/\/soy.usac.edu.gt\/index.php?rest_route=\/wp\/v2\/users\/1"}],"replies":[{"embeddable":true,"href":"https:\/\/soy.usac.edu.gt\/index.php?rest_route=%2Fwp%2Fv2%2Fcomments&post=7349"}],"version-history":[{"count":0,"href":"https:\/\/soy.usac.edu.gt\/index.php?rest_route=\/wp\/v2\/posts\/7349\/revisions"}],"wp:featuredmedia":[{"embeddable":true,"href":"https:\/\/soy.usac.edu.gt\/index.php?rest_route=\/wp\/v2\/media\/7351"}],"wp:attachment":[{"href":"https:\/\/soy.usac.edu.gt\/index.php?rest_route=%2Fwp%2Fv2%2Fmedia&parent=7349"}],"wp:term":[{"taxonomy":"category","embeddable":true,"href":"https:\/\/soy.usac.edu.gt\/index.php?rest_route=%2Fwp%2Fv2%2Fcategories&post=7349"},{"taxonomy":"post_tag","embeddable":true,"href":"https:\/\/soy.usac.edu.gt\/index.php?rest_route=%2Fwp%2Fv2%2Ftags&post=7349"}],"curies":[{"name":"wp","href":"https:\/\/api.w.org\/{rel}","templated":true}]}}