{"id":7357,"date":"2019-07-09T15:45:47","date_gmt":"2019-07-09T21:45:47","guid":{"rendered":"https:\/\/soy.usac.edu.gt\/?p=7357"},"modified":"2019-07-24T17:39:04","modified_gmt":"2019-07-24T23:39:04","slug":"capacitaran-a-sancarlistas-destacados-en-costa-rica","status":"publish","type":"post","link":"https:\/\/soy.usac.edu.gt\/?p=7357","title":{"rendered":"Sancarlistas destacados ser\u00e1n capacitados en Costa Rica"},"content":{"rendered":"\n<h4 style=\"text-align: justify;\"><em><strong>Universitarios destacados por su liderazgo recibir\u00e1n un taller de emprendimiento en la Universidad Nacional de Costa Rica (UCR).<\/strong><\/em><\/h4>\n<p style=\"text-align: justify;\">Una comitiva integrada por 4 profesionales de la Universidad de San Carlos de Guatemala y 47 estudiantes sancarlistas viajar\u00e1n a San Jos\u00e9, Costa Rica, para participar en el Seminario de Emprendimiento e Innovaci\u00f3n Tecnol\u00f3gica que se realizar\u00e1 del martes 16 al s\u00e1bado 20 de julio de este a\u00f1o, con el objetivo de que fortalezcan sus capacidades.<\/p>\n<p style=\"text-align: justify;\">\u201cTenemos a j\u00f3venes que han sido visibilizados por sus muestras de liderazgo, quienes van a un encuentro en la UCR, San Jos\u00e9, Costa Rica. Durante una semana recibir\u00e1n un taller de emprendimiento e innovaci\u00f3n y llevar\u00e1n a cabo una visita a un \u00e1rea protegida en donde realizar\u00e1n<br>una evaluaci\u00f3n para llevar a cabo propuestas de implementaci\u00f3n en Guatemala sobre el manejo de \u00e1reas protegidas\u201d, declar\u00f3 el Rector, Ing. Murphy Paiz. &nbsp;<\/p>\n<div id='gallery-1' class='gallery galleryid-7357 gallery-columns-3 gallery-size-thumbnail'><figure class='gallery-item'>\n\t\t\t<div class='gallery-icon landscape'>\n\t\t\t\t<a href='https:\/\/soy.usac.edu.gt\/?attachment_id=7360'><img loading=\"lazy\" decoding=\"async\" width=\"150\" height=\"150\" src=\"https:\/\/soy.usac.edu.gt\/wp-content\/uploads\/2019\/07\/IMG_3929-150x150.jpg\" class=\"attachment-thumbnail size-thumbnail\" alt=\"\" \/><\/a>\n\t\t\t<\/div><\/figure><figure class='gallery-item'>\n\t\t\t<div class='gallery-icon landscape'>\n\t\t\t\t<a href='https:\/\/soy.usac.edu.gt\/?attachment_id=7365'><img loading=\"lazy\" decoding=\"async\" width=\"150\" height=\"150\" src=\"https:\/\/soy.usac.edu.gt\/wp-content\/uploads\/2019\/07\/IMG_3953-150x150.jpg\" class=\"attachment-thumbnail size-thumbnail\" alt=\"\" \/><\/a>\n\t\t\t<\/div><\/figure><figure class='gallery-item'>\n\t\t\t<div class='gallery-icon landscape'>\n\t\t\t\t<a href='https:\/\/soy.usac.edu.gt\/?attachment_id=7363'><img loading=\"lazy\" decoding=\"async\" width=\"150\" height=\"150\" src=\"https:\/\/soy.usac.edu.gt\/wp-content\/uploads\/2019\/07\/IMG_3941-150x150.jpg\" class=\"attachment-thumbnail size-thumbnail\" alt=\"\" \/><\/a>\n\t\t\t<\/div><\/figure><figure class='gallery-item'>\n\t\t\t<div class='gallery-icon landscape'>\n\t\t\t\t<a href='https:\/\/soy.usac.edu.gt\/?attachment_id=7362'><img loading=\"lazy\" decoding=\"async\" width=\"150\" height=\"150\" src=\"https:\/\/soy.usac.edu.gt\/wp-content\/uploads\/2019\/07\/IMG_3936-150x150.jpg\" class=\"attachment-thumbnail size-thumbnail\" alt=\"\" \/><\/a>\n\t\t\t<\/div><\/figure><figure class='gallery-item'>\n\t\t\t<div class='gallery-icon landscape'>\n\t\t\t\t<a href='https:\/\/soy.usac.edu.gt\/?attachment_id=7361'><img loading=\"lazy\" decoding=\"async\" width=\"150\" height=\"150\" src=\"https:\/\/soy.usac.edu.gt\/wp-content\/uploads\/2019\/07\/IMG_3933-150x150.jpg\" class=\"attachment-thumbnail size-thumbnail\" alt=\"\" \/><\/a>\n\t\t\t<\/div><\/figure><figure class='gallery-item'>\n\t\t\t<div class='gallery-icon landscape'>\n\t\t\t\t<a href='https:\/\/soy.usac.edu.gt\/?attachment_id=7359'><img loading=\"lazy\" decoding=\"async\" width=\"150\" height=\"150\" src=\"https:\/\/soy.usac.edu.gt\/wp-content\/uploads\/2019\/07\/IMG_3922-150x150.jpg\" class=\"attachment-thumbnail size-thumbnail\" alt=\"\" \/><\/a>\n\t\t\t<\/div><\/figure>\n\t\t<\/div>\n\n<p style=\"text-align: justify;\">Los estudiantes que integran la comitiva fueron reconocidos en mayo de este a\u00f1o durante la premiaci\u00f3n de la Excelencia Acad\u00e9mica del Estudiante Universitario, entre otras razones, por haber patentado inventos, realizado actividades de emprendimiento y generado aportes novedosos de impacto nacional.&nbsp;<\/p>\n<p style=\"text-align: justify;\">\u201cEs una experiencia muy bonita, es bueno hacer comparaciones y traer mejoras para nuestra universidad. Sobre todo, desde el punto de vista ambiental, es necesario ver qu\u00e9 podemos hacer&nbsp; para generar propuestas medioambientales para Guatemala\u201d, dijo Ema Aldana Salguero, estudiante de Ingenier\u00eda Agr\u00f3noma del Centro Universitario de Zacapa, quien desarroll\u00f3 un proyecto de transformaci\u00f3n de estilos de vida en la regi\u00f3n semi\u00e1rida de Zacapa, a trav\u00e9s de la instauraci\u00f3n de viveros con especies de plantas en peligro de extinci\u00f3n.<\/p>\n<p style=\"text-align: justify;\">Por su parte, Oscar Gabriel Fuentes, de la Facultad de Ingenier\u00eda \u2014destacado por participar junto con sus compa\u00f1eros en competencias de rob\u00f3tica internacional\u2014 dijo que se sent\u00eda bastante emocionado. \u201cSer\u00e1 una bonita aventura, vamos a innovar y producir nuevos proyectos en la<br>universidad\u201d, asegur\u00f3.<\/p>\n<p><img loading=\"lazy\" decoding=\"async\" class=\"aligncenter size-full wp-image-7369\" src=\"https:\/\/soy.usac.edu.gt\/wp-content\/uploads\/2019\/07\/Cr\u00e9ditos-prensa-01.png\" alt=\"\" width=\"5079\" height=\"1960\" srcset=\"https:\/\/soy.usac.edu.gt\/wp-content\/uploads\/2019\/07\/Cr\u00e9ditos-prensa-01.png 5079w, https:\/\/soy.usac.edu.gt\/wp-content\/uploads\/2019\/07\/Cr\u00e9ditos-prensa-01-300x116.png 300w, https:\/\/soy.usac.edu.gt\/wp-content\/uploads\/2019\/07\/Cr\u00e9ditos-prensa-01-768x296.png 768w, https:\/\/soy.usac.edu.gt\/wp-content\/uploads\/2019\/07\/Cr\u00e9ditos-prensa-01-1024x395.png 1024w, https:\/\/soy.usac.edu.gt\/wp-content\/uploads\/2019\/07\/Cr\u00e9ditos-prensa-01-1088x420.png 1088w, https:\/\/soy.usac.edu.gt\/wp-content\/uploads\/2019\/07\/Cr\u00e9ditos-prensa-01-640x247.png 640w, https:\/\/soy.usac.edu.gt\/wp-content\/uploads\/2019\/07\/Cr\u00e9ditos-prensa-01-681x263.png 681w\" sizes=\"auto, (max-width: 5079px) 100vw, 5079px\" \/><\/p>\n","protected":false},"excerpt":{"rendered":"<p>Universitarios destacados por su liderazgo recibir\u00e1n un taller de emprendimiento en la Universidad Nacional de Costa Rica (UCR).<\/p>\n","protected":false},"author":1,"featured_media":7364,"comment_status":"closed","ping_status":"open","sticky":false,"template":"","format":"standard","meta":{"_exactmetrics_skip_tracking":false,"_exactmetrics_sitenote_active":false,"_exactmetrics_sitenote_note":"","_exactmetrics_sitenote_category":0,"_jetpack_memberships_contains_paid_content":false,"footnotes":""},"categories":[29,92],"tags":[130,329],"class_list":["post-7357","post","type-post","status-publish","format-standard","has-post-thumbnail","hentry","category-noticias","category-rectoria","tag-estudiantes","tag-rector-ing-murphy-paiz"],"aioseo_notices":[],"jetpack_featured_media_url":"https:\/\/soy.usac.edu.gt\/wp-content\/uploads\/2019\/07\/IMG_3950.jpg","views":"","jetpack-related-posts":[{"id":22254,"url":"https:\/\/soy.usac.edu.gt\/?p=22254","url_meta":{"origin":7357,"position":0},"title":"Feria de Emprendimiento USAC 2025","author":"Divisi\u00f3n de Publicidad","date":"29 octubre, 2025","format":false,"excerpt":"La Universidad de San Carlos de Guatemala inaugur\u00f3 la Feria de Emprendimiento USAC 2025, un espacio que impulsa la creatividad, la innovaci\u00f3n y el esp\u00edritu emprendedor de la comunidad sancarlista. El Ing. Luis Pedro Ortiz, Director General de Administraci\u00f3n (DIGA), encabez\u00f3 el recorrido por los diferentes stands, acompa\u00f1ando a los\u2026","rel":"","context":"En \u00abActividades\u00bb","block_context":{"text":"Actividades","link":"https:\/\/soy.usac.edu.gt\/?cat=126"},"img":{"alt_text":"","src":"https:\/\/i0.wp.com\/soy.usac.edu.gt\/wp-content\/uploads\/2025\/10\/IMG_2964-scaled.jpg?resize=350%2C200&ssl=1","width":350,"height":200,"srcset":"https:\/\/i0.wp.com\/soy.usac.edu.gt\/wp-content\/uploads\/2025\/10\/IMG_2964-scaled.jpg?resize=350%2C200&ssl=1 1x, https:\/\/i0.wp.com\/soy.usac.edu.gt\/wp-content\/uploads\/2025\/10\/IMG_2964-scaled.jpg?resize=525%2C300&ssl=1 1.5x, https:\/\/i0.wp.com\/soy.usac.edu.gt\/wp-content\/uploads\/2025\/10\/IMG_2964-scaled.jpg?resize=700%2C400&ssl=1 2x, https:\/\/i0.wp.com\/soy.usac.edu.gt\/wp-content\/uploads\/2025\/10\/IMG_2964-scaled.jpg?resize=1050%2C600&ssl=1 3x, https:\/\/i0.wp.com\/soy.usac.edu.gt\/wp-content\/uploads\/2025\/10\/IMG_2964-scaled.jpg?resize=1400%2C800&ssl=1 4x"},"classes":[]},{"id":19238,"url":"https:\/\/soy.usac.edu.gt\/?p=19238","url_meta":{"origin":7357,"position":1},"title":"Sancarlistas son beneficiados con una beca de Innovaci\u00f3n y Liderazgo","author":"Divisi\u00f3n de Publicidad","date":"29 marzo, 2023","format":false,"excerpt":"Un total de 40 estudiantes fueron beneficiados para desarrollar propuestas de soluci\u00f3n a problem\u00e1ticas sociales.","rel":"","context":"En \u00abCiencia y Tecnolog\u00eda\u00bb","block_context":{"text":"Ciencia y Tecnolog\u00eda","link":"https:\/\/soy.usac.edu.gt\/?cat=122"},"img":{"alt_text":"","src":"https:\/\/i0.wp.com\/soy.usac.edu.gt\/wp-content\/uploads\/2023\/03\/IMG_20230325_115141.jpg?resize=350%2C200&ssl=1","width":350,"height":200,"srcset":"https:\/\/i0.wp.com\/soy.usac.edu.gt\/wp-content\/uploads\/2023\/03\/IMG_20230325_115141.jpg?resize=350%2C200&ssl=1 1x, https:\/\/i0.wp.com\/soy.usac.edu.gt\/wp-content\/uploads\/2023\/03\/IMG_20230325_115141.jpg?resize=525%2C300&ssl=1 1.5x, https:\/\/i0.wp.com\/soy.usac.edu.gt\/wp-content\/uploads\/2023\/03\/IMG_20230325_115141.jpg?resize=700%2C400&ssl=1 2x, https:\/\/i0.wp.com\/soy.usac.edu.gt\/wp-content\/uploads\/2023\/03\/IMG_20230325_115141.jpg?resize=1050%2C600&ssl=1 3x, https:\/\/i0.wp.com\/soy.usac.edu.gt\/wp-content\/uploads\/2023\/03\/IMG_20230325_115141.jpg?resize=1400%2C800&ssl=1 4x"},"classes":[]},{"id":20143,"url":"https:\/\/soy.usac.edu.gt\/?p=20143","url_meta":{"origin":7357,"position":2},"title":"La Universidad de San Carlos de Guatemala inicia proyecto de investigaci\u00f3n regional junto a universidades de Centroam\u00e9rica","author":"Divisi\u00f3n de Publicidad","date":"8 abril, 2024","format":false,"excerpt":"Esta casa de estudios ha destacado en una convocatoria regional del Consejo Superior Universitario Centroamericano, al asegurar el liderazgo en cuatro proyectos de investigaci\u00f3n financiados por el Centro Internacional de Investigaciones para el Desarrollo de Canad\u00e1 (IDRC por sus siglas en ingl\u00e9s). Cada proyecto es desarrollado por un consorcio de\u2026","rel":"","context":"En \u00abRector\u00eda\u00bb","block_context":{"text":"Rector\u00eda","link":"https:\/\/soy.usac.edu.gt\/?cat=92"},"img":{"alt_text":"","src":"https:\/\/i0.wp.com\/soy.usac.edu.gt\/wp-content\/uploads\/2024\/04\/WhatsApp-Image-2024-04-08-at-11.18.08-AM.jpeg?resize=350%2C200&ssl=1","width":350,"height":200,"srcset":"https:\/\/i0.wp.com\/soy.usac.edu.gt\/wp-content\/uploads\/2024\/04\/WhatsApp-Image-2024-04-08-at-11.18.08-AM.jpeg?resize=350%2C200&ssl=1 1x, https:\/\/i0.wp.com\/soy.usac.edu.gt\/wp-content\/uploads\/2024\/04\/WhatsApp-Image-2024-04-08-at-11.18.08-AM.jpeg?resize=525%2C300&ssl=1 1.5x, https:\/\/i0.wp.com\/soy.usac.edu.gt\/wp-content\/uploads\/2024\/04\/WhatsApp-Image-2024-04-08-at-11.18.08-AM.jpeg?resize=700%2C400&ssl=1 2x, https:\/\/i0.wp.com\/soy.usac.edu.gt\/wp-content\/uploads\/2024\/04\/WhatsApp-Image-2024-04-08-at-11.18.08-AM.jpeg?resize=1050%2C600&ssl=1 3x, https:\/\/i0.wp.com\/soy.usac.edu.gt\/wp-content\/uploads\/2024\/04\/WhatsApp-Image-2024-04-08-at-11.18.08-AM.jpeg?resize=1400%2C800&ssl=1 4x"},"classes":[]},{"id":6217,"url":"https:\/\/soy.usac.edu.gt\/?p=6217","url_meta":{"origin":7357,"position":3},"title":"Universitarios galardonados por su excelencia y liderazgo","author":"Divisi\u00f3n de Publicidad","date":"22 mayo, 2019","format":false,"excerpt":"En el marco de la conmemoraci\u00f3n del D\u00eda Internacional del Estudiante Universitario, la USAC premi\u00f3 la disciplina, entrega, dedicaci\u00f3n y esfuerzo de los alumnos que han obtenido los mejores promedios, de todas las unidades acad\u00e9micas.","rel":"","context":"En \u00abNoticias\u00bb","block_context":{"text":"Noticias","link":"https:\/\/soy.usac.edu.gt\/?cat=29"},"img":{"alt_text":"","src":"https:\/\/i0.wp.com\/soy.usac.edu.gt\/wp-content\/uploads\/2019\/05\/EXCELENCIA-ACAD%C3%89MICA-3.jpg?resize=350%2C200&ssl=1","width":350,"height":200,"srcset":"https:\/\/i0.wp.com\/soy.usac.edu.gt\/wp-content\/uploads\/2019\/05\/EXCELENCIA-ACAD%C3%89MICA-3.jpg?resize=350%2C200&ssl=1 1x, https:\/\/i0.wp.com\/soy.usac.edu.gt\/wp-content\/uploads\/2019\/05\/EXCELENCIA-ACAD%C3%89MICA-3.jpg?resize=525%2C300&ssl=1 1.5x, https:\/\/i0.wp.com\/soy.usac.edu.gt\/wp-content\/uploads\/2019\/05\/EXCELENCIA-ACAD%C3%89MICA-3.jpg?resize=700%2C400&ssl=1 2x, https:\/\/i0.wp.com\/soy.usac.edu.gt\/wp-content\/uploads\/2019\/05\/EXCELENCIA-ACAD%C3%89MICA-3.jpg?resize=1050%2C600&ssl=1 3x, https:\/\/i0.wp.com\/soy.usac.edu.gt\/wp-content\/uploads\/2019\/05\/EXCELENCIA-ACAD%C3%89MICA-3.jpg?resize=1400%2C800&ssl=1 4x"},"classes":[]},{"id":18962,"url":"https:\/\/soy.usac.edu.gt\/?p=18962","url_meta":{"origin":7357,"position":4},"title":"Inauguran congreso internacional de mujeres universitarias","author":"Divisi\u00f3n de Publicidad","date":"8 noviembre, 2022","format":false,"excerpt":"El evento busca promover un espacio de encuentro y constituye un mecanismo de articulaci\u00f3n del pensamiento y accionar de las acad\u00e9micas.","rel":"","context":"En \u00abNoticias\u00bb","block_context":{"text":"Noticias","link":"https:\/\/soy.usac.edu.gt\/?cat=29"},"img":{"alt_text":"","src":"https:\/\/i0.wp.com\/soy.usac.edu.gt\/wp-content\/uploads\/2020\/03\/destacada-mujeres.jpg?resize=350%2C200&ssl=1","width":350,"height":200,"srcset":"https:\/\/i0.wp.com\/soy.usac.edu.gt\/wp-content\/uploads\/2020\/03\/destacada-mujeres.jpg?resize=350%2C200&ssl=1 1x, https:\/\/i0.wp.com\/soy.usac.edu.gt\/wp-content\/uploads\/2020\/03\/destacada-mujeres.jpg?resize=525%2C300&ssl=1 1.5x, https:\/\/i0.wp.com\/soy.usac.edu.gt\/wp-content\/uploads\/2020\/03\/destacada-mujeres.jpg?resize=700%2C400&ssl=1 2x, https:\/\/i0.wp.com\/soy.usac.edu.gt\/wp-content\/uploads\/2020\/03\/destacada-mujeres.jpg?resize=1050%2C600&ssl=1 3x, https:\/\/i0.wp.com\/soy.usac.edu.gt\/wp-content\/uploads\/2020\/03\/destacada-mujeres.jpg?resize=1400%2C800&ssl=1 4x"},"classes":[]},{"id":6168,"url":"https:\/\/soy.usac.edu.gt\/?p=6168","url_meta":{"origin":7357,"position":5},"title":"USAC fortalecer\u00e1 el emprendimiento","author":"Divisi\u00f3n de Publicidad","date":"17 mayo, 2019","format":false,"excerpt":"A trav\u00e9s de la firma de una carta de entendimiento entre la Direcci\u00f3n General de Investigaci\u00f3n (DIGI) y la Asociaci\u00f3n ONG Alterna, la universidad busca fortalecer la ense\u00f1anza del emprendimiento en la comunidad universitaria. En la Sala de Prensa del edificio de Rector\u00eda se llev\u00f3 a cabo la firma de\u2026","rel":"","context":"En \u00abM\u00e1s Noticias\u00bb","block_context":{"text":"M\u00e1s Noticias","link":"https:\/\/soy.usac.edu.gt\/?cat=96"},"img":{"alt_text":"","src":"https:\/\/i0.wp.com\/soy.usac.edu.gt\/wp-content\/uploads\/2019\/05\/WhatsApp-Image-2019-05-17-at-14.51.33.jpeg?resize=350%2C200&ssl=1","width":350,"height":200,"srcset":"https:\/\/i0.wp.com\/soy.usac.edu.gt\/wp-content\/uploads\/2019\/05\/WhatsApp-Image-2019-05-17-at-14.51.33.jpeg?resize=350%2C200&ssl=1 1x, https:\/\/i0.wp.com\/soy.usac.edu.gt\/wp-content\/uploads\/2019\/05\/WhatsApp-Image-2019-05-17-at-14.51.33.jpeg?resize=525%2C300&ssl=1 1.5x, https:\/\/i0.wp.com\/soy.usac.edu.gt\/wp-content\/uploads\/2019\/05\/WhatsApp-Image-2019-05-17-at-14.51.33.jpeg?resize=700%2C400&ssl=1 2x, https:\/\/i0.wp.com\/soy.usac.edu.gt\/wp-content\/uploads\/2019\/05\/WhatsApp-Image-2019-05-17-at-14.51.33.jpeg?resize=1050%2C600&ssl=1 3x"},"classes":[]}],"jetpack_sharing_enabled":true,"_links":{"self":[{"href":"https:\/\/soy.usac.edu.gt\/index.php?rest_route=\/wp\/v2\/posts\/7357","targetHints":{"allow":["GET"]}}],"collection":[{"href":"https:\/\/soy.usac.edu.gt\/index.php?rest_route=\/wp\/v2\/posts"}],"about":[{"href":"https:\/\/soy.usac.edu.gt\/index.php?rest_route=\/wp\/v2\/types\/post"}],"author":[{"embeddable":true,"href":"https:\/\/soy.usac.edu.gt\/index.php?rest_route=\/wp\/v2\/users\/1"}],"replies":[{"embeddable":true,"href":"https:\/\/soy.usac.edu.gt\/index.php?rest_route=%2Fwp%2Fv2%2Fcomments&post=7357"}],"version-history":[{"count":0,"href":"https:\/\/soy.usac.edu.gt\/index.php?rest_route=\/wp\/v2\/posts\/7357\/revisions"}],"wp:featuredmedia":[{"embeddable":true,"href":"https:\/\/soy.usac.edu.gt\/index.php?rest_route=\/wp\/v2\/media\/7364"}],"wp:attachment":[{"href":"https:\/\/soy.usac.edu.gt\/index.php?rest_route=%2Fwp%2Fv2%2Fmedia&parent=7357"}],"wp:term":[{"taxonomy":"category","embeddable":true,"href":"https:\/\/soy.usac.edu.gt\/index.php?rest_route=%2Fwp%2Fv2%2Fcategories&post=7357"},{"taxonomy":"post_tag","embeddable":true,"href":"https:\/\/soy.usac.edu.gt\/index.php?rest_route=%2Fwp%2Fv2%2Ftags&post=7357"}],"curies":[{"name":"wp","href":"https:\/\/api.w.org\/{rel}","templated":true}]}}