{"id":7444,"date":"2019-07-15T09:05:24","date_gmt":"2019-07-15T15:05:24","guid":{"rendered":"https:\/\/soy.usac.edu.gt\/?p=7444"},"modified":"2019-07-15T09:31:41","modified_gmt":"2019-07-15T15:31:41","slug":"aurelia-cordoba-primera-mujer-que-asume-la-decanatura-de-ingenieria","status":"publish","type":"post","link":"https:\/\/soy.usac.edu.gt\/?p=7444","title":{"rendered":"Anabela C\u00f3rdova, primera mujer que asume la decanatura de\u00a0 Ingenier\u00eda"},"content":{"rendered":"\n<p style=\"text-align: justify;\"><strong>El Consejo Superior Universitario jurament\u00f3 a la ingeniera Aurelia Anabela C\u00f3rdova Estrada para ejercer el cargo de decana de la Facultad de Ingenier\u00eda, per\u00edodo 2019-2023.<\/strong><\/p>\n<p style=\"text-align: justify;\"><span style=\"font-weight: 400;\">En un acto solemne realizado en el auditorio Francisco Vela, al que asistieron profesionales, catedr\u00e1ticos, alumnos y otros invitados.<\/span><\/p>\n<p style=\"text-align: justify;\"><span style=\"font-weight: 400;\">La ingeniera C\u00f3rdova jur\u00f3 velar por el cumplimiento de los altos fines para los cuales la USAC fue constituida y mantener sin perjuicio los principios que fundamentan su autonom\u00eda. Se comprometi\u00f3 tambi\u00e9n a obedecer las leyes y reglamentos de esta casa de estudios y a esforzarse por orientar correctamente el desarrollo de las profesiones que se imparten en la facultad aportando toda su voluntad, conocimiento y capacidad, con el objetivo de lograr el progreso y la evoluci\u00f3n de la instituci\u00f3n.<\/span><\/p>\n<p style=\"text-align: justify;\"><span style=\"font-weight: 400;\">Seg\u00fan el Acta 14-2019, las autoridades universitarias acordaron aprobar las elecciones correspondientes despu\u00e9s de examinar la documentaci\u00f3n oficial relacionada con este proceso democr\u00e1tico que se efectu\u00f3 en atenci\u00f3n a las leyes y reglamentos aplicables al caso.<\/span><\/p>\n<p style=\"text-align: justify;\"><span style=\"font-weight: 400;\">Con relaci\u00f3n a su plan de trabajo, la decana dijo: \u201cLa campa\u00f1a electoral ha quedado atr\u00e1s, ahora es el momento de buscar la unidad y asumir el compromiso de trabajar en comunidad por nuestra unidad acad\u00e9mica, con el objetivo de mejorar nuestros procesos estudiantiles y administrativos para poder incidir en la sociedad, pues somos una de las facultades m\u00e1s grandes de esta tricentenaria universidad\u201d.<\/span><\/p>\n<div id='gallery-1' class='gallery galleryid-7444 gallery-columns-3 gallery-size-thumbnail'><figure class='gallery-item'>\n\t\t\t<div class='gallery-icon landscape'>\n\t\t\t\t<a href='https:\/\/soy.usac.edu.gt\/?attachment_id=7447'><img loading=\"lazy\" decoding=\"async\" width=\"150\" height=\"150\" src=\"https:\/\/soy.usac.edu.gt\/wp-content\/uploads\/2019\/07\/JURAMENTACI\u00d3N-ING.-2-150x150.jpg\" class=\"attachment-thumbnail size-thumbnail\" alt=\"\" \/><\/a>\n\t\t\t<\/div><\/figure><figure class='gallery-item'>\n\t\t\t<div class='gallery-icon landscape'>\n\t\t\t\t<a href='https:\/\/soy.usac.edu.gt\/?attachment_id=7448'><img loading=\"lazy\" decoding=\"async\" width=\"150\" height=\"150\" src=\"https:\/\/soy.usac.edu.gt\/wp-content\/uploads\/2019\/07\/JURAMENTACI\u00d3N-ING.-3-150x150.jpg\" class=\"attachment-thumbnail size-thumbnail\" alt=\"\" \/><\/a>\n\t\t\t<\/div><\/figure><figure class='gallery-item'>\n\t\t\t<div class='gallery-icon landscape'>\n\t\t\t\t<a href='https:\/\/soy.usac.edu.gt\/?attachment_id=7449'><img loading=\"lazy\" decoding=\"async\" width=\"150\" height=\"150\" src=\"https:\/\/soy.usac.edu.gt\/wp-content\/uploads\/2019\/07\/JURAMENTACI\u00d3N-ING.-4-150x150.jpg\" class=\"attachment-thumbnail size-thumbnail\" alt=\"\" \/><\/a>\n\t\t\t<\/div><\/figure><figure class='gallery-item'>\n\t\t\t<div class='gallery-icon landscape'>\n\t\t\t\t<a href='https:\/\/soy.usac.edu.gt\/?attachment_id=7450'><img loading=\"lazy\" decoding=\"async\" width=\"150\" height=\"150\" src=\"https:\/\/soy.usac.edu.gt\/wp-content\/uploads\/2019\/07\/JURAMENTACI\u00d3N-ING.-5-150x150.jpg\" class=\"attachment-thumbnail size-thumbnail\" alt=\"\" \/><\/a>\n\t\t\t<\/div><\/figure><figure class='gallery-item'>\n\t\t\t<div class='gallery-icon landscape'>\n\t\t\t\t<a href='https:\/\/soy.usac.edu.gt\/?attachment_id=7451'><img loading=\"lazy\" decoding=\"async\" width=\"150\" height=\"150\" src=\"https:\/\/soy.usac.edu.gt\/wp-content\/uploads\/2019\/07\/JURAMENTACI\u00d3N-ING.-6-150x150.jpg\" class=\"attachment-thumbnail size-thumbnail\" alt=\"\" \/><\/a>\n\t\t\t<\/div><\/figure><figure class='gallery-item'>\n\t\t\t<div class='gallery-icon landscape'>\n\t\t\t\t<a href='https:\/\/soy.usac.edu.gt\/?attachment_id=7452'><img loading=\"lazy\" decoding=\"async\" width=\"150\" height=\"150\" src=\"https:\/\/soy.usac.edu.gt\/wp-content\/uploads\/2019\/07\/JURAMENTACI\u00d3N-ING.-7-150x150.jpg\" class=\"attachment-thumbnail size-thumbnail\" alt=\"\" aria-describedby=\"gallery-1-7452\" \/><\/a>\n\t\t\t<\/div>\n\t\t\t\t<figcaption class='wp-caption-text gallery-caption' id='gallery-1-7452'>\n\t\t\t\tIng. Pedro Antonio Aguilar Polanco, anterior decano de la Facultad de Ingenier\u00eda.\n\t\t\t\t<\/figcaption><\/figure><figure class='gallery-item'>\n\t\t\t<div class='gallery-icon landscape'>\n\t\t\t\t<a href='https:\/\/soy.usac.edu.gt\/?attachment_id=7453'><img loading=\"lazy\" decoding=\"async\" width=\"150\" height=\"150\" src=\"https:\/\/soy.usac.edu.gt\/wp-content\/uploads\/2019\/07\/JURAMENTACI\u00d3N-ING.-8-150x150.jpg\" class=\"attachment-thumbnail size-thumbnail\" alt=\"\" \/><\/a>\n\t\t\t<\/div><\/figure><figure class='gallery-item'>\n\t\t\t<div class='gallery-icon landscape'>\n\t\t\t\t<a href='https:\/\/soy.usac.edu.gt\/?attachment_id=7454'><img loading=\"lazy\" decoding=\"async\" width=\"150\" height=\"150\" src=\"https:\/\/soy.usac.edu.gt\/wp-content\/uploads\/2019\/07\/JURAMENTACI\u00d3N-ING.-9-150x150.jpg\" class=\"attachment-thumbnail size-thumbnail\" alt=\"\" \/><\/a>\n\t\t\t<\/div><\/figure><figure class='gallery-item'>\n\t\t\t<div class='gallery-icon landscape'>\n\t\t\t\t<a href='https:\/\/soy.usac.edu.gt\/?attachment_id=7455'><img loading=\"lazy\" decoding=\"async\" width=\"150\" height=\"150\" src=\"https:\/\/soy.usac.edu.gt\/wp-content\/uploads\/2019\/07\/JURAMENTACI\u00d3N-ING.-10-150x150.jpg\" class=\"attachment-thumbnail size-thumbnail\" alt=\"\" aria-describedby=\"gallery-1-7455\" \/><\/a>\n\t\t\t<\/div>\n\t\t\t\t<figcaption class='wp-caption-text gallery-caption' id='gallery-1-7455'>\n\t\t\t\tIng. Murphy Paiz, Rector de la USAC le entrega con ing. Anabela C\u00f3rdoba nueva decana de ingenier\u00eda. \n\t\t\t\t<\/figcaption><\/figure>\n\t\t<\/div>\n\n<p style=\"text-align: justify;\"><span style=\"font-weight: 400;\">Agreg\u00f3: \u201cParte fundamental de nuestro proyecto administrativo es propiciar las competencias cient\u00edficas y tecnol\u00f3gicas de excelencia, para lograr el reconocimiento nacional e internacional, manteniendo un mejoramiento continuo y sostenible, con respeto a la leyes, las normas \u00e9ticas y la ecolog\u00eda\u201d.<\/span><\/p>\n<p style=\"text-align: justify;\"><span style=\"font-weight: 400;\">El Rector de la USAC, maestro Murphy Paiz, indic\u00f3: \u201cLa administraci\u00f3n central apoyar\u00e1 la labor de la decana Aurelia C\u00f3rdova y su equipo con responsabilidad y compromiso, pues el trabajo en conjunto logra mejores resultados en la dignificaci\u00f3n de nuestra universidad y en la proyecci\u00f3n social que esta instituci\u00f3n realiza por medio del Ejercicio Profesional Supervisado. En mi calidad de Rector y, como miembro del Consejo Superior Universitario, seguir\u00e9 privilegiando la agenda administrativa de ordenamiento y estabilizaci\u00f3n\u201d.<\/span><\/p>\n<p style=\"text-align: justify;\"><span style=\"font-weight: 400;\">El decano anterior, Ing. Pedro Antonio Aguilar Polanco, expres\u00f3: \u201cLogramos alcanzar muchas metas; entre ellas, la acreditaci\u00f3n de la carrera de Ingenier\u00eda Mec\u00e1nica y la reacreditaci\u00f3n de Ingenier\u00eda Civil, Ingenier\u00eda Qu\u00edmica y las maestr\u00edas de la Escuela Regional de Ingenier\u00eda Sanitaria y Recursos Hidr\u00e1ulicos.\u00a0<\/span><\/p>\n<p style=\"text-align: justify;\"><span style=\"font-weight: 400;\">Agradezco la confianza depositada en mi persona para dirigir esta prestigiosa unidad acad\u00e9mica e incentivo a todos los integrantes de la comunidad estudiantil y administrativa a continuar trabajando en beneficio de la formaci\u00f3n integral de los nuevos profesionales\u201d.<\/span><\/p>\n<p><img loading=\"lazy\" decoding=\"async\" class=\"aligncenter size-full wp-image-7456\" src=\"https:\/\/soy.usac.edu.gt\/wp-content\/uploads\/2019\/07\/Cre\u0301ditos-prensa-26.png\" alt=\"\" width=\"5079\" height=\"1960\" srcset=\"https:\/\/soy.usac.edu.gt\/wp-content\/uploads\/2019\/07\/Cre\u0301ditos-prensa-26.png 5079w, https:\/\/soy.usac.edu.gt\/wp-content\/uploads\/2019\/07\/Cre\u0301ditos-prensa-26-300x116.png 300w, https:\/\/soy.usac.edu.gt\/wp-content\/uploads\/2019\/07\/Cre\u0301ditos-prensa-26-768x296.png 768w, https:\/\/soy.usac.edu.gt\/wp-content\/uploads\/2019\/07\/Cre\u0301ditos-prensa-26-1024x395.png 1024w, https:\/\/soy.usac.edu.gt\/wp-content\/uploads\/2019\/07\/Cre\u0301ditos-prensa-26-1088x420.png 1088w, https:\/\/soy.usac.edu.gt\/wp-content\/uploads\/2019\/07\/Cre\u0301ditos-prensa-26-640x247.png 640w, https:\/\/soy.usac.edu.gt\/wp-content\/uploads\/2019\/07\/Cre\u0301ditos-prensa-26-681x263.png 681w\" sizes=\"auto, (max-width: 5079px) 100vw, 5079px\" \/><\/p>\n","protected":false},"excerpt":{"rendered":"<p>El Consejo Superior Universitario jurament\u00f3 a la ingeniera Aurelia Anabela C\u00f3rdova Estrada para ejercer el cargo de decana de la Facultad de Ingenier\u00eda, per\u00edodo 2019-2023.<\/p>\n","protected":false},"author":16,"featured_media":7446,"comment_status":"closed","ping_status":"open","sticky":false,"template":"","format":"standard","meta":{"_exactmetrics_skip_tracking":false,"_exactmetrics_sitenote_active":false,"_exactmetrics_sitenote_note":"","_exactmetrics_sitenote_category":0,"_jetpack_memberships_contains_paid_content":false,"footnotes":""},"categories":[29],"tags":[508,507,163],"class_list":["post-7444","post","type-post","status-publish","format-standard","has-post-thumbnail","hentry","category-noticias","tag-aurelia-anabela-cordoba","tag-decana","tag-facultad-de-ingenieria"],"aioseo_notices":[],"jetpack_featured_media_url":"https:\/\/soy.usac.edu.gt\/wp-content\/uploads\/2019\/07\/JURAMENTACI\u00d3N-ING.-1.jpg","views":"","jetpack-related-posts":[{"id":8277,"url":"https:\/\/soy.usac.edu.gt\/?p=8277","url_meta":{"origin":7444,"position":0},"title":"As\u00ed fue la inauguraci\u00f3n de los Congresos Estudiantiles de Ingenier\u00eda","author":"Erick Iv\u00e1n de Le\u00f3n","date":"24 septiembre, 2019","format":false,"excerpt":"La Facultad de Ingenier\u00eda inaugur\u00f3 los Congresos Estudiantiles de Ingenier\u00eda en una actividad acad\u00e9mica y cultural a la que asistieron autoridades, catedr\u00e1ticos, profesionales y estudiantes.","rel":"","context":"En \u00abNoticias\u00bb","block_context":{"text":"Noticias","link":"https:\/\/soy.usac.edu.gt\/?cat=29"},"img":{"alt_text":"","src":"https:\/\/i0.wp.com\/soy.usac.edu.gt\/wp-content\/uploads\/2019\/09\/DESTACADA.jpg?resize=350%2C200&ssl=1","width":350,"height":200,"srcset":"https:\/\/i0.wp.com\/soy.usac.edu.gt\/wp-content\/uploads\/2019\/09\/DESTACADA.jpg?resize=350%2C200&ssl=1 1x, https:\/\/i0.wp.com\/soy.usac.edu.gt\/wp-content\/uploads\/2019\/09\/DESTACADA.jpg?resize=525%2C300&ssl=1 1.5x, https:\/\/i0.wp.com\/soy.usac.edu.gt\/wp-content\/uploads\/2019\/09\/DESTACADA.jpg?resize=700%2C400&ssl=1 2x, https:\/\/i0.wp.com\/soy.usac.edu.gt\/wp-content\/uploads\/2019\/09\/DESTACADA.jpg?resize=1050%2C600&ssl=1 3x"},"classes":[]},{"id":15164,"url":"https:\/\/soy.usac.edu.gt\/?p=15164","url_meta":{"origin":7444,"position":1},"title":"Hoy se inauguran los Congresos de Ingenier\u00eda 2021","author":"Divisi\u00f3n de Publicidad","date":"27 septiembre, 2021","format":false,"excerpt":"Se llevar\u00e1n a cabo del 27 de septiembre al 2 de octubre de manera virtual y se contar\u00e1 con la presencia de las autoridades de esta casa de estudios en el acto inaugural.","rel":"","context":"En \u00abEstudiantes\u00bb","block_context":{"text":"Estudiantes","link":"https:\/\/soy.usac.edu.gt\/?cat=585"},"img":{"alt_text":"","src":"https:\/\/i0.wp.com\/soy.usac.edu.gt\/wp-content\/uploads\/2021\/09\/IMG_7389-scaled.jpg?resize=350%2C200&ssl=1","width":350,"height":200,"srcset":"https:\/\/i0.wp.com\/soy.usac.edu.gt\/wp-content\/uploads\/2021\/09\/IMG_7389-scaled.jpg?resize=350%2C200&ssl=1 1x, https:\/\/i0.wp.com\/soy.usac.edu.gt\/wp-content\/uploads\/2021\/09\/IMG_7389-scaled.jpg?resize=525%2C300&ssl=1 1.5x, https:\/\/i0.wp.com\/soy.usac.edu.gt\/wp-content\/uploads\/2021\/09\/IMG_7389-scaled.jpg?resize=700%2C400&ssl=1 2x, https:\/\/i0.wp.com\/soy.usac.edu.gt\/wp-content\/uploads\/2021\/09\/IMG_7389-scaled.jpg?resize=1050%2C600&ssl=1 3x, https:\/\/i0.wp.com\/soy.usac.edu.gt\/wp-content\/uploads\/2021\/09\/IMG_7389-scaled.jpg?resize=1400%2C800&ssl=1 4x"},"classes":[]},{"id":9464,"url":"https:\/\/soy.usac.edu.gt\/?p=9464","url_meta":{"origin":7444,"position":2},"title":"Ingenier\u00eda Civil inicia proceso de reacreditaci\u00f3n","author":"Divisi\u00f3n de Publicidad","date":"30 octubre, 2019","format":false,"excerpt":"Este programa de formaci\u00f3n es el m\u00e1s antiguo de la Facultad de Ingenier\u00eda.","rel":"","context":"En \u00abNoticias\u00bb","block_context":{"text":"Noticias","link":"https:\/\/soy.usac.edu.gt\/?cat=29"},"img":{"alt_text":"","src":"https:\/\/i0.wp.com\/soy.usac.edu.gt\/wp-content\/uploads\/2019\/10\/fullsizeoutput_160.jpeg?resize=350%2C200&ssl=1","width":350,"height":200,"srcset":"https:\/\/i0.wp.com\/soy.usac.edu.gt\/wp-content\/uploads\/2019\/10\/fullsizeoutput_160.jpeg?resize=350%2C200&ssl=1 1x, https:\/\/i0.wp.com\/soy.usac.edu.gt\/wp-content\/uploads\/2019\/10\/fullsizeoutput_160.jpeg?resize=525%2C300&ssl=1 1.5x, https:\/\/i0.wp.com\/soy.usac.edu.gt\/wp-content\/uploads\/2019\/10\/fullsizeoutput_160.jpeg?resize=700%2C400&ssl=1 2x, https:\/\/i0.wp.com\/soy.usac.edu.gt\/wp-content\/uploads\/2019\/10\/fullsizeoutput_160.jpeg?resize=1050%2C600&ssl=1 3x, https:\/\/i0.wp.com\/soy.usac.edu.gt\/wp-content\/uploads\/2019\/10\/fullsizeoutput_160.jpeg?resize=1400%2C800&ssl=1 4x"},"classes":[]},{"id":15405,"url":"https:\/\/soy.usac.edu.gt\/?p=15405","url_meta":{"origin":7444,"position":3},"title":"Universidad Polit\u00e9cnica de Chiapas y USAC se unen para estrechar lazos de colaboraci\u00f3n acad\u00e9mica","author":"Divisi\u00f3n de Publicidad","date":"14 octubre, 2021","format":false,"excerpt":"Ambas universidades firmaron una carta de intenci\u00f3n de colaboraci\u00f3n acad\u00e9mica.\u00a0","rel":"","context":"En \u00abNoticias\u00bb","block_context":{"text":"Noticias","link":"https:\/\/soy.usac.edu.gt\/?cat=29"},"img":{"alt_text":"","src":"https:\/\/i0.wp.com\/soy.usac.edu.gt\/wp-content\/uploads\/2021\/10\/WhatsApp-Image-2021-10-14-at-16.58.49.jpeg?resize=350%2C200&ssl=1","width":350,"height":200,"srcset":"https:\/\/i0.wp.com\/soy.usac.edu.gt\/wp-content\/uploads\/2021\/10\/WhatsApp-Image-2021-10-14-at-16.58.49.jpeg?resize=350%2C200&ssl=1 1x, https:\/\/i0.wp.com\/soy.usac.edu.gt\/wp-content\/uploads\/2021\/10\/WhatsApp-Image-2021-10-14-at-16.58.49.jpeg?resize=525%2C300&ssl=1 1.5x, https:\/\/i0.wp.com\/soy.usac.edu.gt\/wp-content\/uploads\/2021\/10\/WhatsApp-Image-2021-10-14-at-16.58.49.jpeg?resize=700%2C400&ssl=1 2x, https:\/\/i0.wp.com\/soy.usac.edu.gt\/wp-content\/uploads\/2021\/10\/WhatsApp-Image-2021-10-14-at-16.58.49.jpeg?resize=1050%2C600&ssl=1 3x"},"classes":[]},{"id":9222,"url":"https:\/\/soy.usac.edu.gt\/?p=9222","url_meta":{"origin":7444,"position":4},"title":"AGEXPORT capacita a sancarlistas en temas de exportaci\u00f3n y emprendimiento","author":"Divisi\u00f3n de Publicidad","date":"25 octubre, 2019","format":false,"excerpt":"Un total de 40 sancarlistas est\u00e1n recibiendo el diplomado \u201cIncubadora de Negocios en Exportaci\u00f3n para Emprendedores\u201d.","rel":"","context":"En \u00abM\u00e1s Noticias\u00bb","block_context":{"text":"M\u00e1s Noticias","link":"https:\/\/soy.usac.edu.gt\/?cat=96"},"img":{"alt_text":"","src":"https:\/\/i0.wp.com\/soy.usac.edu.gt\/wp-content\/uploads\/2019\/10\/1-8.jpg?resize=350%2C200&ssl=1","width":350,"height":200,"srcset":"https:\/\/i0.wp.com\/soy.usac.edu.gt\/wp-content\/uploads\/2019\/10\/1-8.jpg?resize=350%2C200&ssl=1 1x, https:\/\/i0.wp.com\/soy.usac.edu.gt\/wp-content\/uploads\/2019\/10\/1-8.jpg?resize=525%2C300&ssl=1 1.5x, https:\/\/i0.wp.com\/soy.usac.edu.gt\/wp-content\/uploads\/2019\/10\/1-8.jpg?resize=700%2C400&ssl=1 2x, https:\/\/i0.wp.com\/soy.usac.edu.gt\/wp-content\/uploads\/2019\/10\/1-8.jpg?resize=1050%2C600&ssl=1 3x, https:\/\/i0.wp.com\/soy.usac.edu.gt\/wp-content\/uploads\/2019\/10\/1-8.jpg?resize=1400%2C800&ssl=1 4x"},"classes":[]},{"id":10989,"url":"https:\/\/soy.usac.edu.gt\/?p=10989","url_meta":{"origin":7444,"position":5},"title":"USAC homenajea a mujeres destacadas\u00a0","author":"Edwin Medina","date":"5 marzo, 2020","format":false,"excerpt":"La administraci\u00f3n reconoci\u00f3 la labor de mujeres sancarlistas que se desempe\u00f1an en puestos de toma decisiones. El evento se llev\u00f3 a cabo en el Aula Magna Igl\u00fa del campus central.","rel":"","context":"En \u00abNoticias\u00bb","block_context":{"text":"Noticias","link":"https:\/\/soy.usac.edu.gt\/?cat=29"},"img":{"alt_text":"","src":"https:\/\/i0.wp.com\/soy.usac.edu.gt\/wp-content\/uploads\/2020\/03\/4.jpg?resize=350%2C200&ssl=1","width":350,"height":200,"srcset":"https:\/\/i0.wp.com\/soy.usac.edu.gt\/wp-content\/uploads\/2020\/03\/4.jpg?resize=350%2C200&ssl=1 1x, https:\/\/i0.wp.com\/soy.usac.edu.gt\/wp-content\/uploads\/2020\/03\/4.jpg?resize=525%2C300&ssl=1 1.5x, https:\/\/i0.wp.com\/soy.usac.edu.gt\/wp-content\/uploads\/2020\/03\/4.jpg?resize=700%2C400&ssl=1 2x, https:\/\/i0.wp.com\/soy.usac.edu.gt\/wp-content\/uploads\/2020\/03\/4.jpg?resize=1050%2C600&ssl=1 3x"},"classes":[]}],"jetpack_sharing_enabled":true,"_links":{"self":[{"href":"https:\/\/soy.usac.edu.gt\/index.php?rest_route=\/wp\/v2\/posts\/7444","targetHints":{"allow":["GET"]}}],"collection":[{"href":"https:\/\/soy.usac.edu.gt\/index.php?rest_route=\/wp\/v2\/posts"}],"about":[{"href":"https:\/\/soy.usac.edu.gt\/index.php?rest_route=\/wp\/v2\/types\/post"}],"author":[{"embeddable":true,"href":"https:\/\/soy.usac.edu.gt\/index.php?rest_route=\/wp\/v2\/users\/16"}],"replies":[{"embeddable":true,"href":"https:\/\/soy.usac.edu.gt\/index.php?rest_route=%2Fwp%2Fv2%2Fcomments&post=7444"}],"version-history":[{"count":0,"href":"https:\/\/soy.usac.edu.gt\/index.php?rest_route=\/wp\/v2\/posts\/7444\/revisions"}],"wp:featuredmedia":[{"embeddable":true,"href":"https:\/\/soy.usac.edu.gt\/index.php?rest_route=\/wp\/v2\/media\/7446"}],"wp:attachment":[{"href":"https:\/\/soy.usac.edu.gt\/index.php?rest_route=%2Fwp%2Fv2%2Fmedia&parent=7444"}],"wp:term":[{"taxonomy":"category","embeddable":true,"href":"https:\/\/soy.usac.edu.gt\/index.php?rest_route=%2Fwp%2Fv2%2Fcategories&post=7444"},{"taxonomy":"post_tag","embeddable":true,"href":"https:\/\/soy.usac.edu.gt\/index.php?rest_route=%2Fwp%2Fv2%2Ftags&post=7444"}],"curies":[{"name":"wp","href":"https:\/\/api.w.org\/{rel}","templated":true}]}}