{"id":7547,"date":"2019-07-16T14:24:44","date_gmt":"2019-07-16T20:24:44","guid":{"rendered":"https:\/\/soy.usac.edu.gt\/?p=7547"},"modified":"2019-07-16T14:29:08","modified_gmt":"2019-07-16T20:29:08","slug":"estudiantes-apoyan-jornadas-libres-de-caries-en-escuelas-de-quiche","status":"publish","type":"post","link":"https:\/\/soy.usac.edu.gt\/?p=7547","title":{"rendered":"Estudiantes apoyan Jornadas Libres de Caries\u00a0en escuelas de Quich\u00e9"},"content":{"rendered":"\n<p style=\"text-align: justify;\"><strong>Durante la jornada se concientiz\u00f3 a los\u00a0 alumnos sobre la importancia de la higiene bucal,\u00a0 adem\u00e1s se entregaron kits de cepillos y pastas dentales.<\/strong><\/p>\n<p style=\"text-align: justify;\">41 estudiantes del Programa de Ejercicio Profesional Supervisado Multidisciplinario (EPSUM), ubicados en sedes de Quich\u00e9, realizaron la\u00a0 entrega de 20,000 kits de limpieza dental durante la Jornada de Escuelas Libres de Caries.<\/p>\n<p style=\"text-align: justify;\">Con estos insumos fueron beneficiados aproximadamente 20,000 alumnos de preprimaria y primaria de 100 escuelas, seg\u00fan inform\u00f3 la coordinadora t\u00e9cnica administrativa (CTA) y supervisora del EPSUM de la regi\u00f3n, Licda. Victoria Ayala.<\/p>\n<div id='gallery-1' class='gallery galleryid-7547 gallery-columns-3 gallery-size-thumbnail'><figure class='gallery-item'>\n\t\t\t<div class='gallery-icon landscape'>\n\t\t\t\t<a href='https:\/\/soy.usac.edu.gt\/?attachment_id=7552'><img loading=\"lazy\" decoding=\"async\" width=\"150\" height=\"150\" src=\"https:\/\/soy.usac.edu.gt\/wp-content\/uploads\/2019\/07\/SAM3806-copia-1-150x150.jpg\" class=\"attachment-thumbnail size-thumbnail\" alt=\"\" \/><\/a>\n\t\t\t<\/div><\/figure><figure class='gallery-item'>\n\t\t\t<div class='gallery-icon landscape'>\n\t\t\t\t<a href='https:\/\/soy.usac.edu.gt\/?attachment_id=7554'><img loading=\"lazy\" decoding=\"async\" width=\"150\" height=\"150\" src=\"https:\/\/soy.usac.edu.gt\/wp-content\/uploads\/2019\/07\/SAM3831-150x150.jpg\" class=\"attachment-thumbnail size-thumbnail\" alt=\"\" \/><\/a>\n\t\t\t<\/div><\/figure><figure class='gallery-item'>\n\t\t\t<div class='gallery-icon landscape'>\n\t\t\t\t<a href='https:\/\/soy.usac.edu.gt\/?attachment_id=7555'><img loading=\"lazy\" decoding=\"async\" width=\"150\" height=\"150\" src=\"https:\/\/soy.usac.edu.gt\/wp-content\/uploads\/2019\/07\/SAM3832-150x150.jpg\" class=\"attachment-thumbnail size-thumbnail\" alt=\"\" \/><\/a>\n\t\t\t<\/div><\/figure>\n\t\t<\/div>\n\n<p style=\"text-align: justify;\">La entrega se llev\u00f3 a cabo en dos instituciones: Escuela Oficial Rural Mixta Lacam\u00e1, del municipio de Chichicastenango, donde se brindaron 7,500 kits, que cubrir\u00e1n la regi\u00f3n central sur; y la Escuela Oficial Rural Mixta Pulay, en el municipio de Nebaj, donde se proporcionaron 12,500 kits\u00a0 para abarcar la regi\u00f3n ixil.<\/p>\n<p style=\"text-align: justify;\">Colgate Palmolive se encarg\u00f3 de donar los insumos. Adem\u00e1s, la actividad cont\u00f3 con el apoyo de los directores y maestros\u00a0 de los establecimientos beneficiados, representantes de la coordinadora t\u00e9cnica administrativa, el Cuerpo de Paz, la Municipalidad de Chichicastenango y Santa Mar\u00eda Nebaj.<\/p>\n<p style=\"text-align: justify;\"><img loading=\"lazy\" decoding=\"async\" class=\"aligncenter size-full wp-image-7559\" src=\"https:\/\/soy.usac.edu.gt\/wp-content\/uploads\/2019\/07\/Cr\u00e9ditos-prensa-07.png\" alt=\"\" width=\"5079\" height=\"1960\" srcset=\"https:\/\/soy.usac.edu.gt\/wp-content\/uploads\/2019\/07\/Cr\u00e9ditos-prensa-07.png 5079w, https:\/\/soy.usac.edu.gt\/wp-content\/uploads\/2019\/07\/Cr\u00e9ditos-prensa-07-300x116.png 300w, https:\/\/soy.usac.edu.gt\/wp-content\/uploads\/2019\/07\/Cr\u00e9ditos-prensa-07-768x296.png 768w, https:\/\/soy.usac.edu.gt\/wp-content\/uploads\/2019\/07\/Cr\u00e9ditos-prensa-07-1024x395.png 1024w, https:\/\/soy.usac.edu.gt\/wp-content\/uploads\/2019\/07\/Cr\u00e9ditos-prensa-07-1088x420.png 1088w, https:\/\/soy.usac.edu.gt\/wp-content\/uploads\/2019\/07\/Cr\u00e9ditos-prensa-07-640x247.png 640w, https:\/\/soy.usac.edu.gt\/wp-content\/uploads\/2019\/07\/Cr\u00e9ditos-prensa-07-681x263.png 681w\" sizes=\"auto, (max-width: 5079px) 100vw, 5079px\" \/><\/p>\n<p style=\"text-align: justify;\">\u00a0<\/p>\n","protected":false},"excerpt":{"rendered":"<p>Durante la jornada se concientiz\u00f3 a los\u00a0 alumnos sobre la importancia de la higiene bucal,\u00a0 adem\u00e1s se entregaron kits de cepillos y pastas dentales.<\/p>\n","protected":false},"author":1,"featured_media":7551,"comment_status":"closed","ping_status":"open","sticky":false,"template":"","format":"standard","meta":{"_exactmetrics_skip_tracking":false,"_exactmetrics_sitenote_active":false,"_exactmetrics_sitenote_note":"","_exactmetrics_sitenote_category":0,"_jetpack_memberships_contains_paid_content":false,"footnotes":""},"categories":[29],"tags":[512],"class_list":["post-7547","post","type-post","status-publish","format-standard","has-post-thumbnail","hentry","category-noticias","tag-epsum"],"aioseo_notices":[],"jetpack_featured_media_url":"https:\/\/soy.usac.edu.gt\/wp-content\/uploads\/2019\/07\/SAM3786.jpg","views":"","jetpack-related-posts":[{"id":19324,"url":"https:\/\/soy.usac.edu.gt\/?p=19324","url_meta":{"origin":7547,"position":0},"title":"EPSUM recibe donaci\u00f3n","author":"Divisi\u00f3n de Publicidad","date":"29 mayo, 2023","format":false,"excerpt":"La organizaci\u00f3n Colgate, S. A. aport\u00f3 25,000 kits de cepillo y pasta dental para la implementaci\u00f3n de jornadas de educaci\u00f3n bucal, en las que participan estudiantes.","rel":"","context":"En \u00abSin categor\u00eda\u00bb","block_context":{"text":"Sin categor\u00eda","link":"https:\/\/soy.usac.edu.gt\/?cat=1"},"img":{"alt_text":"","src":"https:\/\/i0.wp.com\/soy.usac.edu.gt\/wp-content\/uploads\/2023\/05\/WhatsApp-Image-2023-05-26-at-09.05.30-1.jpeg?resize=350%2C200&ssl=1","width":350,"height":200,"srcset":"https:\/\/i0.wp.com\/soy.usac.edu.gt\/wp-content\/uploads\/2023\/05\/WhatsApp-Image-2023-05-26-at-09.05.30-1.jpeg?resize=350%2C200&ssl=1 1x, https:\/\/i0.wp.com\/soy.usac.edu.gt\/wp-content\/uploads\/2023\/05\/WhatsApp-Image-2023-05-26-at-09.05.30-1.jpeg?resize=525%2C300&ssl=1 1.5x, https:\/\/i0.wp.com\/soy.usac.edu.gt\/wp-content\/uploads\/2023\/05\/WhatsApp-Image-2023-05-26-at-09.05.30-1.jpeg?resize=700%2C400&ssl=1 2x"},"classes":[]},{"id":18069,"url":"https:\/\/soy.usac.edu.gt\/?p=18069","url_meta":{"origin":7547,"position":1},"title":"USAC realiza jornadas m\u00e9dicas para poblaci\u00f3n vulnerable","author":"Divisi\u00f3n de Publicidad","date":"23 agosto, 2022","format":false,"excerpt":"M\u00e1s de 500 personas fueron beneficiadas como parte de esta iniciativa.","rel":"","context":"En \u00abNoticias\u00bb","block_context":{"text":"Noticias","link":"https:\/\/soy.usac.edu.gt\/?cat=29"},"img":{"alt_text":"","src":"https:\/\/i0.wp.com\/soy.usac.edu.gt\/wp-content\/uploads\/2022\/08\/WhatsApp-Image-2022-08-23-at-11.40.18-AM.jpeg?resize=350%2C200&ssl=1","width":350,"height":200,"srcset":"https:\/\/i0.wp.com\/soy.usac.edu.gt\/wp-content\/uploads\/2022\/08\/WhatsApp-Image-2022-08-23-at-11.40.18-AM.jpeg?resize=350%2C200&ssl=1 1x, https:\/\/i0.wp.com\/soy.usac.edu.gt\/wp-content\/uploads\/2022\/08\/WhatsApp-Image-2022-08-23-at-11.40.18-AM.jpeg?resize=525%2C300&ssl=1 1.5x, https:\/\/i0.wp.com\/soy.usac.edu.gt\/wp-content\/uploads\/2022\/08\/WhatsApp-Image-2022-08-23-at-11.40.18-AM.jpeg?resize=700%2C400&ssl=1 2x"},"classes":[]},{"id":19309,"url":"https:\/\/soy.usac.edu.gt\/?p=19309","url_meta":{"origin":7547,"position":2},"title":"Realizan jornada integral de salud en Huehuetenango","author":"Divisi\u00f3n de Publicidad","date":"29 mayo, 2023","format":false,"excerpt":"Estudiantes del Ejercicio Profesional Supervisado Multidisciplinario (EPSUM) y de Ciencias M\u00e9dicas han impartido servicios gratuitos a la poblaci\u00f3n.","rel":"","context":"En \u00abEstudiantes\u00bb","block_context":{"text":"Estudiantes","link":"https:\/\/soy.usac.edu.gt\/?cat=585"},"img":{"alt_text":"","src":"https:\/\/i0.wp.com\/soy.usac.edu.gt\/wp-content\/uploads\/2023\/05\/5.jpg?resize=350%2C200&ssl=1","width":350,"height":200,"srcset":"https:\/\/i0.wp.com\/soy.usac.edu.gt\/wp-content\/uploads\/2023\/05\/5.jpg?resize=350%2C200&ssl=1 1x, https:\/\/i0.wp.com\/soy.usac.edu.gt\/wp-content\/uploads\/2023\/05\/5.jpg?resize=525%2C300&ssl=1 1.5x, https:\/\/i0.wp.com\/soy.usac.edu.gt\/wp-content\/uploads\/2023\/05\/5.jpg?resize=700%2C400&ssl=1 2x, https:\/\/i0.wp.com\/soy.usac.edu.gt\/wp-content\/uploads\/2023\/05\/5.jpg?resize=1050%2C600&ssl=1 3x, https:\/\/i0.wp.com\/soy.usac.edu.gt\/wp-content\/uploads\/2023\/05\/5.jpg?resize=1400%2C800&ssl=1 4x"},"classes":[]},{"id":15310,"url":"https:\/\/soy.usac.edu.gt\/?p=15310","url_meta":{"origin":7547,"position":3},"title":"Aportes de EPSUM al sector salud","author":"Divisi\u00f3n de Publicidad","date":"4 octubre, 2021","format":false,"excerpt":"El Ejercicio Profesional Supervisado Multidisciplinario (EPSUM) de la USAC ha contribuido a fortalecer entidades estatales y diversos servicios que se brindan a la poblaci\u00f3n con la incorporaci\u00f3n de estudiantes de Ciencias M\u00e9dicas, Enfermer\u00eda, Ciencias Psicol\u00f3gicas, Nutrici\u00f3n, Trabajo Social, Qu\u00edmica Biol\u00f3gica y Biolog\u00eda.","rel":"","context":"En \u00abNoticias\u00bb","block_context":{"text":"Noticias","link":"https:\/\/soy.usac.edu.gt\/?cat=29"},"img":{"alt_text":"","src":"https:\/\/i0.wp.com\/soy.usac.edu.gt\/wp-content\/uploads\/2021\/10\/epsum-otra.jpg?resize=350%2C200&ssl=1","width":350,"height":200,"srcset":"https:\/\/i0.wp.com\/soy.usac.edu.gt\/wp-content\/uploads\/2021\/10\/epsum-otra.jpg?resize=350%2C200&ssl=1 1x, https:\/\/i0.wp.com\/soy.usac.edu.gt\/wp-content\/uploads\/2021\/10\/epsum-otra.jpg?resize=525%2C300&ssl=1 1.5x, https:\/\/i0.wp.com\/soy.usac.edu.gt\/wp-content\/uploads\/2021\/10\/epsum-otra.jpg?resize=700%2C400&ssl=1 2x, https:\/\/i0.wp.com\/soy.usac.edu.gt\/wp-content\/uploads\/2021\/10\/epsum-otra.jpg?resize=1050%2C600&ssl=1 3x"},"classes":[]},{"id":9199,"url":"https:\/\/soy.usac.edu.gt\/?p=9199","url_meta":{"origin":7547,"position":4},"title":"EPSUM\u00a0\u00a0recibe premio internacional","author":"Divisi\u00f3n de Publicidad","date":"24 octubre, 2019","format":false,"excerpt":"Vivimos el lema \u201cId y ense\u00f1ad a todos\u201d","rel":"","context":"En \u00abNoticias\u00bb","block_context":{"text":"Noticias","link":"https:\/\/soy.usac.edu.gt\/?cat=29"},"img":{"alt_text":"","src":"https:\/\/i0.wp.com\/soy.usac.edu.gt\/wp-content\/uploads\/2019\/10\/destacada-premio.png?resize=350%2C200&ssl=1","width":350,"height":200,"srcset":"https:\/\/i0.wp.com\/soy.usac.edu.gt\/wp-content\/uploads\/2019\/10\/destacada-premio.png?resize=350%2C200&ssl=1 1x, https:\/\/i0.wp.com\/soy.usac.edu.gt\/wp-content\/uploads\/2019\/10\/destacada-premio.png?resize=525%2C300&ssl=1 1.5x, https:\/\/i0.wp.com\/soy.usac.edu.gt\/wp-content\/uploads\/2019\/10\/destacada-premio.png?resize=700%2C400&ssl=1 2x, https:\/\/i0.wp.com\/soy.usac.edu.gt\/wp-content\/uploads\/2019\/10\/destacada-premio.png?resize=1050%2C600&ssl=1 3x"},"classes":[]},{"id":19520,"url":"https:\/\/soy.usac.edu.gt\/?p=19520","url_meta":{"origin":7547,"position":5},"title":"Jornada m\u00e9dica organizada por EPSUM atiende a cientos de pobladores","author":"Divisi\u00f3n de Publicidad","date":"19 junio, 2023","format":false,"excerpt":"El 13 de junio se llev\u00f3 a cabo la 3.\u00aa Jornada M\u00e9dica Integral en el Centro de Recuperaci\u00f3n Nacional (CRN), San Andr\u00e9s Semetabaj, municipio de Solol\u00e1.","rel":"","context":"En \u00abNoticias\u00bb","block_context":{"text":"Noticias","link":"https:\/\/soy.usac.edu.gt\/?cat=29"},"img":{"alt_text":"","src":"https:\/\/i0.wp.com\/soy.usac.edu.gt\/wp-content\/uploads\/2023\/06\/WhatsApp-Image-2023-06-19-at-10.05.37-2.jpeg?resize=350%2C200&ssl=1","width":350,"height":200,"srcset":"https:\/\/i0.wp.com\/soy.usac.edu.gt\/wp-content\/uploads\/2023\/06\/WhatsApp-Image-2023-06-19-at-10.05.37-2.jpeg?resize=350%2C200&ssl=1 1x, https:\/\/i0.wp.com\/soy.usac.edu.gt\/wp-content\/uploads\/2023\/06\/WhatsApp-Image-2023-06-19-at-10.05.37-2.jpeg?resize=525%2C300&ssl=1 1.5x, https:\/\/i0.wp.com\/soy.usac.edu.gt\/wp-content\/uploads\/2023\/06\/WhatsApp-Image-2023-06-19-at-10.05.37-2.jpeg?resize=700%2C400&ssl=1 2x, https:\/\/i0.wp.com\/soy.usac.edu.gt\/wp-content\/uploads\/2023\/06\/WhatsApp-Image-2023-06-19-at-10.05.37-2.jpeg?resize=1050%2C600&ssl=1 3x, https:\/\/i0.wp.com\/soy.usac.edu.gt\/wp-content\/uploads\/2023\/06\/WhatsApp-Image-2023-06-19-at-10.05.37-2.jpeg?resize=1400%2C800&ssl=1 4x"},"classes":[]}],"jetpack_sharing_enabled":true,"_links":{"self":[{"href":"https:\/\/soy.usac.edu.gt\/index.php?rest_route=\/wp\/v2\/posts\/7547","targetHints":{"allow":["GET"]}}],"collection":[{"href":"https:\/\/soy.usac.edu.gt\/index.php?rest_route=\/wp\/v2\/posts"}],"about":[{"href":"https:\/\/soy.usac.edu.gt\/index.php?rest_route=\/wp\/v2\/types\/post"}],"author":[{"embeddable":true,"href":"https:\/\/soy.usac.edu.gt\/index.php?rest_route=\/wp\/v2\/users\/1"}],"replies":[{"embeddable":true,"href":"https:\/\/soy.usac.edu.gt\/index.php?rest_route=%2Fwp%2Fv2%2Fcomments&post=7547"}],"version-history":[{"count":0,"href":"https:\/\/soy.usac.edu.gt\/index.php?rest_route=\/wp\/v2\/posts\/7547\/revisions"}],"wp:featuredmedia":[{"embeddable":true,"href":"https:\/\/soy.usac.edu.gt\/index.php?rest_route=\/wp\/v2\/media\/7551"}],"wp:attachment":[{"href":"https:\/\/soy.usac.edu.gt\/index.php?rest_route=%2Fwp%2Fv2%2Fmedia&parent=7547"}],"wp:term":[{"taxonomy":"category","embeddable":true,"href":"https:\/\/soy.usac.edu.gt\/index.php?rest_route=%2Fwp%2Fv2%2Fcategories&post=7547"},{"taxonomy":"post_tag","embeddable":true,"href":"https:\/\/soy.usac.edu.gt\/index.php?rest_route=%2Fwp%2Fv2%2Ftags&post=7547"}],"curies":[{"name":"wp","href":"https:\/\/api.w.org\/{rel}","templated":true}]}}