{"id":7562,"date":"2019-07-17T11:36:01","date_gmt":"2019-07-17T17:36:01","guid":{"rendered":"https:\/\/soy.usac.edu.gt\/?p=7562"},"modified":"2019-07-24T17:37:42","modified_gmt":"2019-07-24T23:37:42","slug":"de-forma-divertida-la-gente-podria-percibir-la-ciencia-desde-otra-perspectiva-javier-santaolalla","status":"publish","type":"post","link":"https:\/\/soy.usac.edu.gt\/?p=7562","title":{"rendered":"\u201cDe forma divertida, la gente podr\u00eda percibir la ciencia desde otra perspectiva\u201d, Javier Santaolalla"},"content":{"rendered":"\n<p style=\"text-align: justify;\"><span style=\"font-weight: 400;\">El espa\u00f1ol Javier Santaolalla, f\u00edsico de part\u00edculas, ingeniero de telecomunicaciones y youtuber de ciencia, se present\u00f3 en el Aula Magna Igl\u00fa con la conferencia \u201cUn anillo colisionador para gobernarlos a todos\u201d, en la que habl\u00f3 sobre los misterios del funcionamiento del universo.<\/span><\/p>\n<p style=\"text-align: justify;\"><span style=\"font-weight: 400;\">A trav\u00e9s de an\u00e9cdotas, bromas, carisma, interacci\u00f3n con el p\u00fablico y un lenguaje sencillo, el cient\u00edfico explic\u00f3 temas como la materia oscura,\u00a0 el Bos\u00f3n de Higgs, la energ\u00eda pura, la colisi\u00f3n de part\u00edculas y otros.<\/span><\/p>\n<p style=\"text-align: justify;\"><span style=\"font-weight: 400;\">Aun con quebrantos de salud y poco tiempo disponible, Santaolalla convers\u00f3 con Soy Usac, te dejamos una breve entrevista que se realiz\u00f3 antes de que iniciara su segunda conferencia ayer por la tarde.\u00a0\u00a0<\/span><\/p>\n<figure id=\"attachment_7580\" aria-describedby=\"caption-attachment-7580\" style=\"width: 3120px\" class=\"wp-caption aligncenter\"><img loading=\"lazy\" decoding=\"async\" class=\"wp-image-7580 size-full\" src=\"https:\/\/soy.usac.edu.gt\/wp-content\/uploads\/2019\/07\/IMG_4954.jpg\" alt=\"\" width=\"3120\" height=\"2080\" srcset=\"https:\/\/soy.usac.edu.gt\/wp-content\/uploads\/2019\/07\/IMG_4954.jpg 3120w, https:\/\/soy.usac.edu.gt\/wp-content\/uploads\/2019\/07\/IMG_4954-300x200.jpg 300w, https:\/\/soy.usac.edu.gt\/wp-content\/uploads\/2019\/07\/IMG_4954-768x512.jpg 768w, https:\/\/soy.usac.edu.gt\/wp-content\/uploads\/2019\/07\/IMG_4954-1024x683.jpg 1024w, https:\/\/soy.usac.edu.gt\/wp-content\/uploads\/2019\/07\/IMG_4954-630x420.jpg 630w, https:\/\/soy.usac.edu.gt\/wp-content\/uploads\/2019\/07\/IMG_4954-640x427.jpg 640w, https:\/\/soy.usac.edu.gt\/wp-content\/uploads\/2019\/07\/IMG_4954-681x454.jpg 681w\" sizes=\"auto, (max-width: 3120px) 100vw, 3120px\" \/><figcaption id=\"caption-attachment-7580\" class=\"wp-caption-text\">Santaolalla realiza una actividad explicativa con estudiantes de la USAC.<\/figcaption><\/figure>\n<p style=\"text-align: justify;\"><b>\u00bfC\u00f3mo empezaste a desarrollar esta actividad l\u00fadica de difusi\u00f3n de la ciencia?\u00a0<\/b><\/p>\n<p style=\"text-align: justify;\"><span style=\"font-weight: 400;\">Cuando acab\u00e9 el posgrado pens\u00e9 que era una forma divertida de contarle a la gente lo que hab\u00eda trabajado durante los a\u00f1os de doctorado. Pens\u00e9 que con un poco de humor y haciendo las cosas de forma divertida la gente podr\u00eda percibir la ciencia de forma diferente.\u00a0<\/span><\/p>\n<p style=\"text-align: justify;\"><b>\u00bfQu\u00e9 es lo m\u00e1s interesante que te ha pasado en este trabajo?<\/b><span style=\"font-weight: 400;\">\u00a0<\/span><\/p>\n<p style=\"text-align: justify;\"><span style=\"font-weight: 400;\">Es sorprendente el hecho de que la gente cada d\u00eda se acerque con cari\u00f1o, inter\u00e9s y buena disposici\u00f3n, cuando veo escenarios llenos me parece incre\u00edble.<\/span><\/p>\n<p style=\"text-align: justify;\"><b>\u00bfQu\u00e9 proyectos ten\u00e9s a futuro?<\/b><span style=\"font-weight: 400;\">\u00a0<\/span><\/p>\n<p style=\"text-align: justify;\"><span style=\"font-weight: 400;\">No pienso mucho a futuro, pero quiero seguir avanzando con la comunicaci\u00f3n cient\u00edfica, con nuevos proyectos e ideas; intentar\u00a0 llegar a m\u00e1s gente, a los ni\u00f1os, por ejemplo, porque a\u00fan no he hecho ning\u00fan proyecto dirigido a ni\u00f1ez. Hacer lo mismo que estoy haciendo en nuevos formatos, para tratar de impactar a nuevas personas.\u00a0<\/span><\/p>\n<figure id=\"attachment_7574\" aria-describedby=\"caption-attachment-7574\" style=\"width: 3120px\" class=\"wp-caption aligncenter\"><img loading=\"lazy\" decoding=\"async\" class=\"size-full wp-image-7574\" src=\"https:\/\/soy.usac.edu.gt\/wp-content\/uploads\/2019\/07\/IMG_4920.jpg\" alt=\"\" width=\"3120\" height=\"2080\" srcset=\"https:\/\/soy.usac.edu.gt\/wp-content\/uploads\/2019\/07\/IMG_4920.jpg 3120w, https:\/\/soy.usac.edu.gt\/wp-content\/uploads\/2019\/07\/IMG_4920-300x200.jpg 300w, https:\/\/soy.usac.edu.gt\/wp-content\/uploads\/2019\/07\/IMG_4920-768x512.jpg 768w, https:\/\/soy.usac.edu.gt\/wp-content\/uploads\/2019\/07\/IMG_4920-1024x683.jpg 1024w, https:\/\/soy.usac.edu.gt\/wp-content\/uploads\/2019\/07\/IMG_4920-630x420.jpg 630w, https:\/\/soy.usac.edu.gt\/wp-content\/uploads\/2019\/07\/IMG_4920-640x427.jpg 640w, https:\/\/soy.usac.edu.gt\/wp-content\/uploads\/2019\/07\/IMG_4920-681x454.jpg 681w\" sizes=\"auto, (max-width: 3120px) 100vw, 3120px\" \/><figcaption id=\"caption-attachment-7574\" class=\"wp-caption-text\">Dictando su conferencia.<\/figcaption><\/figure>\n<blockquote class=\"td_quote_box td_box_center\">\n<p style=\"text-align: justify;\"><b>En detalle<\/b><\/p>\n<p style=\"text-align: justify;\"><span style=\"font-weight: 400;\">El cient\u00edfico vino a Guatemala para presentar su libro \u201c<\/span><i><span style=\"font-weight: 400;\">Inteligencia f\u00edsica\u201d<\/span><\/i><span style=\"font-weight: 400;\"> en FILGUA, adem\u00e1s comparti\u00f3 con estudiantes de la USAC durante dos d\u00edas. El primer evento se realiz\u00f3 en la Escuela de Formaci\u00f3n de Profesores de Ense\u00f1anza Media (EFPEM) y sus \u00faltimas dos conferencias fueron organizadas por la Asociaci\u00f3n de Estudiantes de Ingenier\u00eda AEI con el apoyo de la Escuela de Ciencias F\u00edsicas y Matem\u00e1ticas ECFM.<\/span><\/p>\n<\/blockquote>\n<p style=\"text-align: justify;\">\u00a0<\/p>\n<p style=\"text-align: justify;\"><b>\u00bfH\u00e1blame sobre tu experiencia en el colisionador de hadrones?\u00a0<\/b><\/p>\n<p style=\"text-align: justify;\"><span style=\"font-weight: 400;\">Estuvimos investigando sobre la colisi\u00f3n de part\u00edculas y viendo las part\u00edculas que surgen durante las colisiones. Fueron cuatro a\u00f1os muy bonitos e intensos; hab\u00eda que trabajar duro y en equipo, porque fue una colaboraci\u00f3n internacional donde los esfuerzos suman, y hab\u00eda que coordinarse. Fue un gran aprendizaje sobre c\u00f3mo se hace la ciencia y por qu\u00e9 es importante seguir los procedimientos en la ciencia para poder aportar juntos algo diferente.\u00a0<\/span><\/p>\n<p style=\"text-align: justify;\"><b>\u00bfSobre tus investigaciones, de qu\u00e9 te sent\u00eds orgulloso?<\/b><span style=\"font-weight: 400;\">\u00a0<\/span><\/p>\n<p style=\"text-align: justify;\"><span style=\"font-weight: 400;\">Esos a\u00f1os que estuve ah\u00ed, en el laboratorio donde trabaj\u00e9, se descubri\u00f3 el Bos\u00f3n de Higgs. Mi aporte fue peque\u00f1o, pero todos los aportes de un equipo tan grande suman. Fue una \u00e9poca muy bonita, de mucho esfuerzo y sacrificio que se vio recompensado al participar en un gran descubrimiento.\u00a0<\/span><\/p>\n<p style=\"text-align: justify;\"><img loading=\"lazy\" decoding=\"async\" class=\"aligncenter size-full wp-image-7581\" src=\"https:\/\/soy.usac.edu.gt\/wp-content\/uploads\/2019\/07\/IMG_4959.jpg\" alt=\"\" width=\"3120\" height=\"2080\" srcset=\"https:\/\/soy.usac.edu.gt\/wp-content\/uploads\/2019\/07\/IMG_4959.jpg 3120w, https:\/\/soy.usac.edu.gt\/wp-content\/uploads\/2019\/07\/IMG_4959-300x200.jpg 300w, https:\/\/soy.usac.edu.gt\/wp-content\/uploads\/2019\/07\/IMG_4959-768x512.jpg 768w, https:\/\/soy.usac.edu.gt\/wp-content\/uploads\/2019\/07\/IMG_4959-1024x683.jpg 1024w, https:\/\/soy.usac.edu.gt\/wp-content\/uploads\/2019\/07\/IMG_4959-630x420.jpg 630w, https:\/\/soy.usac.edu.gt\/wp-content\/uploads\/2019\/07\/IMG_4959-640x427.jpg 640w, https:\/\/soy.usac.edu.gt\/wp-content\/uploads\/2019\/07\/IMG_4959-681x454.jpg 681w\" sizes=\"auto, (max-width: 3120px) 100vw, 3120px\" \/><\/p>\n<p style=\"text-align: justify;\"><b>\u00bfQu\u00e9 te parecieron las preguntas que te hicieron los estudiantes?\u00a0<\/b><\/p>\n<p style=\"text-align: justify;\"><span style=\"font-weight: 400;\">Superbuenas, a donde vaya, las preguntas son incre\u00edbles, porque son producto de la curiosidad. Cuando uno pregunta desde la curiosidad siempre salen buenas preguntas.\u00a0<\/span><\/p>\n<p style=\"text-align: justify;\"><b>\u00bfCu\u00e1l es la importancia de este tipo de actividades?<\/b><\/p>\n<p style=\"text-align: justify;\"><span style=\"font-weight: 400;\">Los j\u00f3venes son el futuro, las universidades son los centros donde se da conocimiento y se forman las personas. No hay mejor sitio que una escuela o universidad para mostrar mi trabajo, porque al final el gran objetivo de todos es que el mundo mejore y que los profesionales del futuro sean mejores que nosotros.\u00a0<\/span><\/p>\n<p style=\"text-align: justify;\"><span style=\"font-weight: 400;\">Aqu\u00ed he visto chicos con muchas ganas de aprender, inter\u00e9s y curiosidad. Es bonito ver que uno consigue impactar a tanta gente en sitios tan diversos, yo trabajo en Espa\u00f1a, pero venir a Guatemala y que se reconozca mi trabajo es un gran orgullo.<\/span><\/p>\n<div id='gallery-1' class='gallery galleryid-7562 gallery-columns-3 gallery-size-thumbnail'><figure class='gallery-item'>\n\t\t\t<div class='gallery-icon landscape'>\n\t\t\t\t<a href='https:\/\/soy.usac.edu.gt\/?attachment_id=7574'><img loading=\"lazy\" decoding=\"async\" width=\"150\" height=\"150\" src=\"https:\/\/soy.usac.edu.gt\/wp-content\/uploads\/2019\/07\/IMG_4920-150x150.jpg\" class=\"attachment-thumbnail size-thumbnail\" alt=\"\" aria-describedby=\"gallery-1-7574\" \/><\/a>\n\t\t\t<\/div>\n\t\t\t\t<figcaption class='wp-caption-text gallery-caption' id='gallery-1-7574'>\n\t\t\t\tDictando su conferencia. \n\t\t\t\t<\/figcaption><\/figure><figure class='gallery-item'>\n\t\t\t<div class='gallery-icon landscape'>\n\t\t\t\t<a href='https:\/\/soy.usac.edu.gt\/?attachment_id=7582'><img loading=\"lazy\" decoding=\"async\" width=\"150\" height=\"150\" src=\"https:\/\/soy.usac.edu.gt\/wp-content\/uploads\/2019\/07\/IMG_4962-150x150.jpg\" class=\"attachment-thumbnail size-thumbnail\" alt=\"\" aria-describedby=\"gallery-1-7582\" \/><\/a>\n\t\t\t<\/div>\n\t\t\t\t<figcaption class='wp-caption-text gallery-caption' id='gallery-1-7582'>\n\t\t\t\tSantaolalla junto al Secretario General Arq. Carlos Valladares. \n\t\t\t\t<\/figcaption><\/figure><figure class='gallery-item'>\n\t\t\t<div class='gallery-icon landscape'>\n\t\t\t\t<a href='https:\/\/soy.usac.edu.gt\/?attachment_id=7583'><img loading=\"lazy\" decoding=\"async\" width=\"150\" height=\"150\" src=\"https:\/\/soy.usac.edu.gt\/wp-content\/uploads\/2019\/07\/IMG_4966-150x150.jpg\" class=\"attachment-thumbnail size-thumbnail\" alt=\"\" aria-describedby=\"gallery-1-7583\" \/><\/a>\n\t\t\t<\/div>\n\t\t\t\t<figcaption class='wp-caption-text gallery-caption' id='gallery-1-7583'>\n\t\t\t\tMSc. Marcelo Ixquiac Cabrera director de la Escuela de F\u00edsica y Matem\u00e1tica, Javier Santaolalla y Edgar Anibal Cifuentes Anelu ex Director de la ECFM\n\t\t\t\t<\/figcaption><\/figure><figure class='gallery-item'>\n\t\t\t<div class='gallery-icon landscape'>\n\t\t\t\t<a href='https:\/\/soy.usac.edu.gt\/?attachment_id=7571'><img loading=\"lazy\" decoding=\"async\" width=\"150\" height=\"150\" src=\"https:\/\/soy.usac.edu.gt\/wp-content\/uploads\/2019\/07\/IMG_4910-150x150.jpg\" class=\"attachment-thumbnail size-thumbnail\" alt=\"\" \/><\/a>\n\t\t\t<\/div><\/figure><figure class='gallery-item'>\n\t\t\t<div class='gallery-icon landscape'>\n\t\t\t\t<a href='https:\/\/soy.usac.edu.gt\/?attachment_id=7579'><img loading=\"lazy\" decoding=\"async\" width=\"150\" height=\"150\" src=\"https:\/\/soy.usac.edu.gt\/wp-content\/uploads\/2019\/07\/IMG_4953-150x150.jpg\" class=\"attachment-thumbnail size-thumbnail\" alt=\"\" \/><\/a>\n\t\t\t<\/div><\/figure><figure class='gallery-item'>\n\t\t\t<div class='gallery-icon landscape'>\n\t\t\t\t<a href='https:\/\/soy.usac.edu.gt\/?attachment_id=7578'><img loading=\"lazy\" decoding=\"async\" width=\"150\" height=\"150\" src=\"https:\/\/soy.usac.edu.gt\/wp-content\/uploads\/2019\/07\/IMG_4948-150x150.jpg\" class=\"attachment-thumbnail size-thumbnail\" alt=\"\" \/><\/a>\n\t\t\t<\/div><\/figure><figure class='gallery-item'>\n\t\t\t<div class='gallery-icon portrait'>\n\t\t\t\t<a href='https:\/\/soy.usac.edu.gt\/?attachment_id=7567'><img loading=\"lazy\" decoding=\"async\" width=\"150\" height=\"150\" src=\"https:\/\/soy.usac.edu.gt\/wp-content\/uploads\/2019\/07\/IMG_4904-150x150.jpg\" class=\"attachment-thumbnail size-thumbnail\" alt=\"\" \/><\/a>\n\t\t\t<\/div><\/figure><figure class='gallery-item'>\n\t\t\t<div class='gallery-icon landscape'>\n\t\t\t\t<a href='https:\/\/soy.usac.edu.gt\/?attachment_id=7568'><img loading=\"lazy\" decoding=\"async\" width=\"150\" height=\"150\" src=\"https:\/\/soy.usac.edu.gt\/wp-content\/uploads\/2019\/07\/IMG_4905-150x150.jpg\" class=\"attachment-thumbnail size-thumbnail\" alt=\"\" \/><\/a>\n\t\t\t<\/div><\/figure><figure class='gallery-item'>\n\t\t\t<div class='gallery-icon landscape'>\n\t\t\t\t<a href='https:\/\/soy.usac.edu.gt\/?attachment_id=7572'><img loading=\"lazy\" decoding=\"async\" width=\"150\" height=\"150\" src=\"https:\/\/soy.usac.edu.gt\/wp-content\/uploads\/2019\/07\/IMG_4912-150x150.jpg\" class=\"attachment-thumbnail size-thumbnail\" alt=\"\" \/><\/a>\n\t\t\t<\/div><\/figure><figure class='gallery-item'>\n\t\t\t<div class='gallery-icon landscape'>\n\t\t\t\t<a href='https:\/\/soy.usac.edu.gt\/?attachment_id=7585'><img loading=\"lazy\" decoding=\"async\" width=\"150\" height=\"150\" src=\"https:\/\/soy.usac.edu.gt\/wp-content\/uploads\/2019\/07\/IMG_4978-150x150.jpg\" class=\"attachment-thumbnail size-thumbnail\" alt=\"\" aria-describedby=\"gallery-1-7585\" \/><\/a>\n\t\t\t<\/div>\n\t\t\t\t<figcaption class='wp-caption-text gallery-caption' id='gallery-1-7585'>\n\t\t\t\tDurante la entrevista. \n\t\t\t\t<\/figcaption><\/figure>\n\t\t<\/div>\n\n<p><img loading=\"lazy\" decoding=\"async\" class=\"aligncenter size-full wp-image-7369\" src=\"https:\/\/soy.usac.edu.gt\/wp-content\/uploads\/2019\/07\/Cr\u00e9ditos-prensa-01.png\" alt=\"\" width=\"5079\" height=\"1960\" srcset=\"https:\/\/soy.usac.edu.gt\/wp-content\/uploads\/2019\/07\/Cr\u00e9ditos-prensa-01.png 5079w, https:\/\/soy.usac.edu.gt\/wp-content\/uploads\/2019\/07\/Cr\u00e9ditos-prensa-01-300x116.png 300w, https:\/\/soy.usac.edu.gt\/wp-content\/uploads\/2019\/07\/Cr\u00e9ditos-prensa-01-768x296.png 768w, https:\/\/soy.usac.edu.gt\/wp-content\/uploads\/2019\/07\/Cr\u00e9ditos-prensa-01-1024x395.png 1024w, https:\/\/soy.usac.edu.gt\/wp-content\/uploads\/2019\/07\/Cr\u00e9ditos-prensa-01-1088x420.png 1088w, https:\/\/soy.usac.edu.gt\/wp-content\/uploads\/2019\/07\/Cr\u00e9ditos-prensa-01-640x247.png 640w, https:\/\/soy.usac.edu.gt\/wp-content\/uploads\/2019\/07\/Cr\u00e9ditos-prensa-01-681x263.png 681w\" sizes=\"auto, (max-width: 5079px) 100vw, 5079px\" \/><\/p>\n","protected":false},"excerpt":{"rendered":"<p>El espa\u00f1ol Javier Santaolalla, f\u00edsico de part\u00edculas, ingeniero de telecomunicaciones y youtuber de ciencia, se present\u00f3 en el Aula Magna Igl\u00fa con la conferencia \u201cUn anillo colisionador para gobernarlos a todos\u201d, en la que habl\u00f3 sobre los misterios del funcionamiento del universo.<\/p>\n","protected":false},"author":1,"featured_media":7570,"comment_status":"closed","ping_status":"open","sticky":false,"template":"","format":"standard","meta":{"_exactmetrics_skip_tracking":false,"_exactmetrics_sitenote_active":false,"_exactmetrics_sitenote_note":"","_exactmetrics_sitenote_category":0,"_jetpack_memberships_contains_paid_content":false,"footnotes":""},"categories":[152,96,29],"tags":[102,513],"class_list":["post-7562","post","type-post","status-publish","format-standard","has-post-thumbnail","hentry","category-entrevistas","category-mas-noticias","category-noticias","tag-entrevistas","tag-javier-santaolalla"],"aioseo_notices":[],"jetpack_featured_media_url":"https:\/\/soy.usac.edu.gt\/wp-content\/uploads\/2019\/07\/IMG_4909.jpg","views":"","jetpack-related-posts":[{"id":13411,"url":"https:\/\/soy.usac.edu.gt\/?p=13411","url_meta":{"origin":7562,"position":0},"title":"Sancarlista destaca por su carrera cient\u00edfica","author":"Divisi\u00f3n de Publicidad","date":"11 marzo, 2021","format":false,"excerpt":"Mar\u00eda Eugenia Cabrera Catal\u00e1n fue reconocida mundialmente a principios de febrero como ganadora del OWSD-Elsevier Foundation Award, entre cinco mujeres galardonadas.","rel":"","context":"En \u00abCiencia y Tecnolog\u00eda\u00bb","block_context":{"text":"Ciencia y Tecnolog\u00eda","link":"https:\/\/soy.usac.edu.gt\/?cat=122"},"img":{"alt_text":"","src":"https:\/\/i0.wp.com\/soy.usac.edu.gt\/wp-content\/uploads\/2021\/03\/Foto-1.jpg?resize=350%2C200&ssl=1","width":350,"height":200,"srcset":"https:\/\/i0.wp.com\/soy.usac.edu.gt\/wp-content\/uploads\/2021\/03\/Foto-1.jpg?resize=350%2C200&ssl=1 1x, https:\/\/i0.wp.com\/soy.usac.edu.gt\/wp-content\/uploads\/2021\/03\/Foto-1.jpg?resize=525%2C300&ssl=1 1.5x, https:\/\/i0.wp.com\/soy.usac.edu.gt\/wp-content\/uploads\/2021\/03\/Foto-1.jpg?resize=700%2C400&ssl=1 2x, https:\/\/i0.wp.com\/soy.usac.edu.gt\/wp-content\/uploads\/2021\/03\/Foto-1.jpg?resize=1050%2C600&ssl=1 3x, https:\/\/i0.wp.com\/soy.usac.edu.gt\/wp-content\/uploads\/2021\/03\/Foto-1.jpg?resize=1400%2C800&ssl=1 4x"},"classes":[]},{"id":8693,"url":"https:\/\/soy.usac.edu.gt\/?p=8693","url_meta":{"origin":7562,"position":1},"title":"Universidades compiten en Olimpiadas de Ciencia \u00a0","author":"Edwin Medina","date":"10 octubre, 2019","format":false,"excerpt":"852 estudiantes de 10 universidades de todo el pa\u00eds ponen a prueba sus conocimientos en diferentes disciplinas.","rel":"","context":"En \u00abCiencia y Tecnolog\u00eda\u00bb","block_context":{"text":"Ciencia y Tecnolog\u00eda","link":"https:\/\/soy.usac.edu.gt\/?cat=122"},"img":{"alt_text":"","src":"https:\/\/i0.wp.com\/soy.usac.edu.gt\/wp-content\/uploads\/2019\/10\/destacada-olimpiada.jpg?resize=350%2C200&ssl=1","width":350,"height":200,"srcset":"https:\/\/i0.wp.com\/soy.usac.edu.gt\/wp-content\/uploads\/2019\/10\/destacada-olimpiada.jpg?resize=350%2C200&ssl=1 1x, https:\/\/i0.wp.com\/soy.usac.edu.gt\/wp-content\/uploads\/2019\/10\/destacada-olimpiada.jpg?resize=525%2C300&ssl=1 1.5x, https:\/\/i0.wp.com\/soy.usac.edu.gt\/wp-content\/uploads\/2019\/10\/destacada-olimpiada.jpg?resize=700%2C400&ssl=1 2x, https:\/\/i0.wp.com\/soy.usac.edu.gt\/wp-content\/uploads\/2019\/10\/destacada-olimpiada.jpg?resize=1050%2C600&ssl=1 3x"},"classes":[]},{"id":2895,"url":"https:\/\/soy.usac.edu.gt\/?p=2895","url_meta":{"origin":7562,"position":2},"title":"Dictan conferencia sobre la Ley de Amparo","author":"Erick Iv\u00e1n de Le\u00f3n","date":"2 noviembre, 2018","format":false,"excerpt":"Consecuentes a la expresi\u00f3n \"Id y ense\u00f1ad a todos\", el rector de la Universidad de San Carlos (USAC), ingeniero Murphy Paiz; y la Facultad de Ciencias Jur\u00eddicas y Sociales ofrecieron a estudiantes y profesionales la conferencia \"El amparo en Guatemala\", disertada por el licenciado Pedro Rodolfo Laynez Lux, en el\u2026","rel":"","context":"En \u00abNoticias\u00bb","block_context":{"text":"Noticias","link":"https:\/\/soy.usac.edu.gt\/?cat=29"},"img":{"alt_text":"","src":"https:\/\/i0.wp.com\/soy.usac.edu.gt\/wp-content\/uploads\/2018\/11\/LECCI%C3%93N-AMPAROS-5.jpg?resize=350%2C200&ssl=1","width":350,"height":200,"srcset":"https:\/\/i0.wp.com\/soy.usac.edu.gt\/wp-content\/uploads\/2018\/11\/LECCI%C3%93N-AMPAROS-5.jpg?resize=350%2C200&ssl=1 1x, https:\/\/i0.wp.com\/soy.usac.edu.gt\/wp-content\/uploads\/2018\/11\/LECCI%C3%93N-AMPAROS-5.jpg?resize=525%2C300&ssl=1 1.5x, https:\/\/i0.wp.com\/soy.usac.edu.gt\/wp-content\/uploads\/2018\/11\/LECCI%C3%93N-AMPAROS-5.jpg?resize=700%2C400&ssl=1 2x, https:\/\/i0.wp.com\/soy.usac.edu.gt\/wp-content\/uploads\/2018\/11\/LECCI%C3%93N-AMPAROS-5.jpg?resize=1050%2C600&ssl=1 3x, https:\/\/i0.wp.com\/soy.usac.edu.gt\/wp-content\/uploads\/2018\/11\/LECCI%C3%93N-AMPAROS-5.jpg?resize=1400%2C800&ssl=1 4x"},"classes":[]},{"id":7620,"url":"https:\/\/soy.usac.edu.gt\/?p=7620","url_meta":{"origin":7562,"position":3},"title":"La labor del profesional egresado de ECTAFIDE","author":"Erick Iv\u00e1n de Le\u00f3n","date":"18 julio, 2019","format":false,"excerpt":"La Escuela de Ciencia y Tecnolog\u00eda de la Actividad F\u00edsica y el Deporte (ECTAFIDE) present\u00f3 una conferencia sobre la labor profesional de sus egresados, disertada por el maestro Graco Adolfo L\u00f3pez, primer graduado de esta unidad.","rel":"","context":"En \u00abDeportes\u00bb","block_context":{"text":"Deportes","link":"https:\/\/soy.usac.edu.gt\/?cat=124"},"img":{"alt_text":"","src":"https:\/\/i0.wp.com\/soy.usac.edu.gt\/wp-content\/uploads\/2019\/07\/20190717_175712.jpg?resize=350%2C200&ssl=1","width":350,"height":200,"srcset":"https:\/\/i0.wp.com\/soy.usac.edu.gt\/wp-content\/uploads\/2019\/07\/20190717_175712.jpg?resize=350%2C200&ssl=1 1x, https:\/\/i0.wp.com\/soy.usac.edu.gt\/wp-content\/uploads\/2019\/07\/20190717_175712.jpg?resize=525%2C300&ssl=1 1.5x, https:\/\/i0.wp.com\/soy.usac.edu.gt\/wp-content\/uploads\/2019\/07\/20190717_175712.jpg?resize=700%2C400&ssl=1 2x, https:\/\/i0.wp.com\/soy.usac.edu.gt\/wp-content\/uploads\/2019\/07\/20190717_175712.jpg?resize=1050%2C600&ssl=1 3x, https:\/\/i0.wp.com\/soy.usac.edu.gt\/wp-content\/uploads\/2019\/07\/20190717_175712.jpg?resize=1400%2C800&ssl=1 4x"},"classes":[]},{"id":12967,"url":"https:\/\/soy.usac.edu.gt\/?p=12967","url_meta":{"origin":7562,"position":4},"title":"Revista de la Universidad de San Carlos No. 47","author":"Divisi\u00f3n de Publicidad","date":"26 noviembre, 2020","format":false,"excerpt":"Revista de arte y cultura de la universidad.","rel":"","context":"En \u00abNoticias\u00bb","block_context":{"text":"Noticias","link":"https:\/\/soy.usac.edu.gt\/?cat=29"},"img":{"alt_text":"","src":"https:\/\/i0.wp.com\/soy.usac.edu.gt\/wp-content\/uploads\/2020\/11\/Captura-de-Pantalla-2020-11-26-a-las-08.54.06.png?resize=350%2C200&ssl=1","width":350,"height":200,"srcset":"https:\/\/i0.wp.com\/soy.usac.edu.gt\/wp-content\/uploads\/2020\/11\/Captura-de-Pantalla-2020-11-26-a-las-08.54.06.png?resize=350%2C200&ssl=1 1x, https:\/\/i0.wp.com\/soy.usac.edu.gt\/wp-content\/uploads\/2020\/11\/Captura-de-Pantalla-2020-11-26-a-las-08.54.06.png?resize=525%2C300&ssl=1 1.5x, https:\/\/i0.wp.com\/soy.usac.edu.gt\/wp-content\/uploads\/2020\/11\/Captura-de-Pantalla-2020-11-26-a-las-08.54.06.png?resize=700%2C400&ssl=1 2x, https:\/\/i0.wp.com\/soy.usac.edu.gt\/wp-content\/uploads\/2020\/11\/Captura-de-Pantalla-2020-11-26-a-las-08.54.06.png?resize=1050%2C600&ssl=1 3x, https:\/\/i0.wp.com\/soy.usac.edu.gt\/wp-content\/uploads\/2020\/11\/Captura-de-Pantalla-2020-11-26-a-las-08.54.06.png?resize=1400%2C800&ssl=1 4x"},"classes":[]},{"id":16361,"url":"https:\/\/soy.usac.edu.gt\/?p=16361","url_meta":{"origin":7562,"position":5},"title":"Reconocen a exmiembros del CSU","author":"Divisi\u00f3n de Publicidad","date":"3 febrero, 2022","format":false,"excerpt":"Los profesionales se distinguieron por su trabajo realizado en favor de la universidad.","rel":"","context":"En \u00abNoticias\u00bb","block_context":{"text":"Noticias","link":"https:\/\/soy.usac.edu.gt\/?cat=29"},"img":{"alt_text":"","src":"https:\/\/i0.wp.com\/soy.usac.edu.gt\/wp-content\/uploads\/2019\/10\/cropped-rector%C3%ADa-reforma.jpg?resize=350%2C200&ssl=1","width":350,"height":200,"srcset":"https:\/\/i0.wp.com\/soy.usac.edu.gt\/wp-content\/uploads\/2019\/10\/cropped-rector%C3%ADa-reforma.jpg?resize=350%2C200&ssl=1 1x, https:\/\/i0.wp.com\/soy.usac.edu.gt\/wp-content\/uploads\/2019\/10\/cropped-rector%C3%ADa-reforma.jpg?resize=525%2C300&ssl=1 1.5x, https:\/\/i0.wp.com\/soy.usac.edu.gt\/wp-content\/uploads\/2019\/10\/cropped-rector%C3%ADa-reforma.jpg?resize=700%2C400&ssl=1 2x, https:\/\/i0.wp.com\/soy.usac.edu.gt\/wp-content\/uploads\/2019\/10\/cropped-rector%C3%ADa-reforma.jpg?resize=1050%2C600&ssl=1 3x, https:\/\/i0.wp.com\/soy.usac.edu.gt\/wp-content\/uploads\/2019\/10\/cropped-rector%C3%ADa-reforma.jpg?resize=1400%2C800&ssl=1 4x"},"classes":[]}],"jetpack_sharing_enabled":true,"_links":{"self":[{"href":"https:\/\/soy.usac.edu.gt\/index.php?rest_route=\/wp\/v2\/posts\/7562","targetHints":{"allow":["GET"]}}],"collection":[{"href":"https:\/\/soy.usac.edu.gt\/index.php?rest_route=\/wp\/v2\/posts"}],"about":[{"href":"https:\/\/soy.usac.edu.gt\/index.php?rest_route=\/wp\/v2\/types\/post"}],"author":[{"embeddable":true,"href":"https:\/\/soy.usac.edu.gt\/index.php?rest_route=\/wp\/v2\/users\/1"}],"replies":[{"embeddable":true,"href":"https:\/\/soy.usac.edu.gt\/index.php?rest_route=%2Fwp%2Fv2%2Fcomments&post=7562"}],"version-history":[{"count":0,"href":"https:\/\/soy.usac.edu.gt\/index.php?rest_route=\/wp\/v2\/posts\/7562\/revisions"}],"wp:featuredmedia":[{"embeddable":true,"href":"https:\/\/soy.usac.edu.gt\/index.php?rest_route=\/wp\/v2\/media\/7570"}],"wp:attachment":[{"href":"https:\/\/soy.usac.edu.gt\/index.php?rest_route=%2Fwp%2Fv2%2Fmedia&parent=7562"}],"wp:term":[{"taxonomy":"category","embeddable":true,"href":"https:\/\/soy.usac.edu.gt\/index.php?rest_route=%2Fwp%2Fv2%2Fcategories&post=7562"},{"taxonomy":"post_tag","embeddable":true,"href":"https:\/\/soy.usac.edu.gt\/index.php?rest_route=%2Fwp%2Fv2%2Ftags&post=7562"}],"curies":[{"name":"wp","href":"https:\/\/api.w.org\/{rel}","templated":true}]}}