{"id":7602,"date":"2019-07-17T15:29:42","date_gmt":"2019-07-17T21:29:42","guid":{"rendered":"https:\/\/soy.usac.edu.gt\/?p=7602"},"modified":"2019-07-17T15:29:43","modified_gmt":"2019-07-17T21:29:43","slug":"universidad-trabaja-por-la-transparencia","status":"publish","type":"post","link":"https:\/\/soy.usac.edu.gt\/?p=7602","title":{"rendered":"Universidad trabaja por la transparencia"},"content":{"rendered":"\n<p style=\"text-align: justify;\"><strong><i>Tras dos d\u00edas de capacitaciones, la USAC iniciar\u00e1 la implementaci\u00f3n de la plataforma del Sistema de Contabilidad Integrada (SICOIN) para fortalecer la transparencia.<\/i><\/strong><\/p>\n<p style=\"text-align: justify;\"><span style=\"font-weight: 400;\">Como un hito hist\u00f3rico es catalogado el inicio de las acciones que buscan fortalecer los procesos de transparencia dentro de la Universidad de San Carlos de Guatemala con la implementaci\u00f3n de un anteproyecto para utilizar el <\/span><span style=\"font-weight: 400;\">SICOIN.\u00a0<\/span><\/p>\n<p style=\"text-align: justify;\"><span style=\"font-weight: 400;\">Esta iniciativa es parte de las disposiciones del Consejo Superior Universitario (CSU),\u00a0 tras la firma de un convenio de cooperaci\u00f3n interinstitucional para el fortalecimiento de la pol\u00edtica de transparencia, iniciada durante la administraci\u00f3n del Rector, Ing. Murphy Paiz.\u00a0\u00a0<\/span><\/p>\n<p style=\"text-align: justify;\"><span style=\"font-weight: 400;\">Las capacitaciones se realizan por dos d\u00edas, de 8 de la ma\u00f1ana a 3:30 de la tarde. Est\u00e1n dirigidas a unas 250 personas, entre planificadores, tesoreros y administradores. El Ministerio de Finanzas P\u00fablicas (MINFIN) brindar\u00e1 apoyo para la a<\/span><span style=\"font-weight: 400;\">sistencia t\u00e9cnica, soporte, capacitaci\u00f3n e implementaci\u00f3n\u00a0del sistema.<\/span><span style=\"font-weight: 400;\">\u00a0<\/span><\/p>\n<p><img loading=\"lazy\" decoding=\"async\" class=\"aligncenter size-full wp-image-7607\" src=\"https:\/\/soy.usac.edu.gt\/wp-content\/uploads\/2019\/07\/20190717_090900.jpg\" alt=\"\" width=\"4608\" height=\"3456\" srcset=\"https:\/\/soy.usac.edu.gt\/wp-content\/uploads\/2019\/07\/20190717_090900.jpg 4608w, https:\/\/soy.usac.edu.gt\/wp-content\/uploads\/2019\/07\/20190717_090900-300x225.jpg 300w, https:\/\/soy.usac.edu.gt\/wp-content\/uploads\/2019\/07\/20190717_090900-768x576.jpg 768w, https:\/\/soy.usac.edu.gt\/wp-content\/uploads\/2019\/07\/20190717_090900-1024x768.jpg 1024w, https:\/\/soy.usac.edu.gt\/wp-content\/uploads\/2019\/07\/20190717_090900-560x420.jpg 560w, https:\/\/soy.usac.edu.gt\/wp-content\/uploads\/2019\/07\/20190717_090900-80x60.jpg 80w, https:\/\/soy.usac.edu.gt\/wp-content\/uploads\/2019\/07\/20190717_090900-100x75.jpg 100w, https:\/\/soy.usac.edu.gt\/wp-content\/uploads\/2019\/07\/20190717_090900-180x135.jpg 180w, https:\/\/soy.usac.edu.gt\/wp-content\/uploads\/2019\/07\/20190717_090900-238x178.jpg 238w, https:\/\/soy.usac.edu.gt\/wp-content\/uploads\/2019\/07\/20190717_090900-640x480.jpg 640w, https:\/\/soy.usac.edu.gt\/wp-content\/uploads\/2019\/07\/20190717_090900-681x511.jpg 681w\" sizes=\"auto, (max-width: 4608px) 100vw, 4608px\" \/><\/p>\n<p>\u00a0<\/p>\n<p style=\"text-align: justify;\"><span style=\"font-weight: 400;\">\u201cEsta actividad es hist\u00f3rica, es el principio para que la universidad utilice los sistemas del Estado, principalmente el SICOIN. Vamos a ser una de las instituciones que agilizar\u00e1 los procesos y asumiremos nuevos retos\u201d, asegur\u00f3 Juan Carlos Palencia,\u00a0<\/span><span style=\"font-weight: 400;\"><br \/><\/span><span style=\"font-weight: 400;\">director general financiero de la USAC.<\/span><\/p>\n<p style=\"text-align: justify;\"><span style=\"font-weight: 400;\">Se trabajar\u00e1 en tres m\u00f3dulos de ingresos, gastos y metas. Tambi\u00e9n se implementar\u00e1 el anteproyecto de presupuesto, plan de ingresos y egresos y el Plan Operativo Anual (POA), con el que se busca modernizar y fortalecer los sistemas de transparencia, para que la comunidad universitaria y el pa\u00eds puedan conocer la inversi\u00f3n del presupuesto.<\/span><\/p>\n<p style=\"text-align: justify;\"><span style=\"font-weight: 400;\">Primero se busca adaptar el sistema al quehacer de la universidad. Posteriormente se\u00a0 formular\u00e1 el anteproyecto del presupuesto para que el Consejo Superior Universitario (CSU) lo apruebe y en 2020 se ejecuten los egresos a trav\u00e9s del portal de SICOIN.\u00a0\u00a0<\/span><\/p>\n<p><img loading=\"lazy\" decoding=\"async\" class=\"aligncenter size-full wp-image-7613\" src=\"https:\/\/soy.usac.edu.gt\/wp-content\/uploads\/2019\/07\/cr\u00e9ditos-christian-2.png\" alt=\"\" width=\"10159\" height=\"3919\" srcset=\"https:\/\/soy.usac.edu.gt\/wp-content\/uploads\/2019\/07\/cr\u00e9ditos-christian-2.png 10159w, https:\/\/soy.usac.edu.gt\/wp-content\/uploads\/2019\/07\/cr\u00e9ditos-christian-2-300x116.png 300w, https:\/\/soy.usac.edu.gt\/wp-content\/uploads\/2019\/07\/cr\u00e9ditos-christian-2-768x296.png 768w, https:\/\/soy.usac.edu.gt\/wp-content\/uploads\/2019\/07\/cr\u00e9ditos-christian-2-1024x395.png 1024w, https:\/\/soy.usac.edu.gt\/wp-content\/uploads\/2019\/07\/cr\u00e9ditos-christian-2-1089x420.png 1089w, https:\/\/soy.usac.edu.gt\/wp-content\/uploads\/2019\/07\/cr\u00e9ditos-christian-2-640x247.png 640w, https:\/\/soy.usac.edu.gt\/wp-content\/uploads\/2019\/07\/cr\u00e9ditos-christian-2-681x263.png 681w\" sizes=\"auto, (max-width: 10159px) 100vw, 10159px\" \/><\/p>\n","protected":false},"excerpt":{"rendered":"<p>Tras dos d\u00edas de capacitaciones, la USAC iniciar\u00e1 la implementaci\u00f3n de la plataforma del Sistema de Contabilidad Integrada (SICOIN) para fortalecer la transparencia.<\/p>\n","protected":false},"author":1,"featured_media":7615,"comment_status":"closed","ping_status":"open","sticky":false,"template":"","format":"standard","meta":{"_exactmetrics_skip_tracking":false,"_exactmetrics_sitenote_active":false,"_exactmetrics_sitenote_note":"","_exactmetrics_sitenote_category":0,"_jetpack_memberships_contains_paid_content":false,"footnotes":""},"categories":[29],"tags":[317,514,515],"class_list":["post-7602","post","type-post","status-publish","format-standard","has-post-thumbnail","hentry","category-noticias","tag-consejo-superior-universitario","tag-sicoin","tag-transparencia"],"aioseo_notices":[],"jetpack_featured_media_url":"https:\/\/soy.usac.edu.gt\/wp-content\/uploads\/2019\/07\/IMG_5004.jpg","views":"","jetpack-related-posts":[{"id":10172,"url":"https:\/\/soy.usac.edu.gt\/?p=10172","url_meta":{"origin":7602,"position":0},"title":"USAC capacitar\u00e1 a trabajadores del MINFIN","author":"Divisi\u00f3n de Publicidad","date":"15 diciembre, 2019","format":false,"excerpt":"La universidad y el Ministerio de Finanzas firmaron un convenio de cooperaci\u00f3n, \u00a0para la profesionalizaci\u00f3n de los trabajadores de dicho ministerio.","rel":"","context":"En \u00abNoticias\u00bb","block_context":{"text":"Noticias","link":"https:\/\/soy.usac.edu.gt\/?cat=29"},"img":{"alt_text":"","src":"https:\/\/i0.wp.com\/soy.usac.edu.gt\/wp-content\/uploads\/2019\/12\/minfin-y-usac-dos.png?resize=350%2C200&ssl=1","width":350,"height":200,"srcset":"https:\/\/i0.wp.com\/soy.usac.edu.gt\/wp-content\/uploads\/2019\/12\/minfin-y-usac-dos.png?resize=350%2C200&ssl=1 1x, https:\/\/i0.wp.com\/soy.usac.edu.gt\/wp-content\/uploads\/2019\/12\/minfin-y-usac-dos.png?resize=525%2C300&ssl=1 1.5x, https:\/\/i0.wp.com\/soy.usac.edu.gt\/wp-content\/uploads\/2019\/12\/minfin-y-usac-dos.png?resize=700%2C400&ssl=1 2x, https:\/\/i0.wp.com\/soy.usac.edu.gt\/wp-content\/uploads\/2019\/12\/minfin-y-usac-dos.png?resize=1050%2C600&ssl=1 3x"},"classes":[]},{"id":3401,"url":"https:\/\/soy.usac.edu.gt\/?p=3401","url_meta":{"origin":7602,"position":1},"title":"USAC Fortalece su Pol\u00edtica de Transparencia","author":"Divisi\u00f3n de Publicidad","date":"14 diciembre, 2018","format":"video","excerpt":"La Universidad firm\u00f3\u00a0 con el Ministerio de Finanzas\u00a0un Convenio de Transparencia con el objetivo de desarrollar acciones y mecanismos electr\u00f3nicos, sin contravenir la legislaci\u00f3n de la USAC, para implementar y operar el Sistema Integrado de Administraci\u00f3n Financiera (SIAF) que comprende: SICOIN, SIGES y\u00a0GUATEN\u00d3MINAS.","rel":"","context":"En \u00abNoticias\u00bb","block_context":{"text":"Noticias","link":"https:\/\/soy.usac.edu.gt\/?cat=29"},"img":{"alt_text":"","src":"https:\/\/i0.wp.com\/soy.usac.edu.gt\/wp-content\/uploads\/2018\/12\/maxresdefault-1.jpg?resize=350%2C200&ssl=1","width":350,"height":200,"srcset":"https:\/\/i0.wp.com\/soy.usac.edu.gt\/wp-content\/uploads\/2018\/12\/maxresdefault-1.jpg?resize=350%2C200&ssl=1 1x, https:\/\/i0.wp.com\/soy.usac.edu.gt\/wp-content\/uploads\/2018\/12\/maxresdefault-1.jpg?resize=525%2C300&ssl=1 1.5x, https:\/\/i0.wp.com\/soy.usac.edu.gt\/wp-content\/uploads\/2018\/12\/maxresdefault-1.jpg?resize=700%2C400&ssl=1 2x, https:\/\/i0.wp.com\/soy.usac.edu.gt\/wp-content\/uploads\/2018\/12\/maxresdefault-1.jpg?resize=1050%2C600&ssl=1 3x"},"classes":[]},{"id":3222,"url":"https:\/\/soy.usac.edu.gt\/?p=3222","url_meta":{"origin":7602,"position":2},"title":"Mesa t\u00e9cnica acuerda buscar fondos para la USAC","author":"Divisi\u00f3n de Publicidad","date":"21 noviembre, 2018","format":false,"excerpt":"En la reuni\u00f3n con la mesa t\u00e9cnica, en Casa Larraz\u00e1bal del Organismo Legislativo, estuvo presente el Ing. Murphy Paiz, rector de la USAC; directores de los diferentes centros universitarios, sindicatos de esta casa de estudios; y el equipo de profesionales. El objetivo fue discutir el presupuesto de la USAC. El\u2026","rel":"","context":"En \u00abNoticias\u00bb","block_context":{"text":"Noticias","link":"https:\/\/soy.usac.edu.gt\/?cat=29"},"img":{"alt_text":"","src":"https:\/\/i0.wp.com\/soy.usac.edu.gt\/wp-content\/uploads\/2018\/11\/IMG_1005.jpg?resize=350%2C200&ssl=1","width":350,"height":200,"srcset":"https:\/\/i0.wp.com\/soy.usac.edu.gt\/wp-content\/uploads\/2018\/11\/IMG_1005.jpg?resize=350%2C200&ssl=1 1x, https:\/\/i0.wp.com\/soy.usac.edu.gt\/wp-content\/uploads\/2018\/11\/IMG_1005.jpg?resize=525%2C300&ssl=1 1.5x, https:\/\/i0.wp.com\/soy.usac.edu.gt\/wp-content\/uploads\/2018\/11\/IMG_1005.jpg?resize=700%2C400&ssl=1 2x, https:\/\/i0.wp.com\/soy.usac.edu.gt\/wp-content\/uploads\/2018\/11\/IMG_1005.jpg?resize=1050%2C600&ssl=1 3x, https:\/\/i0.wp.com\/soy.usac.edu.gt\/wp-content\/uploads\/2018\/11\/IMG_1005.jpg?resize=1400%2C800&ssl=1 4x"},"classes":[]},{"id":8539,"url":"https:\/\/soy.usac.edu.gt\/?p=8539","url_meta":{"origin":7602,"position":3},"title":"USAC inicia cabildeo en el Congreso para entrega de fondos pendientes del presupuesto de este a\u00f1o","author":"Divisi\u00f3n de Publicidad","date":"4 octubre, 2019","format":false,"excerpt":"El gobierno a\u00fan debe trasladar 192 millones a la universidad para que esta pueda cumplir con sus compromisos de este a\u00f1o. \u00a0","rel":"","context":"En \u00abM\u00e1s Noticias\u00bb","block_context":{"text":"M\u00e1s Noticias","link":"https:\/\/soy.usac.edu.gt\/?cat=96"},"img":{"alt_text":"","src":"https:\/\/i0.wp.com\/soy.usac.edu.gt\/wp-content\/uploads\/2019\/10\/IMG_4112.jpg?resize=350%2C200&ssl=1","width":350,"height":200,"srcset":"https:\/\/i0.wp.com\/soy.usac.edu.gt\/wp-content\/uploads\/2019\/10\/IMG_4112.jpg?resize=350%2C200&ssl=1 1x, https:\/\/i0.wp.com\/soy.usac.edu.gt\/wp-content\/uploads\/2019\/10\/IMG_4112.jpg?resize=525%2C300&ssl=1 1.5x, https:\/\/i0.wp.com\/soy.usac.edu.gt\/wp-content\/uploads\/2019\/10\/IMG_4112.jpg?resize=700%2C400&ssl=1 2x, https:\/\/i0.wp.com\/soy.usac.edu.gt\/wp-content\/uploads\/2019\/10\/IMG_4112.jpg?resize=1050%2C600&ssl=1 3x, https:\/\/i0.wp.com\/soy.usac.edu.gt\/wp-content\/uploads\/2019\/10\/IMG_4112.jpg?resize=1400%2C800&ssl=1 4x"},"classes":[]},{"id":11015,"url":"https:\/\/soy.usac.edu.gt\/?p=11015","url_meta":{"origin":7602,"position":4},"title":"El Centro Universitario de Izabal \u201cCUNIZAB\u201d, demanda a las autoridades competentes el cumplimiento del 5% constitucional","author":"Divisi\u00f3n de Publicidad","date":"6 marzo, 2020","format":false,"excerpt":"Reiteramos el respaldo absoluto del Centro Universitario de Izabal hacia el honorable Consejo Superior Universitario, por la lucha constante en la dignificaci\u00f3n de nuestros derechos.","rel":"","context":"En \u00abNoticias\u00bb","block_context":{"text":"Noticias","link":"https:\/\/soy.usac.edu.gt\/?cat=29"},"img":{"alt_text":"","src":"","width":0,"height":0},"classes":[]},{"id":3370,"url":"https:\/\/soy.usac.edu.gt\/?p=3370","url_meta":{"origin":7602,"position":5},"title":"Rector solicita a 12 mil trabajadores de la USAC un comp\u00e1s de espera para pago de sueldos y aguinaldos 2018","author":"Divisi\u00f3n de Publicidad","date":"3 diciembre, 2018","format":false,"excerpt":"El Ministerio de Finanzas debe responder el 17 de diciembre si aportar\u00e1 Q401 millones para pagos pendientes de la USAC.\u00a0 M\u00e1s de 12 mil trabajadores y docentes se quedar\u00edan sin\u00a0el pago del salario correspondiente a diciembre si el Gobierno no traslada los fondos necesarios para que la universidad pueda cumplir\u2026","rel":"","context":"En \u00abNoticias\u00bb","block_context":{"text":"Noticias","link":"https:\/\/soy.usac.edu.gt\/?cat=29"},"img":{"alt_text":"","src":"https:\/\/i0.wp.com\/soy.usac.edu.gt\/wp-content\/uploads\/2018\/12\/reuni%C3%B3n-mesa-tecnica-presupuesto-congreso-1.jpeg?resize=350%2C200&ssl=1","width":350,"height":200,"srcset":"https:\/\/i0.wp.com\/soy.usac.edu.gt\/wp-content\/uploads\/2018\/12\/reuni%C3%B3n-mesa-tecnica-presupuesto-congreso-1.jpeg?resize=350%2C200&ssl=1 1x, https:\/\/i0.wp.com\/soy.usac.edu.gt\/wp-content\/uploads\/2018\/12\/reuni%C3%B3n-mesa-tecnica-presupuesto-congreso-1.jpeg?resize=525%2C300&ssl=1 1.5x, https:\/\/i0.wp.com\/soy.usac.edu.gt\/wp-content\/uploads\/2018\/12\/reuni%C3%B3n-mesa-tecnica-presupuesto-congreso-1.jpeg?resize=700%2C400&ssl=1 2x, https:\/\/i0.wp.com\/soy.usac.edu.gt\/wp-content\/uploads\/2018\/12\/reuni%C3%B3n-mesa-tecnica-presupuesto-congreso-1.jpeg?resize=1050%2C600&ssl=1 3x"},"classes":[]}],"jetpack_sharing_enabled":true,"_links":{"self":[{"href":"https:\/\/soy.usac.edu.gt\/index.php?rest_route=\/wp\/v2\/posts\/7602","targetHints":{"allow":["GET"]}}],"collection":[{"href":"https:\/\/soy.usac.edu.gt\/index.php?rest_route=\/wp\/v2\/posts"}],"about":[{"href":"https:\/\/soy.usac.edu.gt\/index.php?rest_route=\/wp\/v2\/types\/post"}],"author":[{"embeddable":true,"href":"https:\/\/soy.usac.edu.gt\/index.php?rest_route=\/wp\/v2\/users\/1"}],"replies":[{"embeddable":true,"href":"https:\/\/soy.usac.edu.gt\/index.php?rest_route=%2Fwp%2Fv2%2Fcomments&post=7602"}],"version-history":[{"count":0,"href":"https:\/\/soy.usac.edu.gt\/index.php?rest_route=\/wp\/v2\/posts\/7602\/revisions"}],"wp:featuredmedia":[{"embeddable":true,"href":"https:\/\/soy.usac.edu.gt\/index.php?rest_route=\/wp\/v2\/media\/7615"}],"wp:attachment":[{"href":"https:\/\/soy.usac.edu.gt\/index.php?rest_route=%2Fwp%2Fv2%2Fmedia&parent=7602"}],"wp:term":[{"taxonomy":"category","embeddable":true,"href":"https:\/\/soy.usac.edu.gt\/index.php?rest_route=%2Fwp%2Fv2%2Fcategories&post=7602"},{"taxonomy":"post_tag","embeddable":true,"href":"https:\/\/soy.usac.edu.gt\/index.php?rest_route=%2Fwp%2Fv2%2Ftags&post=7602"}],"curies":[{"name":"wp","href":"https:\/\/api.w.org\/{rel}","templated":true}]}}