{"id":7620,"date":"2019-07-18T09:20:22","date_gmt":"2019-07-18T15:20:22","guid":{"rendered":"https:\/\/soy.usac.edu.gt\/?p=7620"},"modified":"2019-07-18T09:27:15","modified_gmt":"2019-07-18T15:27:15","slug":"la-labor-del-profesional-egresado-de-ectafide","status":"publish","type":"post","link":"https:\/\/soy.usac.edu.gt\/?p=7620","title":{"rendered":"La labor del profesional egresado de ECTAFIDE"},"content":{"rendered":"\n<p style=\"text-align: justify;\"><em><strong>La Escuela de Ciencia y Tecnolog\u00eda de la Actividad F\u00edsica y el Deporte (ECTAFIDE) present\u00f3 una conferencia sobre la labor profesional de sus egresados, disertada por el maestro Graco Adolfo L\u00f3pez, primer graduado de esta unidad.<\/strong><\/em><\/p>\n<p style=\"text-align: justify;\"><span style=\"font-weight: 400;\">El maestro L\u00f3pez <\/span><span style=\"font-weight: 400;\">\u2014<\/span><span style=\"font-weight: 400;\">quien actualmente es el preparador f\u00edsico de 84 \u00e1rbitros de f\u00fatbol en Sevilla, Espa\u00f1a<\/span><span style=\"font-weight: 400;\">\u2014<\/span><span style=\"font-weight: 400;\"> expres\u00f3 a los estudiantes que un fracaso en la carrera emprendida no indica que todo est\u00e1 perdido.<\/span><\/p>\n<p style=\"text-align: justify;\"><span style=\"font-weight: 400;\">\u201cSiempre hay algo m\u00e1s por hacer y la actitud determina qu\u00e9 tan lejos se llega en la carrera profesional. Las metas a corto, mediano y largo plazo se alcanzan con esfuerzo y constancia\u201d, resalt\u00f3 el disertante, quien refiri\u00f3 haber vencido el conformismo por medio del deporte y los estudios universitarios.<\/span><\/p>\n<div id='gallery-1' class='gallery galleryid-7620 gallery-columns-3 gallery-size-thumbnail'><figure class='gallery-item'>\n\t\t\t<div class='gallery-icon landscape'>\n\t\t\t\t<a href='https:\/\/soy.usac.edu.gt\/?attachment_id=7623'><img loading=\"lazy\" decoding=\"async\" width=\"150\" height=\"150\" src=\"https:\/\/soy.usac.edu.gt\/wp-content\/uploads\/2019\/07\/20190717_175739-150x150.jpg\" class=\"attachment-thumbnail size-thumbnail\" alt=\"\" \/><\/a>\n\t\t\t<\/div><\/figure><figure class='gallery-item'>\n\t\t\t<div class='gallery-icon landscape'>\n\t\t\t\t<a href='https:\/\/soy.usac.edu.gt\/?attachment_id=7624'><img loading=\"lazy\" decoding=\"async\" width=\"150\" height=\"150\" src=\"https:\/\/soy.usac.edu.gt\/wp-content\/uploads\/2019\/07\/20190717_180404-150x150.jpg\" class=\"attachment-thumbnail size-thumbnail\" alt=\"\" \/><\/a>\n\t\t\t<\/div><\/figure><figure class='gallery-item'>\n\t\t\t<div class='gallery-icon landscape'>\n\t\t\t\t<a href='https:\/\/soy.usac.edu.gt\/?attachment_id=7621'><img loading=\"lazy\" decoding=\"async\" width=\"150\" height=\"150\" src=\"https:\/\/soy.usac.edu.gt\/wp-content\/uploads\/2019\/07\/20190717_175320-150x150.jpg\" class=\"attachment-thumbnail size-thumbnail\" alt=\"\" \/><\/a>\n\t\t\t<\/div><\/figure>\n\t\t<\/div>\n\n<p style=\"text-align: justify;\"><span style=\"font-weight: 400;\">El conferenciante agreg\u00f3: \u201cLo aprendido en los cursos no es suficiente para tener \u00e9xito acad\u00e9mico y profesional, es necesario investigar y practicar por iniciativa propia para reforzar y ampliar el conocimiento obtenido en las aulas, con el objetivo de beneficiar a la sociedad con fundamento cient\u00edfico, proponiendo proyectos relacionados con la modernizaci\u00f3n del deporte guatemalteco\u201d.<\/span><\/p>\n<p style=\"text-align: justify;\"><span style=\"font-weight: 400;\">ECTAFIDE conmemora su aniversario n\u00famero 30 con una serie de talleres y conferencias relacionadas con la cultura f\u00edsica. Profesionales guatemaltecos y extranjeros expondr\u00e1n diversos temas hasta el 19 de julio en el Polideportivo de la Ciudad Universitaria.<\/span><\/p>\n<p>\u00a0<\/p>\n<p><img loading=\"lazy\" decoding=\"async\" class=\"aligncenter size-full wp-image-7627\" src=\"https:\/\/soy.usac.edu.gt\/wp-content\/uploads\/2019\/07\/Cre\u0301ditos-prensa-26-5.png\" alt=\"\" width=\"5079\" height=\"1960\" srcset=\"https:\/\/soy.usac.edu.gt\/wp-content\/uploads\/2019\/07\/Cre\u0301ditos-prensa-26-5.png 5079w, https:\/\/soy.usac.edu.gt\/wp-content\/uploads\/2019\/07\/Cre\u0301ditos-prensa-26-5-300x116.png 300w, https:\/\/soy.usac.edu.gt\/wp-content\/uploads\/2019\/07\/Cre\u0301ditos-prensa-26-5-768x296.png 768w, https:\/\/soy.usac.edu.gt\/wp-content\/uploads\/2019\/07\/Cre\u0301ditos-prensa-26-5-1024x395.png 1024w, https:\/\/soy.usac.edu.gt\/wp-content\/uploads\/2019\/07\/Cre\u0301ditos-prensa-26-5-1088x420.png 1088w, https:\/\/soy.usac.edu.gt\/wp-content\/uploads\/2019\/07\/Cre\u0301ditos-prensa-26-5-640x247.png 640w, https:\/\/soy.usac.edu.gt\/wp-content\/uploads\/2019\/07\/Cre\u0301ditos-prensa-26-5-681x263.png 681w\" sizes=\"auto, (max-width: 5079px) 100vw, 5079px\" \/><\/p>\n","protected":false},"excerpt":{"rendered":"<p>La Escuela de Ciencia y Tecnolog\u00eda de la Actividad F\u00edsica y el Deporte (ECTAFIDE) present\u00f3 una conferencia sobre la labor profesional de sus egresados, disertada por el maestro Graco Adolfo L\u00f3pez, primer graduado de esta unidad.<\/p>\n","protected":false},"author":16,"featured_media":7622,"comment_status":"closed","ping_status":"open","sticky":false,"template":"","format":"standard","meta":{"_exactmetrics_skip_tracking":false,"_exactmetrics_sitenote_active":false,"_exactmetrics_sitenote_note":"","_exactmetrics_sitenote_category":0,"_jetpack_memberships_contains_paid_content":false,"footnotes":""},"categories":[124,29],"tags":[511],"class_list":["post-7620","post","type-post","status-publish","format-standard","has-post-thumbnail","hentry","category-deportes","category-noticias","tag-ectafide"],"aioseo_notices":[],"jetpack_featured_media_url":"https:\/\/soy.usac.edu.gt\/wp-content\/uploads\/2019\/07\/20190717_175712.jpg","views":"","jetpack-related-posts":[{"id":7528,"url":"https:\/\/soy.usac.edu.gt\/?p=7528","url_meta":{"origin":7620,"position":0},"title":"ECTAFIDE celebra 30 a\u00f1os de fundaci\u00f3n","author":"Erick Iv\u00e1n de Le\u00f3n","date":"16 julio, 2019","format":false,"excerpt":"La Escuela de Ciencia y Tecnolog\u00eda de la Actividad F\u00edsica y el Deporte (ECTAFIDE) conmemora su 30 aniversario con una serie de talleres.","rel":"","context":"En \u00abDeportes\u00bb","block_context":{"text":"Deportes","link":"https:\/\/soy.usac.edu.gt\/?cat=124"},"img":{"alt_text":"","src":"https:\/\/i0.wp.com\/soy.usac.edu.gt\/wp-content\/uploads\/2019\/07\/ECTAFIDE-3.jpg?resize=350%2C200&ssl=1","width":350,"height":200,"srcset":"https:\/\/i0.wp.com\/soy.usac.edu.gt\/wp-content\/uploads\/2019\/07\/ECTAFIDE-3.jpg?resize=350%2C200&ssl=1 1x, https:\/\/i0.wp.com\/soy.usac.edu.gt\/wp-content\/uploads\/2019\/07\/ECTAFIDE-3.jpg?resize=525%2C300&ssl=1 1.5x, https:\/\/i0.wp.com\/soy.usac.edu.gt\/wp-content\/uploads\/2019\/07\/ECTAFIDE-3.jpg?resize=700%2C400&ssl=1 2x, https:\/\/i0.wp.com\/soy.usac.edu.gt\/wp-content\/uploads\/2019\/07\/ECTAFIDE-3.jpg?resize=1050%2C600&ssl=1 3x, https:\/\/i0.wp.com\/soy.usac.edu.gt\/wp-content\/uploads\/2019\/07\/ECTAFIDE-3.jpg?resize=1400%2C800&ssl=1 4x"},"classes":[]},{"id":18092,"url":"https:\/\/soy.usac.edu.gt\/?p=18092","url_meta":{"origin":7620,"position":1},"title":"Autoridades deportivas convocan a participar en congreso internacional","author":"Erick Iv\u00e1n de Le\u00f3n","date":"25 agosto, 2022","format":false,"excerpt":"El evento est\u00e1 dirigido a profesionales, catedr\u00e1ticos y estudiantes de la Universidad de San Carlos de Guatemala y tendr\u00e1 como fin brindar informaci\u00f3n actualizada sobre distintos temas de las ciencias deportivas.\u00a0","rel":"","context":"En \u00abBecas y convocatorias\u00bb","block_context":{"text":"Becas y convocatorias","link":"https:\/\/soy.usac.edu.gt\/?cat=233"},"img":{"alt_text":"","src":"https:\/\/i0.wp.com\/soy.usac.edu.gt\/wp-content\/uploads\/2022\/03\/14.jpg?resize=350%2C200&ssl=1","width":350,"height":200,"srcset":"https:\/\/i0.wp.com\/soy.usac.edu.gt\/wp-content\/uploads\/2022\/03\/14.jpg?resize=350%2C200&ssl=1 1x, https:\/\/i0.wp.com\/soy.usac.edu.gt\/wp-content\/uploads\/2022\/03\/14.jpg?resize=525%2C300&ssl=1 1.5x, https:\/\/i0.wp.com\/soy.usac.edu.gt\/wp-content\/uploads\/2022\/03\/14.jpg?resize=700%2C400&ssl=1 2x, https:\/\/i0.wp.com\/soy.usac.edu.gt\/wp-content\/uploads\/2022\/03\/14.jpg?resize=1050%2C600&ssl=1 3x, https:\/\/i0.wp.com\/soy.usac.edu.gt\/wp-content\/uploads\/2022\/03\/14.jpg?resize=1400%2C800&ssl=1 4x"},"classes":[]},{"id":20330,"url":"https:\/\/soy.usac.edu.gt\/?p=20330","url_meta":{"origin":7620,"position":2},"title":"Aprende a salvar vidas: Curso gratuito de Brigadistas de Rescate ECTAFIDE USAC","author":"Divisi\u00f3n de Publicidad","date":"9 mayo, 2024","format":false,"excerpt":"La Escuela de Ciencia y Tecnolog\u00eda de la Actividad F\u00edsica y el Deporte (ECTAFIDE) de la Universidad de San Carlos de Guatemala te invita a formar parte de nuestro curso especializado en Brigadistas de Rescate. Prep\u00e1rate para ser parte de un equipo dedicado a salvar vidas y responder de manera\u2026","rel":"","context":"En \u00abBecas y Convocatorias\u00bb","block_context":{"text":"Becas y Convocatorias","link":"https:\/\/soy.usac.edu.gt\/?cat=127"},"img":{"alt_text":"","src":"https:\/\/i0.wp.com\/soy.usac.edu.gt\/wp-content\/uploads\/2024\/05\/rescue-operator-2023-11-27-04-54-14-utc.jpg?resize=350%2C200&ssl=1","width":350,"height":200,"srcset":"https:\/\/i0.wp.com\/soy.usac.edu.gt\/wp-content\/uploads\/2024\/05\/rescue-operator-2023-11-27-04-54-14-utc.jpg?resize=350%2C200&ssl=1 1x, https:\/\/i0.wp.com\/soy.usac.edu.gt\/wp-content\/uploads\/2024\/05\/rescue-operator-2023-11-27-04-54-14-utc.jpg?resize=525%2C300&ssl=1 1.5x, https:\/\/i0.wp.com\/soy.usac.edu.gt\/wp-content\/uploads\/2024\/05\/rescue-operator-2023-11-27-04-54-14-utc.jpg?resize=700%2C400&ssl=1 2x, https:\/\/i0.wp.com\/soy.usac.edu.gt\/wp-content\/uploads\/2024\/05\/rescue-operator-2023-11-27-04-54-14-utc.jpg?resize=1050%2C600&ssl=1 3x, https:\/\/i0.wp.com\/soy.usac.edu.gt\/wp-content\/uploads\/2024\/05\/rescue-operator-2023-11-27-04-54-14-utc.jpg?resize=1400%2C800&ssl=1 4x"},"classes":[]},{"id":9656,"url":"https:\/\/soy.usac.edu.gt\/?p=9656","url_meta":{"origin":7620,"position":3},"title":"Estudiantes de Qu\u00edmica Biol\u00f3gica cierran ciclo 2019 con actividad cient\u00edfica","author":"Erick Iv\u00e1n de Le\u00f3n","date":"14 noviembre, 2019","format":false,"excerpt":"Los estudiantes del quinto a\u00f1o de la carrera de Qu\u00edmica Biol\u00f3gica de la Facultad de Ciencias Qu\u00edmicas y Farmacia de la Universidad de San Carlos de Guatemala (USAC) organizaron y presentaron la actividad acad\u00e9mica Expo Ciencia y Tecnolog\u00eda, por el cierre del ciclo educativo 2019.","rel":"","context":"En \u00abEstudiantes\u00bb","block_context":{"text":"Estudiantes","link":"https:\/\/soy.usac.edu.gt\/?cat=585"},"img":{"alt_text":"","src":"https:\/\/i0.wp.com\/soy.usac.edu.gt\/wp-content\/uploads\/2019\/11\/009.jpg?resize=350%2C200&ssl=1","width":350,"height":200,"srcset":"https:\/\/i0.wp.com\/soy.usac.edu.gt\/wp-content\/uploads\/2019\/11\/009.jpg?resize=350%2C200&ssl=1 1x, https:\/\/i0.wp.com\/soy.usac.edu.gt\/wp-content\/uploads\/2019\/11\/009.jpg?resize=525%2C300&ssl=1 1.5x, https:\/\/i0.wp.com\/soy.usac.edu.gt\/wp-content\/uploads\/2019\/11\/009.jpg?resize=700%2C400&ssl=1 2x, https:\/\/i0.wp.com\/soy.usac.edu.gt\/wp-content\/uploads\/2019\/11\/009.jpg?resize=1050%2C600&ssl=1 3x, https:\/\/i0.wp.com\/soy.usac.edu.gt\/wp-content\/uploads\/2019\/11\/009.jpg?resize=1400%2C800&ssl=1 4x"},"classes":[]},{"id":10826,"url":"https:\/\/soy.usac.edu.gt\/?p=10826","url_meta":{"origin":7620,"position":4},"title":"Participa en el Voluntariado JUDUCA 2020","author":"Divisi\u00f3n de Publicidad","date":"26 febrero, 2020","format":false,"excerpt":"Los VIII Juegos Deportivos Centroamericanos (JUDUCA) promueven la modalidad de participar en el voluntariado para que puedas fortalecer el compromiso social de la universidad con el desarrollo integral de la persona.","rel":"","context":"En \u00abDeportes\u00bb","block_context":{"text":"Deportes","link":"https:\/\/soy.usac.edu.gt\/?cat=124"},"img":{"alt_text":"","src":"https:\/\/i0.wp.com\/soy.usac.edu.gt\/wp-content\/uploads\/2020\/02\/juduca-destacadados.jpg?resize=350%2C200&ssl=1","width":350,"height":200,"srcset":"https:\/\/i0.wp.com\/soy.usac.edu.gt\/wp-content\/uploads\/2020\/02\/juduca-destacadados.jpg?resize=350%2C200&ssl=1 1x, https:\/\/i0.wp.com\/soy.usac.edu.gt\/wp-content\/uploads\/2020\/02\/juduca-destacadados.jpg?resize=525%2C300&ssl=1 1.5x, https:\/\/i0.wp.com\/soy.usac.edu.gt\/wp-content\/uploads\/2020\/02\/juduca-destacadados.jpg?resize=700%2C400&ssl=1 2x, https:\/\/i0.wp.com\/soy.usac.edu.gt\/wp-content\/uploads\/2020\/02\/juduca-destacadados.jpg?resize=1050%2C600&ssl=1 3x"},"classes":[]},{"id":18756,"url":"https:\/\/soy.usac.edu.gt\/?p=18756","url_meta":{"origin":7620,"position":5},"title":"250 t\u00edtulos y 364 carn\u00e9s son entregados en CUNOC","author":"Divisi\u00f3n de Publicidad","date":"27 octubre, 2022","format":false,"excerpt":"La administraci\u00f3n del Rector M. A. Walter Mazariegos llev\u00f3 a cabo una jornada de atenci\u00f3n estudiantil en Quetzaltenango.","rel":"","context":"En \u00abDepartamentales\u00bb","block_context":{"text":"Departamentales","link":"https:\/\/soy.usac.edu.gt\/?cat=95"},"img":{"alt_text":"","src":"https:\/\/i0.wp.com\/soy.usac.edu.gt\/wp-content\/uploads\/2022\/10\/14.jpg?resize=350%2C200&ssl=1","width":350,"height":200,"srcset":"https:\/\/i0.wp.com\/soy.usac.edu.gt\/wp-content\/uploads\/2022\/10\/14.jpg?resize=350%2C200&ssl=1 1x, https:\/\/i0.wp.com\/soy.usac.edu.gt\/wp-content\/uploads\/2022\/10\/14.jpg?resize=525%2C300&ssl=1 1.5x, https:\/\/i0.wp.com\/soy.usac.edu.gt\/wp-content\/uploads\/2022\/10\/14.jpg?resize=700%2C400&ssl=1 2x, https:\/\/i0.wp.com\/soy.usac.edu.gt\/wp-content\/uploads\/2022\/10\/14.jpg?resize=1050%2C600&ssl=1 3x, https:\/\/i0.wp.com\/soy.usac.edu.gt\/wp-content\/uploads\/2022\/10\/14.jpg?resize=1400%2C800&ssl=1 4x"},"classes":[]}],"jetpack_sharing_enabled":true,"_links":{"self":[{"href":"https:\/\/soy.usac.edu.gt\/index.php?rest_route=\/wp\/v2\/posts\/7620","targetHints":{"allow":["GET"]}}],"collection":[{"href":"https:\/\/soy.usac.edu.gt\/index.php?rest_route=\/wp\/v2\/posts"}],"about":[{"href":"https:\/\/soy.usac.edu.gt\/index.php?rest_route=\/wp\/v2\/types\/post"}],"author":[{"embeddable":true,"href":"https:\/\/soy.usac.edu.gt\/index.php?rest_route=\/wp\/v2\/users\/16"}],"replies":[{"embeddable":true,"href":"https:\/\/soy.usac.edu.gt\/index.php?rest_route=%2Fwp%2Fv2%2Fcomments&post=7620"}],"version-history":[{"count":0,"href":"https:\/\/soy.usac.edu.gt\/index.php?rest_route=\/wp\/v2\/posts\/7620\/revisions"}],"wp:featuredmedia":[{"embeddable":true,"href":"https:\/\/soy.usac.edu.gt\/index.php?rest_route=\/wp\/v2\/media\/7622"}],"wp:attachment":[{"href":"https:\/\/soy.usac.edu.gt\/index.php?rest_route=%2Fwp%2Fv2%2Fmedia&parent=7620"}],"wp:term":[{"taxonomy":"category","embeddable":true,"href":"https:\/\/soy.usac.edu.gt\/index.php?rest_route=%2Fwp%2Fv2%2Fcategories&post=7620"},{"taxonomy":"post_tag","embeddable":true,"href":"https:\/\/soy.usac.edu.gt\/index.php?rest_route=%2Fwp%2Fv2%2Ftags&post=7620"}],"curies":[{"name":"wp","href":"https:\/\/api.w.org\/{rel}","templated":true}]}}