{"id":7646,"date":"2019-07-22T11:20:27","date_gmt":"2019-07-22T17:20:27","guid":{"rendered":"https:\/\/soy.usac.edu.gt\/?p=7646"},"modified":"2019-07-22T14:05:05","modified_gmt":"2019-07-22T20:05:05","slug":"usac-realizara-simulacros-de-evacuacion","status":"publish","type":"post","link":"https:\/\/soy.usac.edu.gt\/?p=7646","title":{"rendered":"USAC realizar\u00e1 simulacros de evacuaci\u00f3n"},"content":{"rendered":"\n<h4 style=\"text-align: justify;\"><strong>Las actividades se desarrollar\u00e1n en todas las dependencias universitarias.<\/strong><\/h4>\n<p style=\"text-align: justify;\">Esta casa de estudios llevar\u00e1 a cabo varios simulacros de evacuaci\u00f3n en todas sus instalaciones. Este tipo de actividades se realizan de forma preventiva para garantizar la seguridad integral de la comunidad universitaria.<\/p>\n<p style=\"text-align: justify;\">En total se realizar\u00e1n tres simulacros: el jueves 1, s\u00e1bado 3 y domingo 4 de agosto. Participar\u00e1n las facultades, escuelas, centros universitarios y otras dependencias de la USAC.\u00a0 Los horarios del simulacro ser\u00e1n a las 9:00, 15:00 y 18:00.<\/p>\n<p style=\"text-align: justify;\">Este es el tercer simulacro general que realiza la\u00a0 universidad. \u201cSomos un pa\u00eds altamente s\u00edsmico, debemos estar preparados para responder de forma adecuada a este tipo de situaciones para poder resguardar la vida\u201d, declar\u00f3 el Ing. Ra\u00fal Vargas, del \u00a0Centro de Estudios de Desarrollo Seguro<br \/>y Desastres (CEDESYD) de la USAC.<\/p>\n<h4 style=\"text-align: justify;\"><br \/><strong>As\u00ed ser\u00e1 el simulacro:<\/strong><\/h4>\n<p style=\"text-align: justify;\"><img loading=\"lazy\" decoding=\"async\" class=\"aligncenter size-full wp-image-7647\" src=\"https:\/\/soy.usac.edu.gt\/wp-content\/uploads\/2019\/07\/WhatsApp-Image-2019-07-22-at-09.54.02-2.jpeg\" alt=\"\" width=\"1280\" height=\"719\" srcset=\"https:\/\/soy.usac.edu.gt\/wp-content\/uploads\/2019\/07\/WhatsApp-Image-2019-07-22-at-09.54.02-2.jpeg 1280w, https:\/\/soy.usac.edu.gt\/wp-content\/uploads\/2019\/07\/WhatsApp-Image-2019-07-22-at-09.54.02-2-300x169.jpeg 300w, https:\/\/soy.usac.edu.gt\/wp-content\/uploads\/2019\/07\/WhatsApp-Image-2019-07-22-at-09.54.02-2-768x431.jpeg 768w, https:\/\/soy.usac.edu.gt\/wp-content\/uploads\/2019\/07\/WhatsApp-Image-2019-07-22-at-09.54.02-2-1024x575.jpeg 1024w, https:\/\/soy.usac.edu.gt\/wp-content\/uploads\/2019\/07\/WhatsApp-Image-2019-07-22-at-09.54.02-2-748x420.jpeg 748w, https:\/\/soy.usac.edu.gt\/wp-content\/uploads\/2019\/07\/WhatsApp-Image-2019-07-22-at-09.54.02-2-640x360.jpeg 640w, https:\/\/soy.usac.edu.gt\/wp-content\/uploads\/2019\/07\/WhatsApp-Image-2019-07-22-at-09.54.02-2-681x383.jpeg 681w\" sizes=\"auto, (max-width: 1280px) 100vw, 1280px\" \/><\/p>\n<p style=\"text-align: justify;\">\u00a0<\/p>\n<h4 style=\"text-align: justify;\"><strong>Recomendaciones<\/strong><\/h4>\n<p>http:\/\/www.youtube.com\/watch?time_continue=52&#038;v=mBvmrRaHanM<\/p>\n<p><img loading=\"lazy\" decoding=\"async\" class=\"aligncenter size-full wp-image-7651\" src=\"https:\/\/soy.usac.edu.gt\/wp-content\/uploads\/2019\/07\/Cr\u00e9ditos-prensa-06-2.png\" alt=\"\" width=\"5079\" height=\"1960\" srcset=\"https:\/\/soy.usac.edu.gt\/wp-content\/uploads\/2019\/07\/Cr\u00e9ditos-prensa-06-2.png 5079w, https:\/\/soy.usac.edu.gt\/wp-content\/uploads\/2019\/07\/Cr\u00e9ditos-prensa-06-2-300x116.png 300w, https:\/\/soy.usac.edu.gt\/wp-content\/uploads\/2019\/07\/Cr\u00e9ditos-prensa-06-2-768x296.png 768w, https:\/\/soy.usac.edu.gt\/wp-content\/uploads\/2019\/07\/Cr\u00e9ditos-prensa-06-2-1024x395.png 1024w, https:\/\/soy.usac.edu.gt\/wp-content\/uploads\/2019\/07\/Cr\u00e9ditos-prensa-06-2-1088x420.png 1088w, https:\/\/soy.usac.edu.gt\/wp-content\/uploads\/2019\/07\/Cr\u00e9ditos-prensa-06-2-640x247.png 640w, https:\/\/soy.usac.edu.gt\/wp-content\/uploads\/2019\/07\/Cr\u00e9ditos-prensa-06-2-681x263.png 681w\" sizes=\"auto, (max-width: 5079px) 100vw, 5079px\" \/><\/p>\n","protected":false},"excerpt":{"rendered":"<p>Las actividades se desarrollar\u00e1n en todas las dependencias universitarias.<\/p>\n","protected":false},"author":1,"featured_media":7650,"comment_status":"closed","ping_status":"open","sticky":false,"template":"","format":"standard","meta":{"_exactmetrics_skip_tracking":false,"_exactmetrics_sitenote_active":false,"_exactmetrics_sitenote_note":"","_exactmetrics_sitenote_category":0,"_jetpack_memberships_contains_paid_content":false,"footnotes":""},"categories":[29],"tags":[214,518,517,516],"class_list":["post-7646","post","type-post","status-publish","format-standard","has-post-thumbnail","hentry","category-noticias","tag-cedesyd","tag-evacuacion","tag-simulacro","tag-terremoto"],"aioseo_notices":[],"jetpack_featured_media_url":"https:\/\/soy.usac.edu.gt\/wp-content\/uploads\/2019\/07\/DESTACADA-SIMULACRO.jpg","views":"","jetpack-related-posts":[{"id":2621,"url":"https:\/\/soy.usac.edu.gt\/?p=2621","url_meta":{"origin":7646,"position":0},"title":"Simulacro de evacuaci\u00f3n en la Usac","author":"Edwin Medina","date":"24 octubre, 2018","format":"video","excerpt":"Simulacro de evacuaci\u00f3n en caso de sismo en la Universidad de San Carlos de Guatemala.","rel":"","context":"En \u00abVideos\u00bb","block_context":{"text":"Videos","link":"https:\/\/soy.usac.edu.gt\/?cat=31"},"img":{"alt_text":"","src":"https:\/\/i0.wp.com\/soy.usac.edu.gt\/wp-content\/uploads\/2018\/10\/maxresdefault-10.jpg?resize=350%2C200&ssl=1","width":350,"height":200,"srcset":"https:\/\/i0.wp.com\/soy.usac.edu.gt\/wp-content\/uploads\/2018\/10\/maxresdefault-10.jpg?resize=350%2C200&ssl=1 1x, https:\/\/i0.wp.com\/soy.usac.edu.gt\/wp-content\/uploads\/2018\/10\/maxresdefault-10.jpg?resize=525%2C300&ssl=1 1.5x, https:\/\/i0.wp.com\/soy.usac.edu.gt\/wp-content\/uploads\/2018\/10\/maxresdefault-10.jpg?resize=700%2C400&ssl=1 2x, https:\/\/i0.wp.com\/soy.usac.edu.gt\/wp-content\/uploads\/2018\/10\/maxresdefault-10.jpg?resize=1050%2C600&ssl=1 3x"},"classes":[]},{"id":10678,"url":"https:\/\/soy.usac.edu.gt\/?p=10678","url_meta":{"origin":7646,"position":1},"title":"Recuerdan con simulacro terremoto de 1976\u00a0","author":"Edwin Medina","date":"4 febrero, 2020","format":false,"excerpt":"La universidad realiz\u00f3 un acto para conmemorar a las v\u00edctimas luego de 44 a\u00f1os del terremoto\u00a0 de 1976. Dentro de las actividades se llev\u00f3 a cabo un simulacro, una proyecci\u00f3n documental y una charla de protocolos de prevenci\u00f3n.","rel":"","context":"En \u00abNoticias\u00bb","block_context":{"text":"Noticias","link":"https:\/\/soy.usac.edu.gt\/?cat=29"},"img":{"alt_text":"","src":"https:\/\/i0.wp.com\/soy.usac.edu.gt\/wp-content\/uploads\/2020\/02\/WhatsApp-Image-2020-02-04-at-15.06.05.jpeg?resize=350%2C200&ssl=1","width":350,"height":200,"srcset":"https:\/\/i0.wp.com\/soy.usac.edu.gt\/wp-content\/uploads\/2020\/02\/WhatsApp-Image-2020-02-04-at-15.06.05.jpeg?resize=350%2C200&ssl=1 1x, https:\/\/i0.wp.com\/soy.usac.edu.gt\/wp-content\/uploads\/2020\/02\/WhatsApp-Image-2020-02-04-at-15.06.05.jpeg?resize=525%2C300&ssl=1 1.5x, https:\/\/i0.wp.com\/soy.usac.edu.gt\/wp-content\/uploads\/2020\/02\/WhatsApp-Image-2020-02-04-at-15.06.05.jpeg?resize=700%2C400&ssl=1 2x, https:\/\/i0.wp.com\/soy.usac.edu.gt\/wp-content\/uploads\/2020\/02\/WhatsApp-Image-2020-02-04-at-15.06.05.jpeg?resize=1050%2C600&ssl=1 3x"},"classes":[]},{"id":9147,"url":"https:\/\/soy.usac.edu.gt\/?p=9147","url_meta":{"origin":7646,"position":2},"title":"Sancarlistas fueron diputados del PARLACEN por un d\u00eda","author":"Divisi\u00f3n de Publicidad","date":"23 octubre, 2019","format":false,"excerpt":"Con la distinci\u00f3n \u201cJ\u00f3venes Diputados Centroamericanos por un D\u00eda\u201d, estudiantes sancarlistas pudieron participar en un simulacro de selecci\u00f3n de la Junta Directiva del Parlamento Centroamericano (PARLACEN), as\u00ed como conocer la importancia de la integraci\u00f3n regional.","rel":"","context":"En \u00abNoticias\u00bb","block_context":{"text":"Noticias","link":"https:\/\/soy.usac.edu.gt\/?cat=29"},"img":{"alt_text":"","src":"https:\/\/i0.wp.com\/soy.usac.edu.gt\/wp-content\/uploads\/2019\/10\/WhatsApp-Image-2019-10-23-at-13.08.16.jpeg?resize=350%2C200&ssl=1","width":350,"height":200,"srcset":"https:\/\/i0.wp.com\/soy.usac.edu.gt\/wp-content\/uploads\/2019\/10\/WhatsApp-Image-2019-10-23-at-13.08.16.jpeg?resize=350%2C200&ssl=1 1x, https:\/\/i0.wp.com\/soy.usac.edu.gt\/wp-content\/uploads\/2019\/10\/WhatsApp-Image-2019-10-23-at-13.08.16.jpeg?resize=525%2C300&ssl=1 1.5x, https:\/\/i0.wp.com\/soy.usac.edu.gt\/wp-content\/uploads\/2019\/10\/WhatsApp-Image-2019-10-23-at-13.08.16.jpeg?resize=700%2C400&ssl=1 2x, https:\/\/i0.wp.com\/soy.usac.edu.gt\/wp-content\/uploads\/2019\/10\/WhatsApp-Image-2019-10-23-at-13.08.16.jpeg?resize=1050%2C600&ssl=1 3x"},"classes":[]},{"id":7871,"url":"https:\/\/soy.usac.edu.gt\/?p=7871","url_meta":{"origin":7646,"position":3},"title":"As\u00ed ser\u00e1 el simulacro de sismo","author":"Divisi\u00f3n de Publicidad","date":"29 julio, 2019","format":"video","excerpt":"Este es un video explicativo sobre el simulacro de sismo que se realizar\u00e1 en la USAC este pr\u00f3ximo 1 de agosto.\u00a0","rel":"","context":"En \u00abM\u00e1s Noticias\u00bb","block_context":{"text":"M\u00e1s Noticias","link":"https:\/\/soy.usac.edu.gt\/?cat=96"},"img":{"alt_text":"","src":"https:\/\/i0.wp.com\/soy.usac.edu.gt\/wp-content\/uploads\/2019\/07\/maxresdefault-2.jpg?resize=350%2C200&ssl=1","width":350,"height":200,"srcset":"https:\/\/i0.wp.com\/soy.usac.edu.gt\/wp-content\/uploads\/2019\/07\/maxresdefault-2.jpg?resize=350%2C200&ssl=1 1x, https:\/\/i0.wp.com\/soy.usac.edu.gt\/wp-content\/uploads\/2019\/07\/maxresdefault-2.jpg?resize=525%2C300&ssl=1 1.5x, https:\/\/i0.wp.com\/soy.usac.edu.gt\/wp-content\/uploads\/2019\/07\/maxresdefault-2.jpg?resize=700%2C400&ssl=1 2x, https:\/\/i0.wp.com\/soy.usac.edu.gt\/wp-content\/uploads\/2019\/07\/maxresdefault-2.jpg?resize=1050%2C600&ssl=1 3x"},"classes":[]},{"id":7787,"url":"https:\/\/soy.usac.edu.gt\/?p=7787","url_meta":{"origin":7646,"position":4},"title":"Realizar\u00e1n simulacro de sismo en la universidad","author":"Divisi\u00f3n de Publicidad","date":"26 julio, 2019","format":"video","excerpt":"","rel":"","context":"En \u00abVideos\u00bb","block_context":{"text":"Videos","link":"https:\/\/soy.usac.edu.gt\/?cat=31"},"img":{"alt_text":"","src":"https:\/\/i0.wp.com\/soy.usac.edu.gt\/wp-content\/uploads\/2019\/07\/sddefault-3.jpg?resize=350%2C200&ssl=1","width":350,"height":200,"srcset":"https:\/\/i0.wp.com\/soy.usac.edu.gt\/wp-content\/uploads\/2019\/07\/sddefault-3.jpg?resize=350%2C200&ssl=1 1x, https:\/\/i0.wp.com\/soy.usac.edu.gt\/wp-content\/uploads\/2019\/07\/sddefault-3.jpg?resize=525%2C300&ssl=1 1.5x"},"classes":[]},{"id":6357,"url":"https:\/\/soy.usac.edu.gt\/?p=6357","url_meta":{"origin":7646,"position":5},"title":"USAC ofrece curso virtual de nivelaci\u00f3n de lenguaje","author":"Erick Iv\u00e1n de Le\u00f3n","date":"24 mayo, 2019","format":false,"excerpt":"El curso preparar\u00e1 a las personas que desean hacerse la prueba b\u00e1sica de lenguaje para ingresar a la universidad.","rel":"","context":"En \u00abM\u00e1s Noticias\u00bb","block_context":{"text":"M\u00e1s Noticias","link":"https:\/\/soy.usac.edu.gt\/?cat=96"},"img":{"alt_text":"","src":"https:\/\/i0.wp.com\/soy.usac.edu.gt\/wp-content\/uploads\/2019\/04\/CALUSAC-11.jpg?resize=350%2C200&ssl=1","width":350,"height":200,"srcset":"https:\/\/i0.wp.com\/soy.usac.edu.gt\/wp-content\/uploads\/2019\/04\/CALUSAC-11.jpg?resize=350%2C200&ssl=1 1x, https:\/\/i0.wp.com\/soy.usac.edu.gt\/wp-content\/uploads\/2019\/04\/CALUSAC-11.jpg?resize=525%2C300&ssl=1 1.5x, https:\/\/i0.wp.com\/soy.usac.edu.gt\/wp-content\/uploads\/2019\/04\/CALUSAC-11.jpg?resize=700%2C400&ssl=1 2x, https:\/\/i0.wp.com\/soy.usac.edu.gt\/wp-content\/uploads\/2019\/04\/CALUSAC-11.jpg?resize=1050%2C600&ssl=1 3x, https:\/\/i0.wp.com\/soy.usac.edu.gt\/wp-content\/uploads\/2019\/04\/CALUSAC-11.jpg?resize=1400%2C800&ssl=1 4x"},"classes":[]}],"jetpack_sharing_enabled":true,"_links":{"self":[{"href":"https:\/\/soy.usac.edu.gt\/index.php?rest_route=\/wp\/v2\/posts\/7646","targetHints":{"allow":["GET"]}}],"collection":[{"href":"https:\/\/soy.usac.edu.gt\/index.php?rest_route=\/wp\/v2\/posts"}],"about":[{"href":"https:\/\/soy.usac.edu.gt\/index.php?rest_route=\/wp\/v2\/types\/post"}],"author":[{"embeddable":true,"href":"https:\/\/soy.usac.edu.gt\/index.php?rest_route=\/wp\/v2\/users\/1"}],"replies":[{"embeddable":true,"href":"https:\/\/soy.usac.edu.gt\/index.php?rest_route=%2Fwp%2Fv2%2Fcomments&post=7646"}],"version-history":[{"count":0,"href":"https:\/\/soy.usac.edu.gt\/index.php?rest_route=\/wp\/v2\/posts\/7646\/revisions"}],"wp:featuredmedia":[{"embeddable":true,"href":"https:\/\/soy.usac.edu.gt\/index.php?rest_route=\/wp\/v2\/media\/7650"}],"wp:attachment":[{"href":"https:\/\/soy.usac.edu.gt\/index.php?rest_route=%2Fwp%2Fv2%2Fmedia&parent=7646"}],"wp:term":[{"taxonomy":"category","embeddable":true,"href":"https:\/\/soy.usac.edu.gt\/index.php?rest_route=%2Fwp%2Fv2%2Fcategories&post=7646"},{"taxonomy":"post_tag","embeddable":true,"href":"https:\/\/soy.usac.edu.gt\/index.php?rest_route=%2Fwp%2Fv2%2Ftags&post=7646"}],"curies":[{"name":"wp","href":"https:\/\/api.w.org\/{rel}","templated":true}]}}