{"id":7804,"date":"2019-07-26T15:02:50","date_gmt":"2019-07-26T21:02:50","guid":{"rendered":"https:\/\/soy.usac.edu.gt\/?p=7804"},"modified":"2019-07-26T15:02:50","modified_gmt":"2019-07-26T21:02:50","slug":"luis-suarez-es-reelecto-como-decano","status":"publish","type":"post","link":"https:\/\/soy.usac.edu.gt\/?p=7804","title":{"rendered":"Luis Su\u00e1rez es reelecto como decano"},"content":{"rendered":"\n<h5 style=\"text-align: justify;\"><em><b>El decano reelecto administrar\u00e1 la Facultad de Ciencias Econ\u00f3micas hasta 2023.\u00a0<\/b><\/em><\/h5>\n<p style=\"text-align: justify;\"><span style=\"font-weight: 400;\">El decano reelecto de la Facultad de Ciencias Econ\u00f3micas, per\u00edodo 2019-2023, Lic. Luis Antonio Su\u00e1rez Rold\u00e1n, jur\u00f3 mantener sin perjuicio los principios que fundamentan la autonom\u00eda y la libertad de la Universidad de San Carlos (USAC), cumplir sus normas jur\u00eddicas<\/span> <span style=\"font-weight: 400;\">y esforzarse por orientar correctamente el desarrollo de las profesiones que se imparten en la unidad acad\u00e9mica.<\/span><\/p>\n<p style=\"text-align: justify;\"><span style=\"font-weight: 400;\">Seg\u00fan el Acta 14-2019, el Consejo Superior Universitario acord\u00f3 aprobar la reelecci\u00f3n del decano de la facultad despu\u00e9s de examinar la documentaci\u00f3n oficial relacionada con este proceso democr\u00e1tico que se efectu\u00f3, en atenci\u00f3n a lo establecido por las leyes y reglamentos aplicables al caso.<\/span><\/p>\n<p style=\"text-align: justify;\"><span style=\"font-weight: 400;\">Despu\u00e9s de la juramentaci\u00f3n, el maestro Murphy Paiz, Rector de la USAC,\u00a0entreg\u00f3 al Lic. Su\u00e1rez las leyes y reglamentos de este centro educativo superior y le otorg\u00f3 un testimonio de reconocimiento emitido por el Consejo Superior Universitario por su entrega, dedicaci\u00f3n y valiosos aportes al desarrollo acad\u00e9mico durante su administraci\u00f3n anterior como decano.<\/span><\/p>\n<p style=\"text-align: justify;\"><span style=\"font-weight: 400;\">Acerca de los logros obtenidos destac\u00f3 la inauguraci\u00f3n de carreras profesionales, en las que est\u00e1 el Doctorado en Ciencias Econ\u00f3micas con Especialidad en Administraci\u00f3n Financiera; la Maestr\u00eda en Administraci\u00f3n de Salud; y la Maestr\u00eda en Gesti\u00f3n, Fiscalizaci\u00f3n y Control Gubernamental.<\/span><\/p>\n<div id='gallery-1' class='gallery galleryid-7804 gallery-columns-3 gallery-size-thumbnail'><figure class='gallery-item'>\n\t\t\t<div class='gallery-icon landscape'>\n\t\t\t\t<a href='https:\/\/soy.usac.edu.gt\/?attachment_id=7814'><img loading=\"lazy\" decoding=\"async\" width=\"150\" height=\"150\" src=\"https:\/\/soy.usac.edu.gt\/wp-content\/uploads\/2019\/07\/DSC_0033-150x150.jpg\" class=\"attachment-thumbnail size-thumbnail\" alt=\"\" \/><\/a>\n\t\t\t<\/div><\/figure><figure class='gallery-item'>\n\t\t\t<div class='gallery-icon landscape'>\n\t\t\t\t<a href='https:\/\/soy.usac.edu.gt\/?attachment_id=7812'><img loading=\"lazy\" decoding=\"async\" width=\"150\" height=\"150\" src=\"https:\/\/soy.usac.edu.gt\/wp-content\/uploads\/2019\/07\/DSC_0028-1-150x150.jpg\" class=\"attachment-thumbnail size-thumbnail\" alt=\"\" \/><\/a>\n\t\t\t<\/div><\/figure><figure class='gallery-item'>\n\t\t\t<div class='gallery-icon landscape'>\n\t\t\t\t<a href='https:\/\/soy.usac.edu.gt\/?attachment_id=7811'><img loading=\"lazy\" decoding=\"async\" width=\"150\" height=\"150\" src=\"https:\/\/soy.usac.edu.gt\/wp-content\/uploads\/2019\/07\/DSC_0022-150x150.jpg\" class=\"attachment-thumbnail size-thumbnail\" alt=\"\" \/><\/a>\n\t\t\t<\/div><\/figure><figure class='gallery-item'>\n\t\t\t<div class='gallery-icon landscape'>\n\t\t\t\t<a href='https:\/\/soy.usac.edu.gt\/?attachment_id=7810'><img loading=\"lazy\" decoding=\"async\" width=\"150\" height=\"150\" src=\"https:\/\/soy.usac.edu.gt\/wp-content\/uploads\/2019\/07\/DSC_0021-1-150x150.jpg\" class=\"attachment-thumbnail size-thumbnail\" alt=\"\" \/><\/a>\n\t\t\t<\/div><\/figure><figure class='gallery-item'>\n\t\t\t<div class='gallery-icon landscape'>\n\t\t\t\t<a href='https:\/\/soy.usac.edu.gt\/?attachment_id=7809'><img loading=\"lazy\" decoding=\"async\" width=\"150\" height=\"150\" src=\"https:\/\/soy.usac.edu.gt\/wp-content\/uploads\/2019\/07\/DSC_0018-150x150.jpg\" class=\"attachment-thumbnail size-thumbnail\" alt=\"\" \/><\/a>\n\t\t\t<\/div><\/figure><figure class='gallery-item'>\n\t\t\t<div class='gallery-icon landscape'>\n\t\t\t\t<a href='https:\/\/soy.usac.edu.gt\/?attachment_id=7808'><img loading=\"lazy\" decoding=\"async\" width=\"150\" height=\"150\" src=\"https:\/\/soy.usac.edu.gt\/wp-content\/uploads\/2019\/07\/DSC_0017-150x150.jpg\" class=\"attachment-thumbnail size-thumbnail\" alt=\"\" \/><\/a>\n\t\t\t<\/div><\/figure><figure class='gallery-item'>\n\t\t\t<div class='gallery-icon landscape'>\n\t\t\t\t<a href='https:\/\/soy.usac.edu.gt\/?attachment_id=7815'><img loading=\"lazy\" decoding=\"async\" width=\"150\" height=\"150\" src=\"https:\/\/soy.usac.edu.gt\/wp-content\/uploads\/2019\/07\/DSC_0036-150x150.jpg\" class=\"attachment-thumbnail size-thumbnail\" alt=\"\" \/><\/a>\n\t\t\t<\/div><\/figure><figure class='gallery-item'>\n\t\t\t<div class='gallery-icon landscape'>\n\t\t\t\t<a href='https:\/\/soy.usac.edu.gt\/?attachment_id=7807'><img loading=\"lazy\" decoding=\"async\" width=\"150\" height=\"150\" src=\"https:\/\/soy.usac.edu.gt\/wp-content\/uploads\/2019\/07\/DSC_0009-150x150.jpg\" class=\"attachment-thumbnail size-thumbnail\" alt=\"\" \/><\/a>\n\t\t\t<\/div><\/figure><figure class='gallery-item'>\n\t\t\t<div class='gallery-icon landscape'>\n\t\t\t\t<a href='https:\/\/soy.usac.edu.gt\/?attachment_id=7806'><img loading=\"lazy\" decoding=\"async\" width=\"150\" height=\"150\" src=\"https:\/\/soy.usac.edu.gt\/wp-content\/uploads\/2019\/07\/DSC_0008-150x150.jpg\" class=\"attachment-thumbnail size-thumbnail\" alt=\"\" \/><\/a>\n\t\t\t<\/div><\/figure>\n\t\t<\/div>\n\n<p style=\"text-align: justify;\"><span style=\"font-weight: 400;\">\u201cAdem\u00e1s, organizamos m\u00e1s de cien actividades de capacitaci\u00f3n a distancia, dirigidas a docentes y estudiantes, coordinadas e impartidas por profesionales nacionales y extranjeros de alto nivel acad\u00e9mico\u201d, expuso.\u00a0<\/span><\/p>\n<p style=\"text-align: justify;\"><span style=\"font-weight: 400;\">Indic\u00f3 que durante los pr\u00f3ximos a\u00f1os de gesti\u00f3n se ejecutar\u00e1n distintos proyectos: \u201cRealizaremos aportes que contribuyan a superar la problem\u00e1tica social que estamos viviendo, modernizaremos la transmisi\u00f3n de conocimiento, implementaremos el nuevo plan de estudios relacionado con las tres carreras impartidas en la facultad, actualizaremos las normas que rigen el EPS para acelerar el proceso de graduaci\u00f3n, entre otros\u201d.<\/span><\/p>\n<p style=\"text-align: justify;\"><span style=\"font-weight: 400;\">El Rector, Murphy Paiz,\u00a0 dijo: \u201cLos procesos democr\u00e1ticos y legales han validado el nuevo per\u00edodo administrativo del Lic. Luis Su\u00e1rez. La Rector\u00eda lo acompa\u00f1ar\u00e1 y apoyar\u00e1 para impulsar colectivamente el desarrollo, la estabilizaci\u00f3n y la modernizaci\u00f3n acad\u00e9mica, con el objetivo de que los futuros profesionales tengan en la actualidad mejores condiciones de estudio\u201d.<\/span><\/p>\n<p style=\"text-align: justify;\"><span style=\"font-weight: 400;\">Agreg\u00f3 que se vincular\u00e1 la academia con la realidad social aplicando planes y acciones, por medio de la investigaci\u00f3n cient\u00edfica y el Ejercicio Profesional Supervisado (EPS), para influir en el \u00e1rea pol\u00edtica y econ\u00f3mica de la sociedad, con el fin de lograr un pa\u00eds m\u00e1s competitivo.<\/span><\/p>\n","protected":false},"excerpt":{"rendered":"<p>El decano reelecto administrar\u00e1 la Facultad de Ciencias Econ\u00f3micas hasta 2023.\u00a0<\/p>\n","protected":false},"author":16,"featured_media":7813,"comment_status":"closed","ping_status":"open","sticky":false,"template":"","format":"standard","meta":{"_exactmetrics_skip_tracking":false,"_exactmetrics_sitenote_active":false,"_exactmetrics_sitenote_note":"","_exactmetrics_sitenote_category":0,"_jetpack_memberships_contains_paid_content":false,"footnotes":""},"categories":[29],"tags":[157],"class_list":["post-7804","post","type-post","status-publish","format-standard","has-post-thumbnail","hentry","category-noticias","tag-facultad-de-ciencias-economicas"],"aioseo_notices":[],"jetpack_featured_media_url":"https:\/\/soy.usac.edu.gt\/wp-content\/uploads\/2019\/07\/DSC_0029.jpg","views":"","jetpack-related-posts":[{"id":5045,"url":"https:\/\/soy.usac.edu.gt\/?p=5045","url_meta":{"origin":7804,"position":0},"title":"El Dr. Jorge Orellana es el nuevo decano de la Facultad de Ciencias M\u00e9dicas","author":"Erick Iv\u00e1n de Le\u00f3n","date":"18 marzo, 2019","format":false,"excerpt":"El Consejo Superior Universitario \u00a0jurament\u00f3 como decano de la Facultad de Ciencias M\u00e9dicas al Dr. Jorge Fernando Orellana Oliva.","rel":"","context":"En \u00abM\u00e1s Noticias\u00bb","block_context":{"text":"M\u00e1s Noticias","link":"https:\/\/soy.usac.edu.gt\/?cat=96"},"img":{"alt_text":"","src":"https:\/\/i0.wp.com\/soy.usac.edu.gt\/wp-content\/uploads\/2019\/03\/portada-dos.jpg?resize=350%2C200&ssl=1","width":350,"height":200,"srcset":"https:\/\/i0.wp.com\/soy.usac.edu.gt\/wp-content\/uploads\/2019\/03\/portada-dos.jpg?resize=350%2C200&ssl=1 1x, https:\/\/i0.wp.com\/soy.usac.edu.gt\/wp-content\/uploads\/2019\/03\/portada-dos.jpg?resize=525%2C300&ssl=1 1.5x, https:\/\/i0.wp.com\/soy.usac.edu.gt\/wp-content\/uploads\/2019\/03\/portada-dos.jpg?resize=700%2C400&ssl=1 2x, https:\/\/i0.wp.com\/soy.usac.edu.gt\/wp-content\/uploads\/2019\/03\/portada-dos.jpg?resize=1050%2C600&ssl=1 3x, https:\/\/i0.wp.com\/soy.usac.edu.gt\/wp-content\/uploads\/2019\/03\/portada-dos.jpg?resize=1400%2C800&ssl=1 4x"},"classes":[]},{"id":4069,"url":"https:\/\/soy.usac.edu.gt\/?p=4069","url_meta":{"origin":7804,"position":1},"title":"Juramentan a decano\u00a0de la Facultad de Ciencias Qu\u00edmicas y Farmacia","author":"Divisi\u00f3n de Publicidad","date":"14 febrero, 2019","format":false,"excerpt":"Pablo Ernesto Oliva Soto fue juramentado decano de la Facultad de Ciencias Qu\u00edmicas y Farmacia para el per\u00edodo 2019-2023. Las autoridades del Consejo Superior Universitario presidieron el acto acad\u00e9mico de investidura y juramentaci\u00f3n del maestro Pablo Ernesto Oliva Soto como decano de la Facultad de Ciencias Qu\u00edmicas y Farmacia, per\u00edodo\u2026","rel":"","context":"En \u00abNoticias\u00bb","block_context":{"text":"Noticias","link":"https:\/\/soy.usac.edu.gt\/?cat=29"},"img":{"alt_text":"","src":"https:\/\/i0.wp.com\/soy.usac.edu.gt\/wp-content\/uploads\/2019\/02\/2-2.jpg?resize=350%2C200&ssl=1","width":350,"height":200,"srcset":"https:\/\/i0.wp.com\/soy.usac.edu.gt\/wp-content\/uploads\/2019\/02\/2-2.jpg?resize=350%2C200&ssl=1 1x, https:\/\/i0.wp.com\/soy.usac.edu.gt\/wp-content\/uploads\/2019\/02\/2-2.jpg?resize=525%2C300&ssl=1 1.5x, https:\/\/i0.wp.com\/soy.usac.edu.gt\/wp-content\/uploads\/2019\/02\/2-2.jpg?resize=700%2C400&ssl=1 2x, https:\/\/i0.wp.com\/soy.usac.edu.gt\/wp-content\/uploads\/2019\/02\/2-2.jpg?resize=1050%2C600&ssl=1 3x, https:\/\/i0.wp.com\/soy.usac.edu.gt\/wp-content\/uploads\/2019\/02\/2-2.jpg?resize=1400%2C800&ssl=1 4x"},"classes":[]},{"id":14009,"url":"https:\/\/soy.usac.edu.gt\/?p=14009","url_meta":{"origin":7804,"position":2},"title":"Decano de Ciencias Qu\u00edmicas y Farmacia es juramentado como Rector en funciones","author":"Divisi\u00f3n de Publicidad","date":"30 abril, 2021","format":false,"excerpt":"La Universidad de San Carlos de Guatemala (USAC) hace del conocimiento p\u00fablico que, por motivos de salud, el doctor Jorge Fernando Orellana, Decano de la Facultad de Ciencias M\u00e9dicas, deja el cargo de Rector en funciones que asumi\u00f3 el pasado 15 de abril.","rel":"","context":"En \u00abNoticias\u00bb","block_context":{"text":"Noticias","link":"https:\/\/soy.usac.edu.gt\/?cat=29"},"img":{"alt_text":"","src":"https:\/\/i0.wp.com\/soy.usac.edu.gt\/wp-content\/uploads\/2021\/04\/Rector-en-funciones-scaled.jpg?resize=350%2C200&ssl=1","width":350,"height":200,"srcset":"https:\/\/i0.wp.com\/soy.usac.edu.gt\/wp-content\/uploads\/2021\/04\/Rector-en-funciones-scaled.jpg?resize=350%2C200&ssl=1 1x, https:\/\/i0.wp.com\/soy.usac.edu.gt\/wp-content\/uploads\/2021\/04\/Rector-en-funciones-scaled.jpg?resize=525%2C300&ssl=1 1.5x, https:\/\/i0.wp.com\/soy.usac.edu.gt\/wp-content\/uploads\/2021\/04\/Rector-en-funciones-scaled.jpg?resize=700%2C400&ssl=1 2x, https:\/\/i0.wp.com\/soy.usac.edu.gt\/wp-content\/uploads\/2021\/04\/Rector-en-funciones-scaled.jpg?resize=1050%2C600&ssl=1 3x, https:\/\/i0.wp.com\/soy.usac.edu.gt\/wp-content\/uploads\/2021\/04\/Rector-en-funciones-scaled.jpg?resize=1400%2C800&ssl=1 4x"},"classes":[]},{"id":9222,"url":"https:\/\/soy.usac.edu.gt\/?p=9222","url_meta":{"origin":7804,"position":3},"title":"AGEXPORT capacita a sancarlistas en temas de exportaci\u00f3n y emprendimiento","author":"Divisi\u00f3n de Publicidad","date":"25 octubre, 2019","format":false,"excerpt":"Un total de 40 sancarlistas est\u00e1n recibiendo el diplomado \u201cIncubadora de Negocios en Exportaci\u00f3n para Emprendedores\u201d.","rel":"","context":"En \u00abM\u00e1s Noticias\u00bb","block_context":{"text":"M\u00e1s Noticias","link":"https:\/\/soy.usac.edu.gt\/?cat=96"},"img":{"alt_text":"","src":"https:\/\/i0.wp.com\/soy.usac.edu.gt\/wp-content\/uploads\/2019\/10\/1-8.jpg?resize=350%2C200&ssl=1","width":350,"height":200,"srcset":"https:\/\/i0.wp.com\/soy.usac.edu.gt\/wp-content\/uploads\/2019\/10\/1-8.jpg?resize=350%2C200&ssl=1 1x, https:\/\/i0.wp.com\/soy.usac.edu.gt\/wp-content\/uploads\/2019\/10\/1-8.jpg?resize=525%2C300&ssl=1 1.5x, https:\/\/i0.wp.com\/soy.usac.edu.gt\/wp-content\/uploads\/2019\/10\/1-8.jpg?resize=700%2C400&ssl=1 2x, https:\/\/i0.wp.com\/soy.usac.edu.gt\/wp-content\/uploads\/2019\/10\/1-8.jpg?resize=1050%2C600&ssl=1 3x, https:\/\/i0.wp.com\/soy.usac.edu.gt\/wp-content\/uploads\/2019\/10\/1-8.jpg?resize=1400%2C800&ssl=1 4x"},"classes":[]},{"id":13956,"url":"https:\/\/soy.usac.edu.gt\/?p=13956","url_meta":{"origin":7804,"position":4},"title":"Conoce al nuevo Rector en funciones, Dr. Jorge Orellana","author":"Divisi\u00f3n de Publicidad","date":"22 abril, 2021","format":false,"excerpt":"El Decano de la Facultad de Ciencias M\u00e9dicas fue nombrado Rector en funciones de la USAC el pasado 15 de abril.","rel":"","context":"En \u00abNoticias\u00bb","block_context":{"text":"Noticias","link":"https:\/\/soy.usac.edu.gt\/?cat=29"},"img":{"alt_text":"","src":"https:\/\/i0.wp.com\/soy.usac.edu.gt\/wp-content\/uploads\/2021\/04\/ORELLANA.jpg?resize=350%2C200&ssl=1","width":350,"height":200,"srcset":"https:\/\/i0.wp.com\/soy.usac.edu.gt\/wp-content\/uploads\/2021\/04\/ORELLANA.jpg?resize=350%2C200&ssl=1 1x, https:\/\/i0.wp.com\/soy.usac.edu.gt\/wp-content\/uploads\/2021\/04\/ORELLANA.jpg?resize=525%2C300&ssl=1 1.5x, https:\/\/i0.wp.com\/soy.usac.edu.gt\/wp-content\/uploads\/2021\/04\/ORELLANA.jpg?resize=700%2C400&ssl=1 2x, https:\/\/i0.wp.com\/soy.usac.edu.gt\/wp-content\/uploads\/2021\/04\/ORELLANA.jpg?resize=1050%2C600&ssl=1 3x"},"classes":[]},{"id":9799,"url":"https:\/\/soy.usac.edu.gt\/?p=9799","url_meta":{"origin":7804,"position":5},"title":"Curso de estrategias de desarrollo concluye con \u00e9xito","author":"Erick Iv\u00e1n de Le\u00f3n","date":"28 noviembre, 2019","format":false,"excerpt":"Autoridades universitarias y representantes de la Embajada de Corea en Guatemala clausuraron el curso \u201cEstrategias coreanas de desarrollo\u201d en el auditorio \u00c1lvaro Castillo Urrutia de la Facultad de Ciencias Econ\u00f3micas, con la presencia de instructores, estudiantes e invitados especiales.","rel":"","context":"En \u00abM\u00e1s Noticias\u00bb","block_context":{"text":"M\u00e1s Noticias","link":"https:\/\/soy.usac.edu.gt\/?cat=96"},"img":{"alt_text":"","src":"https:\/\/i0.wp.com\/soy.usac.edu.gt\/wp-content\/uploads\/2019\/11\/1-3.jpg?resize=350%2C200&ssl=1","width":350,"height":200,"srcset":"https:\/\/i0.wp.com\/soy.usac.edu.gt\/wp-content\/uploads\/2019\/11\/1-3.jpg?resize=350%2C200&ssl=1 1x, https:\/\/i0.wp.com\/soy.usac.edu.gt\/wp-content\/uploads\/2019\/11\/1-3.jpg?resize=525%2C300&ssl=1 1.5x, https:\/\/i0.wp.com\/soy.usac.edu.gt\/wp-content\/uploads\/2019\/11\/1-3.jpg?resize=700%2C400&ssl=1 2x, https:\/\/i0.wp.com\/soy.usac.edu.gt\/wp-content\/uploads\/2019\/11\/1-3.jpg?resize=1050%2C600&ssl=1 3x, https:\/\/i0.wp.com\/soy.usac.edu.gt\/wp-content\/uploads\/2019\/11\/1-3.jpg?resize=1400%2C800&ssl=1 4x"},"classes":[]}],"jetpack_sharing_enabled":true,"_links":{"self":[{"href":"https:\/\/soy.usac.edu.gt\/index.php?rest_route=\/wp\/v2\/posts\/7804","targetHints":{"allow":["GET"]}}],"collection":[{"href":"https:\/\/soy.usac.edu.gt\/index.php?rest_route=\/wp\/v2\/posts"}],"about":[{"href":"https:\/\/soy.usac.edu.gt\/index.php?rest_route=\/wp\/v2\/types\/post"}],"author":[{"embeddable":true,"href":"https:\/\/soy.usac.edu.gt\/index.php?rest_route=\/wp\/v2\/users\/16"}],"replies":[{"embeddable":true,"href":"https:\/\/soy.usac.edu.gt\/index.php?rest_route=%2Fwp%2Fv2%2Fcomments&post=7804"}],"version-history":[{"count":0,"href":"https:\/\/soy.usac.edu.gt\/index.php?rest_route=\/wp\/v2\/posts\/7804\/revisions"}],"wp:featuredmedia":[{"embeddable":true,"href":"https:\/\/soy.usac.edu.gt\/index.php?rest_route=\/wp\/v2\/media\/7813"}],"wp:attachment":[{"href":"https:\/\/soy.usac.edu.gt\/index.php?rest_route=%2Fwp%2Fv2%2Fmedia&parent=7804"}],"wp:term":[{"taxonomy":"category","embeddable":true,"href":"https:\/\/soy.usac.edu.gt\/index.php?rest_route=%2Fwp%2Fv2%2Fcategories&post=7804"},{"taxonomy":"post_tag","embeddable":true,"href":"https:\/\/soy.usac.edu.gt\/index.php?rest_route=%2Fwp%2Fv2%2Ftags&post=7804"}],"curies":[{"name":"wp","href":"https:\/\/api.w.org\/{rel}","templated":true}]}}