{"id":7948,"date":"2019-08-18T13:44:00","date_gmt":"2019-08-18T19:44:00","guid":{"rendered":"https:\/\/soy.usac.edu.gt\/?p=7948"},"modified":"2019-08-18T13:49:35","modified_gmt":"2019-08-18T19:49:35","slug":"manana-el-cum-abrira-sus-puertas","status":"publish","type":"post","link":"https:\/\/soy.usac.edu.gt\/?p=7948","title":{"rendered":"Ma\u00f1ana el CUM abrir\u00e1 sus puertas"},"content":{"rendered":"\n<h5 style=\"text-align: justify;\"><strong><i>Tras permanecer cerrado por veinte d\u00edas, este lunes el Centro Universitario Metropolitano retomar\u00e1 sus actividades.<\/i><\/strong><\/h5>\n<p>\u00a0<\/p>\n<p style=\"text-align: justify;\"><span style=\"font-weight: 400;\">Despu\u00e9s de analizar que la mayor\u00eda de las demandas estudiantiles han conseguido resultados positivos en la mesa de di\u00e1logo entre el Consejo Superior Universitario (CSU) y\u00a0 el Colectivo Estudiantil Universitario (CEU), los estudiantes del Centro Universitario Metropolitano (CUM) tomaron la decisi\u00f3n de volver a abrir las instalaciones que albergan a la Escuela de Ciencias Psicol\u00f3gicas y a la Facultad de Ciencias M\u00e9dicas.<\/span><\/p>\n<p style=\"text-align: justify;\"><span style=\"font-weight: 400;\">La decisi\u00f3n fue tomada por los estudiantes para no afectar el adecuado funcionamiento del sistema de salud nacional, pues este depende en gran medida de m\u00e9dicos externos, internos y residentes de la universidad.\u00a0\u201cEl cierre indefinido pon\u00eda en riesgo la integraci\u00f3n de estudiantes de medicina al sistema de salud p\u00fablica para el pr\u00f3ximo a\u00f1o\u201d, declar\u00f3 la Asociaci\u00f3n de Estudiantes de Medicina \u201cGustavo Adolfo Hern\u00e1ndez\u201d.<\/span><\/p>\n<p style=\"text-align: justify;\"><span style=\"font-weight: 400;\">El pasado mi\u00e9rcoles 14 de agosto se dio a conocer en asamblea general de estudiantes del CUM una serie de problem\u00e1ticas que podr\u00edan tener impactos negativos en el sistema de salud p\u00fablica si continuaba cerrada la Facultad de Ciencias M\u00e9dicas.<\/span><\/p>\n<p style=\"text-align: justify;\"><span style=\"font-weight: 400;\">El CUM fue cerrado por los estudiantes de medicina y psicolog\u00eda, en solidaridad con las demandas realizadas por el Colectivo Estudiantil Universitario (CEU).<\/span><\/p>\n<figure id=\"attachment_7954\" aria-describedby=\"caption-attachment-7954\" style=\"width: 1280px\" class=\"wp-caption aligncenter\"><img loading=\"lazy\" decoding=\"async\" class=\"size-full wp-image-7954\" src=\"https:\/\/soy.usac.edu.gt\/wp-content\/uploads\/2019\/08\/WhatsApp-Image-2019-08-17-at-23.01.00.jpeg\" alt=\"\" width=\"1280\" height=\"853\" srcset=\"https:\/\/soy.usac.edu.gt\/wp-content\/uploads\/2019\/08\/WhatsApp-Image-2019-08-17-at-23.01.00.jpeg 1280w, https:\/\/soy.usac.edu.gt\/wp-content\/uploads\/2019\/08\/WhatsApp-Image-2019-08-17-at-23.01.00-300x200.jpeg 300w, https:\/\/soy.usac.edu.gt\/wp-content\/uploads\/2019\/08\/WhatsApp-Image-2019-08-17-at-23.01.00-768x512.jpeg 768w, https:\/\/soy.usac.edu.gt\/wp-content\/uploads\/2019\/08\/WhatsApp-Image-2019-08-17-at-23.01.00-1024x682.jpeg 1024w, https:\/\/soy.usac.edu.gt\/wp-content\/uploads\/2019\/08\/WhatsApp-Image-2019-08-17-at-23.01.00-630x420.jpeg 630w, https:\/\/soy.usac.edu.gt\/wp-content\/uploads\/2019\/08\/WhatsApp-Image-2019-08-17-at-23.01.00-640x427.jpeg 640w, https:\/\/soy.usac.edu.gt\/wp-content\/uploads\/2019\/08\/WhatsApp-Image-2019-08-17-at-23.01.00-681x454.jpeg 681w\" sizes=\"auto, (max-width: 1280px) 100vw, 1280px\" \/><figcaption id=\"caption-attachment-7954\" class=\"wp-caption-text\">Con esta medida los estudiantes buscan no afectar al sistema de salud p\u00fablica a nivel nacional.<\/figcaption><\/figure>\n<h4 style=\"text-align: justify;\"><b>Avances<\/b><\/h4>\n<p style=\"text-align: justify;\"><span style=\"font-weight: 400;\">El Centro Universitario de Izabal (CUNIZAB), que permaneci\u00f3 cerrado durante una semana y media, tambi\u00e9n retom\u00f3 sus actividades el viernes \u00faltimo. El centro tiene una poblaci\u00f3n de 1,700 estudiantes y cuenta con tres sedes que est\u00e1n funcionando con normalidad.<\/span><\/p>\n<p>\u00a0<\/p>\n<h4><strong>En el Campus Central<\/strong><\/h4>\n<p style=\"text-align: justify;\">Por su parte el Secretario General Arq. Carlos Valladares inform\u00f3 que los representantes del CSU que est\u00e1n dentro de la mesa de di\u00e1logo han actuado con mucha responsabilidad para avanzar en la soluci\u00f3n del conflicto \u201cDe los dieciocho puntos, se ha avanzado ya sobre quince de ellos, todos han requerido de mucha discusi\u00f3n\u201d. Declar\u00f3.<\/p>\n<p style=\"text-align: justify;\"><span style=\"font-weight: 400;\">Este lunes 19 de agosto se estar\u00e1n tratando las exigencias de los puntos 12, 14, 15 y 18 \u00a0de las dieciocho demandas del CEU, en la mesa de di\u00e1logo que se instal\u00f3 para resolver el conflicto que mantiene cerradas varias instalaciones de la USAC.\u00a0<\/span><\/p>\n<p style=\"text-align: justify;\">\u00a0<\/p>\n<p><img loading=\"lazy\" decoding=\"async\" class=\"aligncenter size-full wp-image-7651\" src=\"https:\/\/soy.usac.edu.gt\/wp-content\/uploads\/2019\/07\/Cr\u00e9ditos-prensa-06-2.png\" alt=\"\" width=\"5079\" height=\"1960\" srcset=\"https:\/\/soy.usac.edu.gt\/wp-content\/uploads\/2019\/07\/Cr\u00e9ditos-prensa-06-2.png 5079w, https:\/\/soy.usac.edu.gt\/wp-content\/uploads\/2019\/07\/Cr\u00e9ditos-prensa-06-2-300x116.png 300w, https:\/\/soy.usac.edu.gt\/wp-content\/uploads\/2019\/07\/Cr\u00e9ditos-prensa-06-2-768x296.png 768w, https:\/\/soy.usac.edu.gt\/wp-content\/uploads\/2019\/07\/Cr\u00e9ditos-prensa-06-2-1024x395.png 1024w, https:\/\/soy.usac.edu.gt\/wp-content\/uploads\/2019\/07\/Cr\u00e9ditos-prensa-06-2-1088x420.png 1088w, https:\/\/soy.usac.edu.gt\/wp-content\/uploads\/2019\/07\/Cr\u00e9ditos-prensa-06-2-640x247.png 640w, https:\/\/soy.usac.edu.gt\/wp-content\/uploads\/2019\/07\/Cr\u00e9ditos-prensa-06-2-681x263.png 681w\" sizes=\"auto, (max-width: 5079px) 100vw, 5079px\" \/><\/p>\n","protected":false},"excerpt":{"rendered":"<p>Tras permanecer cerrado por veinte d\u00edas, este lunes el Centro Universitario Metropolitano retomar\u00e1 sus actividades.<\/p>\n","protected":false},"author":1,"featured_media":7950,"comment_status":"closed","ping_status":"open","sticky":false,"template":"","format":"standard","meta":{"_exactmetrics_skip_tracking":false,"_exactmetrics_sitenote_active":false,"_exactmetrics_sitenote_note":"","_exactmetrics_sitenote_category":0,"_jetpack_memberships_contains_paid_content":false,"footnotes":""},"categories":[29],"tags":[525],"class_list":["post-7948","post","type-post","status-publish","format-standard","has-post-thumbnail","hentry","category-noticias","tag-toma-de-instalaciones"],"aioseo_notices":[],"jetpack_featured_media_url":"https:\/\/soy.usac.edu.gt\/wp-content\/uploads\/2019\/08\/WhatsApp-Image-2019-08-17-at-23.00.59-1.jpeg","views":"","jetpack-related-posts":[{"id":14783,"url":"https:\/\/soy.usac.edu.gt\/?p=14783","url_meta":{"origin":7948,"position":0},"title":"Calendario oficial de vacunaci\u00f3n para estudiantes sancarlistas del \u00e1rea metropolitana","author":"Divisi\u00f3n de Publicidad","date":"25 julio, 2021","format":false,"excerpt":"La vacunaci\u00f3n se realizar\u00e1 a estudiantes inscritos en el ciclo acad\u00e9mico 2021","rel":"","context":"En \u00abEstudiantes\u00bb","block_context":{"text":"Estudiantes","link":"https:\/\/soy.usac.edu.gt\/?cat=585"},"img":{"alt_text":"","src":"https:\/\/i0.wp.com\/soy.usac.edu.gt\/wp-content\/uploads\/2021\/02\/COMUNICADO-IMAGEN-WEB.jpeg?resize=350%2C200&ssl=1","width":350,"height":200,"srcset":"https:\/\/i0.wp.com\/soy.usac.edu.gt\/wp-content\/uploads\/2021\/02\/COMUNICADO-IMAGEN-WEB.jpeg?resize=350%2C200&ssl=1 1x, https:\/\/i0.wp.com\/soy.usac.edu.gt\/wp-content\/uploads\/2021\/02\/COMUNICADO-IMAGEN-WEB.jpeg?resize=525%2C300&ssl=1 1.5x, https:\/\/i0.wp.com\/soy.usac.edu.gt\/wp-content\/uploads\/2021\/02\/COMUNICADO-IMAGEN-WEB.jpeg?resize=700%2C400&ssl=1 2x"},"classes":[]},{"id":14861,"url":"https:\/\/soy.usac.edu.gt\/?p=14861","url_meta":{"origin":7948,"position":1},"title":"Hoy se inaugur\u00f3 la vacunaci\u00f3n para estudiantes","author":"Divisi\u00f3n de Publicidad","date":"2 agosto, 2021","format":false,"excerpt":"Esta ma\u00f1ana qued\u00f3 instaurada la jornada de inmunizaci\u00f3n para los estudiantes sancarlistas, quienes acudieron desde temprano al Polideportivo.","rel":"","context":"En \u00abEstudiantes\u00bb","block_context":{"text":"Estudiantes","link":"https:\/\/soy.usac.edu.gt\/?cat=585"},"img":{"alt_text":"","src":"https:\/\/i0.wp.com\/soy.usac.edu.gt\/wp-content\/uploads\/2021\/08\/vacunacion-estudiantes-sancarlistas-web-17.jpeg?resize=350%2C200&ssl=1","width":350,"height":200,"srcset":"https:\/\/i0.wp.com\/soy.usac.edu.gt\/wp-content\/uploads\/2021\/08\/vacunacion-estudiantes-sancarlistas-web-17.jpeg?resize=350%2C200&ssl=1 1x, https:\/\/i0.wp.com\/soy.usac.edu.gt\/wp-content\/uploads\/2021\/08\/vacunacion-estudiantes-sancarlistas-web-17.jpeg?resize=525%2C300&ssl=1 1.5x, https:\/\/i0.wp.com\/soy.usac.edu.gt\/wp-content\/uploads\/2021\/08\/vacunacion-estudiantes-sancarlistas-web-17.jpeg?resize=700%2C400&ssl=1 2x, https:\/\/i0.wp.com\/soy.usac.edu.gt\/wp-content\/uploads\/2021\/08\/vacunacion-estudiantes-sancarlistas-web-17.jpeg?resize=1050%2C600&ssl=1 3x"},"classes":[]},{"id":15653,"url":"https:\/\/soy.usac.edu.gt\/?p=15653","url_meta":{"origin":7948,"position":2},"title":"Se cierra el primer centro de vacunaci\u00f3n habilitado por USAC","author":"Divisi\u00f3n de Publicidad","date":"28 octubre, 2021","format":false,"excerpt":"El Centro Universitario Metropolitano (CUM), zona 11, realiz\u00f3 hoy las \u00faltimas vacunaciones.","rel":"","context":"En \u00abNoticias\u00bb","block_context":{"text":"Noticias","link":"https:\/\/soy.usac.edu.gt\/?cat=29"},"img":{"alt_text":"","src":"https:\/\/i0.wp.com\/soy.usac.edu.gt\/wp-content\/uploads\/2021\/05\/WhatsApp-Image-2021-05-07-at-17.41.03-1.jpeg?resize=350%2C200&ssl=1","width":350,"height":200,"srcset":"https:\/\/i0.wp.com\/soy.usac.edu.gt\/wp-content\/uploads\/2021\/05\/WhatsApp-Image-2021-05-07-at-17.41.03-1.jpeg?resize=350%2C200&ssl=1 1x, https:\/\/i0.wp.com\/soy.usac.edu.gt\/wp-content\/uploads\/2021\/05\/WhatsApp-Image-2021-05-07-at-17.41.03-1.jpeg?resize=525%2C300&ssl=1 1.5x, https:\/\/i0.wp.com\/soy.usac.edu.gt\/wp-content\/uploads\/2021\/05\/WhatsApp-Image-2021-05-07-at-17.41.03-1.jpeg?resize=700%2C400&ssl=1 2x, https:\/\/i0.wp.com\/soy.usac.edu.gt\/wp-content\/uploads\/2021\/05\/WhatsApp-Image-2021-05-07-at-17.41.03-1.jpeg?resize=1050%2C600&ssl=1 3x"},"classes":[]},{"id":3073,"url":"https:\/\/soy.usac.edu.gt\/?p=3073","url_meta":{"origin":7948,"position":3},"title":"Abrir\u00e1n nueva sede de la USAC en Mixco","author":"Divisi\u00f3n de Publicidad","date":"9 noviembre, 2018","format":false,"excerpt":"La Universidad de San Carlos de Guatemala firm\u00f3 un convenio de cooperaci\u00f3n interinstitucional con la Municipalidad de Mixco para constituir un centro universitario en ese municipio. Con la presencia del rector de la USAC, Ing. Murphy Paiz; secretario general, Arq. Carlos Valladares; coordinador de Cooperaci\u00f3n y Relaciones Internacionales, Dr. Carlos\u2026","rel":"","context":"En \u00abNoticias\u00bb","block_context":{"text":"Noticias","link":"https:\/\/soy.usac.edu.gt\/?cat=29"},"img":{"alt_text":"","src":"https:\/\/i0.wp.com\/soy.usac.edu.gt\/wp-content\/uploads\/2018\/11\/WhatsApp-Image-2018-11-09-at-9.31.30-AM-1.jpeg?resize=350%2C200&ssl=1","width":350,"height":200,"srcset":"https:\/\/i0.wp.com\/soy.usac.edu.gt\/wp-content\/uploads\/2018\/11\/WhatsApp-Image-2018-11-09-at-9.31.30-AM-1.jpeg?resize=350%2C200&ssl=1 1x, https:\/\/i0.wp.com\/soy.usac.edu.gt\/wp-content\/uploads\/2018\/11\/WhatsApp-Image-2018-11-09-at-9.31.30-AM-1.jpeg?resize=525%2C300&ssl=1 1.5x, https:\/\/i0.wp.com\/soy.usac.edu.gt\/wp-content\/uploads\/2018\/11\/WhatsApp-Image-2018-11-09-at-9.31.30-AM-1.jpeg?resize=700%2C400&ssl=1 2x"},"classes":[]},{"id":7520,"url":"https:\/\/soy.usac.edu.gt\/?p=7520","url_meta":{"origin":7948,"position":4},"title":"Rinden homenaje a poetas sancarlistas","author":"Divisi\u00f3n de Publicidad","date":"16 julio, 2019","format":false,"excerpt":"A trav\u00e9s de seis estaciones, con poemas escritos en botellas coloridas recicladas, varios declamadores rendir\u00e1n homenaje a poetas de esta casa de estudios alrededor del campus universitario.","rel":"","context":"En \u00abCultura\u00bb","block_context":{"text":"Cultura","link":"https:\/\/soy.usac.edu.gt\/?cat=97"},"img":{"alt_text":"","src":"https:\/\/i0.wp.com\/soy.usac.edu.gt\/wp-content\/uploads\/2019\/07\/IMG_4779-1.jpg?resize=350%2C200&ssl=1","width":350,"height":200,"srcset":"https:\/\/i0.wp.com\/soy.usac.edu.gt\/wp-content\/uploads\/2019\/07\/IMG_4779-1.jpg?resize=350%2C200&ssl=1 1x, https:\/\/i0.wp.com\/soy.usac.edu.gt\/wp-content\/uploads\/2019\/07\/IMG_4779-1.jpg?resize=525%2C300&ssl=1 1.5x, https:\/\/i0.wp.com\/soy.usac.edu.gt\/wp-content\/uploads\/2019\/07\/IMG_4779-1.jpg?resize=700%2C400&ssl=1 2x, https:\/\/i0.wp.com\/soy.usac.edu.gt\/wp-content\/uploads\/2019\/07\/IMG_4779-1.jpg?resize=1050%2C600&ssl=1 3x, https:\/\/i0.wp.com\/soy.usac.edu.gt\/wp-content\/uploads\/2019\/07\/IMG_4779-1.jpg?resize=1400%2C800&ssl=1 4x"},"classes":[]},{"id":5184,"url":"https:\/\/soy.usac.edu.gt\/?p=5184","url_meta":{"origin":7948,"position":5},"title":"Estudiantes de Quich\u00e9 visitan el campus central","author":"Divisi\u00f3n de Publicidad","date":"22 marzo, 2019","format":false,"excerpt":"Cerca de 70 estudiantes del primer ciclo de la Facultad de Humanidades provenientes del Centro Universitario de Quich\u00e9 visitaron el campus central.","rel":"","context":"En \u00abM\u00e1s Noticias\u00bb","block_context":{"text":"M\u00e1s Noticias","link":"https:\/\/soy.usac.edu.gt\/?cat=96"},"img":{"alt_text":"","src":"https:\/\/i0.wp.com\/soy.usac.edu.gt\/wp-content\/uploads\/2019\/03\/portada-1.jpg?resize=350%2C200&ssl=1","width":350,"height":200,"srcset":"https:\/\/i0.wp.com\/soy.usac.edu.gt\/wp-content\/uploads\/2019\/03\/portada-1.jpg?resize=350%2C200&ssl=1 1x, https:\/\/i0.wp.com\/soy.usac.edu.gt\/wp-content\/uploads\/2019\/03\/portada-1.jpg?resize=525%2C300&ssl=1 1.5x, https:\/\/i0.wp.com\/soy.usac.edu.gt\/wp-content\/uploads\/2019\/03\/portada-1.jpg?resize=700%2C400&ssl=1 2x, https:\/\/i0.wp.com\/soy.usac.edu.gt\/wp-content\/uploads\/2019\/03\/portada-1.jpg?resize=1050%2C600&ssl=1 3x, https:\/\/i0.wp.com\/soy.usac.edu.gt\/wp-content\/uploads\/2019\/03\/portada-1.jpg?resize=1400%2C800&ssl=1 4x"},"classes":[]}],"jetpack_sharing_enabled":true,"_links":{"self":[{"href":"https:\/\/soy.usac.edu.gt\/index.php?rest_route=\/wp\/v2\/posts\/7948","targetHints":{"allow":["GET"]}}],"collection":[{"href":"https:\/\/soy.usac.edu.gt\/index.php?rest_route=\/wp\/v2\/posts"}],"about":[{"href":"https:\/\/soy.usac.edu.gt\/index.php?rest_route=\/wp\/v2\/types\/post"}],"author":[{"embeddable":true,"href":"https:\/\/soy.usac.edu.gt\/index.php?rest_route=\/wp\/v2\/users\/1"}],"replies":[{"embeddable":true,"href":"https:\/\/soy.usac.edu.gt\/index.php?rest_route=%2Fwp%2Fv2%2Fcomments&post=7948"}],"version-history":[{"count":0,"href":"https:\/\/soy.usac.edu.gt\/index.php?rest_route=\/wp\/v2\/posts\/7948\/revisions"}],"wp:featuredmedia":[{"embeddable":true,"href":"https:\/\/soy.usac.edu.gt\/index.php?rest_route=\/wp\/v2\/media\/7950"}],"wp:attachment":[{"href":"https:\/\/soy.usac.edu.gt\/index.php?rest_route=%2Fwp%2Fv2%2Fmedia&parent=7948"}],"wp:term":[{"taxonomy":"category","embeddable":true,"href":"https:\/\/soy.usac.edu.gt\/index.php?rest_route=%2Fwp%2Fv2%2Fcategories&post=7948"},{"taxonomy":"post_tag","embeddable":true,"href":"https:\/\/soy.usac.edu.gt\/index.php?rest_route=%2Fwp%2Fv2%2Ftags&post=7948"}],"curies":[{"name":"wp","href":"https:\/\/api.w.org\/{rel}","templated":true}]}}