{"id":7962,"date":"2019-08-20T09:39:00","date_gmt":"2019-08-20T15:39:00","guid":{"rendered":"https:\/\/soy.usac.edu.gt\/?p=7962"},"modified":"2019-08-20T09:57:12","modified_gmt":"2019-08-20T15:57:12","slug":"hoy-continuan-las-reuniones-de-la-comision-de-postulacion","status":"publish","type":"post","link":"https:\/\/soy.usac.edu.gt\/?p=7962","title":{"rendered":"Contin\u00faan las reuniones de la Comisi\u00f3n de Postulaci\u00f3n"},"content":{"rendered":"\n<p style=\"text-align: justify;\"><em><strong>Durante la primera jornada de trabajo, el pleno de la Comisi\u00f3n de Postulaci\u00f3n para la Corte Suprema de Justicia aprob\u00f3 con 35 votos que la Universidad Mesoamericana (UMESO) sea la sede donde se llevar\u00e1n a cabo las sesiones los &nbsp;lunes y mi\u00e9rcoles de 7:30 a 12:00 horas.<\/strong><\/em><\/p>\n<p style=\"text-align: justify;\">Asimismo, se estableci\u00f3 que el secretario de la comisi\u00f3n ser\u00e1 Luis Arag\u00f3n, decano de la Universidad San Pablo; el subsecretario, Jorge Emilio Quezada, electo por magistrados; y el vocero, F\u00e9lix Serrano, rector de la UMESO.<\/p>\n<p style=\"text-align: justify;\">La comisi\u00f3n est\u00e1 integrada por 37 miembros: 12 del Colegio de Abogados y Notarios de Guatemala, 12 representantes de magistrados de la Corte de Apelaciones, 12 decanos de Derecho de las universidades del pa\u00eds y 1 representante de rectores. El objetivo de esta comisi\u00f3n es presentar &nbsp;26 candidatos al Congreso de la Rep\u00fablica, para que seleccionen a 13 personas que conformar\u00e1n la Corte Suprema de Justicia.<\/p>\n<p style=\"text-align: justify;\">En esta primera sesi\u00f3n se han analizado temas como el lugar de las sesiones, horario y aspectos jur\u00eddicos. Tambi\u00e9n fue aprobado el Reglamento Interno, en el que se establece ceder un per\u00edodo de 1 a 3 minutos por comisionado; el pleno definir\u00e1 la gravedad de las faltas; restringir\u00e1 el uso del celular en la revisi\u00f3n y evaluaci\u00f3n de expedientes y votaci\u00f3n final.<\/p>\n<p style=\"text-align: justify;\">F\u00e9lix Serrano, vocero y presidente de la Comisi\u00f3n de Postulaci\u00f3n para la Corte Suprema de Justicia (CSJ), coment\u00f3 que en la primera reuni\u00f3n qued\u00f3 aprobado el cronograma, en el que se determina tentativamente la fecha en la que se entregar\u00e1n los 26 expedientes al Congreso de la Rep\u00fablica.<\/p>\n<p style=\"text-align: justify;\">Afirm\u00f3 que la fecha ideal para la entrega de la n\u00f3mina es el 23 de septiembre; sin embargo, est\u00e1 en discusi\u00f3n si podr\u00e1 cumplirse con este plazo, ya que se propuso que la fecha sea el 29 de noviembre.<\/p>\n<div id='gallery-1' class='gallery galleryid-7962 gallery-columns-3 gallery-size-thumbnail'><figure class='gallery-item'>\n\t\t\t<div class='gallery-icon landscape'>\n\t\t\t\t<a href='https:\/\/soy.usac.edu.gt\/?attachment_id=7965'><img loading=\"lazy\" decoding=\"async\" width=\"150\" height=\"150\" src=\"https:\/\/soy.usac.edu.gt\/wp-content\/uploads\/2019\/08\/WhatsApp-Image-2019-08-19-at-16.55.20-2-150x150.jpeg\" class=\"attachment-thumbnail size-thumbnail\" alt=\"\" \/><\/a>\n\t\t\t<\/div><\/figure><figure class='gallery-item'>\n\t\t\t<div class='gallery-icon landscape'>\n\t\t\t\t<a href='https:\/\/soy.usac.edu.gt\/?attachment_id=7967'><img loading=\"lazy\" decoding=\"async\" width=\"150\" height=\"150\" src=\"https:\/\/soy.usac.edu.gt\/wp-content\/uploads\/2019\/08\/WhatsApp-Image-2019-08-19-at-16.55.20-150x150.jpeg\" class=\"attachment-thumbnail size-thumbnail\" alt=\"\" \/><\/a>\n\t\t\t<\/div><\/figure><figure class='gallery-item'>\n\t\t\t<div class='gallery-icon portrait'>\n\t\t\t\t<a href='https:\/\/soy.usac.edu.gt\/?attachment_id=7966'><img loading=\"lazy\" decoding=\"async\" width=\"150\" height=\"150\" src=\"https:\/\/soy.usac.edu.gt\/wp-content\/uploads\/2019\/08\/WhatsApp-Image-2019-08-19-at-16.55.20-3-150x150.jpeg\" class=\"attachment-thumbnail size-thumbnail\" alt=\"\" \/><\/a>\n\t\t\t<\/div><\/figure><figure class='gallery-item'>\n\t\t\t<div class='gallery-icon portrait'>\n\t\t\t\t<a href='https:\/\/soy.usac.edu.gt\/?attachment_id=7964'><img loading=\"lazy\" decoding=\"async\" width=\"150\" height=\"150\" src=\"https:\/\/soy.usac.edu.gt\/wp-content\/uploads\/2019\/08\/WhatsApp-Image-2019-08-19-at-16.55.20-1-150x150.jpeg\" class=\"attachment-thumbnail size-thumbnail\" alt=\"\" \/><\/a>\n\t\t\t<\/div><\/figure>\n\t\t<\/div>\n\n<p>&nbsp;<\/p>\n<p><strong>&nbsp;Ley de Comisiones de Postulaci\u00f3n<\/strong><\/p>\n<p style=\"text-align: justify;\">El Decreto 19-2009 del Congreso de la Rep\u00fablica tiene por objeto desarrollar las normas constitucionales relativas a las Comisiones de Postulaci\u00f3n, con el prop\u00f3sito de regular y establecer mecanismos, procedimientos y objetivos en cuanto a la selecci\u00f3n de n\u00f3minas de candidatos a cargos que ejercen funciones p\u00fablicas de relevancia para el Estado.<\/p>\n<p style=\"text-align: justify;\">Las Comisiones de Postulaci\u00f3n est\u00e1n formadas por altos funcionarios, autoridades de universidades p\u00fablicas y privadas, como rectores y decanos; representantes de colegios profesionales; y otros, seg\u00fan el funcionario que se elija y la instituci\u00f3n estatal a la que pertenece.<\/p>\n<p>&nbsp;<\/p>\n<p><img loading=\"lazy\" decoding=\"async\" class=\"aligncenter size-full wp-image-7783\" src=\"https:\/\/soy.usac.edu.gt\/wp-content\/uploads\/2019\/07\/Cr\u00e9ditos-prensa-07-1.png\" alt=\"\" width=\"5079\" height=\"1960\" srcset=\"https:\/\/soy.usac.edu.gt\/wp-content\/uploads\/2019\/07\/Cr\u00e9ditos-prensa-07-1.png 5079w, https:\/\/soy.usac.edu.gt\/wp-content\/uploads\/2019\/07\/Cr\u00e9ditos-prensa-07-1-300x116.png 300w, https:\/\/soy.usac.edu.gt\/wp-content\/uploads\/2019\/07\/Cr\u00e9ditos-prensa-07-1-768x296.png 768w, https:\/\/soy.usac.edu.gt\/wp-content\/uploads\/2019\/07\/Cr\u00e9ditos-prensa-07-1-1024x395.png 1024w, https:\/\/soy.usac.edu.gt\/wp-content\/uploads\/2019\/07\/Cr\u00e9ditos-prensa-07-1-1088x420.png 1088w, https:\/\/soy.usac.edu.gt\/wp-content\/uploads\/2019\/07\/Cr\u00e9ditos-prensa-07-1-640x247.png 640w, https:\/\/soy.usac.edu.gt\/wp-content\/uploads\/2019\/07\/Cr\u00e9ditos-prensa-07-1-681x263.png 681w\" sizes=\"auto, (max-width: 5079px) 100vw, 5079px\" \/><\/p>\n","protected":false},"excerpt":{"rendered":"<p>El pleno de la Comisi\u00f3n de Postulaci\u00f3n para la Corte Suprema de Justicia aprob\u00f3 con 35 votos que la Universidad Mesoamericana (UMESO) sea la sede donde se llevar\u00e1n a cabo las sesiones los \u00a0lunes y mi\u00e9rcoles de 7:30 a 12:00 horas.<\/p>\n","protected":false},"author":1,"featured_media":7963,"comment_status":"closed","ping_status":"open","sticky":false,"template":"","format":"standard","meta":{"_exactmetrics_skip_tracking":false,"_exactmetrics_sitenote_active":false,"_exactmetrics_sitenote_note":"","_exactmetrics_sitenote_category":0,"_jetpack_memberships_contains_paid_content":false,"footnotes":""},"categories":[29],"tags":[393],"class_list":["post-7962","post","type-post","status-publish","format-standard","has-post-thumbnail","hentry","category-noticias","tag-comisiones-de-postulacion"],"aioseo_notices":[],"jetpack_featured_media_url":"https:\/\/soy.usac.edu.gt\/wp-content\/uploads\/2019\/08\/WhatsApp-Image-2019-08-19-at-16.55.19.jpeg","views":"","jetpack-related-posts":[{"id":10398,"url":"https:\/\/soy.usac.edu.gt\/?p=10398","url_meta":{"origin":7962,"position":0},"title":"Comisi\u00f3n postuladora de candidatos a magistrados del TSE inicia proceso","author":"Erick Iv\u00e1n de Le\u00f3n","date":"22 enero, 2020","format":false,"excerpt":"La comisi\u00f3n estableci\u00f3 su cronograma de trabajo y est\u00e1n pr\u00f3ximos a lanzar la convocatoria oficial para recibir expedientes de postulantes.\u00a0","rel":"","context":"En \u00abNoticias\u00bb","block_context":{"text":"Noticias","link":"https:\/\/soy.usac.edu.gt\/?cat=29"},"img":{"alt_text":"","src":"https:\/\/i0.wp.com\/soy.usac.edu.gt\/wp-content\/uploads\/2020\/01\/COMISION-POSTULADORA-TSE.-002.jpg?resize=350%2C200&ssl=1","width":350,"height":200,"srcset":"https:\/\/i0.wp.com\/soy.usac.edu.gt\/wp-content\/uploads\/2020\/01\/COMISION-POSTULADORA-TSE.-002.jpg?resize=350%2C200&ssl=1 1x, https:\/\/i0.wp.com\/soy.usac.edu.gt\/wp-content\/uploads\/2020\/01\/COMISION-POSTULADORA-TSE.-002.jpg?resize=525%2C300&ssl=1 1.5x, https:\/\/i0.wp.com\/soy.usac.edu.gt\/wp-content\/uploads\/2020\/01\/COMISION-POSTULADORA-TSE.-002.jpg?resize=700%2C400&ssl=1 2x, https:\/\/i0.wp.com\/soy.usac.edu.gt\/wp-content\/uploads\/2020\/01\/COMISION-POSTULADORA-TSE.-002.jpg?resize=1050%2C600&ssl=1 3x, https:\/\/i0.wp.com\/soy.usac.edu.gt\/wp-content\/uploads\/2020\/01\/COMISION-POSTULADORA-TSE.-002.jpg?resize=1400%2C800&ssl=1 4x"},"classes":[]},{"id":9572,"url":"https:\/\/soy.usac.edu.gt\/?p=9572","url_meta":{"origin":7962,"position":1},"title":"Comisi\u00f3n postuladora de magistrados a la Corte de Apelaciones suspende funciones","author":"Erick Iv\u00e1n de Le\u00f3n","date":"5 noviembre, 2019","format":false,"excerpt":"La Comisi\u00f3n de Postulaci\u00f3n para la elecci\u00f3n de magistrados de la Corte de Apelaciones y otros tribunales colegiados de igual categor\u00eda, per\u00edodo 2019-2024, realiz\u00f3 una sesi\u00f3n extraordinaria en la que el Consejo de la Carrera Judicial inform\u00f3 sobre el proceso de evaluaci\u00f3n a jueces y magistrados, ordenado por la Corte\u2026","rel":"","context":"En \u00abNoticias\u00bb","block_context":{"text":"Noticias","link":"https:\/\/soy.usac.edu.gt\/?cat=29"},"img":{"alt_text":"","src":"https:\/\/i0.wp.com\/soy.usac.edu.gt\/wp-content\/uploads\/2019\/11\/20191104_152941.jpg?resize=350%2C200&ssl=1","width":350,"height":200,"srcset":"https:\/\/i0.wp.com\/soy.usac.edu.gt\/wp-content\/uploads\/2019\/11\/20191104_152941.jpg?resize=350%2C200&ssl=1 1x, https:\/\/i0.wp.com\/soy.usac.edu.gt\/wp-content\/uploads\/2019\/11\/20191104_152941.jpg?resize=525%2C300&ssl=1 1.5x, https:\/\/i0.wp.com\/soy.usac.edu.gt\/wp-content\/uploads\/2019\/11\/20191104_152941.jpg?resize=700%2C400&ssl=1 2x, https:\/\/i0.wp.com\/soy.usac.edu.gt\/wp-content\/uploads\/2019\/11\/20191104_152941.jpg?resize=1050%2C600&ssl=1 3x, https:\/\/i0.wp.com\/soy.usac.edu.gt\/wp-content\/uploads\/2019\/11\/20191104_152941.jpg?resize=1400%2C800&ssl=1 4x"},"classes":[]},{"id":10224,"url":"https:\/\/soy.usac.edu.gt\/?p=10224","url_meta":{"origin":7962,"position":2},"title":"Consejo de la Carrera Judicial incumple sentencia constitucional","author":"Erick Iv\u00e1n de Le\u00f3n","date":"10 enero, 2020","format":false,"excerpt":"La Comisi\u00f3n de Postulaci\u00f3n para la elecci\u00f3n de magistrados de la Corte de Apelaciones y otros tribunales colegiados de igual categor\u00eda no continu\u00f3 el proceso de elecci\u00f3n de candidatos porque el Consejo de la Carrera Judicial traslad\u00f3 una n\u00f3mina preliminar, y no, una final, con los resultados de las evaluaciones\u2026","rel":"","context":"En \u00abNoticias\u00bb","block_context":{"text":"Noticias","link":"https:\/\/soy.usac.edu.gt\/?cat=29"},"img":{"alt_text":"","src":"https:\/\/i0.wp.com\/soy.usac.edu.gt\/wp-content\/uploads\/2020\/01\/MURPHY-PAIZ-01.jpg?resize=350%2C200&ssl=1","width":350,"height":200,"srcset":"https:\/\/i0.wp.com\/soy.usac.edu.gt\/wp-content\/uploads\/2020\/01\/MURPHY-PAIZ-01.jpg?resize=350%2C200&ssl=1 1x, https:\/\/i0.wp.com\/soy.usac.edu.gt\/wp-content\/uploads\/2020\/01\/MURPHY-PAIZ-01.jpg?resize=525%2C300&ssl=1 1.5x, https:\/\/i0.wp.com\/soy.usac.edu.gt\/wp-content\/uploads\/2020\/01\/MURPHY-PAIZ-01.jpg?resize=700%2C400&ssl=1 2x, https:\/\/i0.wp.com\/soy.usac.edu.gt\/wp-content\/uploads\/2020\/01\/MURPHY-PAIZ-01.jpg?resize=1050%2C600&ssl=1 3x, https:\/\/i0.wp.com\/soy.usac.edu.gt\/wp-content\/uploads\/2020\/01\/MURPHY-PAIZ-01.jpg?resize=1400%2C800&ssl=1 4x"},"classes":[]},{"id":7978,"url":"https:\/\/soy.usac.edu.gt\/?p=7978","url_meta":{"origin":7962,"position":3},"title":"Inici\u00f3 el trabajo de la Comisi\u00f3n de Postulaci\u00f3n para Salas de Apelaciones","author":"Divisi\u00f3n de Publicidad","date":"20 agosto, 2019","format":false,"excerpt":"La Postuladora determin\u00f3 que sus integrantes no podr\u00e1n utilizar celulares ni otros dispositivos durante la revisi\u00f3n de expedientes.","rel":"","context":"En \u00abNoticias\u00bb","block_context":{"text":"Noticias","link":"https:\/\/soy.usac.edu.gt\/?cat=29"},"img":{"alt_text":"","src":"https:\/\/i0.wp.com\/soy.usac.edu.gt\/wp-content\/uploads\/2019\/08\/WhatsApp-Image-2019-08-20-at-14.27.34-1.jpeg?resize=350%2C200&ssl=1","width":350,"height":200,"srcset":"https:\/\/i0.wp.com\/soy.usac.edu.gt\/wp-content\/uploads\/2019\/08\/WhatsApp-Image-2019-08-20-at-14.27.34-1.jpeg?resize=350%2C200&ssl=1 1x, https:\/\/i0.wp.com\/soy.usac.edu.gt\/wp-content\/uploads\/2019\/08\/WhatsApp-Image-2019-08-20-at-14.27.34-1.jpeg?resize=525%2C300&ssl=1 1.5x, https:\/\/i0.wp.com\/soy.usac.edu.gt\/wp-content\/uploads\/2019\/08\/WhatsApp-Image-2019-08-20-at-14.27.34-1.jpeg?resize=700%2C400&ssl=1 2x"},"classes":[]},{"id":6389,"url":"https:\/\/soy.usac.edu.gt\/?p=6389","url_meta":{"origin":7962,"position":4},"title":"Expertos analizan la independencia judicial","author":"Divisi\u00f3n de Publicidad","date":"29 mayo, 2019","format":false,"excerpt":"La Universidad de San Carlos llev\u00f3 a cabo el foro Por una Justicia con Independencia Plena, en el que se analiz\u00f3 el pr\u00f3ximo proceso de Comisiones de Postulaci\u00f3n.","rel":"","context":"En \u00abNoticias\u00bb","block_context":{"text":"Noticias","link":"https:\/\/soy.usac.edu.gt\/?cat=29"},"img":{"alt_text":"","src":"https:\/\/i0.wp.com\/soy.usac.edu.gt\/wp-content\/uploads\/2019\/05\/WhatsApp-Image-2019-05-28-at-20.04.56.jpeg?resize=350%2C200&ssl=1","width":350,"height":200,"srcset":"https:\/\/i0.wp.com\/soy.usac.edu.gt\/wp-content\/uploads\/2019\/05\/WhatsApp-Image-2019-05-28-at-20.04.56.jpeg?resize=350%2C200&ssl=1 1x, https:\/\/i0.wp.com\/soy.usac.edu.gt\/wp-content\/uploads\/2019\/05\/WhatsApp-Image-2019-05-28-at-20.04.56.jpeg?resize=525%2C300&ssl=1 1.5x, https:\/\/i0.wp.com\/soy.usac.edu.gt\/wp-content\/uploads\/2019\/05\/WhatsApp-Image-2019-05-28-at-20.04.56.jpeg?resize=700%2C400&ssl=1 2x, https:\/\/i0.wp.com\/soy.usac.edu.gt\/wp-content\/uploads\/2019\/05\/WhatsApp-Image-2019-05-28-at-20.04.56.jpeg?resize=1050%2C600&ssl=1 3x"},"classes":[]},{"id":8078,"url":"https:\/\/soy.usac.edu.gt\/?p=8078","url_meta":{"origin":7962,"position":5},"title":"Comisionados para la Corte de Apelaciones solicitan informes al Registro Nacional de Agresores Sexuales","author":"Erick Iv\u00e1n de Le\u00f3n","date":"7 septiembre, 2019","format":false,"excerpt":"La comisi\u00f3n postuladora responsable de presentar a las autoridades estatales la n\u00f3mina de 270 candidatos a magistrados de la Corte de Apelaciones y otros tribunales de igual categor\u00eda continu\u00f3 su proceso con la recepci\u00f3n y evaluaci\u00f3n de las pruebas de descargo presentadas por los aspirantes excluidos de la votaci\u00f3n\u00a0 por\u2026","rel":"","context":"En \u00abNoticias\u00bb","block_context":{"text":"Noticias","link":"https:\/\/soy.usac.edu.gt\/?cat=29"},"img":{"alt_text":"","src":"https:\/\/i0.wp.com\/soy.usac.edu.gt\/wp-content\/uploads\/2019\/09\/20190906_134713.jpg?resize=350%2C200&ssl=1","width":350,"height":200,"srcset":"https:\/\/i0.wp.com\/soy.usac.edu.gt\/wp-content\/uploads\/2019\/09\/20190906_134713.jpg?resize=350%2C200&ssl=1 1x, https:\/\/i0.wp.com\/soy.usac.edu.gt\/wp-content\/uploads\/2019\/09\/20190906_134713.jpg?resize=525%2C300&ssl=1 1.5x, https:\/\/i0.wp.com\/soy.usac.edu.gt\/wp-content\/uploads\/2019\/09\/20190906_134713.jpg?resize=700%2C400&ssl=1 2x, https:\/\/i0.wp.com\/soy.usac.edu.gt\/wp-content\/uploads\/2019\/09\/20190906_134713.jpg?resize=1050%2C600&ssl=1 3x, https:\/\/i0.wp.com\/soy.usac.edu.gt\/wp-content\/uploads\/2019\/09\/20190906_134713.jpg?resize=1400%2C800&ssl=1 4x"},"classes":[]}],"jetpack_sharing_enabled":true,"_links":{"self":[{"href":"https:\/\/soy.usac.edu.gt\/index.php?rest_route=\/wp\/v2\/posts\/7962","targetHints":{"allow":["GET"]}}],"collection":[{"href":"https:\/\/soy.usac.edu.gt\/index.php?rest_route=\/wp\/v2\/posts"}],"about":[{"href":"https:\/\/soy.usac.edu.gt\/index.php?rest_route=\/wp\/v2\/types\/post"}],"author":[{"embeddable":true,"href":"https:\/\/soy.usac.edu.gt\/index.php?rest_route=\/wp\/v2\/users\/1"}],"replies":[{"embeddable":true,"href":"https:\/\/soy.usac.edu.gt\/index.php?rest_route=%2Fwp%2Fv2%2Fcomments&post=7962"}],"version-history":[{"count":0,"href":"https:\/\/soy.usac.edu.gt\/index.php?rest_route=\/wp\/v2\/posts\/7962\/revisions"}],"wp:featuredmedia":[{"embeddable":true,"href":"https:\/\/soy.usac.edu.gt\/index.php?rest_route=\/wp\/v2\/media\/7963"}],"wp:attachment":[{"href":"https:\/\/soy.usac.edu.gt\/index.php?rest_route=%2Fwp%2Fv2%2Fmedia&parent=7962"}],"wp:term":[{"taxonomy":"category","embeddable":true,"href":"https:\/\/soy.usac.edu.gt\/index.php?rest_route=%2Fwp%2Fv2%2Fcategories&post=7962"},{"taxonomy":"post_tag","embeddable":true,"href":"https:\/\/soy.usac.edu.gt\/index.php?rest_route=%2Fwp%2Fv2%2Ftags&post=7962"}],"curies":[{"name":"wp","href":"https:\/\/api.w.org\/{rel}","templated":true}]}}