{"id":8039,"date":"2019-09-04T07:00:18","date_gmt":"2019-09-04T13:00:18","guid":{"rendered":"https:\/\/soy.usac.edu.gt\/?p=8039"},"modified":"2019-09-04T15:26:00","modified_gmt":"2019-09-04T21:26:00","slug":"usac-abre-convocatoria-de-becas-para-estudiantes-de-reingreso","status":"publish","type":"post","link":"https:\/\/soy.usac.edu.gt\/?p=8039","title":{"rendered":"Usac abre convocatoria de becas para estudiantes de reingreso"},"content":{"rendered":"\n<p style=\"text-align: justify;\"><b><i>A partir del 5 de septiembre los estudiantes de reingreso que necesiten apoyo econ\u00f3mico y tengan alto rendimiento acad\u00e9mico<\/i><\/b><b><i>\u00a0podr\u00e1n aplicar a una beca universitaria de la Tricentenaria.<\/i><\/b><\/p>\n<p>\u00a0<\/p>\n<p style=\"text-align: justify;\"><span style=\"font-weight: 400;\">La Universidad de San Carlos de Guatemala cuenta con un programa de becas dirigido a estudiantes de reingreso que afrontan dificultades econ\u00f3micas, pero que a la vez destacan por su alto rendimiento acad\u00e9mico.<\/span><\/p>\n<p style=\"text-align: justify;\"><span style=\"font-weight: 400;\">A partir del 5 de septiembre, la p\u00e1gina de becas del Programa de Becas Pregrado de la USAC estar\u00e1 habilitada para que los interesados llenen su solicitud en l\u00ednea.<\/span><\/p>\n<p style=\"text-align: justify;\"><span style=\"font-weight: 400;\">La convocatoria est\u00e1 dirigida a estudiantes de reingreso de la ciudad capital y centros universitarios departamentales que est\u00e9n inscritos. De ser elegido como becado, el beneficiado empezar\u00e1 a recibir apoyo econ\u00f3mico durante el ciclo acad\u00e9mico 2020.<\/span><\/p>\n<p style=\"text-align: justify;\"><span style=\"font-weight: 400;\">\u00a0<\/span><\/p>\n<h4 style=\"text-align: justify;\"><b>Estas son las distintas becas a las que puedes aplicar<\/b><\/h4>\n<p style=\"text-align: justify;\"><b>Pregrado:\u00a0<\/b><span style=\"font-weight: 400;\">dirigida a estudiantes sancarlistas en general.<\/span><\/p>\n<p style=\"text-align: justify;\"><b>Discapacidad:\u00a0<\/b><span style=\"font-weight: 400;\">destinada a estudiantes con discapacidad.<\/span><\/p>\n<p style=\"text-align: justify;\"><b>Arte, cultura y deporte:\u00a0<\/b><span style=\"font-weight: 400;\">dirigida a estudiantes que representan a la universidad con su talento. Aplica para aquellos estudiantes que sean destacados en estudiantinas, grupos de danza, m\u00fasica, teatro, pintura y equipos deportivos oficiales que mantienen un alto rendimiento.<\/span><\/p>\n<p style=\"text-align: justify;\"><b>Tesis de grado:\u00a0<\/b><span style=\"font-weight: 400;\">para estudiantes con<\/span><span style=\"font-weight: 400;\">\u00a0<\/span><span style=\"font-weight: 400;\">pensum cerrado que no perdieron ning\u00fan curso durante toda la carrera y que presenten proyecto de tesis cerrado. La beca dura el tiempo en el que realizar\u00e1n su investigaci\u00f3n.<\/span><\/p>\n<p style=\"text-align: justify;\"><b>EPS:\u00a0<\/b><span style=\"font-weight: 400;\">dirigido a estudiantes que han cerrado pensum, que no cuenten con ning\u00fan apoyo econ\u00f3mico (interna o externa) no perdieron ning\u00fan curso durante toda la carrera y est\u00e1n por iniciar su pr\u00e1ctica profesional supervisada.<\/span><\/p>\n<p style=\"text-align: justify;\"><span style=\"font-weight: 400;\">\u00a0<\/span><\/p>\n<h4 style=\"text-align: justify;\"><span style=\"font-weight: 400;\">\u00a0<\/span><b>Estos son los requisitos para solicitar la beca<\/b><\/h4>\n<p><img loading=\"lazy\" decoding=\"async\" class=\"aligncenter size-full wp-image-8042\" src=\"https:\/\/soy.usac.edu.gt\/wp-content\/uploads\/2019\/09\/IMG_5750.jpg\" alt=\"\" width=\"6240\" height=\"4160\" srcset=\"https:\/\/soy.usac.edu.gt\/wp-content\/uploads\/2019\/09\/IMG_5750.jpg 6240w, https:\/\/soy.usac.edu.gt\/wp-content\/uploads\/2019\/09\/IMG_5750-300x200.jpg 300w, https:\/\/soy.usac.edu.gt\/wp-content\/uploads\/2019\/09\/IMG_5750-768x512.jpg 768w, https:\/\/soy.usac.edu.gt\/wp-content\/uploads\/2019\/09\/IMG_5750-1024x683.jpg 1024w, https:\/\/soy.usac.edu.gt\/wp-content\/uploads\/2019\/09\/IMG_5750-630x420.jpg 630w, https:\/\/soy.usac.edu.gt\/wp-content\/uploads\/2019\/09\/IMG_5750-640x427.jpg 640w, https:\/\/soy.usac.edu.gt\/wp-content\/uploads\/2019\/09\/IMG_5750-681x454.jpg 681w\" sizes=\"auto, (max-width: 6240px) 100vw, 6240px\" \/><\/p>\n<p style=\"text-align: justify;\"><b><i>Tienes hasta el 22 de septiembre para llenar solicitud en la p\u00e1gina de becas, recibir\u00e1s citaci\u00f3n para entrevista v\u00eda correo electr\u00f3nico, por parte de la Secci\u00f3n Socioecon\u00f3mica (si no la recibes, puedes presentarte a la Secci\u00f3n) ubicada en el Edificio de Bienestar Estudiantil, tercer nivel, oficina 302, de lunes a viernes, de 08:00 a 12:00 horas.<\/i><\/b><\/p>\n<p style=\"text-align: justify;\"><span style=\"font-weight: 400;\">\u00a0<\/span><span style=\"font-weight: 400;\">\u00a0<\/span><\/p>\n<ol style=\"text-align: justify;\">\n<li><b>Formulario de solicitud <\/b><span style=\"font-weight: 400;\">de beca. i<b>mpreso en tama\u00f1o oficio<\/b>.<\/span><\/li>\n<li><b>Certificaci\u00f3n de cursos <\/b><span style=\"font-weight: 400;\">del \u00faltimo ciclo acad\u00e9mico.<\/span><\/li>\n<li><b>Constancia de ingresos econ\u00f3micos de la persona que sostiene el hogar, <\/b><span style=\"font-weight: 400;\">extendida por alcaldes municipales, peritos contadores autorizados por la SAT o jefe de Recursos Humanos, en el caso de empresas privadas; boleta de pago para empleados estatales; para jubilados, el acuerdo de jubilaci\u00f3n inicial y el \u00faltimo dep\u00f3sito bancario. Todos los documentos deben estar firmados y sellados.<\/span><\/li>\n<li><b>Original y fotocopia de DPI:<\/b><span style=\"font-weight: 400;\"> si eres menor de edad, presentar certificado de nacimiento, extendido recientemente, con un m\u00e1ximo de seis meses.<\/span><\/li>\n<li><b>Constancia de inscripci\u00f3n USAC.<\/b><\/li>\n<li><b>Carta de no sanci\u00f3n <\/b><span style=\"font-weight: 400;\">por la unidad acad\u00e9mica.<\/span><\/li>\n<li><b>No ser mayor de 25 a\u00f1os<\/b><span style=\"font-weight: 400;\">(excepto estudiantes que desean aplicar a la Beca de Discapacidad-30 a\u00f1os).<\/span><\/li>\n<li><span style=\"font-weight: 400;\">Si pagas hospedaje, presentar constancia de pago.<\/span><\/li>\n<\/ol>\n<p style=\"text-align: justify;\"><b>\u00a0<\/b><\/p>\n<h4 style=\"text-align: justify;\"><b>\u00a0<\/b><b>Estos son los pasos para solicitar la beca:<\/b><\/h4>\n<h4 style=\"text-align: justify;\"><span style=\"font-weight: 400;\">\u00a0<\/span><\/h4>\n<ol style=\"text-align: justify;\">\n<li><span style=\"font-weight: 400;\"> Ingresa en\u00a0<\/span><span style=\"color: #00ccff;\"><a style=\"color: #00ccff;\" href=\"http:\/\/estudiante.usac.edu.gt\/beca\/faces\/inicio.jsp\"><span style=\"font-weight: 400;\">http:\/\/estudiante.usac.edu.gt\/beca\/faces\/inicio.jsp<\/span><\/a><\/span><\/li>\n<li><span style=\"font-weight: 400;\"> Coloca en el espacio de usuario tu n\u00famero de carn\u00e9; en contrase\u00f1a, el PIN otorgado por el Departamento de Registro y Estad\u00edstica; y en el espacio de \u201cTipo de usuario\u201d, selecciona \u201cEstudiante\u201d.<\/span><\/li>\n<li><span style=\"font-weight: 400;\"> Llena el formulario de solicitud de beca, impr\u00edmelo en hojas tama\u00f1o oficio y presenta todos los documentos requeridos en la fecha de la entrevista.<\/span><\/li>\n<\/ol>\n<p style=\"text-align: justify;\"><span style=\"font-weight: 400;\">\u00a0<\/span><\/p>\n<p style=\"text-align: justify;\"><span style=\"font-weight: 400;\">\u00a0<\/span><span style=\"font-weight: 400;\">\u00a0<\/span><\/p>\n<p style=\"text-align: justify;\"><span style=\"font-weight: 400;\"><strong>Para m\u00e1s informaci\u00f3n<\/strong>, visita\u00a0<\/span><span style=\"color: #00ccff;\"><a style=\"color: #00ccff;\" href=\"http:\/\/becas.usac.edu.gt\/\"><span style=\"font-weight: 400;\">http:\/\/becas.usac.edu.gt\/<\/span><\/a><\/span><\/p>\n<p style=\"text-align: justify;\"><span style=\"font-weight: 400;\">\u00a0\u00a0<\/span><\/p>\n<p style=\"text-align: justify;\"><img loading=\"lazy\" decoding=\"async\" class=\"aligncenter size-full wp-image-8037\" src=\"https:\/\/soy.usac.edu.gt\/wp-content\/uploads\/2019\/09\/Cr\u00e9ditos-prensa-edwin-y-lozano.jpg\" alt=\"\" width=\"5079\" height=\"1960\" srcset=\"https:\/\/soy.usac.edu.gt\/wp-content\/uploads\/2019\/09\/Cr\u00e9ditos-prensa-edwin-y-lozano.jpg 5079w, https:\/\/soy.usac.edu.gt\/wp-content\/uploads\/2019\/09\/Cr\u00e9ditos-prensa-edwin-y-lozano-300x116.jpg 300w, https:\/\/soy.usac.edu.gt\/wp-content\/uploads\/2019\/09\/Cr\u00e9ditos-prensa-edwin-y-lozano-768x296.jpg 768w, https:\/\/soy.usac.edu.gt\/wp-content\/uploads\/2019\/09\/Cr\u00e9ditos-prensa-edwin-y-lozano-1024x395.jpg 1024w, https:\/\/soy.usac.edu.gt\/wp-content\/uploads\/2019\/09\/Cr\u00e9ditos-prensa-edwin-y-lozano-1088x420.jpg 1088w, https:\/\/soy.usac.edu.gt\/wp-content\/uploads\/2019\/09\/Cr\u00e9ditos-prensa-edwin-y-lozano-640x247.jpg 640w, https:\/\/soy.usac.edu.gt\/wp-content\/uploads\/2019\/09\/Cr\u00e9ditos-prensa-edwin-y-lozano-681x263.jpg 681w\" sizes=\"auto, (max-width: 5079px) 100vw, 5079px\" \/><\/p>\n","protected":false},"excerpt":{"rendered":"<p>A partir del 5 de septiembre los estudiantes de reingreso con alto rendimiento acad\u00e9mico que requieran recursos econ\u00f3micos para estudiar podr\u00e1n aplicar a una beca universitaria de la Tricentenaria.<\/p>\n","protected":false},"author":1,"featured_media":8041,"comment_status":"closed","ping_status":"open","sticky":false,"template":"","format":"standard","meta":{"_exactmetrics_skip_tracking":false,"_exactmetrics_sitenote_active":false,"_exactmetrics_sitenote_note":"","_exactmetrics_sitenote_category":0,"_jetpack_memberships_contains_paid_content":false,"footnotes":""},"categories":[127,29],"tags":[414],"class_list":["post-8039","post","type-post","status-publish","format-standard","has-post-thumbnail","hentry","category-becas-y-convocatorias","category-noticias","tag-becas"],"aioseo_notices":[],"jetpack_featured_media_url":"https:\/\/soy.usac.edu.gt\/wp-content\/uploads\/2019\/09\/IMG_5646.jpg","views":"","jetpack-related-posts":[{"id":4160,"url":"https:\/\/soy.usac.edu.gt\/?p=4160","url_meta":{"origin":8039,"position":0},"title":"\u00bfNecesitas una beca?","author":"Divisi\u00f3n de Publicidad","date":"20 febrero, 2019","format":false,"excerpt":"La universidad cuenta con el Programa de Becas para beneficiar a estudiantes de alto rendimiento y escasos recursos econ\u00f3micos. No te quedes sin estudiar por problemas econ\u00f3micos, a\u00fan est\u00e1s a tiempo para obtener una beca de la USAC, tienes hasta el 24 de febrero para entregar tu papeler\u00eda. \u00bfC\u00f3mo solicito\u2026","rel":"","context":"En \u00abBecas y convocatorias\u00bb","block_context":{"text":"Becas y convocatorias","link":"https:\/\/soy.usac.edu.gt\/?cat=233"},"img":{"alt_text":"","src":"https:\/\/i0.wp.com\/soy.usac.edu.gt\/wp-content\/uploads\/2019\/02\/estudiantes-destacada.jpg?resize=350%2C200&ssl=1","width":350,"height":200,"srcset":"https:\/\/i0.wp.com\/soy.usac.edu.gt\/wp-content\/uploads\/2019\/02\/estudiantes-destacada.jpg?resize=350%2C200&ssl=1 1x, https:\/\/i0.wp.com\/soy.usac.edu.gt\/wp-content\/uploads\/2019\/02\/estudiantes-destacada.jpg?resize=525%2C300&ssl=1 1.5x, https:\/\/i0.wp.com\/soy.usac.edu.gt\/wp-content\/uploads\/2019\/02\/estudiantes-destacada.jpg?resize=700%2C400&ssl=1 2x, https:\/\/i0.wp.com\/soy.usac.edu.gt\/wp-content\/uploads\/2019\/02\/estudiantes-destacada.jpg?resize=1050%2C600&ssl=1 3x, https:\/\/i0.wp.com\/soy.usac.edu.gt\/wp-content\/uploads\/2019\/02\/estudiantes-destacada.jpg?resize=1400%2C800&ssl=1 4x"},"classes":[]},{"id":11929,"url":"https:\/\/soy.usac.edu.gt\/?p=11929","url_meta":{"origin":8039,"position":1},"title":"CSU aprob\u00f3 modificaciones al Reglamento de Becas de la universidad","author":"Divisi\u00f3n de Publicidad","date":"29 junio, 2020","format":false,"excerpt":"El Fondo del Programa de Becas de Pregrado es un recurso financiero que la Universidad de San Carlos de Guatemala destina anualmente, para el programa de becas de pregrado, que se adjudican a estudiantes guatemaltecos de escasos recursos.","rel":"","context":"En \u00abBecas y Convocatorias\u00bb","block_context":{"text":"Becas y Convocatorias","link":"https:\/\/soy.usac.edu.gt\/?cat=127"},"img":{"alt_text":"","src":"https:\/\/i0.wp.com\/soy.usac.edu.gt\/wp-content\/uploads\/2020\/06\/weblegal.jpg?resize=350%2C200&ssl=1","width":350,"height":200,"srcset":"https:\/\/i0.wp.com\/soy.usac.edu.gt\/wp-content\/uploads\/2020\/06\/weblegal.jpg?resize=350%2C200&ssl=1 1x, https:\/\/i0.wp.com\/soy.usac.edu.gt\/wp-content\/uploads\/2020\/06\/weblegal.jpg?resize=525%2C300&ssl=1 1.5x, https:\/\/i0.wp.com\/soy.usac.edu.gt\/wp-content\/uploads\/2020\/06\/weblegal.jpg?resize=700%2C400&ssl=1 2x, https:\/\/i0.wp.com\/soy.usac.edu.gt\/wp-content\/uploads\/2020\/06\/weblegal.jpg?resize=1050%2C600&ssl=1 3x, https:\/\/i0.wp.com\/soy.usac.edu.gt\/wp-content\/uploads\/2020\/06\/weblegal.jpg?resize=1400%2C800&ssl=1 4x"},"classes":[]},{"id":12890,"url":"https:\/\/soy.usac.edu.gt\/?p=12890","url_meta":{"origin":8039,"position":2},"title":"USAC otorga ayuda econ\u00f3mica a estudiantes de postgrado","author":"Divisi\u00f3n de Publicidad","date":"18 noviembre, 2020","format":false,"excerpt":"Este programa benefici\u00f3 a 115 estudiantes afectados econ\u00f3micamente por la pandemia.","rel":"","context":"En \u00abBecas y Convocatorias\u00bb","block_context":{"text":"Becas y Convocatorias","link":"https:\/\/soy.usac.edu.gt\/?cat=127"},"img":{"alt_text":"","src":"https:\/\/i0.wp.com\/soy.usac.edu.gt\/wp-content\/uploads\/2020\/11\/WhatsApp-Image-2020-11-18-at-6.27.52-PM-7.jpeg?resize=350%2C200&ssl=1","width":350,"height":200,"srcset":"https:\/\/i0.wp.com\/soy.usac.edu.gt\/wp-content\/uploads\/2020\/11\/WhatsApp-Image-2020-11-18-at-6.27.52-PM-7.jpeg?resize=350%2C200&ssl=1 1x, https:\/\/i0.wp.com\/soy.usac.edu.gt\/wp-content\/uploads\/2020\/11\/WhatsApp-Image-2020-11-18-at-6.27.52-PM-7.jpeg?resize=525%2C300&ssl=1 1.5x, https:\/\/i0.wp.com\/soy.usac.edu.gt\/wp-content\/uploads\/2020\/11\/WhatsApp-Image-2020-11-18-at-6.27.52-PM-7.jpeg?resize=700%2C400&ssl=1 2x, https:\/\/i0.wp.com\/soy.usac.edu.gt\/wp-content\/uploads\/2020\/11\/WhatsApp-Image-2020-11-18-at-6.27.52-PM-7.jpeg?resize=1050%2C600&ssl=1 3x"},"classes":[]},{"id":16405,"url":"https:\/\/soy.usac.edu.gt\/?p=16405","url_meta":{"origin":8039,"position":3},"title":"\u00bfEres estudiante sancarlista y necesitas una beca?","author":"Divisi\u00f3n de Publicidad","date":"4 febrero, 2022","format":false,"excerpt":"La universidad cuenta con un programa de apoyo econ\u00f3mico para estudiantes de escasos recursos y alto rendimiento acad\u00e9mico. Fotos de Elio Morales Si eres estudiante de primer ingreso o pregrado y enfrentas obst\u00e1culos econ\u00f3micos que podr\u00edan afectar la continuidad de tus estudios, no te preocupes, la universidad te apoya mediante\u2026","rel":"","context":"En \u00abBecas y convocatorias\u00bb","block_context":{"text":"Becas y convocatorias","link":"https:\/\/soy.usac.edu.gt\/?cat=233"},"img":{"alt_text":"","src":"https:\/\/i0.wp.com\/soy.usac.edu.gt\/wp-content\/uploads\/2022\/02\/calusac-2.jpg?resize=350%2C200&ssl=1","width":350,"height":200,"srcset":"https:\/\/i0.wp.com\/soy.usac.edu.gt\/wp-content\/uploads\/2022\/02\/calusac-2.jpg?resize=350%2C200&ssl=1 1x, https:\/\/i0.wp.com\/soy.usac.edu.gt\/wp-content\/uploads\/2022\/02\/calusac-2.jpg?resize=525%2C300&ssl=1 1.5x, https:\/\/i0.wp.com\/soy.usac.edu.gt\/wp-content\/uploads\/2022\/02\/calusac-2.jpg?resize=700%2C400&ssl=1 2x, https:\/\/i0.wp.com\/soy.usac.edu.gt\/wp-content\/uploads\/2022\/02\/calusac-2.jpg?resize=1050%2C600&ssl=1 3x"},"classes":[]},{"id":22433,"url":"https:\/\/soy.usac.edu.gt\/?p=22433","url_meta":{"origin":8039,"position":4},"title":"Compromiso y excelencia:","author":"Divisi\u00f3n de Publicidad","date":"18 noviembre, 2025","format":false,"excerpt":"USAC celebra a sus estudiantes becados. En la USAC, cada beca representa una historia que avanza, un sue\u00f1o que se fortalece y un talento que encuentra camino. Con ese esp\u00edritu, se realiz\u00f3 el Encuentro Acad\u00e9mico de Docentes Becados USAC 2022\u20132025, un espacio donde los profesores beneficiados compartieron logros, experiencias y\u2026","rel":"","context":"En \u00abActividades\u00bb","block_context":{"text":"Actividades","link":"https:\/\/soy.usac.edu.gt\/?cat=126"},"img":{"alt_text":"","src":"https:\/\/i0.wp.com\/soy.usac.edu.gt\/wp-content\/uploads\/2025\/11\/WhatsApp-Image-2025-11-19-at-9.42.12-AM-2.jpeg?resize=350%2C200&ssl=1","width":350,"height":200,"srcset":"https:\/\/i0.wp.com\/soy.usac.edu.gt\/wp-content\/uploads\/2025\/11\/WhatsApp-Image-2025-11-19-at-9.42.12-AM-2.jpeg?resize=350%2C200&ssl=1 1x, https:\/\/i0.wp.com\/soy.usac.edu.gt\/wp-content\/uploads\/2025\/11\/WhatsApp-Image-2025-11-19-at-9.42.12-AM-2.jpeg?resize=525%2C300&ssl=1 1.5x, https:\/\/i0.wp.com\/soy.usac.edu.gt\/wp-content\/uploads\/2025\/11\/WhatsApp-Image-2025-11-19-at-9.42.12-AM-2.jpeg?resize=700%2C400&ssl=1 2x, https:\/\/i0.wp.com\/soy.usac.edu.gt\/wp-content\/uploads\/2025\/11\/WhatsApp-Image-2025-11-19-at-9.42.12-AM-2.jpeg?resize=1050%2C600&ssl=1 3x, https:\/\/i0.wp.com\/soy.usac.edu.gt\/wp-content\/uploads\/2025\/11\/WhatsApp-Image-2025-11-19-at-9.42.12-AM-2.jpeg?resize=1400%2C800&ssl=1 4x"},"classes":[]},{"id":12289,"url":"https:\/\/soy.usac.edu.gt\/?p=12289","url_meta":{"origin":8039,"position":5},"title":"Conoce las opciones de estudio en el extranjero","author":"Divisi\u00f3n de Publicidad","date":"8 septiembre, 2020","format":false,"excerpt":"Del 10 al 12 de septiembre se llevar\u00e1 a cabo el Festival de Becas Internacional","rel":"","context":"En \u00abBecas y convocatorias\u00bb","block_context":{"text":"Becas y convocatorias","link":"https:\/\/soy.usac.edu.gt\/?cat=233"},"img":{"alt_text":"","src":"https:\/\/i0.wp.com\/soy.usac.edu.gt\/wp-content\/uploads\/2020\/09\/pag-9-becas2.jpg?resize=350%2C200&ssl=1","width":350,"height":200,"srcset":"https:\/\/i0.wp.com\/soy.usac.edu.gt\/wp-content\/uploads\/2020\/09\/pag-9-becas2.jpg?resize=350%2C200&ssl=1 1x, https:\/\/i0.wp.com\/soy.usac.edu.gt\/wp-content\/uploads\/2020\/09\/pag-9-becas2.jpg?resize=525%2C300&ssl=1 1.5x, https:\/\/i0.wp.com\/soy.usac.edu.gt\/wp-content\/uploads\/2020\/09\/pag-9-becas2.jpg?resize=700%2C400&ssl=1 2x"},"classes":[]}],"jetpack_sharing_enabled":true,"_links":{"self":[{"href":"https:\/\/soy.usac.edu.gt\/index.php?rest_route=\/wp\/v2\/posts\/8039","targetHints":{"allow":["GET"]}}],"collection":[{"href":"https:\/\/soy.usac.edu.gt\/index.php?rest_route=\/wp\/v2\/posts"}],"about":[{"href":"https:\/\/soy.usac.edu.gt\/index.php?rest_route=\/wp\/v2\/types\/post"}],"author":[{"embeddable":true,"href":"https:\/\/soy.usac.edu.gt\/index.php?rest_route=\/wp\/v2\/users\/1"}],"replies":[{"embeddable":true,"href":"https:\/\/soy.usac.edu.gt\/index.php?rest_route=%2Fwp%2Fv2%2Fcomments&post=8039"}],"version-history":[{"count":0,"href":"https:\/\/soy.usac.edu.gt\/index.php?rest_route=\/wp\/v2\/posts\/8039\/revisions"}],"wp:featuredmedia":[{"embeddable":true,"href":"https:\/\/soy.usac.edu.gt\/index.php?rest_route=\/wp\/v2\/media\/8041"}],"wp:attachment":[{"href":"https:\/\/soy.usac.edu.gt\/index.php?rest_route=%2Fwp%2Fv2%2Fmedia&parent=8039"}],"wp:term":[{"taxonomy":"category","embeddable":true,"href":"https:\/\/soy.usac.edu.gt\/index.php?rest_route=%2Fwp%2Fv2%2Fcategories&post=8039"},{"taxonomy":"post_tag","embeddable":true,"href":"https:\/\/soy.usac.edu.gt\/index.php?rest_route=%2Fwp%2Fv2%2Ftags&post=8039"}],"curies":[{"name":"wp","href":"https:\/\/api.w.org\/{rel}","templated":true}]}}